{"id":63137,"date":"2022-01-19T11:13:46","date_gmt":"2022-01-19T17:13:46","guid":{"rendered":"http:\/\/www.grieta.org.mx\/?p=63137"},"modified":"2022-01-24T11:18:33","modified_gmt":"2022-01-24T17:18:33","slug":"defensores-de-la-tierra-contra-mineria-en-morelos-denuncian-intento-de-eliminar-comunidades-por-explotacion","status":"publish","type":"post","link":"http:\/\/www.grieta.org.mx\/index.php\/2022\/01\/19\/defensores-de-la-tierra-contra-mineria-en-morelos-denuncian-intento-de-eliminar-comunidades-por-explotacion\/","title":{"rendered":"Defensores de la tierra contra miner\u00eda en Morelos denuncian intento de eliminar comunidades por explotaci\u00f3n"},"content":{"rendered":"<p>Ignacio Garc\u00eda \/ Los \u00c1ngeles Press<\/p>\n<p>&nbsp;<\/p>\n<p>Alejandra Domingo y Javier Hern\u00e1ndez, defensores de la tierra contra la miner\u00eda en Morelos, denunciaron que las principales empresas mineras que pretenden operar en diferentes regiones de la entidad eliminar\u00e1n diferentes comunidades con la explotaci\u00f3n de los recursos naturales. Desde 2013 hay una gesti\u00f3n de la minera \u00c1lamo Gold para obtener una concesi\u00f3n en esta regi\u00f3n.<\/p>\n<p>En entrevista con Los \u00c1ngeles Press, la defensora de derechos humanos dijo en nahu\u00e1tl y castellano que desde 1999 comenzaron a entregarse concesiones de miner\u00eda en diferentes regiones de Morelos como en San Agust\u00edn Tetlama, en donde se ha extra\u00eddo los recursos naturales como el oro de forma permanente. Explic\u00f3 que han realizado manifestaciones frente al municipio de Temixco para advertir del da\u00f1o ecol\u00f3gico y envenenamiento por el uso de cianuro de las mineras en la regi\u00f3n.<\/p>\n<p>Javier Hern\u00e1ndez asever\u00f3 que Morelos es una entidad tur\u00edstica, pero se han decidido concesionar los suelos del estado para la industria minera como en Xochicalco a las empresas canadienses que extraen los minerales y metales preciosos de la regi\u00f3n.<\/p>\n<p>Por ello, los pobladores de las comunidades originarias se han opuesto a los diferentes proyectos que se pretenden implementar en el estado a trav\u00e9s de las concesiones de los suelos para la miner\u00eda como Alamos Corp, aplicando ingenier\u00eda de conflicto para corromper a las autoridades locales.<\/p>\n<p>Asimismo, indic\u00f3 que las empresas mineras pretenden explotar los cerros de Jumil y la Calabaza, los cuales poseen una variedad de fauna y flora end\u00e9mica que est\u00e1n en peligro de extinci\u00f3n y que por la norma ambiental mexicana no se permitir\u00eda la concesi\u00f3n para fines mineros.<\/p>\n<p>Adem\u00e1s, indicaron que en caso de permitir las mineras en la zona se pretenden afectar a m\u00e1s de 200 mil habitantes de m\u00e1s de 16 comunidades cercanas, ya que habr\u00eda una elevada concentraci\u00f3n de cianuro que se encontrar\u00e1 en el ambiente y pondr\u00e1 en riesgo a la poblaci\u00f3n.<\/p>\n<p>Aseveraron que se mantendr\u00e1n las resistencias de los pueblos originarios para que no operen en Morelos, y por ello llamaron a la Secretar\u00eda de Medio Ambiente y Recursos Naturales federal (Semarnat) a que no se conceda el permiso de explotaci\u00f3n de las mineras.<\/p>\n<p>Los defensores de la tierra recordaron que el gobierno federal ha entregado 90 concesiones a las mineras en el pa\u00eds, de las cuales 39 corresponden al estado de Morelos, por lo que los pueblos originarios no permitir\u00e1n la explotaci\u00f3n de los recursos naturales a su alcance.<\/p>\n<div class=\"jetpack-video-wrapper\"><iframe loading=\"lazy\" title=\"Pueblos contra la miner\u00eda en Morelos, una resistencia que no termina\" width=\"1170\" height=\"658\" src=\"https:\/\/www.youtube.com\/embed\/BciLhEtoeYM?feature=oembed\" frameborder=\"0\" allow=\"accelerometer; autoplay; clipboard-write; encrypted-media; gyroscope; picture-in-picture; web-share\" referrerpolicy=\"strict-origin-when-cross-origin\" allowfullscreen><\/iframe><\/div>\n<p><a href=\"https:\/\/www.losangelespress.org\/defensores-de-la-tierra-contra-la-mineria-en-morelos-denuncian-que-pretenden-eliminar-comunidades-con-la-explotacion-natural\/\" rel=\"noopener\" target=\"_blank\">https:\/\/www.losangelespress.org\/defensores-de-la-tierra-contra-la-mineria-en-morelos-denuncian-que-pretenden-eliminar-comunidades-con-la-explotacion-natural\/<\/a><\/p>\n","protected":false},"excerpt":{"rendered":"<p>Ignacio Garc\u00eda \/ Los \u00c1ngeles Press &nbsp; Alejandra Domingo y Javier Hern\u00e1ndez, defensores de la tierra contra la miner\u00eda en Morelos, denunciaron que las principales empresas mineras que pretenden operar &hellip; <a href=\"http:\/\/www.grieta.org.mx\/index.php\/2022\/01\/19\/defensores-de-la-tierra-contra-mineria-en-morelos-denuncian-intento-de-eliminar-comunidades-por-explotacion\/\" class=\"more-link\">Leer m\u00e1s<\/a><\/p>\n","protected":false},"author":2,"featured_media":63138,"comment_status":"closed","ping_status":"closed","sticky":false,"template":"","format":"standard","meta":{"ngg_post_thumbnail":0,"_jetpack_newsletter_access":"","_jetpack_dont_email_post_to_subs":false,"_jetpack_newsletter_tier_id":0,"_jetpack_memberships_contains_paywalled_content":false,"_jetpack_memberships_contains_paid_content":false,"footnotes":""},"categories":[80,1764,22,2,3067],"tags":[2216,2846,109,1654],"class_list":["post-63137","post","type-post","status-publish","format-standard","has-post-thumbnail","hentry","category-cintillo","category-conflictos-sociales-y-ambientales-por-mineria-en-morelos","category-morelos","category-noticias-nacionales","category-rechazo-a-mineria-en-morelos","tag-conflictos-por-mineria","tag-lucha-contra-la-mineria","tag-mineria","tag-protestas-contra-la-mineria-a-cielo-abierto","entry"],"jetpack_featured_media_url":"http:\/\/www.grieta.org.mx\/wp-content\/uploads\/2022\/01\/tetlama.jpg","jetpack_sharing_enabled":true,"jetpack_shortlink":"https:\/\/wp.me\/p7ZJR4-gql","jetpack_likes_enabled":false,"jetpack-related-posts":[{"id":63099,"url":"http:\/\/www.grieta.org.mx\/index.php\/2022\/01\/13\/declarar-temixco-como-territorio-libre-de-mineria-exigen-16-comunidades-indigenas-de-morelos\/","url_meta":{"origin":63137,"position":0},"title":"Declarar Temixco como Territorio Libre de Miner\u00eda, exigen 16 comunidades ind\u00edgenas de Morelos","author":"grieta","date":"13 enero, 2022","format":false,"excerpt":"Redacci\u00f3n \/ Educa Oaxaca La Unificaci\u00f3n de Pueblos y Colonias en contra de la Miner\u00eda de Morelos solicitaron por escrito a la presidenta municipal de Temixco, Juana Ocampo, que \u201creconozca y garantice el derecho de los pueblos y las comunidades ind\u00edgenas a la libre determinaci\u00f3n para preservar y enriquecer el\u2026","rel":"","context":"En &quot;CINTILLO&quot;","block_context":{"text":"CINTILLO","link":"http:\/\/www.grieta.org.mx\/index.php\/category\/cintillo\/"},"img":{"alt_text":"","src":"https:\/\/i0.wp.com\/www.grieta.org.mx\/wp-content\/uploads\/2022\/01\/photo_2022-01-10_19-52-06-800x720-1-768x691-1.jpg?resize=350%2C200","width":350,"height":200,"srcset":"https:\/\/i0.wp.com\/www.grieta.org.mx\/wp-content\/uploads\/2022\/01\/photo_2022-01-10_19-52-06-800x720-1-768x691-1.jpg?resize=350%2C200 1x, https:\/\/i0.wp.com\/www.grieta.org.mx\/wp-content\/uploads\/2022\/01\/photo_2022-01-10_19-52-06-800x720-1-768x691-1.jpg?resize=525%2C300 1.5x, https:\/\/i0.wp.com\/www.grieta.org.mx\/wp-content\/uploads\/2022\/01\/photo_2022-01-10_19-52-06-800x720-1-768x691-1.jpg?resize=700%2C400 2x"},"classes":[]},{"id":63102,"url":"http:\/\/www.grieta.org.mx\/index.php\/2022\/01\/11\/comunidades-rechazan-mina-a-cielo-abierto-en-xochicalco-morelos\/","url_meta":{"origin":63137,"position":1},"title":"Comunidades rechazan mina a cielo abierto en Xochicalco, Morelos","author":"grieta","date":"11 enero, 2022","format":false,"excerpt":"Redacci\u00f3n \/ La Coperacha Cierran carretera y exigen a alcaldesa morenista de Temixco, declarar Territorio Libre de Miner\u00eda. Habitantes de 16 comunidades ind\u00edgenas y colonias de los municipios de Temixco, Xochitepec, Miacatl\u00e1n y Coatetelco, en Morelos, bloquearon la carretera federal Iguala-Cuernavaca en rechazo del proyecto de la minera canadiense \u00c1lamos\u2026","rel":"","context":"En &quot;CINTILLO&quot;","block_context":{"text":"CINTILLO","link":"http:\/\/www.grieta.org.mx\/index.php\/category\/cintillo\/"},"img":{"alt_text":"","src":"https:\/\/i0.wp.com\/www.grieta.org.mx\/wp-content\/uploads\/2022\/01\/No-a-la-mina-Morelos.jpg?resize=350%2C200","width":350,"height":200,"srcset":"https:\/\/i0.wp.com\/www.grieta.org.mx\/wp-content\/uploads\/2022\/01\/No-a-la-mina-Morelos.jpg?resize=350%2C200 1x, https:\/\/i0.wp.com\/www.grieta.org.mx\/wp-content\/uploads\/2022\/01\/No-a-la-mina-Morelos.jpg?resize=525%2C300 1.5x, https:\/\/i0.wp.com\/www.grieta.org.mx\/wp-content\/uploads\/2022\/01\/No-a-la-mina-Morelos.jpg?resize=700%2C400 2x, https:\/\/i0.wp.com\/www.grieta.org.mx\/wp-content\/uploads\/2022\/01\/No-a-la-mina-Morelos.jpg?resize=1050%2C600 3x"},"classes":[]},{"id":18853,"url":"http:\/\/www.grieta.org.mx\/index.php\/2016\/08\/01\/con-una-marcha-concluyo-el-encuentro-de-territorios-libres-de-mineria-en-miacatlan-morelos\/","url_meta":{"origin":63137,"position":2},"title":"Con una marcha, concluy\u00f3 el encuentro de territorios libres de miner\u00eda en Miacatl\u00e1n (MORELOS)","author":"grieta","date":"1 agosto, 2016","format":false,"excerpt":"Nora Celia Dom\u00ednguez, Morelos El encuentro concluy\u00f3 con una marcha que se realiz\u00f3 por las principales calles de \u00e9ste lugar en rechazo a las concesiones de miner\u00eda a tajo abierto para extraer metales. Los contingentes coreaban consignas como \"queremos frijoles, queremos ma\u00edz, queremos la minera fuera del pa\u00eds\"; \"Nueva visi\u00f3n,\u2026","rel":"","context":"En &quot;CINTILLO&quot;","block_context":{"text":"CINTILLO","link":"http:\/\/www.grieta.org.mx\/index.php\/category\/cintillo\/"},"img":{"alt_text":"","src":"https:\/\/i0.wp.com\/www.grieta.org.mx\/wp-content\/uploads\/2018\/03\/14524434_1106112876131411_958039263622046936_o.jpg?resize=350%2C200","width":350,"height":200,"srcset":"https:\/\/i0.wp.com\/www.grieta.org.mx\/wp-content\/uploads\/2018\/03\/14524434_1106112876131411_958039263622046936_o.jpg?resize=350%2C200 1x, https:\/\/i0.wp.com\/www.grieta.org.mx\/wp-content\/uploads\/2018\/03\/14524434_1106112876131411_958039263622046936_o.jpg?resize=525%2C300 1.5x, https:\/\/i0.wp.com\/www.grieta.org.mx\/wp-content\/uploads\/2018\/03\/14524434_1106112876131411_958039263622046936_o.jpg?resize=700%2C400 2x"},"classes":[]},{"id":69212,"url":"http:\/\/www.grieta.org.mx\/index.php\/2024\/06\/15\/celebraran-el-decreto-vs-mineria-con-evento-morelos\/","url_meta":{"origin":63137,"position":3},"title":"Celebrar\u00e1n el Decreto vs miner\u00eda con evento (Morelos)","author":"grieta","date":"15 junio, 2024","format":false,"excerpt":"Salvador Rosas \/ Diario de Morelos A dos a\u00f1os de que se firm\u00f3 el \u201cDecreto de los pueblos nahuas de Morelos contra la miner\u00eda\u201d, la comunidad de Cuentepec, Temixco, realizar\u00e1 una serie de actividades pol\u00edticas-culturales para reafirmar su rechazo a los megaproyectos y a la miner\u00eda de tajo abierto en\u2026","rel":"","context":"En &quot;CINTILLO&quot;","block_context":{"text":"CINTILLO","link":"http:\/\/www.grieta.org.mx\/index.php\/category\/cintillo\/"},"img":{"alt_text":"","src":"https:\/\/i0.wp.com\/www.grieta.org.mx\/wp-content\/uploads\/2024\/06\/Screenshot-2024-06-25-at-13-06-15-Celebraran-el-Decreto-vs-mineria-con-evento.png?resize=350%2C200","width":350,"height":200,"srcset":"https:\/\/i0.wp.com\/www.grieta.org.mx\/wp-content\/uploads\/2024\/06\/Screenshot-2024-06-25-at-13-06-15-Celebraran-el-Decreto-vs-mineria-con-evento.png?resize=350%2C200 1x, https:\/\/i0.wp.com\/www.grieta.org.mx\/wp-content\/uploads\/2024\/06\/Screenshot-2024-06-25-at-13-06-15-Celebraran-el-Decreto-vs-mineria-con-evento.png?resize=525%2C300 1.5x, https:\/\/i0.wp.com\/www.grieta.org.mx\/wp-content\/uploads\/2024\/06\/Screenshot-2024-06-25-at-13-06-15-Celebraran-el-Decreto-vs-mineria-con-evento.png?resize=700%2C400 2x, https:\/\/i0.wp.com\/www.grieta.org.mx\/wp-content\/uploads\/2024\/06\/Screenshot-2024-06-25-at-13-06-15-Celebraran-el-Decreto-vs-mineria-con-evento.png?resize=1050%2C600 3x"},"classes":[]},{"id":39806,"url":"http:\/\/www.grieta.org.mx\/index.php\/2019\/09\/25\/comunidades-en-morelos-exigen-no-otorgar-concesiones-mineras-a-empresa-canadiense\/","url_meta":{"origin":63137,"position":4},"title":"Comunidades en Morelos exigen no otorgar concesiones mineras a empresa canadiense","author":"grieta","date":"25 septiembre, 2019","format":false,"excerpt":"Foto: Nora Celia Dom\u00ednguez \/ La Uni\u00f3n Redacci\u00f3n \/ Desinform\u00e9monos Ciudad de M\u00e9xico | Desinform\u00e9monos. Comunidades integradas en el Movimiento Morelense en contra de las Concesiones de Miner\u00eda a Tajo Abierto exigieron al gobierno federal no otorgar concesiones mineras a la empresa canadiense \u00c1lamos Gold, cuya intenci\u00f3n de perforar dos\u2026","rel":"","context":"En &quot;CINTILLO&quot;","block_context":{"text":"CINTILLO","link":"http:\/\/www.grieta.org.mx\/index.php\/category\/cintillo\/"},"img":{"alt_text":"","src":"https:\/\/i0.wp.com\/www.grieta.org.mx\/wp-content\/uploads\/2019\/10\/b9b5707fceed91e0dbdf1a4b7f7ea37d_L.jpg?resize=350%2C200","width":350,"height":200,"srcset":"https:\/\/i0.wp.com\/www.grieta.org.mx\/wp-content\/uploads\/2019\/10\/b9b5707fceed91e0dbdf1a4b7f7ea37d_L.jpg?resize=350%2C200 1x, https:\/\/i0.wp.com\/www.grieta.org.mx\/wp-content\/uploads\/2019\/10\/b9b5707fceed91e0dbdf1a4b7f7ea37d_L.jpg?resize=525%2C300 1.5x"},"classes":[]},{"id":63634,"url":"http:\/\/www.grieta.org.mx\/index.php\/2021\/07\/22\/movimiento-morelense-pide-a-autoridades-electas-cancelen-la-mineria-toxica-en-tetlama\/","url_meta":{"origin":63137,"position":5},"title":"Movimiento Morelense pide a autoridades electas cancelen la Miner\u00eda t\u00f3xica en Tetlama","author":"grieta","date":"22 julio, 2021","format":false,"excerpt":"Redacci\u00f3n \/ La Cr\u00f3nica Morelos Integrantes del Movimiento Morelense en Contra de la Miner\u00eda T\u00f3xica hicieron un llamado a las autoridades electas que intervengan y frenen la operaci\u00f3n de la mina a cielo abierto en Tetlama de la empresa Esperanza Silver porque el da\u00f1o al medio ambiente ser\u00e1 irreversible. En\u2026","rel":"","context":"En &quot;CINTILLO&quot;","block_context":{"text":"CINTILLO","link":"http:\/\/www.grieta.org.mx\/index.php\/category\/cintillo\/"},"img":{"alt_text":"","src":"https:\/\/i0.wp.com\/www.grieta.org.mx\/wp-content\/uploads\/2022\/03\/La-Cronica-de-Morelos-movimiento-morelense-pide-a-autoridades-electas-cancelen-la-mineria-toxica-en-tetlama-1024x640-1.jpg?resize=350%2C200","width":350,"height":200,"srcset":"https:\/\/i0.wp.com\/www.grieta.org.mx\/wp-content\/uploads\/2022\/03\/La-Cronica-de-Morelos-movimiento-morelense-pide-a-autoridades-electas-cancelen-la-mineria-toxica-en-tetlama-1024x640-1.jpg?resize=350%2C200 1x, https:\/\/i0.wp.com\/www.grieta.org.mx\/wp-content\/uploads\/2022\/03\/La-Cronica-de-Morelos-movimiento-morelense-pide-a-autoridades-electas-cancelen-la-mineria-toxica-en-tetlama-1024x640-1.jpg?resize=525%2C300 1.5x, https:\/\/i0.wp.com\/www.grieta.org.mx\/wp-content\/uploads\/2022\/03\/La-Cronica-de-Morelos-movimiento-morelense-pide-a-autoridades-electas-cancelen-la-mineria-toxica-en-tetlama-1024x640-1.jpg?resize=700%2C400 2x"},"classes":[]}],"_links":{"self":[{"href":"http:\/\/www.grieta.org.mx\/index.php\/wp-json\/wp\/v2\/posts\/63137","targetHints":{"allow":["GET"]}}],"collection":[{"href":"http:\/\/www.grieta.org.mx\/index.php\/wp-json\/wp\/v2\/posts"}],"about":[{"href":"http:\/\/www.grieta.org.mx\/index.php\/wp-json\/wp\/v2\/types\/post"}],"author":[{"embeddable":true,"href":"http:\/\/www.grieta.org.mx\/index.php\/wp-json\/wp\/v2\/users\/2"}],"replies":[{"embeddable":true,"href":"http:\/\/www.grieta.org.mx\/index.php\/wp-json\/wp\/v2\/comments?post=63137"}],"version-history":[{"count":1,"href":"http:\/\/www.grieta.org.mx\/index.php\/wp-json\/wp\/v2\/posts\/63137\/revisions"}],"predecessor-version":[{"id":63139,"href":"http:\/\/www.grieta.org.mx\/index.php\/wp-json\/wp\/v2\/posts\/63137\/revisions\/63139"}],"wp:featuredmedia":[{"embeddable":true,"href":"http:\/\/www.grieta.org.mx\/index.php\/wp-json\/wp\/v2\/media\/63138"}],"wp:attachment":[{"href":"http:\/\/www.grieta.org.mx\/index.php\/wp-json\/wp\/v2\/media?parent=63137"}],"wp:term":[{"taxonomy":"category","embeddable":true,"href":"http:\/\/www.grieta.org.mx\/index.php\/wp-json\/wp\/v2\/categories?post=63137"},{"taxonomy":"post_tag","embeddable":true,"href":"http:\/\/www.grieta.org.mx\/index.php\/wp-json\/wp\/v2\/tags?post=63137"}],"curies":[{"name":"wp","href":"https:\/\/api.w.org\/{rel}","templated":true}]}}