{"id":63117,"date":"2022-01-20T19:32:23","date_gmt":"2022-01-21T01:32:23","guid":{"rendered":"https:\/\/www.grieta.org.mx\/?p=63117"},"modified":"2022-01-21T20:03:37","modified_gmt":"2022-01-22T02:03:37","slug":"estudiantes-de-la-mayab-exigen-que-no-quede-impune-la-red-de-violencia-digital-yucatan","status":"publish","type":"post","link":"http:\/\/www.grieta.org.mx\/index.php\/2022\/01\/20\/estudiantes-de-la-mayab-exigen-que-no-quede-impune-la-red-de-violencia-digital-yucatan\/","title":{"rendered":"Estudiantes de la Mayab exigen que no quede impune la red de violencia digital (Yucat\u00e1n)"},"content":{"rendered":"<p>Lilia Balam \/ Haz Ruido<\/p>\n<blockquote><p>Adem\u00e1s de este caso, la colectiva Violetas del An\u00e1huac asegur\u00f3 que recibe al menos una denuncia de bullying, acoso u hostigamiento sexual a la semana por parte de las alumnas. <\/p><\/blockquote>\n<p>M\u00e9rida, Yucat\u00e1n, 20 de enero del 2022.- Al grito de \u201c\u00a1Sororidad somos todas!\u201d, alumnas de la Universidad An\u00e1huac Mayab protestaron en la explanada del plantel para exigir que quienes difundieron fotograf\u00edas y v\u00eddeos \u00edntimos de las estudiantes a trav\u00e9s del grupo de Telegram \u201cZorritas de la UAM\u201d no queden impunes. Se solidarizaron con las v\u00edctimas y pidieron a las autoridades de la instituci\u00f3n un protocolo efectivo para atender casos de violencia digital y delitos contra la intimidad.<\/p>\n<p>Poco antes del mediod\u00eda, las j\u00f3venes organizaron un c\u00edrculo de conversaci\u00f3n para hablar sobre la mencionada red, en la cual, seg\u00fan destap\u00f3 la colectiva \u201cSororidad An\u00e1huac\u201d, se compartieron 3 mil 264 fotos y 482 v\u00eddeos, as\u00ed como datos personales de estudiantes de la Universidad. <\/p>\n<div class=\"jetpack-video-wrapper\"><iframe loading=\"lazy\" title=\"Estudiantes de la Mayab alzan la voz contra la red de violencia digital\" width=\"1170\" height=\"658\" src=\"https:\/\/www.youtube.com\/embed\/rZ7dHZ5FwSk?feature=oembed\" frameborder=\"0\" allow=\"accelerometer; autoplay; clipboard-write; encrypted-media; gyroscope; picture-in-picture; web-share\" referrerpolicy=\"strict-origin-when-cross-origin\" allowfullscreen><\/iframe><\/div>\n<p>Ante la gravedad del asunto, consideraron insuficiente que la instituci\u00f3n solamente emitiera un comunicado para comprometerse a investigar los hechos y le exigieron generar las condiciones para que las v\u00edctimas acudan a presentar sus propias denuncias ante la Fiscal\u00eda General del Estado (FGE). <\/p>\n<p>\u201cEste tipo de delitos no se persigue de oficio, se requiere que la v\u00edctima denuncie. No son suficientes las declaraciones, no es suficiente acercarse a la Polic\u00eda Cibern\u00e9tica: la Universidad debe poner facilidades para que las v\u00edctimas que tienen evidencias puedan denunciar. Si ellas no sienten el apoyo de la Universidad, de una red de asesor\u00eda jur\u00eddica, de compa\u00f1eras y dem\u00e1s, no van a ir\u201d, explic\u00f3 una de las manifestantes. <\/p>\n<p><img loading=\"lazy\" decoding=\"async\" data-attachment-id=\"63118\" data-permalink=\"http:\/\/www.grieta.org.mx\/index.php\/2022\/01\/20\/estudiantes-de-la-mayab-exigen-que-no-quede-impune-la-red-de-violencia-digital-yucatan\/violenciadigital2\/\" data-orig-file=\"http:\/\/www.grieta.org.mx\/wp-content\/uploads\/2022\/01\/ViolenciaDigital2-e1642816233545.png\" data-orig-size=\"800,500\" data-comments-opened=\"0\" data-image-meta=\"{&quot;aperture&quot;:&quot;0&quot;,&quot;credit&quot;:&quot;&quot;,&quot;camera&quot;:&quot;&quot;,&quot;caption&quot;:&quot;&quot;,&quot;created_timestamp&quot;:&quot;0&quot;,&quot;copyright&quot;:&quot;&quot;,&quot;focal_length&quot;:&quot;0&quot;,&quot;iso&quot;:&quot;0&quot;,&quot;shutter_speed&quot;:&quot;0&quot;,&quot;title&quot;:&quot;&quot;,&quot;orientation&quot;:&quot;0&quot;}\" data-image-title=\"ViolenciaDigital2\" data-image-description=\"\" data-image-caption=\"\" data-medium-file=\"http:\/\/www.grieta.org.mx\/wp-content\/uploads\/2022\/01\/ViolenciaDigital2-300x188.png\" data-large-file=\"http:\/\/www.grieta.org.mx\/wp-content\/uploads\/2022\/01\/ViolenciaDigital2-e1642816233545.png\" src=\"http:\/\/www.grieta.org.mx\/wp-content\/uploads\/2022\/01\/ViolenciaDigital2-e1642816233545.png\" alt=\"\" width=\"800\" height=\"500\" class=\"alignnone size-full wp-image-63118\" \/><\/p>\n<p>Tambi\u00e9n pidieron brindar mayor difusi\u00f3n al caso, con perspectiva de g\u00e9nero y mayor sensibilidad y empat\u00eda hacia las afectadas, pues hasta ahora dentro del plantel es escaso el personal docente que crea espacios para que las y los estudiantes expresen sus inquietudes y dudas sobre el tema. <\/p>\n<p><img loading=\"lazy\" decoding=\"async\" data-attachment-id=\"63119\" data-permalink=\"http:\/\/www.grieta.org.mx\/index.php\/2022\/01\/20\/estudiantes-de-la-mayab-exigen-que-no-quede-impune-la-red-de-violencia-digital-yucatan\/violenciadigitalmayab3\/\" data-orig-file=\"http:\/\/www.grieta.org.mx\/wp-content\/uploads\/2022\/01\/ViolenciaDigitalMayab3-e1642816376592.png\" data-orig-size=\"800,470\" data-comments-opened=\"0\" data-image-meta=\"{&quot;aperture&quot;:&quot;0&quot;,&quot;credit&quot;:&quot;&quot;,&quot;camera&quot;:&quot;&quot;,&quot;caption&quot;:&quot;&quot;,&quot;created_timestamp&quot;:&quot;0&quot;,&quot;copyright&quot;:&quot;&quot;,&quot;focal_length&quot;:&quot;0&quot;,&quot;iso&quot;:&quot;0&quot;,&quot;shutter_speed&quot;:&quot;0&quot;,&quot;title&quot;:&quot;&quot;,&quot;orientation&quot;:&quot;0&quot;}\" data-image-title=\"ViolenciaDigitalMayab3\" data-image-description=\"\" data-image-caption=\"\" data-medium-file=\"http:\/\/www.grieta.org.mx\/wp-content\/uploads\/2022\/01\/ViolenciaDigitalMayab3-300x176.png\" data-large-file=\"http:\/\/www.grieta.org.mx\/wp-content\/uploads\/2022\/01\/ViolenciaDigitalMayab3-e1642816376592.png\" src=\"http:\/\/www.grieta.org.mx\/wp-content\/uploads\/2022\/01\/ViolenciaDigitalMayab3-e1642816376592.png\" alt=\"\" width=\"800\" height=\"470\" class=\"alignnone size-full wp-image-63119\" \/><\/p>\n<p>\u201cEn una de mis clases hablaron al respecto, pero la maestra mencion\u00f3 que era culpa de las mujeres: que para qu\u00e9 mandan esas cosas, que se lo buscan, y que si les toman fotos por qu\u00e9 vienen vestidas con shorts o faldas. O sea el peque\u00f1o di\u00e1logo que se abri\u00f3 solo fue para revictimizar a las mujeres\u201d, precis\u00f3 una representante de la colectiva \u201cVioletas del An\u00e1huac\u201d. <\/p>\n<p>Por ello, solicitaron a las autoridades campa\u00f1as de informaci\u00f3n y concientizaci\u00f3n sobre esos delitos, as\u00ed como un protocolo eficaz para atender ese tipo de casos, pues no es la primera vez que se denuncia acoso u hostigamiento en la comunidad estudiantil. <\/p>\n<p>Las denuncias de acoso han sido ignoradas<\/p>\n<p>Una de las representantes de la colectiva \u201cVioletas del An\u00e1huac\u201d, relat\u00f3 que hace dos a\u00f1os fue v\u00edctima de amenazas, bullying y acoso digital por parte de varios j\u00f3venes, entre ellos dos compa\u00f1eros de la Universidad. <\/p>\n<p>\u201cSoy una persona que alza la voz, no me quedo callada. Entonces un grupo de hombres, entre ellos dos de la Mayab, mandaban fotos de mi cara y de mi cuenta de Instagram a un grupo, para burlarse de m\u00ed. Enviaban screenshots de mis publicaciones en redes y dec\u00edan que me iban a matar, a desaparecer, hac\u00edan \u2018chistes\u2019 sobre asesinarme. Me dio medio. Me deprim\u00ed e intent\u00e9 suicidarme\u201d, extern\u00f3. <\/p>\n<p>En una ocasi\u00f3n, se encontr\u00f3 con uno de sus agresores en los pasillos de la escuela. Eso le ocasion\u00f3 una crisis de llanto tan fuerte que le impidi\u00f3 presentarse a un examen. Cuando su profesor se dio cuenta, habl\u00f3 con ella. Tras enterarse de lo sucedido, le aconsej\u00f3 denunciar los hechos: le pidi\u00f3 mandar un correo con evidencias a la directiva. Sin embargo, nunca obtuvieron respuesta.<\/p>\n<p><img loading=\"lazy\" decoding=\"async\" data-attachment-id=\"63120\" data-permalink=\"http:\/\/www.grieta.org.mx\/index.php\/2022\/01\/20\/estudiantes-de-la-mayab-exigen-que-no-quede-impune-la-red-de-violencia-digital-yucatan\/violenciadigitalmayab4\/\" data-orig-file=\"http:\/\/www.grieta.org.mx\/wp-content\/uploads\/2022\/01\/ViolenciaDigitalMayab4-e1642816496585.png\" data-orig-size=\"800,464\" data-comments-opened=\"0\" data-image-meta=\"{&quot;aperture&quot;:&quot;0&quot;,&quot;credit&quot;:&quot;&quot;,&quot;camera&quot;:&quot;&quot;,&quot;caption&quot;:&quot;&quot;,&quot;created_timestamp&quot;:&quot;0&quot;,&quot;copyright&quot;:&quot;&quot;,&quot;focal_length&quot;:&quot;0&quot;,&quot;iso&quot;:&quot;0&quot;,&quot;shutter_speed&quot;:&quot;0&quot;,&quot;title&quot;:&quot;&quot;,&quot;orientation&quot;:&quot;0&quot;}\" data-image-title=\"ViolenciaDigitalMayab4\" data-image-description=\"\" data-image-caption=\"\" data-medium-file=\"http:\/\/www.grieta.org.mx\/wp-content\/uploads\/2022\/01\/ViolenciaDigitalMayab4-300x174.png\" data-large-file=\"http:\/\/www.grieta.org.mx\/wp-content\/uploads\/2022\/01\/ViolenciaDigitalMayab4-1024x593.png\" src=\"http:\/\/www.grieta.org.mx\/wp-content\/uploads\/2022\/01\/ViolenciaDigitalMayab4-e1642816496585.png\" alt=\"\" width=\"800\" height=\"464\" class=\"alignnone size-full wp-image-63120\" \/><\/p>\n<p>\u201cMi maestro lo intent\u00f3, pero no hicieron nada. Aunque la Universidad supo del intento de suicidio, que mi vida corr\u00eda riesgo, no hizo nada. Yo le dir\u00eda a las v\u00edctimas de estos delitos que levanten la voz, que no hagan lo mismo que yo, que me qued\u00e9 callada y ahora veo que esos tipos se van a graduar en un a\u00f1o. Sigan peleando para que las ayuden y no tengan que convivir con sus agresores como yo\u201d, apunt\u00f3. <\/p>\n<p>Desde su fundaci\u00f3n en el 2020, la colectiva ha recibido al menos una denuncia semanal de bullying, acoso u hostigamiento sexual contra alumnos y profesores. Tambi\u00e9n tienen datos de otros grupos de Telegram donde se comparte material \u00edntimo de estudiantes de la An\u00e1huac Mayab y otras escuelas, como \u201cIglesia Yucat\u00e1n\u201d y \u201cYucat\u00e1n Caliente\u201d, entre otros. Sin embargo, y pese a que algunas s\u00ed reportaron los hechos ante la planta docente o la directiva de la instituci\u00f3n, no han obtenido soluciones satisfactorias.  <\/p>\n<p><img loading=\"lazy\" decoding=\"async\" data-attachment-id=\"63121\" data-permalink=\"http:\/\/www.grieta.org.mx\/index.php\/2022\/01\/20\/estudiantes-de-la-mayab-exigen-que-no-quede-impune-la-red-de-violencia-digital-yucatan\/violenciadigitalmayab5\/\" data-orig-file=\"http:\/\/www.grieta.org.mx\/wp-content\/uploads\/2022\/01\/ViolenciaDigitalMayab5-e1642816618857.png\" data-orig-size=\"500,760\" data-comments-opened=\"0\" data-image-meta=\"{&quot;aperture&quot;:&quot;0&quot;,&quot;credit&quot;:&quot;&quot;,&quot;camera&quot;:&quot;&quot;,&quot;caption&quot;:&quot;&quot;,&quot;created_timestamp&quot;:&quot;0&quot;,&quot;copyright&quot;:&quot;&quot;,&quot;focal_length&quot;:&quot;0&quot;,&quot;iso&quot;:&quot;0&quot;,&quot;shutter_speed&quot;:&quot;0&quot;,&quot;title&quot;:&quot;&quot;,&quot;orientation&quot;:&quot;0&quot;}\" data-image-title=\"ViolenciaDigitalMayab5\" data-image-description=\"\" data-image-caption=\"\" data-medium-file=\"http:\/\/www.grieta.org.mx\/wp-content\/uploads\/2022\/01\/ViolenciaDigitalMayab5-197x300.png\" data-large-file=\"http:\/\/www.grieta.org.mx\/wp-content\/uploads\/2022\/01\/ViolenciaDigitalMayab5-e1642816618857.png\" src=\"http:\/\/www.grieta.org.mx\/wp-content\/uploads\/2022\/01\/ViolenciaDigitalMayab5-e1642816618857.png\" alt=\"\" width=\"500\" height=\"760\" class=\"alignnone size-full wp-image-63121\" \/><\/p>\n<p>\u201cEn algunas ocasiones la Universidad hac\u00eda como que iba a ayudar, se hac\u00eda la interesada. Y a la mera hora nos dejaban \u2018ghosteadas\u2019. Se supone que existe un protocolo de sana convivencia, pero al parecer nadie hace uso de ese protocolo. Urge que se haga algo\u201d, se\u00f1al\u00f3 la activista. <\/p>\n<p>Hasta ahora solo tienen conocimiento de un caso solucionado: fue una denuncia de acoso hacia un profesor, el cual aparentemente fue destituido en el 2020. Pero algunas alumnas comentaron que solamente fue reubicado a otra escuela de la red An\u00e1huac, lo cual consideraron inaceptable.<\/p>\n<p>En este sentido, solicitaron que, cuando se identifique a los integrantes del grupo de Telegram, se les expulse de manera inmediata y nunca se les permita el acceso de nueva cuenta, a ninguno de los planteles de la red. <\/p>\n<p>Finalmente, las manifestantes se solidarizaron con \u201cSororidad An\u00e1huac\u201d, con quienes perdieron contacto desde ayer, cuando la cuenta de Instagram desapareci\u00f3 tras pasar tres d\u00edas activa. <\/p>\n<p>Desconocen si fueron amenazadas o si est\u00e1n bien. Indicaron que la mayor\u00eda de las alumnas teme que le la directiva escolar tome represalias contra sus carreras acad\u00e9micas por haber alzado la voz, pero aseguraron que continuar\u00e1n actuando para erradicar la violencia de g\u00e9nero al interior de la escuela.<\/p>\n<p><a href=\"https:\/\/www.hazruido.mx\/reportes\/estudiantes-de-la-mayab-exigen-que-no-quede-impune-la-red-de-violencia-digital\/\" rel=\"noopener\" target=\"_blank\">https:\/\/www.hazruido.mx\/reportes\/estudiantes-de-la-mayab-exigen-que-no-quede-impune-la-red-de-violencia-digital\/<\/a><\/p>\n","protected":false},"excerpt":{"rendered":"<p>Lilia Balam \/ Haz Ruido Adem\u00e1s de este caso, la colectiva Violetas del An\u00e1huac asegur\u00f3 que recibe al menos una denuncia de bullying, acoso u hostigamiento sexual a la semana &hellip; <a href=\"http:\/\/www.grieta.org.mx\/index.php\/2022\/01\/20\/estudiantes-de-la-mayab-exigen-que-no-quede-impune-la-red-de-violencia-digital-yucatan\/\" class=\"more-link\">Leer m\u00e1s<\/a><\/p>\n","protected":false},"author":2,"featured_media":63122,"comment_status":"closed","ping_status":"closed","sticky":false,"template":"","format":"standard","meta":{"ngg_post_thumbnail":0,"_jetpack_newsletter_access":"","_jetpack_dont_email_post_to_subs":false,"_jetpack_newsletter_tier_id":0,"_jetpack_memberships_contains_paywalled_content":false,"_jetpack_memberships_contains_paid_content":false,"footnotes":""},"categories":[80,3168,2,2547,36],"tags":[3616,3209,1630,4077],"class_list":["post-63117","post","type-post","status-publish","format-standard","has-post-thumbnail","hentry","category-cintillo","category-lucha-de-las-mujeres-en-yucatan","category-noticias-nacionales","category-violencia-contra-las-mujeres-en-yucatan","category-yucatan","tag-acoso-contra-mujeres-estudiantes","tag-lucha-contra-la-violencia-contra-las-mujeres","tag-violencia-contra-las-mujeres","tag-violencia-digital","entry"],"jetpack_featured_media_url":"http:\/\/www.grieta.org.mx\/wp-content\/uploads\/2022\/01\/ViolenciaDigitalMayab-e1642816762101.png","jetpack_sharing_enabled":true,"jetpack_shortlink":"https:\/\/wp.me\/p7ZJR4-gq1","jetpack_likes_enabled":false,"jetpack-related-posts":[{"id":65881,"url":"http:\/\/www.grieta.org.mx\/index.php\/2022\/12\/06\/alumnas-de-la-prepa-2-de-la-uady-protestan-por-caso-de-violencia-sexual-yucatan\/","url_meta":{"origin":63117,"position":0},"title":"Alumnas de la Prepa 2 de la UADY protestan por caso de violencia sexual (Yucat\u00e1n)","author":"grieta","date":"6 diciembre, 2022","format":false,"excerpt":"Daniel Santiago \/ Por Esto! La tarde de hoy alumnos, familiares, amigos de Valeria quien fuese v\u00edctima de abuso sexual, realizaron una manifestaci\u00f3n a las afueras del edificio central de la Universidad Aut\u00f3noma de Yucat\u00e1n (UADY) ubicado en el centro de M\u00e9rida bloqueando la calle 60 y 57 con el\u2026","rel":"","context":"En &quot;CINTILLO&quot;","block_context":{"text":"CINTILLO","link":"http:\/\/www.grieta.org.mx\/index.php\/category\/cintillo\/"},"img":{"alt_text":"","src":"https:\/\/i0.wp.com\/www.grieta.org.mx\/wp-content\/uploads\/2022\/12\/uady-e1670419351387.jpg?resize=350%2C200","width":350,"height":200,"srcset":"https:\/\/i0.wp.com\/www.grieta.org.mx\/wp-content\/uploads\/2022\/12\/uady-e1670419351387.jpg?resize=350%2C200 1x, https:\/\/i0.wp.com\/www.grieta.org.mx\/wp-content\/uploads\/2022\/12\/uady-e1670419351387.jpg?resize=525%2C300 1.5x, https:\/\/i0.wp.com\/www.grieta.org.mx\/wp-content\/uploads\/2022\/12\/uady-e1670419351387.jpg?resize=700%2C400 2x"},"classes":[]},{"id":69341,"url":"http:\/\/www.grieta.org.mx\/index.php\/2024\/07\/19\/por-acoso-y-hostigamiento-presionan-para-destituir-al-rector-de-la-upy-yucatan\/","url_meta":{"origin":63117,"position":1},"title":"Por acoso y hostigamiento, presionan para destituir al rector de la UPY (Yucat\u00e1n)","author":"grieta","date":"19 julio, 2024","format":false,"excerpt":"Haz Ruido Estudiantes y personal docente exigen el cese de Alfredo Ulibarri por violentar a las mujeres que trabajan en el plantel. M\u00e9rida, Yucat\u00e1n, 19 de julio de 2024.- Estudiantes de la Universidad Polit\u00e9cnica de Yucat\u00e1n (UPY) se manifestaron ayer en las instalaciones educativas para respaldar a las maestras y\u2026","rel":"","context":"En &quot;CINTILLO&quot;","block_context":{"text":"CINTILLO","link":"http:\/\/www.grieta.org.mx\/index.php\/category\/cintillo\/"},"img":{"alt_text":"","src":"https:\/\/i0.wp.com\/www.grieta.org.mx\/wp-content\/uploads\/2024\/07\/Hostigador-e1721867769166.jpg?resize=350%2C200","width":350,"height":200,"srcset":"https:\/\/i0.wp.com\/www.grieta.org.mx\/wp-content\/uploads\/2024\/07\/Hostigador-e1721867769166.jpg?resize=350%2C200 1x, https:\/\/i0.wp.com\/www.grieta.org.mx\/wp-content\/uploads\/2024\/07\/Hostigador-e1721867769166.jpg?resize=525%2C300 1.5x, https:\/\/i0.wp.com\/www.grieta.org.mx\/wp-content\/uploads\/2024\/07\/Hostigador-e1721867769166.jpg?resize=700%2C400 2x"},"classes":[]},{"id":63706,"url":"http:\/\/www.grieta.org.mx\/index.php\/2022\/03\/09\/alumnas-del-iuba-colima-exhiben-a-maestros-y-companeros-por-acoso-sexual-y-violencia\/","url_meta":{"origin":63117,"position":2},"title":"Alumnas del IUBA Colima exhiben a maestros y compa\u00f1eros por acoso sexual y violencia","author":"grieta","date":"9 marzo, 2022","format":false,"excerpt":"Foto: Somos El Medio Monserrat C\u00e1rdenas \/ Somos el Medio La madrugada de este 8 de marzo, alumnas del Instituto Universitario de Bellas Artes (IUBA) de la Universidad de Colima (UdeC) intervinieron las instalaciones de su facultad con carteles, mantas y fotograf\u00edas en las que muestran los rostros y nombres\u2026","rel":"","context":"En &quot;CINTILLO&quot;","block_context":{"text":"CINTILLO","link":"http:\/\/www.grieta.org.mx\/index.php\/category\/cintillo\/"},"img":{"alt_text":"","src":"https:\/\/i0.wp.com\/www.grieta.org.mx\/wp-content\/uploads\/2022\/03\/WhatsApp-Image-2022-03-09-at-11.04.36-AM-e1646857722544-696x456-1.jpeg?resize=350%2C200","width":350,"height":200,"srcset":"https:\/\/i0.wp.com\/www.grieta.org.mx\/wp-content\/uploads\/2022\/03\/WhatsApp-Image-2022-03-09-at-11.04.36-AM-e1646857722544-696x456-1.jpeg?resize=350%2C200 1x, https:\/\/i0.wp.com\/www.grieta.org.mx\/wp-content\/uploads\/2022\/03\/WhatsApp-Image-2022-03-09-at-11.04.36-AM-e1646857722544-696x456-1.jpeg?resize=525%2C300 1.5x"},"classes":[]},{"id":46161,"url":"http:\/\/www.grieta.org.mx\/index.php\/2020\/03\/12\/protestan-alumnas-de-udeg-contra-acoso-jalisco\/","url_meta":{"origin":63117,"position":3},"title":"Protestan alumnas de UdeG contra acoso (Jalisco)","author":"grieta","date":"12 marzo, 2020","format":false,"excerpt":"Foto: Zona Docs Redacci\u00f3n \/ El Diario NTR Alumnas de 12 preparatorias de la Universidad de Guadalajara se manifestaron este jueves frente al edificio de Rector\u00eda para exigir un cese a la violencia de g\u00e9nero. La manifestaci\u00f3n parti\u00f3 de la Prepa 1 hacia el edificio administrativo. Las estudiantes portaron cartelones\u2026","rel":"","context":"En &quot;CINTILLO&quot;","block_context":{"text":"CINTILLO","link":"http:\/\/www.grieta.org.mx\/index.php\/category\/cintillo\/"},"img":{"alt_text":"","src":"https:\/\/i0.wp.com\/www.grieta.org.mx\/wp-content\/uploads\/2020\/03\/2020-03-12_06-03-44___9505.jpg?resize=350%2C200","width":350,"height":200},"classes":[]},{"id":58068,"url":"http:\/\/www.grieta.org.mx\/index.php\/2021\/03\/31\/estudiantes-respaldan-a-estefania-y-exigen-a-la-uady-espacios-sin-violencia-yucatan\/","url_meta":{"origin":63117,"position":4},"title":"Estudiantes respaldan a Estefan\u00eda y exigen a la UADY espacios sin violencia (Yucat\u00e1n)","author":"grieta","date":"31 marzo, 2021","format":false,"excerpt":"Claudia Arriaga \/ Haz Ruido Al grito de \u201c\u00a1la UADY no me cuida, me cuidan mis amigas!\u201d, las j\u00f3venes protestaron en las puertas de la Facultad de Medicina tras darse a conocer el caso de abuso sexual. M\u00e9rida, Yucat\u00e1n, 31 de marzo del 2021.- Estudiantes de la Universidad Aut\u00f3noma de\u2026","rel":"","context":"En &quot;CINTILLO&quot;","block_context":{"text":"CINTILLO","link":"http:\/\/www.grieta.org.mx\/index.php\/category\/cintillo\/"},"img":{"alt_text":"","src":"https:\/\/i0.wp.com\/www.grieta.org.mx\/wp-content\/uploads\/2021\/04\/UadyNoMeCuida-e1617305905366.png?resize=350%2C200","width":350,"height":200,"srcset":"https:\/\/i0.wp.com\/www.grieta.org.mx\/wp-content\/uploads\/2021\/04\/UadyNoMeCuida-e1617305905366.png?resize=350%2C200 1x, https:\/\/i0.wp.com\/www.grieta.org.mx\/wp-content\/uploads\/2021\/04\/UadyNoMeCuida-e1617305905366.png?resize=525%2C300 1.5x, https:\/\/i0.wp.com\/www.grieta.org.mx\/wp-content\/uploads\/2021\/04\/UadyNoMeCuida-e1617305905366.png?resize=700%2C400 2x"},"classes":[]},{"id":41139,"url":"http:\/\/www.grieta.org.mx\/index.php\/2019\/11\/15\/encapuchados-toman-instalaciones-de-prepa-3-denuncia-acoso-sexual-ciudad-de-mexico\/","url_meta":{"origin":63117,"position":5},"title":"Encapuchados toman instalaciones de Prepa 3; denuncia acoso sexual (Ciudad de M\u00e9xico)","author":"grieta","date":"15 noviembre, 2019","format":false,"excerpt":"Vanessa Solis \/ El Sol de M\u00e9xico Alumnos del plantel exigen la renuncia de docentes que presuntamente acosan a las alumnas Mujeres encapuchadas tomaron las instalaciones de les Escuela Nacional Preparatoria n\u00famero 3 de la UNAM, esto para exigir la renuncia de profesores que acosan a las alumnas. A trav\u00e9s\u2026","rel":"","context":"En &quot;CINTILLO&quot;","block_context":{"text":"CINTILLO","link":"http:\/\/www.grieta.org.mx\/index.php\/category\/cintillo\/"},"img":{"alt_text":"","src":"https:\/\/i0.wp.com\/www.grieta.org.mx\/wp-content\/uploads\/2019\/11\/Encapuchados-toman-instalaciones-de-Prepa-3-denuncia-acoso-sexual-cdmx-nov.png?resize=350%2C200","width":350,"height":200,"srcset":"https:\/\/i0.wp.com\/www.grieta.org.mx\/wp-content\/uploads\/2019\/11\/Encapuchados-toman-instalaciones-de-Prepa-3-denuncia-acoso-sexual-cdmx-nov.png?resize=350%2C200 1x, https:\/\/i0.wp.com\/www.grieta.org.mx\/wp-content\/uploads\/2019\/11\/Encapuchados-toman-instalaciones-de-Prepa-3-denuncia-acoso-sexual-cdmx-nov.png?resize=525%2C300 1.5x, https:\/\/i0.wp.com\/www.grieta.org.mx\/wp-content\/uploads\/2019\/11\/Encapuchados-toman-instalaciones-de-Prepa-3-denuncia-acoso-sexual-cdmx-nov.png?resize=700%2C400 2x"},"classes":[]}],"_links":{"self":[{"href":"http:\/\/www.grieta.org.mx\/index.php\/wp-json\/wp\/v2\/posts\/63117","targetHints":{"allow":["GET"]}}],"collection":[{"href":"http:\/\/www.grieta.org.mx\/index.php\/wp-json\/wp\/v2\/posts"}],"about":[{"href":"http:\/\/www.grieta.org.mx\/index.php\/wp-json\/wp\/v2\/types\/post"}],"author":[{"embeddable":true,"href":"http:\/\/www.grieta.org.mx\/index.php\/wp-json\/wp\/v2\/users\/2"}],"replies":[{"embeddable":true,"href":"http:\/\/www.grieta.org.mx\/index.php\/wp-json\/wp\/v2\/comments?post=63117"}],"version-history":[{"count":1,"href":"http:\/\/www.grieta.org.mx\/index.php\/wp-json\/wp\/v2\/posts\/63117\/revisions"}],"predecessor-version":[{"id":63123,"href":"http:\/\/www.grieta.org.mx\/index.php\/wp-json\/wp\/v2\/posts\/63117\/revisions\/63123"}],"wp:featuredmedia":[{"embeddable":true,"href":"http:\/\/www.grieta.org.mx\/index.php\/wp-json\/wp\/v2\/media\/63122"}],"wp:attachment":[{"href":"http:\/\/www.grieta.org.mx\/index.php\/wp-json\/wp\/v2\/media?parent=63117"}],"wp:term":[{"taxonomy":"category","embeddable":true,"href":"http:\/\/www.grieta.org.mx\/index.php\/wp-json\/wp\/v2\/categories?post=63117"},{"taxonomy":"post_tag","embeddable":true,"href":"http:\/\/www.grieta.org.mx\/index.php\/wp-json\/wp\/v2\/tags?post=63117"}],"curies":[{"name":"wp","href":"https:\/\/api.w.org\/{rel}","templated":true}]}}