{"id":6311,"date":"2015-03-24T20:17:21","date_gmt":"2015-03-24T20:17:21","guid":{"rendered":"http:\/\/50.22.11.12\/~grietaor\/?p=6311"},"modified":"2016-04-26T03:33:03","modified_gmt":"2016-04-26T03:33:03","slug":"mexico-estado-de-censura","status":"publish","type":"post","link":"http:\/\/www.grieta.org.mx\/index.php\/2015\/03\/24\/mexico-estado-de-censura\/","title":{"rendered":"M\u00e9xico, Estado de censura"},"content":{"rendered":"<p>Victor M Maya<\/p>\n<p>CDMX, 24 de marzo de 2015.- La organizaci\u00f3n que promueve la libertad de expresi\u00f3n: Art\u00edculo 19, presenta este martes su informe sobre violencia contra la prensa 2014. En los dos \u00faltimos a\u00f1os del sexenio de Felipe Calder\u00f3n la organizaci\u00f3n document\u00f3 207 casos de agresiones a la prensa. En los dos primeros a\u00f1os de la administraci\u00f3n de Enrique Pe\u00f1a Nieto sumaron 656 los casos. Destacan los estados de Veracruz donde pasaron de 10 a 41 agresiones del 2010 al 2014 y Quintana Roo donde se pas\u00f3 de 4 a 42 en el mismo periodo.<\/p>\n<p>Este a\u00f1o el informe se titula \u201cEstado de censura\u201d, aborda los casos espec\u00edficos de los periodistas Edwin Canche torturado por fotografiar, Karla Silva como violencia diferenciada contra mujeres periodistas y Pedro Canch\u00e9 preso por el gobierno de Quintana Roo, entre otros.<\/p>\n<p>En sus siguientes apartados el documento presenta las situaciones de agresiones realizadas a los comunicadores por medio de internet, espec\u00edficamente a trav\u00e9s de redes sociales. Retoma los casos de amenazas de muerte por medio de Twitter y campa\u00f1as de desprestigio contra medios electr\u00f3nicos.<\/p>\n<p>El documento retoma las omisiones y retrocesos del Estado mexicano en libertad de expresi\u00f3n. Pone \u00e9nfasis en el caso de la Fiscal\u00eda Especial para la Atenci\u00f3n de Delitos cometidos en contra de la Libertad de Expresi\u00f3n (FEADLE), la Comisi\u00f3n Nacional de los Derechos Humanos de M\u00e9xico y la crisis de los mecanismos de protecci\u00f3n.<\/p>\n<p>\u201cCada 26.7 horas se agrede a un periodista en el pa\u00eds. Es decir, en la actual administraci\u00f3n de Enrique Pe\u00f1a Nieto las agresiones contra la prensa casi se duplicaron, comparado con la de Felipe Calder\u00f3n, en la que se agred\u00eda a un comunicador cada 48.1 horas.<\/p>\n<p>A s\u00f3lo dos a\u00f1os de haber iniciado su gobierno, 10 periodistas han sido asesinados en posible relaci\u00f3n con su labor informativa, cuatro m\u00e1s han desaparecido. Los cr\u00edmenes permanecen impunes\u201d apunta Art\u00edculo 19.<\/p>\n<p>Puede consultar y descargar el documento aqu\u00ed<\/p>\n<p><a href=\"http:\/\/www.somoselmedio.org\/article\/mexico-estado-de-censura\" target=\"_blank\">http:\/\/www.somoselmedio.org\/article\/mexico-estado-de-censura<\/a><\/p>\n","protected":false},"excerpt":{"rendered":"<p>Victor M Maya CDMX, 24 de marzo de 2015.- La organizaci\u00f3n que promueve la libertad de expresi\u00f3n: Art\u00edculo 19, presenta este martes su informe sobre violencia contra la prensa 2014. &hellip; <a href=\"http:\/\/www.grieta.org.mx\/index.php\/2015\/03\/24\/mexico-estado-de-censura\/\" class=\"more-link\">Leer m\u00e1s<\/a><\/p>\n","protected":false},"author":2,"featured_media":21928,"comment_status":"closed","ping_status":"open","sticky":false,"template":"","format":"standard","meta":{"ngg_post_thumbnail":0,"_jetpack_newsletter_access":"","_jetpack_dont_email_post_to_subs":false,"_jetpack_newsletter_tier_id":0,"_jetpack_memberships_contains_paywalled_content":false,"_jetpack_memberships_contains_paid_content":false,"footnotes":""},"categories":[80,415],"tags":[120],"class_list":["post-6311","post","type-post","status-publish","format-standard","has-post-thumbnail","hentry","category-cintillo","category-tabasco","tag-violencia-contra-periodistas","entry"],"jetpack_featured_media_url":"http:\/\/www.grieta.org.mx\/wp-content\/uploads\/2018\/03\/14524434_1106112876131411_958039263622046936_o.jpg","jetpack_sharing_enabled":true,"jetpack_shortlink":"https:\/\/wp.me\/p7ZJR4-1DN","jetpack_likes_enabled":false,"jetpack-related-posts":[{"id":3688,"url":"http:\/\/www.grieta.org.mx\/index.php\/2015\/10\/04\/represion-contra-periodistas-en-quintana-roo\/","url_meta":{"origin":6311,"position":0},"title":"Violencia contra periodistas en Quintana Roo","author":"grieta","date":"4 octubre, 2015","format":false,"excerpt":"04\/10\/15. En 4 a\u00f1os, Borge convirti\u00f3 a QRoo en una entidad de alto riesgo para la libertad de expresi\u00f3n Sinembargo 29\/09\/15. Impugna CNDH la ley Borge contra la libertad de expresi\u00f3n en Quintana Roo Proceso 16\/08\/15. La herencia represora de Borge: Leyes \u2018a modo\u2019 y ataques a periodistas en m\u00e1s\u2026","rel":"","context":"En &quot;NOTICIAS NACIONALES&quot;","block_context":{"text":"NOTICIAS NACIONALES","link":"http:\/\/www.grieta.org.mx\/index.php\/category\/noticias-nacionales\/"},"img":{"alt_text":"","src":"https:\/\/i0.wp.com\/www.grieta.org.mx\/wp-content\/uploads\/2018\/03\/14524434_1106112876131411_958039263622046936_o.jpg?resize=350%2C200","width":350,"height":200,"srcset":"https:\/\/i0.wp.com\/www.grieta.org.mx\/wp-content\/uploads\/2018\/03\/14524434_1106112876131411_958039263622046936_o.jpg?resize=350%2C200 1x, https:\/\/i0.wp.com\/www.grieta.org.mx\/wp-content\/uploads\/2018\/03\/14524434_1106112876131411_958039263622046936_o.jpg?resize=525%2C300 1.5x, https:\/\/i0.wp.com\/www.grieta.org.mx\/wp-content\/uploads\/2018\/03\/14524434_1106112876131411_958039263622046936_o.jpg?resize=700%2C400 2x"},"classes":[]},{"id":3692,"url":"http:\/\/www.grieta.org.mx\/index.php\/2015\/08\/16\/la-herencia-represora-de-borge-leyes-a-modo-y-ataques-a-periodistas-en-mas-de-4-anos-en-quintana-roo\/","url_meta":{"origin":6311,"position":1},"title":"La herencia represora de Borge: Leyes \u2018a modo\u2019 y ataques a periodistas en m\u00e1s de 4 a\u00f1os en Quintana Roo","author":"grieta","date":"16 agosto, 2015","format":false,"excerpt":"Ciudad de M\u00e9xico, 16 de agosto (SinEmbargo).\u2013 La administraci\u00f3n del Gobernador de Quintana Roo, Roberto Borge Angulo es identificada por organizaciones y activistas como una de las m\u00e1s \u201crepresoras\u201d de la libertad de expresi\u00f3n. Las difamaciones en contra de periodistas, legislaciones como la Ley antimarchas y la de Protecci\u00f3n a\u2026","rel":"","context":"En &quot;CINTILLO&quot;","block_context":{"text":"CINTILLO","link":"http:\/\/www.grieta.org.mx\/index.php\/category\/cintillo\/"},"img":{"alt_text":"","src":"https:\/\/i0.wp.com\/www.grieta.org.mx\/wp-content\/uploads\/2018\/03\/14524434_1106112876131411_958039263622046936_o.jpg?resize=350%2C200","width":350,"height":200,"srcset":"https:\/\/i0.wp.com\/www.grieta.org.mx\/wp-content\/uploads\/2018\/03\/14524434_1106112876131411_958039263622046936_o.jpg?resize=350%2C200 1x, https:\/\/i0.wp.com\/www.grieta.org.mx\/wp-content\/uploads\/2018\/03\/14524434_1106112876131411_958039263622046936_o.jpg?resize=525%2C300 1.5x, https:\/\/i0.wp.com\/www.grieta.org.mx\/wp-content\/uploads\/2018\/03\/14524434_1106112876131411_958039263622046936_o.jpg?resize=700%2C400 2x"},"classes":[]},{"id":38902,"url":"http:\/\/www.grieta.org.mx\/index.php\/2019\/09\/03\/en-2019-han-asesinado-a-10-periodistas-y-agredido-a-249-articulo-19\/","url_meta":{"origin":6311,"position":2},"title":"En 2019 han asesinado a 10 periodistas y agredido a 249: Art\u00edculo 19","author":"Admin","date":"3 septiembre, 2019","format":false,"excerpt":"Redacci\u00f3n\/ Animal Pol\u00edtico De enero a julio de 2019 se han registrado 249 agresiones a periodistas en el pa\u00eds, una cada 17.4 horas, adem\u00e1s de que 10 comunicadores han sido asesinados, de acuerdo con la organizaci\u00f3n Art\u00edculo 19. La cifra de comunicadores muertos ya supera la de todo 2018, a\u00f1o\u2026","rel":"","context":"En &quot;CINTILLO&quot;","block_context":{"text":"CINTILLO","link":"http:\/\/www.grieta.org.mx\/index.php\/category\/cintillo\/"},"img":{"alt_text":"","src":"https:\/\/i0.wp.com\/www.grieta.org.mx\/wp-content\/uploads\/2019\/09\/https-_www.animalpolitico.com_wp-content_uploads_2019_09_Protesta_Periodistas_Angel_Independencia-1-e1567545636807.jpg?resize=350%2C200","width":350,"height":200,"srcset":"https:\/\/i0.wp.com\/www.grieta.org.mx\/wp-content\/uploads\/2019\/09\/https-_www.animalpolitico.com_wp-content_uploads_2019_09_Protesta_Periodistas_Angel_Independencia-1-e1567545636807.jpg?resize=350%2C200 1x, https:\/\/i0.wp.com\/www.grieta.org.mx\/wp-content\/uploads\/2019\/09\/https-_www.animalpolitico.com_wp-content_uploads_2019_09_Protesta_Periodistas_Angel_Independencia-1-e1567545636807.jpg?resize=525%2C300 1.5x, https:\/\/i0.wp.com\/www.grieta.org.mx\/wp-content\/uploads\/2019\/09\/https-_www.animalpolitico.com_wp-content_uploads_2019_09_Protesta_Periodistas_Angel_Independencia-1-e1567545636807.jpg?resize=700%2C400 2x, https:\/\/i0.wp.com\/www.grieta.org.mx\/wp-content\/uploads\/2019\/09\/https-_www.animalpolitico.com_wp-content_uploads_2019_09_Protesta_Periodistas_Angel_Independencia-1-e1567545636807.jpg?resize=1050%2C600 3x, https:\/\/i0.wp.com\/www.grieta.org.mx\/wp-content\/uploads\/2019\/09\/https-_www.animalpolitico.com_wp-content_uploads_2019_09_Protesta_Periodistas_Angel_Independencia-1-e1567545636807.jpg?resize=1400%2C800 4x"},"classes":[]},{"id":61346,"url":"http:\/\/www.grieta.org.mx\/index.php\/2021\/08\/24\/un-periodista-es-agredido-cada-12-horas-en-mexico-en-2021-articulo-19\/","url_meta":{"origin":6311,"position":3},"title":"Un periodista es agredido cada 12 horas en M\u00e9xico en 2021: Art\u00edculo 19","author":"grieta","date":"24 agosto, 2021","format":false,"excerpt":"Redacci\u00f3n La-Lista EFE.- En el primer semestre de 2021 se registraron 362 agresiones contra la prensa en M\u00e9xico, \u201clo que equivale a un periodista agredido cada 12 horas\u201c, resalt\u00f3 revel\u00f3 un informe presentado este martes por la organizaci\u00f3n Art\u00edculo 19. El informe detalla que los estados con m\u00e1s agresiones hacia\u2026","rel":"","context":"En &quot;CINTILLO&quot;","block_context":{"text":"CINTILLO","link":"http:\/\/www.grieta.org.mx\/index.php\/category\/cintillo\/"},"img":{"alt_text":"","src":"https:\/\/i0.wp.com\/www.grieta.org.mx\/wp-content\/uploads\/2021\/08\/periodistas-sonora-asesinados-e1630262812343.jpeg?resize=350%2C200","width":350,"height":200,"srcset":"https:\/\/i0.wp.com\/www.grieta.org.mx\/wp-content\/uploads\/2021\/08\/periodistas-sonora-asesinados-e1630262812343.jpeg?resize=350%2C200 1x, https:\/\/i0.wp.com\/www.grieta.org.mx\/wp-content\/uploads\/2021\/08\/periodistas-sonora-asesinados-e1630262812343.jpeg?resize=525%2C300 1.5x, https:\/\/i0.wp.com\/www.grieta.org.mx\/wp-content\/uploads\/2021\/08\/periodistas-sonora-asesinados-e1630262812343.jpeg?resize=700%2C400 2x"},"classes":[]},{"id":40627,"url":"http:\/\/www.grieta.org.mx\/index.php\/2019\/10\/25\/quintana-roo-uno-de-los-estados-mas-violentos-para-ejercer-el-periodismo-en-mexico-advierte-article-19\/","url_meta":{"origin":6311,"position":4},"title":"Quintana Roo, uno de los Estados m\u00e1s violentos para ejercer el periodismo en M\u00e9xico, advierte Article 19","author":"grieta","date":"25 octubre, 2019","format":false,"excerpt":"Redacci\u00f3n \/ Article 19.- Hoy en d\u00eda, Quintana Roo es uno de los estados m\u00e1s violentos para ejercer el periodismo en M\u00e9xico. Las agresiones han ido en aumento sin que las autoridades afronten el problema. Tan s\u00f3lo durante el primer semestre de 2019 se han registrado 26 agresiones, el mismo\u2026","rel":"","context":"En &quot;CINTILLO&quot;","block_context":{"text":"CINTILLO","link":"http:\/\/www.grieta.org.mx\/index.php\/category\/cintillo\/"},"img":{"alt_text":"","src":"https:\/\/i0.wp.com\/www.grieta.org.mx\/wp-content\/uploads\/2019\/10\/kdkdkd5566-wqlptm761j.jpg?resize=350%2C200","width":350,"height":200,"srcset":"https:\/\/i0.wp.com\/www.grieta.org.mx\/wp-content\/uploads\/2019\/10\/kdkdkd5566-wqlptm761j.jpg?resize=350%2C200 1x, https:\/\/i0.wp.com\/www.grieta.org.mx\/wp-content\/uploads\/2019\/10\/kdkdkd5566-wqlptm761j.jpg?resize=525%2C300 1.5x, https:\/\/i0.wp.com\/www.grieta.org.mx\/wp-content\/uploads\/2019\/10\/kdkdkd5566-wqlptm761j.jpg?resize=700%2C400 2x"},"classes":[]},{"id":4243,"url":"http:\/\/www.grieta.org.mx\/index.php\/2016\/03\/20\/incremento-de-violencia-contra-la-prensa-en-2015-art-19\/","url_meta":{"origin":6311,"position":5},"title":"Incremento de violencia contra la prensa en 2015: Art. 19","author":"grieta","date":"20 marzo, 2016","format":false,"excerpt":"Somos el medio Funcionarios p\u00fablicos son los principales agresores Eduardo Blas Covarrubias CDMX, 20 marzo 2016.- Medios, Impunidad, Estado, Democracia y Opacidad (M.I.E.D.O.) son las palabras que describen el contexto actual de la seguridad para ejercer el periodismo en M\u00e9xico. El pasado 17 de marzo, la organizaci\u00f3n defensora de la\u2026","rel":"","context":"En &quot;CINTILLO&quot;","block_context":{"text":"CINTILLO","link":"http:\/\/www.grieta.org.mx\/index.php\/category\/cintillo\/"},"img":{"alt_text":"","src":"https:\/\/i0.wp.com\/www.grieta.org.mx\/wp-content\/uploads\/2018\/03\/14524434_1106112876131411_958039263622046936_o.jpg?resize=350%2C200","width":350,"height":200,"srcset":"https:\/\/i0.wp.com\/www.grieta.org.mx\/wp-content\/uploads\/2018\/03\/14524434_1106112876131411_958039263622046936_o.jpg?resize=350%2C200 1x, https:\/\/i0.wp.com\/www.grieta.org.mx\/wp-content\/uploads\/2018\/03\/14524434_1106112876131411_958039263622046936_o.jpg?resize=525%2C300 1.5x, https:\/\/i0.wp.com\/www.grieta.org.mx\/wp-content\/uploads\/2018\/03\/14524434_1106112876131411_958039263622046936_o.jpg?resize=700%2C400 2x"},"classes":[]}],"_links":{"self":[{"href":"http:\/\/www.grieta.org.mx\/index.php\/wp-json\/wp\/v2\/posts\/6311","targetHints":{"allow":["GET"]}}],"collection":[{"href":"http:\/\/www.grieta.org.mx\/index.php\/wp-json\/wp\/v2\/posts"}],"about":[{"href":"http:\/\/www.grieta.org.mx\/index.php\/wp-json\/wp\/v2\/types\/post"}],"author":[{"embeddable":true,"href":"http:\/\/www.grieta.org.mx\/index.php\/wp-json\/wp\/v2\/users\/2"}],"replies":[{"embeddable":true,"href":"http:\/\/www.grieta.org.mx\/index.php\/wp-json\/wp\/v2\/comments?post=6311"}],"version-history":[{"count":1,"href":"http:\/\/www.grieta.org.mx\/index.php\/wp-json\/wp\/v2\/posts\/6311\/revisions"}],"predecessor-version":[{"id":11112,"href":"http:\/\/www.grieta.org.mx\/index.php\/wp-json\/wp\/v2\/posts\/6311\/revisions\/11112"}],"wp:featuredmedia":[{"embeddable":true,"href":"http:\/\/www.grieta.org.mx\/index.php\/wp-json\/wp\/v2\/media\/21928"}],"wp:attachment":[{"href":"http:\/\/www.grieta.org.mx\/index.php\/wp-json\/wp\/v2\/media?parent=6311"}],"wp:term":[{"taxonomy":"category","embeddable":true,"href":"http:\/\/www.grieta.org.mx\/index.php\/wp-json\/wp\/v2\/categories?post=6311"},{"taxonomy":"post_tag","embeddable":true,"href":"http:\/\/www.grieta.org.mx\/index.php\/wp-json\/wp\/v2\/tags?post=6311"}],"curies":[{"name":"wp","href":"https:\/\/api.w.org\/{rel}","templated":true}]}}