{"id":63058,"date":"2021-05-21T16:59:13","date_gmt":"2021-05-21T21:59:13","guid":{"rendered":"https:\/\/www.grieta.org.mx\/?p=63058"},"modified":"2022-01-12T17:04:23","modified_gmt":"2022-01-12T23:04:23","slug":"acribillan-a-lider-de-extrabajadores-que-mantienen-un-pleito-laboral-con-oceanografia-campeche","status":"publish","type":"post","link":"http:\/\/www.grieta.org.mx\/index.php\/2021\/05\/21\/acribillan-a-lider-de-extrabajadores-que-mantienen-un-pleito-laboral-con-oceanografia-campeche\/","title":{"rendered":"Acribillan a l\u00edder de extrabajadores que mantienen un pleito laboral con Oceanograf\u00eda (Campeche)"},"content":{"rendered":"<p>Rosa Santana \/ Proceso<\/p>\n<p>CD. DEL CARMEN, Cam. (apro).- Homero Ter\u00e1n Vanoye, uno de los l\u00edderes de extrabajadores de Oceanograf\u00eda (OSA), que desde hace m\u00e1s de siete a\u00f1os libran un juicio laboral contra la naviera y su propietario Amado Y\u00e1\u00f1ez Osuna, fue acribillado en la colonia Bur\u00f3cratas de esta ciudad.   <\/p>\n<p>El crimen ocurri\u00f3 aproximadamente a las 22:00 horas del 19 de mayo en la calle 50-B entre 35-A y 33, de la colonia Bur\u00f3cratas, por donde la v\u00edctima caminaba. Recibi\u00f3 siete impactos de bala y m\u00e1s tarde se revel\u00f3 su identidad.<\/p>\n<p>El occiso fue gerente de Operaciones de Oceanograf\u00eda y en 2012 fue despedido, junto con otros compa\u00f1eros.<\/p>\n<p>Apenas el pasado 20 de abril la v\u00edctima hab\u00eda encabezado una manifestaci\u00f3n frente a las oficinas de la Aduana ante la intenci\u00f3n de esa dependencia de cobrar el impuesto de baja definitiva por la embarcaci\u00f3n Caballo Azteca. Los extrabajadores pretend\u00edan tomar posesi\u00f3n la nave para venderla y as\u00ed poder cobrar su indemnizaci\u00f3n. <\/p>\n<p>Tambi\u00e9n lider\u00f3 manifestaciones ante la Junta Especial n\u00famero uno de la Local de Conciliaci\u00f3n y Arbitraje por su parcialidad en favor de OSA, que obstaculiz\u00f3 la ejecuci\u00f3n del laudo a favor de los extrabajadores que implicaba la venta de ese barco, que hace a\u00f1os est\u00e1 varado en Seybaplaya y desvalijado como chatarra. <\/p>\n<p>El 26 de noviembre de 2016, Homero Ter\u00e1n Garc\u00eda, hijo de Ter\u00e1n Vanoye recibi\u00f3 una golpiza que lo dej\u00f3 en coma hasta que falleci\u00f3 meses despu\u00e9s.  <\/p>\n<p><a href=\"https:\/\/www.proceso.com.mx\/nacional\/2021\/5\/21\/acribillan-lider-de-extrabajadores-que-mantienen-un-pleito-laboral-con-oceanografia-264357.html\" rel=\"noopener\" target=\"_blank\">https:\/\/www.proceso.com.mx\/nacional\/2021\/5\/21\/acribillan-lider-de-extrabajadores-que-mantienen-un-pleito-laboral-con-oceanografia-264357.html<\/a><\/p>\n","protected":false},"excerpt":{"rendered":"<p>Rosa Santana \/ Proceso CD. DEL CARMEN, Cam. (apro).- Homero Ter\u00e1n Vanoye, uno de los l\u00edderes de extrabajadores de Oceanograf\u00eda (OSA), que desde hace m\u00e1s de siete a\u00f1os libran un &hellip; <a href=\"http:\/\/www.grieta.org.mx\/index.php\/2021\/05\/21\/acribillan-a-lider-de-extrabajadores-que-mantienen-un-pleito-laboral-con-oceanografia-campeche\/\" class=\"more-link\">Leer m\u00e1s<\/a><\/p>\n","protected":false},"author":2,"featured_media":21928,"comment_status":"closed","ping_status":"closed","sticky":false,"template":"","format":"standard","meta":{"ngg_post_thumbnail":0,"_jetpack_newsletter_access":"","_jetpack_dont_email_post_to_subs":false,"_jetpack_newsletter_tier_id":0,"_jetpack_memberships_contains_paywalled_content":false,"_jetpack_memberships_contains_paid_content":false,"footnotes":""},"categories":[11,80,1040,2,1312],"tags":[2140,2102],"class_list":["post-63058","post","type-post","status-publish","format-standard","has-post-thumbnail","hentry","category-campeche","category-cintillo","category-conflictos-laborales-en-campeche","category-noticias-nacionales","category-oceanografia","tag-asesinato-de-activistas","tag-conflicto-laboral","entry"],"jetpack_featured_media_url":"http:\/\/www.grieta.org.mx\/wp-content\/uploads\/2018\/03\/14524434_1106112876131411_958039263622046936_o.jpg","jetpack_sharing_enabled":true,"jetpack_shortlink":"https:\/\/wp.me\/p7ZJR4-gp4","jetpack_likes_enabled":false,"jetpack-related-posts":[{"id":23155,"url":"http:\/\/www.grieta.org.mx\/index.php\/2018\/05\/15\/protestan-extrabajadores-en-contra-de-yanez-osuna-campeche\/","url_meta":{"origin":63058,"position":0},"title":"Protestan extrabajadores en contra de Y\u00e1\u00f1ez Osuna (Campeche)","author":"grieta","date":"15 mayo, 2018","format":false,"excerpt":"Alrededor de 50 extrabajadores de Oceanograf\u00eda se manifestaron con mantas en plena calle 24 de la colonia Centro, para protestar en contra del empresario Amado Y\u00e1\u00f1ez Osuna, quien les niega el pago de sus liquidaciones y de Julio C\u00e9sar \u00c1valos, representante del Sindicato Secci\u00f3n 15 Pit\u00e1goras, quien pretende afiliarlos como\u2026","rel":"","context":"En &quot;Campeche&quot;","block_context":{"text":"Campeche","link":"http:\/\/www.grieta.org.mx\/index.php\/category\/noticias-nacionales\/campeche\/"},"img":{"alt_text":"","src":"https:\/\/i0.wp.com\/www.grieta.org.mx\/wp-content\/uploads\/2018\/05\/Oceanografiamayo18.png?resize=350%2C200","width":350,"height":200,"srcset":"https:\/\/i0.wp.com\/www.grieta.org.mx\/wp-content\/uploads\/2018\/05\/Oceanografiamayo18.png?resize=350%2C200 1x, https:\/\/i0.wp.com\/www.grieta.org.mx\/wp-content\/uploads\/2018\/05\/Oceanografiamayo18.png?resize=525%2C300 1.5x"},"classes":[]},{"id":25572,"url":"http:\/\/www.grieta.org.mx\/index.php\/2018\/08\/06\/extrabajadores-de-oceanografia-denuncian-ante-la-oit-a-pena-naviera-y-sindicatos-charros\/","url_meta":{"origin":63058,"position":1},"title":"Extrabajadores de Oceanograf\u00eda denuncian ante la OIT a Pe\u00f1a, naviera y sindicatos \u201ccharros\u201d","author":"grieta","date":"6 agosto, 2018","format":false,"excerpt":"Rosa Santana\/Proceso CIUDAD DEL CARMEN, Cam. (apro).- Extrabajadores de Oceanograf\u00eda, despedidos arbitrariamente en 2014, denunciaron ante la Organizaci\u00f3n Internacional del Trabajo (OIT) a la naviera, a los sindicatos \u201ccharros\u201d y al gobierno mexicano por violaciones a sus derechos laborales. La denuncia es por la violaci\u00f3n al Convenio Internacional sobre la\u2026","rel":"","context":"En &quot;Campeche&quot;","block_context":{"text":"Campeche","link":"http:\/\/www.grieta.org.mx\/index.php\/category\/noticias-nacionales\/campeche\/"},"img":{"alt_text":"","src":"https:\/\/i0.wp.com\/www.grieta.org.mx\/wp-content\/uploads\/2018\/08\/e1d9403e6fed1db51f-150821_oceonagrafia_yc4-f.jpg?resize=350%2C200","width":350,"height":200,"srcset":"https:\/\/i0.wp.com\/www.grieta.org.mx\/wp-content\/uploads\/2018\/08\/e1d9403e6fed1db51f-150821_oceonagrafia_yc4-f.jpg?resize=350%2C200 1x, https:\/\/i0.wp.com\/www.grieta.org.mx\/wp-content\/uploads\/2018\/08\/e1d9403e6fed1db51f-150821_oceonagrafia_yc4-f.jpg?resize=525%2C300 1.5x, https:\/\/i0.wp.com\/www.grieta.org.mx\/wp-content\/uploads\/2018\/08\/e1d9403e6fed1db51f-150821_oceonagrafia_yc4-f.jpg?resize=700%2C400 2x, https:\/\/i0.wp.com\/www.grieta.org.mx\/wp-content\/uploads\/2018\/08\/e1d9403e6fed1db51f-150821_oceonagrafia_yc4-f.jpg?resize=1050%2C600 3x"},"classes":[]},{"id":2909,"url":"http:\/\/www.grieta.org.mx\/index.php\/2016\/08\/16\/trabajadores-de-la-empresa-oceanografia-exigen-su-liquidacion-en-yucatan\/","url_meta":{"origin":63058,"position":2},"title":"Trabajadores de la empresa \u201cOceanograf\u00eda\u201d exigen su liquidaci\u00f3n.","author":"grieta","date":"16 agosto, 2016","format":false,"excerpt":"16\/08\/16. Exobreros de naviera exigen cese de P\u00e9rez (Campeche)Tribuna 11\/08\/16. Afectados 4,500; no los liquid\u00f3 Oceanograf\u00eda (Campeche)Tribuna 25\/09\/15. Campeche: exigen trabajadores de Oceanograf\u00eda pago quincenal.La Jornada 18\/05\/15. Ex empleados de Oceanograf\u00eda exigen el pago de sus salarios en Yucat\u00e1n.El diario de Yucat\u00e1n 29\/01\/15. 32 detenidos en desalojo de ex empleados\u2026","rel":"","context":"En &quot;Campeche&quot;","block_context":{"text":"Campeche","link":"http:\/\/www.grieta.org.mx\/index.php\/category\/noticias-nacionales\/campeche\/"},"img":{"alt_text":"","src":"https:\/\/i0.wp.com\/www.grieta.org.mx\/wp-content\/uploads\/2018\/03\/14524434_1106112876131411_958039263622046936_o.jpg?resize=350%2C200","width":350,"height":200,"srcset":"https:\/\/i0.wp.com\/www.grieta.org.mx\/wp-content\/uploads\/2018\/03\/14524434_1106112876131411_958039263622046936_o.jpg?resize=350%2C200 1x, https:\/\/i0.wp.com\/www.grieta.org.mx\/wp-content\/uploads\/2018\/03\/14524434_1106112876131411_958039263622046936_o.jpg?resize=525%2C300 1.5x, https:\/\/i0.wp.com\/www.grieta.org.mx\/wp-content\/uploads\/2018\/03\/14524434_1106112876131411_958039263622046936_o.jpg?resize=700%2C400 2x"},"classes":[]},{"id":28575,"url":"http:\/\/www.grieta.org.mx\/index.php\/2019\/01\/04\/siguen-los-acosos-y-despidos-laborales-en-oceanografia-campeche\/","url_meta":{"origin":63058,"position":3},"title":"Siguen los acosos y despidos laborales en Oceanograf\u00eda (Campeche)","author":"grieta","date":"4 enero, 2019","format":false,"excerpt":"Redacci\u00f3n\/Campeche Hoy CD DEL CARMEN. Contin\u00faan las denuncias en contra de la empresa petrolera Oceanograf\u00eda por abusos laborales, ahora 21 trabajadores activos fueron dados de baja como derechohabientes del Instituto Mexicano del Seguro Social (IMSS) sin previo aviso y a\u00fan les debe ocho meses de salario, pero Jorge Betancourt M\u00e9ndez\u2026","rel":"","context":"En &quot;Campeche&quot;","block_context":{"text":"Campeche","link":"http:\/\/www.grieta.org.mx\/index.php\/category\/noticias-nacionales\/campeche\/"},"img":{"alt_text":"","src":"https:\/\/i0.wp.com\/www.grieta.org.mx\/wp-content\/uploads\/2019\/01\/FOTO-1-6-640x427.jpg?resize=350%2C200","width":350,"height":200,"srcset":"https:\/\/i0.wp.com\/www.grieta.org.mx\/wp-content\/uploads\/2019\/01\/FOTO-1-6-640x427.jpg?resize=350%2C200 1x, https:\/\/i0.wp.com\/www.grieta.org.mx\/wp-content\/uploads\/2019\/01\/FOTO-1-6-640x427.jpg?resize=525%2C300 1.5x"},"classes":[]},{"id":2919,"url":"http:\/\/www.grieta.org.mx\/index.php\/2015\/05\/18\/ex-empleados-de-oceanografia-exigen-el-pago-de-sus-salarios-en-yucatan\/","url_meta":{"origin":63058,"position":4},"title":"Ex empleados de Oceanograf\u00eda exigen el pago de sus salarios en Yucat\u00e1n","author":"grieta","date":"18 mayo, 2015","format":false,"excerpt":"De nueva cuenta ex obreros de la empresa Oceanograf\u00eda realizaron un plant\u00f3n frente a las oficinas de la empresa para exigir el pago de sus salarios y su liquidaci\u00f3n. Los ex empleados aseguran que el Servicio de Administraci\u00f3n y Enajenaci\u00f3n de Bienes (SAE) no est\u00e1 realizando los dep\u00f3sitos correspondientes alegando\u2026","rel":"","context":"En &quot;Campeche&quot;","block_context":{"text":"Campeche","link":"http:\/\/www.grieta.org.mx\/index.php\/category\/noticias-nacionales\/campeche\/"},"img":{"alt_text":"","src":"https:\/\/i0.wp.com\/www.grieta.org.mx\/wp-content\/uploads\/2018\/03\/14524434_1106112876131411_958039263622046936_o.jpg?resize=350%2C200","width":350,"height":200,"srcset":"https:\/\/i0.wp.com\/www.grieta.org.mx\/wp-content\/uploads\/2018\/03\/14524434_1106112876131411_958039263622046936_o.jpg?resize=350%2C200 1x, https:\/\/i0.wp.com\/www.grieta.org.mx\/wp-content\/uploads\/2018\/03\/14524434_1106112876131411_958039263622046936_o.jpg?resize=525%2C300 1.5x, https:\/\/i0.wp.com\/www.grieta.org.mx\/wp-content\/uploads\/2018\/03\/14524434_1106112876131411_958039263622046936_o.jpg?resize=700%2C400 2x"},"classes":[]},{"id":2930,"url":"http:\/\/www.grieta.org.mx\/index.php\/2014\/03\/26\/fraude-en-oceanografia-salpica-a-yucatan\/","url_meta":{"origin":63058,"position":5},"title":"Fraude en Oceanograf\u00eda \u2018salpica\u2019 a Yucat\u00e1n","author":"grieta","date":"26 marzo, 2014","format":false,"excerpt":"M\u00c9RIDA, Yuc.- Tras dos meses de que se diera a conocer que la Secretar\u00eda de la Funci\u00f3n P\u00fablica (SFP) realizaba una investigaci\u00f3n contra la empresa naviera y de construcci\u00f3n mar\u00edtima Oceanograf\u00eda SA de CV por diversas irregularidades encontradas en Petr\u00f3leos Mexicanos (Pemex), ahora salen nuevas anomal\u00edas. Las investigaciones han arrojado\u2026","rel":"","context":"En &quot;campeche&quot;","block_context":{"text":"campeche","link":"http:\/\/www.grieta.org.mx\/index.php\/category\/campeche\/"},"img":{"alt_text":"","src":"https:\/\/i0.wp.com\/www.grieta.org.mx\/wp-content\/uploads\/2018\/03\/14524434_1106112876131411_958039263622046936_o.jpg?resize=350%2C200","width":350,"height":200,"srcset":"https:\/\/i0.wp.com\/www.grieta.org.mx\/wp-content\/uploads\/2018\/03\/14524434_1106112876131411_958039263622046936_o.jpg?resize=350%2C200 1x, https:\/\/i0.wp.com\/www.grieta.org.mx\/wp-content\/uploads\/2018\/03\/14524434_1106112876131411_958039263622046936_o.jpg?resize=525%2C300 1.5x, https:\/\/i0.wp.com\/www.grieta.org.mx\/wp-content\/uploads\/2018\/03\/14524434_1106112876131411_958039263622046936_o.jpg?resize=700%2C400 2x"},"classes":[]}],"_links":{"self":[{"href":"http:\/\/www.grieta.org.mx\/index.php\/wp-json\/wp\/v2\/posts\/63058","targetHints":{"allow":["GET"]}}],"collection":[{"href":"http:\/\/www.grieta.org.mx\/index.php\/wp-json\/wp\/v2\/posts"}],"about":[{"href":"http:\/\/www.grieta.org.mx\/index.php\/wp-json\/wp\/v2\/types\/post"}],"author":[{"embeddable":true,"href":"http:\/\/www.grieta.org.mx\/index.php\/wp-json\/wp\/v2\/users\/2"}],"replies":[{"embeddable":true,"href":"http:\/\/www.grieta.org.mx\/index.php\/wp-json\/wp\/v2\/comments?post=63058"}],"version-history":[{"count":1,"href":"http:\/\/www.grieta.org.mx\/index.php\/wp-json\/wp\/v2\/posts\/63058\/revisions"}],"predecessor-version":[{"id":63059,"href":"http:\/\/www.grieta.org.mx\/index.php\/wp-json\/wp\/v2\/posts\/63058\/revisions\/63059"}],"wp:featuredmedia":[{"embeddable":true,"href":"http:\/\/www.grieta.org.mx\/index.php\/wp-json\/wp\/v2\/media\/21928"}],"wp:attachment":[{"href":"http:\/\/www.grieta.org.mx\/index.php\/wp-json\/wp\/v2\/media?parent=63058"}],"wp:term":[{"taxonomy":"category","embeddable":true,"href":"http:\/\/www.grieta.org.mx\/index.php\/wp-json\/wp\/v2\/categories?post=63058"},{"taxonomy":"post_tag","embeddable":true,"href":"http:\/\/www.grieta.org.mx\/index.php\/wp-json\/wp\/v2\/tags?post=63058"}],"curies":[{"name":"wp","href":"https:\/\/api.w.org\/{rel}","templated":true}]}}