{"id":63022,"date":"2022-01-08T20:56:47","date_gmt":"2022-01-09T02:56:47","guid":{"rendered":"https:\/\/www.grieta.org.mx\/?p=63022"},"modified":"2022-01-09T21:03:13","modified_gmt":"2022-01-10T03:03:13","slug":"en-2020-676-mujeres-murieron-de-forma-violenta-en-colima-reconoce-el-gobierno-colima","status":"publish","type":"post","link":"http:\/\/www.grieta.org.mx\/index.php\/2022\/01\/08\/en-2020-676-mujeres-murieron-de-forma-violenta-en-colima-reconoce-el-gobierno-colima\/","title":{"rendered":"En 2020, 676 mujeres murieron de forma violenta en Colima, reconoce el gobierno (Colima)"},"content":{"rendered":"<p>Imagen: Diario Avanzada<\/p>\n<p>Heidi de Le\u00f3n Guti\u00e9rrez \/ Diario Avanzada<\/p>\n<p>Colima, M\u00e9xico, Avanzada (07\/01\/2022).- En el Plan Estatal de Desarrollo, el Gobierno de Colima recoci\u00f3 que en 2020 un total de 676 mujeres murieron de forma violenta, una cifra exponencialmente superior a la que reconoci\u00f3 la administraci\u00f3n de Ignacio Peralta S\u00e1nchez.<\/p>\n<p>En el PED, el gobierno de Indira Vizca\u00edno Silva expuso que los hombres son el sector de v\u00edctimas de delitos como secuestro, lesiones con armas de fuego y homicidio; mientras que las mujeres son v\u00edctimas de cr\u00edmenes que repercuten en su convivencia social y su desarrollo personal, al sufrir feminicidio, extorsi\u00f3n y corrupci\u00f3n de menores.<\/p>\n<p>En el PED, que fue publicado en el Peri\u00f3dico Oficial el estado de Colima el pasado 25 de diciembre,\u00a0en el\u00a0 diagn\u00f3stico sobre seguridad, el Gobierno\u00a0se\u00f1al\u00f3 que 676 mujeres murieron de forma violenta, en actos de homicidio, lesiones y feminicidio, con una tasa de 3.97 presuntos feminicidios por cada 100 mil mujeres de 12 a\u00f1os y m\u00e1s, ocupando los primeros lugares a nivel nacional.<\/p>\n<p>La cifra contrasta con los datos anteriores, pues en el Secretariado Ejecutivo del Sistema Nacional de Seguridad P\u00fablica, Colima cerr\u00f3 \u00fanicamente con 12 feminicidios, mientras que las organizaciones civiles documentaron un total de 70 asesinatos de acuerdo a los reportes de prensa.<\/p>\n<p>El Plan Estatal de Desarrollo (PED) es el documento rector de la pol\u00edtica p\u00fablica del gobierno del Estado para los pr\u00f3ximos seis a\u00f1os, y en \u00e9l, se presenta un diagn\u00f3stico sobre la situaci\u00f3n en la que se encuentra Colima y la forma en la que se trabajar\u00e1 para revertir el hecho.<\/p>\n<p>El Plan Estatal fue publicado el pasado 25 de diciembre.<\/p>\n<p>En la misma p\u00e1gina 94 del Plan se menciona que en el 2020 la violencia a las familias increment\u00f3 34% con respecto al a\u00f1o anterior; y si bien los robos disminuyeron en un 10%, las extorsiones incrementaron en un 32%. \u201cA\u00fan m\u00e1s, existen casos preocupantes, como el hecho de que a partir de 2017 la violencia familiar y las lesiones registraron un incremento de m\u00e1s de un mil por ciento\u201d.<\/p>\n<p><a href=\"https:\/\/www.diarioavanzada.com.mx\/?p=29132\">https:\/\/www.diarioavanzada.com.mx\/?p=29132<\/a><\/p>\n","protected":false},"excerpt":{"rendered":"<p>Imagen: Diario Avanzada Heidi de Le\u00f3n Guti\u00e9rrez \/ Diario Avanzada Colima, M\u00e9xico, Avanzada (07\/01\/2022).- En el Plan Estatal de Desarrollo, el Gobierno de Colima recoci\u00f3 que en 2020 un total &hellip; <a href=\"http:\/\/www.grieta.org.mx\/index.php\/2022\/01\/08\/en-2020-676-mujeres-murieron-de-forma-violenta-en-colima-reconoce-el-gobierno-colima\/\" class=\"more-link\">Leer m\u00e1s<\/a><\/p>\n","protected":false},"author":2,"featured_media":63023,"comment_status":"closed","ping_status":"closed","sticky":false,"template":"","format":"standard","meta":{"ngg_post_thumbnail":0,"_jetpack_newsletter_access":"","_jetpack_dont_email_post_to_subs":false,"_jetpack_newsletter_tier_id":0,"_jetpack_memberships_contains_paywalled_content":false,"_jetpack_memberships_contains_paid_content":false,"footnotes":""},"categories":[80,13,84,1016,2,83],"tags":[2959,2999,81,1630,94],"class_list":["post-63022","post","type-post","status-publish","format-standard","has-post-thumbnail","hentry","category-cintillo","category-colima","category-feminicidios","category-feminicidios-en-colima","category-noticias-nacionales","category-temas-nacionales","tag-estadisticas-de-feminicidio","tag-feminicidio-violencia-contra-las-mujeres","tag-feminicidios","tag-violencia-contra-las-mujeres","tag-violencia-contra-mujeres","entry"],"jetpack_featured_media_url":"http:\/\/www.grieta.org.mx\/wp-content\/uploads\/2022\/01\/image-92.png","jetpack_sharing_enabled":true,"jetpack_shortlink":"https:\/\/wp.me\/p7ZJR4-gou","jetpack_likes_enabled":false,"jetpack-related-posts":[{"id":62566,"url":"http:\/\/www.grieta.org.mx\/index.php\/2021\/10\/23\/colima-es-el-segundo-estado-mas-letal-para-las-mujeres\/","url_meta":{"origin":63022,"position":0},"title":"Colima es el segundo estado m\u00e1s letal para las mujeres","author":"grieta","date":"23 octubre, 2021","format":false,"excerpt":"Imagen: Diario Avanzada Heidi de Le\u00f3n Guti\u00e9rrez \/ Diario Avanzada Colima, M\u00e9xico, Avanzada (23\/10\/2021).- La violencia contra las mujeres se ha convertido en un tema espinoso para el gobierno de Colima. Los datos muestran que el gobernador Ignacio Peralta S\u00e1nchez conden\u00f3 este tipo de hechos s\u00f3lo de palabras, pero nunca\u2026","rel":"","context":"En &quot;CINTILLO&quot;","block_context":{"text":"CINTILLO","link":"http:\/\/www.grieta.org.mx\/index.php\/category\/cintillo\/"},"img":{"alt_text":"","src":"https:\/\/i0.wp.com\/www.grieta.org.mx\/wp-content\/uploads\/2021\/11\/Arma.jpg?resize=350%2C200","width":350,"height":200},"classes":[]},{"id":66216,"url":"http:\/\/www.grieta.org.mx\/index.php\/2023\/02\/01\/incrementaron-350-los-feminicidios-en-el-primer-ano-de-vizcaino-colima\/","url_meta":{"origin":63022,"position":1},"title":"Incrementaron 350 % los feminicidios en el primer a\u00f1o de Vizca\u00edno (Colima)","author":"grieta","date":"1 febrero, 2023","format":false,"excerpt":"Imagen: Diario Avanzada Heidi de Le\u00f3n Guti\u00e9rrez \/ Diario Avanzada Colima, M\u00e9xico, Avanzada (01\/02\/2023).- El primer a\u00f1o de gobierno de la mandataria estatal, Indira Vizca\u00edno Silva cerr\u00f3 con 350 por ciento m\u00e1s de v\u00edctimas de feminicidio y homicidio doloso de mujeres en comparaci\u00f3n con 2021. Los porcentajes anteriores muestran que\u2026","rel":"","context":"En &quot;CINTILLO&quot;","block_context":{"text":"CINTILLO","link":"http:\/\/www.grieta.org.mx\/index.php\/category\/cintillo\/"},"img":{"alt_text":"","src":"https:\/\/i0.wp.com\/www.grieta.org.mx\/wp-content\/uploads\/2023\/02\/Indira-Feminista.jpeg?resize=350%2C200","width":350,"height":200,"srcset":"https:\/\/i0.wp.com\/www.grieta.org.mx\/wp-content\/uploads\/2023\/02\/Indira-Feminista.jpeg?resize=350%2C200 1x, https:\/\/i0.wp.com\/www.grieta.org.mx\/wp-content\/uploads\/2023\/02\/Indira-Feminista.jpeg?resize=525%2C300 1.5x"},"classes":[]},{"id":65307,"url":"http:\/\/www.grieta.org.mx\/index.php\/2022\/09\/21\/gobierno-de-colima-no-actua-ante-la-violencia-hacia-las-mujeres-casi-ochenta-muertes-en-este-ano-ninguno-catalogado-como-feminicidio\/","url_meta":{"origin":63022,"position":2},"title":"Gobierno de Colima no act\u00faa ante la violencia hacia las mujeres, casi ochenta muertes en este a\u00f1o, ninguno catalogado como feminicidio","author":"grieta","date":"21 septiembre, 2022","format":false,"excerpt":"Imagen: Diario Avanzada Colima, M\u00e9xico, Avanzada (20\/09\/2022).- Aunque el gobierno de la morenista Indira Vizca\u00edno Silva se ha autodenominado como feminista, en los hechos la mandataria no ha mostrado una real preocupaci\u00f3n por la violencia creciente que enfrentan las mujeres en Colima. Seg\u00fan las propias cifras oficiales, en lo que\u2026","rel":"","context":"En &quot;CINTILLO&quot;","block_context":{"text":"CINTILLO","link":"http:\/\/www.grieta.org.mx\/index.php\/category\/cintillo\/"},"img":{"alt_text":"","src":"https:\/\/i0.wp.com\/www.grieta.org.mx\/wp-content\/uploads\/2022\/09\/Vestido-Indira-1.jpg?resize=350%2C200","width":350,"height":200,"srcset":"https:\/\/i0.wp.com\/www.grieta.org.mx\/wp-content\/uploads\/2022\/09\/Vestido-Indira-1.jpg?resize=350%2C200 1x, https:\/\/i0.wp.com\/www.grieta.org.mx\/wp-content\/uploads\/2022\/09\/Vestido-Indira-1.jpg?resize=525%2C300 1.5x"},"classes":[]},{"id":70403,"url":"http:\/\/www.grieta.org.mx\/index.php\/2024\/10\/31\/el-2024-se-perfila-como-el-mas-violento-para-las-mujeres-en-la-historia-de-colima\/","url_meta":{"origin":63022,"position":3},"title":"El 2024 se perfila como el m\u00e1s violento para las mujeres en la historia de Colima","author":"grieta","date":"31 octubre, 2024","format":false,"excerpt":"Imagen: Diario Avanzada Heidi de Le\u00f3n Guti\u00e9rrez \/ Diario Avanzada Colima, M\u00e9xico, Avanzada (31\/10\/2024).- Colima enfrenta una crisis de violencia contra las mujeres, con 96 asesinatos registrados en los primeros nueve meses de 2024, seg\u00fan datos del Secretariado Ejecutivo del Sistema Nacional de Seguridad P\u00fablica (SESNSP). De continuar esta tendencia,\u2026","rel":"","context":"En &quot;CINTILLO&quot;","block_context":{"text":"CINTILLO","link":"http:\/\/www.grieta.org.mx\/index.php\/category\/cintillo\/"},"img":{"alt_text":"","src":"https:\/\/i0.wp.com\/www.grieta.org.mx\/wp-content\/uploads\/2024\/11\/5e02817a-3f45-4ddc-891b-c4c370edc579-1.jpg?resize=350%2C200","width":350,"height":200,"srcset":"https:\/\/i0.wp.com\/www.grieta.org.mx\/wp-content\/uploads\/2024\/11\/5e02817a-3f45-4ddc-891b-c4c370edc579-1.jpg?resize=350%2C200 1x, https:\/\/i0.wp.com\/www.grieta.org.mx\/wp-content\/uploads\/2024\/11\/5e02817a-3f45-4ddc-891b-c4c370edc579-1.jpg?resize=525%2C300 1.5x, https:\/\/i0.wp.com\/www.grieta.org.mx\/wp-content\/uploads\/2024\/11\/5e02817a-3f45-4ddc-891b-c4c370edc579-1.jpg?resize=700%2C400 2x, https:\/\/i0.wp.com\/www.grieta.org.mx\/wp-content\/uploads\/2024\/11\/5e02817a-3f45-4ddc-891b-c4c370edc579-1.jpg?resize=1050%2C600 3x, https:\/\/i0.wp.com\/www.grieta.org.mx\/wp-content\/uploads\/2024\/11\/5e02817a-3f45-4ddc-891b-c4c370edc579-1.jpg?resize=1400%2C800 4x"},"classes":[]},{"id":68540,"url":"http:\/\/www.grieta.org.mx\/index.php\/2024\/02\/22\/asesinan-a-235-mujeres-durante-el-gobierno-de-indira-colima\/","url_meta":{"origin":63022,"position":4},"title":"Asesinan a 235 mujeres durante el gobierno de Indira (Colima)","author":"grieta","date":"22 febrero, 2024","format":false,"excerpt":"Imagen: Diario Avanzada Heidi de Le\u00f3n Guti\u00e9rrez \/ Diario Avanzada Colima, M\u00e9xico, Avanzada (22\/02\/2024).- Desde el primero de enero de 2022 y hasta el 31 de diciembre de 2023, 235 mujeres fueron asesinadas en el estado de Colima, a pesar de que la actual gobernadora, Indira Vizca\u00edno Silva declar\u00f3 a\u2026","rel":"","context":"En &quot;CINTILLO&quot;","block_context":{"text":"CINTILLO","link":"http:\/\/www.grieta.org.mx\/index.php\/category\/cintillo\/"},"img":{"alt_text":"","src":"https:\/\/i0.wp.com\/www.grieta.org.mx\/wp-content\/uploads\/2024\/02\/Indira-Feminista-.jpg?resize=350%2C200","width":350,"height":200,"srcset":"https:\/\/i0.wp.com\/www.grieta.org.mx\/wp-content\/uploads\/2024\/02\/Indira-Feminista-.jpg?resize=350%2C200 1x, https:\/\/i0.wp.com\/www.grieta.org.mx\/wp-content\/uploads\/2024\/02\/Indira-Feminista-.jpg?resize=525%2C300 1.5x"},"classes":[]},{"id":67829,"url":"http:\/\/www.grieta.org.mx\/index.php\/2023\/09\/25\/colima-primero-en-homicidios-de-mujeres-y-violencia-familiar-segundo-en-feminicidios\/","url_meta":{"origin":63022,"position":5},"title":"Colima, primero en homicidios de mujeres y violencia familiar; segundo en feminicidios","author":"grieta","date":"25 septiembre, 2023","format":false,"excerpt":"Imagen: Tomada de la Red Heidi de Le\u00f3n Guti\u00e9rrez \/ Diario Avanzada Colima, M\u00e9xico, Avanzada (25\/09\/2023).- A pesar de haber sido declarado con Alerta de Violencia de G\u00e9nero desde 2017, el estado de Colima contin\u00faa padeciendo la ola de violencia familiar y de g\u00e9nero. Las cifras son alarmantes: seg\u00fan el\u2026","rel":"","context":"En &quot;CINTILLO&quot;","block_context":{"text":"CINTILLO","link":"http:\/\/www.grieta.org.mx\/index.php\/category\/cintillo\/"},"img":{"alt_text":"","src":"https:\/\/i0.wp.com\/www.grieta.org.mx\/wp-content\/uploads\/2023\/10\/Imagen-de-WhatsApp-2023-09-25-a-las-08.16.28-840x1024-1.webp?resize=350%2C200","width":350,"height":200,"srcset":"https:\/\/i0.wp.com\/www.grieta.org.mx\/wp-content\/uploads\/2023\/10\/Imagen-de-WhatsApp-2023-09-25-a-las-08.16.28-840x1024-1.webp?resize=350%2C200 1x, https:\/\/i0.wp.com\/www.grieta.org.mx\/wp-content\/uploads\/2023\/10\/Imagen-de-WhatsApp-2023-09-25-a-las-08.16.28-840x1024-1.webp?resize=525%2C300 1.5x, https:\/\/i0.wp.com\/www.grieta.org.mx\/wp-content\/uploads\/2023\/10\/Imagen-de-WhatsApp-2023-09-25-a-las-08.16.28-840x1024-1.webp?resize=700%2C400 2x"},"classes":[]}],"_links":{"self":[{"href":"http:\/\/www.grieta.org.mx\/index.php\/wp-json\/wp\/v2\/posts\/63022","targetHints":{"allow":["GET"]}}],"collection":[{"href":"http:\/\/www.grieta.org.mx\/index.php\/wp-json\/wp\/v2\/posts"}],"about":[{"href":"http:\/\/www.grieta.org.mx\/index.php\/wp-json\/wp\/v2\/types\/post"}],"author":[{"embeddable":true,"href":"http:\/\/www.grieta.org.mx\/index.php\/wp-json\/wp\/v2\/users\/2"}],"replies":[{"embeddable":true,"href":"http:\/\/www.grieta.org.mx\/index.php\/wp-json\/wp\/v2\/comments?post=63022"}],"version-history":[{"count":1,"href":"http:\/\/www.grieta.org.mx\/index.php\/wp-json\/wp\/v2\/posts\/63022\/revisions"}],"predecessor-version":[{"id":63024,"href":"http:\/\/www.grieta.org.mx\/index.php\/wp-json\/wp\/v2\/posts\/63022\/revisions\/63024"}],"wp:featuredmedia":[{"embeddable":true,"href":"http:\/\/www.grieta.org.mx\/index.php\/wp-json\/wp\/v2\/media\/63023"}],"wp:attachment":[{"href":"http:\/\/www.grieta.org.mx\/index.php\/wp-json\/wp\/v2\/media?parent=63022"}],"wp:term":[{"taxonomy":"category","embeddable":true,"href":"http:\/\/www.grieta.org.mx\/index.php\/wp-json\/wp\/v2\/categories?post=63022"},{"taxonomy":"post_tag","embeddable":true,"href":"http:\/\/www.grieta.org.mx\/index.php\/wp-json\/wp\/v2\/tags?post=63022"}],"curies":[{"name":"wp","href":"https:\/\/api.w.org\/{rel}","templated":true}]}}