{"id":62811,"date":"2021-12-07T18:10:07","date_gmt":"2021-12-08T00:10:07","guid":{"rendered":"https:\/\/www.grieta.org.mx\/?p=62811"},"modified":"2021-12-09T18:55:40","modified_gmt":"2021-12-10T00:55:40","slug":"el-tren-maya-nos-invadio","status":"publish","type":"post","link":"http:\/\/www.grieta.org.mx\/index.php\/2021\/12\/07\/el-tren-maya-nos-invadio\/","title":{"rendered":"\u201cEl Tren Maya nos invadi\u00f3\u201d"},"content":{"rendered":"<p>Reportaje de: Katia Rej\u00f3n y Mariana Beltr\u00e1n \/ Edici\u00f3n de: Eduard Mart\u00edn-Borreg\u00f3n \/ Poder<\/p>\n<p>En un pedazo de la selva tropical al sur del estado de Campeche, un grupo de vecinos que vive al margen de las antiguas v\u00edas de un ferrocarril construido en 1935 resisten contra los desalojos por el Tren Maya. Est\u00e1n en Candelaria: un pueblo cuyo nombre es igual al del r\u00edo que lo atraviesa y donde la gente cultiva ma\u00edz y frijol o son comerciantes. All\u00ed el Tren Maya tendr\u00e1 un paradero enclavado en el tramo I.<\/p>\n<p>Para garantizar que la relocalizaci\u00f3n de los habitantes de Campeche y otros lugares de la regi\u00f3n sea consensuada y en el marco de los Derechos Humanos, el Fondo Nacional de Turismo y ONU-H\u00e1bitat firmaron en 2019 un acuerdo millonario<a href=\"#1\">1<\/a> en el cual la organizaci\u00f3n internacional se compromete a brindar asistencia t\u00e9cnica en materia de reordenamiento territorial.<\/p>\n<p>Mientras Fonatur programa el inicio de las entrevistas, censos y visitas de ONU-H\u00e1bitat, los vecinos de Candelaria y el Colectivo Tres Barrios, por su parte, presentan amparos contra el proceso de relocalizaci\u00f3n del Tren Maya, aferr\u00e1ndose a sus viviendas.<\/p>\n<p>Joaqu\u00edn Aguilar, Mar\u00eda Jes\u00fas Borjas, Cruz Morales y N\u00ednive Hern\u00e1ndez, vecinos en derecho de v\u00eda en Candelaria, a\u00fan no desisten del amparo. Tienen en com\u00fan una cosa: quieren lo justo. Eso va desde la reubicaci\u00f3n de sus viviendas o negocios hasta la relocalizaci\u00f3n de las v\u00edas para que ellos se puedan quedar donde han vivido o conservado su negocio por m\u00e1s de una d\u00e9cada.<\/p>\n<p>\u201cEn lo que a m\u00ed respecta sigo en la misma postura, siempre he pensado que reubicaci\u00f3n al final es un desalojo, porque nosotros no solo defendemos las paredes de concreto o el piso de cemento, estamos defendiendo nuestra vida: aqu\u00ed vimos crecer a nuestros hijos, tenemos el chiquero para nuestros animales, tenemos plantas y todo eso lo queremos y nos duele destruirlo\u201d, sostiene Joaqu\u00edn.<\/p>\n<p>Kalycho Escoffie es la abogada de los casos Candelaria y el Colectivo Tres Barrios (conformado por los barrios de Santa Luc\u00eda, La Ermita y Camino Real de la ciudad de San Francisco de Campeche); ha dedicado varios a\u00f1os al litigio estrat\u00e9gico en temas como el derecho a la vivienda y actualmente dirige el Centro de Derechos Humanos de la Facultad Libre de Derecho de Monterrey. Ella resume: no hay nada consensuado.<\/p>\n<p>De poco ha servido la elaboraci\u00f3n del Protocolo de Relocalizaci\u00f3n Consensuada de Poblaci\u00f3n desde los Derechos Humanos2, de ONU-H\u00e1bitat para Fonatur.<\/p>\n<p>\u201cFueron las autoridades quienes decidieron que el proyecto iba a pasar por los barrios y por las comunidades. Quienes decidieron que las personas sean relocalizadas. Ya decidieron incluso en qu\u00e9 zonas y tienen hasta los modelos de cu\u00e1les van a ser las casas que les van a dar. Entonces, \u00bfqu\u00e9 es lo que est\u00e1 consensuado en eso? \u00bfqu\u00e9 de todo eso dicen que es con participaci\u00f3n?\u201d, cuestiona la abogada.<\/p>\n<p>Cuando personal del Fonatur empez\u00f3 a censar a las familias en Candelaria, de un total aproximado de 200 vecinos, 27 firmaron amparos contra el proceso de relocalizaci\u00f3n, 20 personas desistieron. La mayor\u00eda de ellas abandonaron sus casas con seis mil pesos para pagar una renta durante dos meses y la promesa de recibir una vivienda adecuada como reemplazo por parte del Fonatur, sin ning\u00fan documento que les garantice el acuerdo de palabra.<\/p>\n<p>\u201cLa gente est\u00e1 dejando sus casas y las est\u00e1n desmantelando (\u2026). Lo est\u00e1n haciendo por miedo a quedarse absolutamente sin nada, no por convencimiento\u201d, asegur\u00f3 en entrevista Kalycho Escoffi\u00e9, quien tambi\u00e9n refiri\u00f3 que la situaci\u00f3n ha sido \u201cgenerada por las autoridades que han presionado a trav\u00e9s de distintas amenazas\u201d.<\/p>\n<p><img loading=\"lazy\" decoding=\"async\" data-attachment-id=\"62826\" data-permalink=\"http:\/\/www.grieta.org.mx\/index.php\/2021\/12\/07\/el-tren-maya-nos-invadio\/nosinvadio\/\" data-orig-file=\"http:\/\/www.grieta.org.mx\/wp-content\/uploads\/2021\/12\/NosInvadio-e1639097280870.png\" data-orig-size=\"800,511\" data-comments-opened=\"0\" data-image-meta=\"{&quot;aperture&quot;:&quot;0&quot;,&quot;credit&quot;:&quot;&quot;,&quot;camera&quot;:&quot;&quot;,&quot;caption&quot;:&quot;&quot;,&quot;created_timestamp&quot;:&quot;0&quot;,&quot;copyright&quot;:&quot;&quot;,&quot;focal_length&quot;:&quot;0&quot;,&quot;iso&quot;:&quot;0&quot;,&quot;shutter_speed&quot;:&quot;0&quot;,&quot;title&quot;:&quot;&quot;,&quot;orientation&quot;:&quot;0&quot;}\" data-image-title=\"NosInvadio\" data-image-description=\"\" data-image-caption=\"\" data-medium-file=\"http:\/\/www.grieta.org.mx\/wp-content\/uploads\/2021\/12\/NosInvadio-300x191.png\" data-large-file=\"http:\/\/www.grieta.org.mx\/wp-content\/uploads\/2021\/12\/NosInvadio-1024x654.png\" src=\"http:\/\/www.grieta.org.mx\/wp-content\/uploads\/2021\/12\/NosInvadio-e1639097280870.png\" alt=\"\" width=\"800\" height=\"511\" class=\"alignnone size-full wp-image-62826\" \/><\/p>\n<p>Desalojos forzosos en el sureste de Campeche<\/p>\n<p>Este problema no es exclusivo de Candelaria donde los juicios contin\u00faan, se repite en por lo menos seis casos documentados para este reportaje. Desde el municipio de Candelaria hasta 70 km al norte en la localidad de Divisi\u00f3n del Norte en Esc\u00e1rcega, Campeche, existe una preocupaci\u00f3n latente por parte de las familias de perder su vivienda a luz de la construcci\u00f3n del tramo I y II del Tren Maya.<\/p>\n<p>Kalycho Escoffi\u00e9 sostiene que los desalojos forzosos que ocurren en la regi\u00f3n est\u00e1n prohibidos por el derecho internacional. El argumento de la abogada es que \u201cninguno de los actores que participa en el Tren Maya tiene las facultades para desalojar personas de manera extrajudicial, las facultades las tienen \u00fanicamente los jueces tras llevar un juicio y determinar que las personas tienen que desalojar, y en este caso no hay ning\u00fan juicio contra las personas. Lo que est\u00e1n haciendo es presionar para sacar a la gente o hacerla salir con miedo sin tener las facultades ni darles garant\u00eda\u201d.<\/p>\n<p>En Don Samuel, a unos 30 kil\u00f3metros de Candelaria, la violencia ya escal\u00f3 hasta las amenazas de muerte. Una vecina que vive a un par de metros de las v\u00edas del tren narr\u00f3 que una tarde, un becario de Fonatur la llev\u00f3 a una combi. Cerraron las puertas y le dijeron que los 13 vecinos de esa \u00e1rea hab\u00edan firmado para desocupar sus terrenos.<\/p>\n<p>\u201cYo no lo cre\u00eda. Me dijeron: firme porque si no, se va a quedar sin nada. Les dije: se los firmo pero v\u00e1yanse conscientes de que yo no les voy a recibir el cheque, y si vienen con esa cantidad, lo voy a romper. Mi idea era bajarme de la combi. Ellos me dicen: si no firmas te vamos a ahorcar. No pude leer lo que firm\u00e9\u201d, dice.<\/p>\n<p><img loading=\"lazy\" decoding=\"async\" data-attachment-id=\"62827\" data-permalink=\"http:\/\/www.grieta.org.mx\/index.php\/2021\/12\/07\/el-tren-maya-nos-invadio\/nosinvadio2\/\" data-orig-file=\"http:\/\/www.grieta.org.mx\/wp-content\/uploads\/2021\/12\/NosInvadio2-e1639097402577.png\" data-orig-size=\"800,521\" data-comments-opened=\"0\" data-image-meta=\"{&quot;aperture&quot;:&quot;0&quot;,&quot;credit&quot;:&quot;&quot;,&quot;camera&quot;:&quot;&quot;,&quot;caption&quot;:&quot;&quot;,&quot;created_timestamp&quot;:&quot;0&quot;,&quot;copyright&quot;:&quot;&quot;,&quot;focal_length&quot;:&quot;0&quot;,&quot;iso&quot;:&quot;0&quot;,&quot;shutter_speed&quot;:&quot;0&quot;,&quot;title&quot;:&quot;&quot;,&quot;orientation&quot;:&quot;0&quot;}\" data-image-title=\"NosInvadio2\" data-image-description=\"\" data-image-caption=\"\" data-medium-file=\"http:\/\/www.grieta.org.mx\/wp-content\/uploads\/2021\/12\/NosInvadio2-300x195.png\" data-large-file=\"http:\/\/www.grieta.org.mx\/wp-content\/uploads\/2021\/12\/NosInvadio2-1024x667.png\" src=\"http:\/\/www.grieta.org.mx\/wp-content\/uploads\/2021\/12\/NosInvadio2-e1639097402577.png\" alt=\"\" width=\"800\" height=\"521\" class=\"alignnone size-full wp-image-62827\" \/><\/p>\n<p>Otras irregularidades<\/p>\n<p>En Candelaria, adem\u00e1s de los desalojos a familias, se han presentado casos de personas que estaban rentando una casa que no era suya y aceptaron la oferta de Fonatur de dejarla a cambio de 18 mil pesos. Las autoridades \u201cni siquiera se est\u00e1n cerciorando que las personas que reciben el dinero y entregan las casas son efectivamente los propietarios\u201d, precisa Kalycho Escoffi\u00e9.<\/p>\n<p>Don Audumaro es uno de los vecinos que report\u00f3 la situaci\u00f3n, tiene tres casas en renta, una de ellas ya est\u00e1 desmantelada: solo quedan trozos de pared y pertenencias que se mezclaron con la basura.<\/p>\n<p>Las otras dos inquilinas recibieron 6 mil pesos cada una, y el personal de Fonatur les dijo que ya no le pagaran al due\u00f1o de la casa.<\/p>\n<p>\u201cFonatur las puso como due\u00f1as de las casas y por m\u00e1s que le digas a ellos que eran inquilinas no hacen caso. En lugar de guiarse con un papel para ver qui\u00e9nes son los due\u00f1os, solo toman nombre y ya\u201d, cont\u00f3 Audomaro.<\/p>\n<p>A finales de agosto de 2021, el director general del Fonatur, Rogelio Jimen\u00e9z Pons, anunci\u00f3 la modificaci\u00f3n de la ruta del proyecto Tren Maya en San Francisco Campeche, con ello 110 familias del Colectivo Tres Barrios que firmaron el amparo contra el proceso de relocalizaci\u00f3n anunciaron la victoria de su lucha en contra de los desalojos forzosos y la \u201cdestrucci\u00f3n de nuestros barrios, nuestros v\u00ednculos vecinales y nuestra identidad3\u201d, afirmaron en un comunicado.<\/p>\n<p>En Candelaria a partir de julio de 2021 decenas de ellos dejaron sus viviendas tras desistir de los amparos contra desalojos y la no reubicaci\u00f3n de las v\u00edas por el proyecto del sexenio del presidente de M\u00e9xico, Andr\u00e9s Manuel L\u00f3pez Obrador.<\/p>\n<p>Los vecinos de Tres Barrios tienen mayores ventajas de comunicaci\u00f3n y visibilizaci\u00f3n, contrario a Candelaria, una comunidad m\u00e1s apartada y de mayor\u00eda ind\u00edgena \u201cdonde las presiones han llevado a que les digan que se tienen que ir o que no les va a tocar nada\u201d, explica la representante jur\u00eddica.<\/p>\n<p>A partir del 2023 los vecinos tendr\u00e1n que compartir espacio con un Tren de mil 554 kil\u00f3metros de largo que cruzar\u00e1 cerca de negocios locales, secundarias, el camino de sus animales y canchas donde juegan f\u00fatbol a una velocidad de 160 kil\u00f3metros por hora. Las autoridades a\u00fan no responden c\u00f3mo afectar\u00e1 la convivencia entre vecinos y familias una vez que parta en dos la comunidad.<\/p>\n<p>A m\u00e1s de un a\u00f1o del inicio de los juicios, los vecinos que contin\u00faan en el proceso jur\u00eddico tienen esperanza de mantener sus casas. Como dice uno de los vecinos que contin\u00faan en la lucha: \u00abEl Tren Maya nos invadi\u00f3\u201d.<\/p>\n<p>1 Fonatur paga 5.5 millones de d\u00f3lares a ONU Habitat para \u00abejecutar\u00bb proyecto de Tren Maya <a href=\"https:\/\/piedepagina.mx\/fonatur-paga-5-5-millones-de-dolares-a-onu-habitat-por-consultoria-para-tren-maya\/\" target=\"_blank\" rel=\"noopener\">https:\/\/piedepagina.mx\/fonatur-paga-5-5-millones-de-dolares-a-onu-habitat-por-consultoria-para-tren-maya\/<\/a><\/p>\n<p>2 Protocolo de Relocalizaci\u00f3n Consensuada de Poblaci\u00f3n desde los Derechos Humanos <a href=\"https:\/\/onuhabitat.org.mx\/index.php\/protocolo-de-relocalizacion-consensuada-de-poblacion-desde-los-derechos-humanos\" target=\"_blank\" rel=\"noopener\">https:\/\/onuhabitat.org.mx\/index.php\/protocolo-de-relocalizacion-consensuada-de-poblacion-desde-los-derechos-humanos<\/a><\/p>\n<p>3 Comunicado de prensa:<a href=\"https:\/\/www.facebook.com\/100529101501591\/posts\/400661854821646\/?d=n\" target=\"_blank\" rel=\"noopener\"> https:\/\/www.facebook.com\/100529101501591\/posts\/400661854821646\/?d=n<\/a><\/p>\n<p><a href=\"https:\/\/poderlatam.org\/2021\/12\/el-tren-maya-nos-invadio\/\" target=\"_blank\" rel=\"noopener\">https:\/\/poderlatam.org\/2021\/12\/el-tren-maya-nos-invadio\/<\/a><\/p>\n","protected":false},"excerpt":{"rendered":"<p>Reportaje de: Katia Rej\u00f3n y Mariana Beltr\u00e1n \/ Edici\u00f3n de: Eduard Mart\u00edn-Borreg\u00f3n \/ Poder En un pedazo de la selva tropical al sur del estado de Campeche, un grupo de &hellip; <a href=\"http:\/\/www.grieta.org.mx\/index.php\/2021\/12\/07\/el-tren-maya-nos-invadio\/\" class=\"more-link\">Leer m\u00e1s<\/a><\/p>\n","protected":false},"author":2,"featured_media":62825,"comment_status":"closed","ping_status":"closed","sticky":false,"template":"","format":"standard","meta":{"ngg_post_thumbnail":0,"_jetpack_newsletter_access":"","_jetpack_dont_email_post_to_subs":false,"_jetpack_newsletter_tier_id":0,"_jetpack_memberships_contains_paywalled_content":false,"_jetpack_memberships_contains_paid_content":false,"footnotes":""},"categories":[11,80,3,922,926,944,952,2,28,1875,1876,1877,2026,36],"tags":[2616,398,3571,3646,1878],"class_list":["post-62811","post","type-post","status-publish","format-standard","has-post-thumbnail","hentry","category-campeche","category-cintillo","category-megaproyectos","category-megaproyectos-estados","category-mp-campeche","category-mp-quintana-roo","category-mp-yucatan","category-noticias-nacionales","category-quintana-roo","category-resistencia-al-tren-maya-en-la-peninsula-de-yucatan","category-resistencia-al-tren-maya-en-la-peninsula-de-yucatan-quintana-roo","category-resistencia-al-tren-maya-en-la-peninsula-de-yucatan-campeche","category-tren-maya","category-yucatan","tag-desalojos","tag-fonatur","tag-onu-habitat","tag-resistencia-contra-el-tren-maya","tag-tren-maya","entry"],"jetpack_featured_media_url":"http:\/\/www.grieta.org.mx\/wp-content\/uploads\/2021\/12\/NosInvadio0-e1639097116815.png","jetpack_sharing_enabled":true,"jetpack_shortlink":"https:\/\/wp.me\/p7ZJR4-gl5","jetpack_likes_enabled":false,"jetpack-related-posts":[{"id":47874,"url":"http:\/\/www.grieta.org.mx\/index.php\/2020\/04\/13\/las-vias-torcidas-del-tren-maya-video\/","url_meta":{"origin":62811,"position":0},"title":"Las v\u00edas torcidas del tren maya (Video)","author":"grieta","date":"13 abril, 2020","format":false,"excerpt":"https:\/\/www.youtube.com\/watch?v=k8FRX9eT0YY","rel":"","context":"En &quot;16. Pueblo Maya&quot;","block_context":{"text":"16. Pueblo Maya","link":"http:\/\/www.grieta.org.mx\/index.php\/category\/espejos-de-la-resistencia\/16-pueblo-maya\/"},"img":{"alt_text":"","src":"https:\/\/i0.wp.com\/www.grieta.org.mx\/wp-content\/uploads\/2020\/04\/ViasTorcidasTrenMaya.png?resize=350%2C200","width":350,"height":200,"srcset":"https:\/\/i0.wp.com\/www.grieta.org.mx\/wp-content\/uploads\/2020\/04\/ViasTorcidasTrenMaya.png?resize=350%2C200 1x, https:\/\/i0.wp.com\/www.grieta.org.mx\/wp-content\/uploads\/2020\/04\/ViasTorcidasTrenMaya.png?resize=525%2C300 1.5x, https:\/\/i0.wp.com\/www.grieta.org.mx\/wp-content\/uploads\/2020\/04\/ViasTorcidasTrenMaya.png?resize=700%2C400 2x"},"classes":[]},{"id":35945,"url":"http:\/\/www.grieta.org.mx\/index.php\/2019\/07\/05\/expansion-de-megaproyectos-en-la-peninsula-de-yucatan-video\/","url_meta":{"origin":62811,"position":1},"title":"Expansi\u00f3n de Megaproyectos en la Pen\u00ednsula de Yucat\u00e1n (Video)","author":"grieta","date":"5 julio, 2019","format":false,"excerpt":"https:\/\/youtu.be\/qLBARIAaBsI","rel":"","context":"En &quot;Campeche&quot;","block_context":{"text":"Campeche","link":"http:\/\/www.grieta.org.mx\/index.php\/category\/noticias-nacionales\/campeche\/"},"img":{"alt_text":"","src":"https:\/\/i0.wp.com\/img.youtube.com\/vi\/qLBARIAaBsI\/0.jpg?resize=350%2C200","width":350,"height":200},"classes":[]},{"id":45360,"url":"http:\/\/www.grieta.org.mx\/index.php\/2020\/02\/27\/no-estamos-peleando-la-suspension-provisional-del-tren-maya-sino-la-definitiva-cruz-rueda\/","url_meta":{"origin":62811,"position":2},"title":"&#8220;No estamos peleando la suspensi\u00f3n provisional del Tren Maya, sino la definitiva&#8221;: Cruz Rueda","author":"grieta","date":"27 febrero, 2020","format":false,"excerpt":"Impugnaci\u00f3n de Presidencia \"no nos quita el sue\u00f1o\" Abraham Bote \/Foto: Tomada de Twitter \/La Jornada Maya M\u00e9rida, Yucat\u00e1n Respecto a la impugnaci\u00f3n que realiz\u00f3 la Presidencia de la Rep\u00fablica y el apoderado de la Naci\u00f3n Financiera (Nafin), contra la suspensi\u00f3n provisional del proyecto de Tren Maya, la asesora jur\u00eddica\u2026","rel":"","context":"En &quot;16. Pueblo Maya&quot;","block_context":{"text":"16. Pueblo Maya","link":"http:\/\/www.grieta.org.mx\/index.php\/category\/espejos-de-la-resistencia\/16-pueblo-maya\/"},"img":{"alt_text":"","src":"https:\/\/i0.wp.com\/www.grieta.org.mx\/wp-content\/uploads\/2020\/02\/TrenMallaCampeche.png?resize=350%2C200","width":350,"height":200,"srcset":"https:\/\/i0.wp.com\/www.grieta.org.mx\/wp-content\/uploads\/2020\/02\/TrenMallaCampeche.png?resize=350%2C200 1x, https:\/\/i0.wp.com\/www.grieta.org.mx\/wp-content\/uploads\/2020\/02\/TrenMallaCampeche.png?resize=525%2C300 1.5x, https:\/\/i0.wp.com\/www.grieta.org.mx\/wp-content\/uploads\/2020\/02\/TrenMallaCampeche.png?resize=700%2C400 2x"},"classes":[]},{"id":68844,"url":"http:\/\/www.grieta.org.mx\/index.php\/2024\/04\/29\/ambientalistas-clausuran-las-oficinas-de-semarnat-tras-calificarla-de-ecocida-quintana-roo\/","url_meta":{"origin":62811,"position":3},"title":"Ambientalistas &#8220;clausuran&#8221; las oficinas de Semarnat tras calificarla de ecocida (Quintana Roo)","author":"grieta","date":"29 abril, 2024","format":false,"excerpt":"Leslie Gordillo \/ NOTICARIBE PENINSULAR CANC\u00daN.- Un grupo de ambientalistas, representante de diferentes organismos y asociaciones civiles, se manifestaron en la zona hotelera de Canc\u00fan y clausuraron de manera simb\u00f3lica las oficinas de la Secretar\u00eda de Medio Ambiente y Recursos Naturales (Semarnat). La denuncia es que la Semarnat ha sido\u2026","rel":"","context":"En &quot;Campeche&quot;","block_context":{"text":"Campeche","link":"http:\/\/www.grieta.org.mx\/index.php\/category\/noticias-nacionales\/campeche\/"},"img":{"alt_text":"","src":"https:\/\/i0.wp.com\/www.grieta.org.mx\/wp-content\/uploads\/2024\/04\/ambientalitas-e1715552774254.jpg?resize=350%2C200","width":350,"height":200,"srcset":"https:\/\/i0.wp.com\/www.grieta.org.mx\/wp-content\/uploads\/2024\/04\/ambientalitas-e1715552774254.jpg?resize=350%2C200 1x, https:\/\/i0.wp.com\/www.grieta.org.mx\/wp-content\/uploads\/2024\/04\/ambientalitas-e1715552774254.jpg?resize=525%2C300 1.5x, https:\/\/i0.wp.com\/www.grieta.org.mx\/wp-content\/uploads\/2024\/04\/ambientalitas-e1715552774254.jpg?resize=700%2C400 2x"},"classes":[]},{"id":57293,"url":"http:\/\/www.grieta.org.mx\/index.php\/2021\/03\/03\/tres-comunidades-de-campeche-obtienen-suspension-provisional-contra-tren-maya\/","url_meta":{"origin":62811,"position":4},"title":"Tres comunidades de Campeche obtienen suspensi\u00f3n provisional contra Tren Maya","author":"grieta","date":"3 marzo, 2021","format":false,"excerpt":"Rosa Santana \/ Foto Alejandro Sald\u00edvar \/Proceso CAMPECHE, Camp. (apro).- El Juzgado Primero de Distrito concedi\u00f3 al Colectivo Tres Barrios la suspensi\u00f3n provisional contra el \u201cproceso de relocalizaci\u00f3n consensuada\u201d del proyecto Tren Maya en esta capital, en tanto se resuelve el juicio de amparo con el que esperan impedir el\u2026","rel":"","context":"En &quot;Campeche&quot;","block_context":{"text":"Campeche","link":"http:\/\/www.grieta.org.mx\/index.php\/category\/noticias-nacionales\/campeche\/"},"img":{"alt_text":"","src":"https:\/\/i0.wp.com\/www.grieta.org.mx\/wp-content\/uploads\/2021\/03\/f800x450-129800_181246_5050.jpg?resize=350%2C200","width":350,"height":200,"srcset":"https:\/\/i0.wp.com\/www.grieta.org.mx\/wp-content\/uploads\/2021\/03\/f800x450-129800_181246_5050.jpg?resize=350%2C200 1x, https:\/\/i0.wp.com\/www.grieta.org.mx\/wp-content\/uploads\/2021\/03\/f800x450-129800_181246_5050.jpg?resize=525%2C300 1.5x, https:\/\/i0.wp.com\/www.grieta.org.mx\/wp-content\/uploads\/2021\/03\/f800x450-129800_181246_5050.jpg?resize=700%2C400 2x"},"classes":[]},{"id":48940,"url":"http:\/\/www.grieta.org.mx\/index.php\/2020\/05\/11\/interponen-queja-ante-la-cndh-contra-obras-del-tren-maya\/","url_meta":{"origin":62811,"position":5},"title":"Interponen queja ante la CNDH contra obras del Tren Maya","author":"grieta","date":"11 mayo, 2020","format":false,"excerpt":"Lilia Balam \/ Informe Fracto Colectivos ind\u00edgenas y organizaciones civiles argumentaron que continuar con la construcci\u00f3n del proyecto durante la pandemia vulnera los derechos de los pobladores de la regi\u00f3n. Colectivos ind\u00edgenas y organizaciones civiles de la Pen\u00ednsula de Yucat\u00e1n interpusieron una queja ante la Comisi\u00f3n Nacional de los Derechos\u2026","rel":"","context":"En &quot;Campeche&quot;","block_context":{"text":"Campeche","link":"http:\/\/www.grieta.org.mx\/index.php\/category\/noticias-nacionales\/campeche\/"},"img":{"alt_text":"","src":"https:\/\/i0.wp.com\/www.grieta.org.mx\/wp-content\/uploads\/2020\/05\/tren_maya.jpg1_-640x360-1-e1589284542406.jpg?resize=350%2C200","width":350,"height":200,"srcset":"https:\/\/i0.wp.com\/www.grieta.org.mx\/wp-content\/uploads\/2020\/05\/tren_maya.jpg1_-640x360-1-e1589284542406.jpg?resize=350%2C200 1x, https:\/\/i0.wp.com\/www.grieta.org.mx\/wp-content\/uploads\/2020\/05\/tren_maya.jpg1_-640x360-1-e1589284542406.jpg?resize=525%2C300 1.5x, https:\/\/i0.wp.com\/www.grieta.org.mx\/wp-content\/uploads\/2020\/05\/tren_maya.jpg1_-640x360-1-e1589284542406.jpg?resize=700%2C400 2x"},"classes":[]}],"_links":{"self":[{"href":"http:\/\/www.grieta.org.mx\/index.php\/wp-json\/wp\/v2\/posts\/62811","targetHints":{"allow":["GET"]}}],"collection":[{"href":"http:\/\/www.grieta.org.mx\/index.php\/wp-json\/wp\/v2\/posts"}],"about":[{"href":"http:\/\/www.grieta.org.mx\/index.php\/wp-json\/wp\/v2\/types\/post"}],"author":[{"embeddable":true,"href":"http:\/\/www.grieta.org.mx\/index.php\/wp-json\/wp\/v2\/users\/2"}],"replies":[{"embeddable":true,"href":"http:\/\/www.grieta.org.mx\/index.php\/wp-json\/wp\/v2\/comments?post=62811"}],"version-history":[{"count":1,"href":"http:\/\/www.grieta.org.mx\/index.php\/wp-json\/wp\/v2\/posts\/62811\/revisions"}],"predecessor-version":[{"id":62828,"href":"http:\/\/www.grieta.org.mx\/index.php\/wp-json\/wp\/v2\/posts\/62811\/revisions\/62828"}],"wp:featuredmedia":[{"embeddable":true,"href":"http:\/\/www.grieta.org.mx\/index.php\/wp-json\/wp\/v2\/media\/62825"}],"wp:attachment":[{"href":"http:\/\/www.grieta.org.mx\/index.php\/wp-json\/wp\/v2\/media?parent=62811"}],"wp:term":[{"taxonomy":"category","embeddable":true,"href":"http:\/\/www.grieta.org.mx\/index.php\/wp-json\/wp\/v2\/categories?post=62811"},{"taxonomy":"post_tag","embeddable":true,"href":"http:\/\/www.grieta.org.mx\/index.php\/wp-json\/wp\/v2\/tags?post=62811"}],"curies":[{"name":"wp","href":"https:\/\/api.w.org\/{rel}","templated":true}]}}