{"id":62803,"date":"2021-12-02T20:46:32","date_gmt":"2021-12-03T02:46:32","guid":{"rendered":"https:\/\/www.grieta.org.mx\/?p=62803"},"modified":"2021-12-03T20:53:54","modified_gmt":"2021-12-04T02:53:54","slug":"crisis-de-identificacion-de-personas-en-jalisco-llega-a-organismos-internacionales-ante-la-afectacion-a-familias-de-personas-desaparecidas-jalisco","status":"publish","type":"post","link":"http:\/\/www.grieta.org.mx\/index.php\/2021\/12\/02\/crisis-de-identificacion-de-personas-en-jalisco-llega-a-organismos-internacionales-ante-la-afectacion-a-familias-de-personas-desaparecidas-jalisco\/","title":{"rendered":"Crisis de identificaci\u00f3n de personas en Jalisco llega a Organismos internacionales ante la afectaci\u00f3n a familias de personas desaparecidas (Jalisco)"},"content":{"rendered":"<p>Foto: Mario Marlo<\/p>\n<p>Sonia Sagrero \/ Somos el Medio<\/p>\n<p>A partir del an\u00e1lisis presentado en el informe\u00a0<a href=\"https:\/\/cepad.org.mx\/2021\/05\/informe-quienes-son-la-crisis-de-identificacion-de-personas-en-jalisco\/\" target=\"_blank\" rel=\"noopener\"><em><b>\u00bfQui\u00e9nes son? La Crisis de Identificaci\u00f3n de Personas en Jalisco<\/b><\/em><\/a>, publicado el mes de mayo de 2021 por el\u00a0<b>Centro de Justicia para la Paz y el Desarrollo (CEPAD)<\/b>, realizado bajo la sistematizaci\u00f3n de informaci\u00f3n, bases de datos y monitoreo mensual de solicitudes de informaci\u00f3n,\u00a0<b>se estableci\u00f3 de acuerdo al 31 de diciembre de 2020, que exist\u00eda una acumulaci\u00f3n total de 6 mil 249 personas fallecidas sin identificar, ingresadas y registradas entre el a\u00f1o 2006 al 2020 en ocho delegaciones del Instituto Jalisciense de Ciencias Forenses (IJCF).\u00a0<\/b><\/p>\n<p>Para que la crisis forense que se vive en Jalisco sea de conocimiento de\u00a0<b>Organismos Internacionales de las Naciones Unidas<\/b>, los cuales son integrados espec\u00edficamente por personas expertas en materia de derechos humanos; los colectivos\u00a0<b>\u201cPor Amor a Ellxs\u201d\u00a0y\u00a0\u201cEntre Cielo y Tierra\u201d<\/b>, as\u00ed como tambi\u00e9n el\u00a0<b>CEPAD<\/b>, presentaron comunicaciones en donde se puede conocer el impacto y las afectaciones que han vivido las familias en la b\u00fasqueda de su seres queridos desaparecidos en los\u00a0<b>servicios forenses de la entidad<\/b>.<\/p>\n<p>De acuerdo con estos colectivos y el CEPAD, dicha comunicaci\u00f3n consist\u00eda en un resumen basado en la situaci\u00f3n que se vive en materia forense en Jalisco, as\u00ed como tambi\u00e9n las pr\u00e1cticas institucionales que resultaron violatorias a los derechos de las v\u00edctimas, las cuales se han identificado del acompa\u00f1amiento y asesor\u00eda que han sido brindadas desde los colectivos de familias de personas que han sido desaparecidas y el\u00a0<b>CEPAD<\/b>.<\/p>\n<p>La comunicaci\u00f3n fue enviada a\u00a0<b>Morris Tidball-Binz, Relator Especial sobre Ejecuciones Extrajudiciales, Sumarias o Arbitrarias<\/b>, quien se ha encargado de monitorear el cumplimiento de los est\u00e1ndares internacionales para la identificaci\u00f3n forense.<\/p>\n<p>Comunicaci\u00f3n que de igual forma, fue enviada al\u00a0<b>Grupo de Trabajo sobre Desapariciones Forzadas e Involucradas de las Naciones Unidas y el Comit\u00e9 de las Naciones Unidas contra la Desaparici\u00f3n Forzada, aprovechando su visita a M\u00e9xico y a la Comisi\u00f3n Interamericana de Derechos Humanos.\u00a0<\/b><\/p>\n<p>Esto con el fin\u00a0de conocer la situaci\u00f3n de la emergencia forense y presentar informaci\u00f3n m\u00e1s detallada de las pr\u00e1cticas institucionales, sus consecuencias y el impacto que generan miles de personas, quienes se dedican a las acciones de b\u00fasqueda e investigaci\u00f3n de sus familiares desaparecidos y desaparecidas, declararon en su comunicado.<\/p>\n<p>Junto con el documento general, dijeron, se presentaron las seis fichas relacionadas con casos donde se dan a conocer las dificultades y fallas institucionales \u201cpara los procesos de identificaci\u00f3n humana, resguardo, notificaci\u00f3n y entrega de los restos de las personas localizadas sin vida\u201d, adem\u00e1s las afectaciones en las v\u00edctimas que ha generado la actuaci\u00f3n del\u00a0<b>Instituto Jalisciense de Ciencias Forenses, la Fiscal\u00eda Especial en Personas Desaparecidas y la Unidad de Homicidios Internacionales de la Fiscal\u00eda del Estado de Jalisco.\u00a0<\/b><\/p>\n<p>A trav\u00e9s de esta acci\u00f3n, \u201cPor Amor a Ellxs\u201d, \u201cEntre Cielo y Tierra\u201d y el CEPAD, buscan que se generen alternativas de presi\u00f3n directa para que la situaci\u00f3n forense en Jalisco sea totalmente reconocida, y con base al esp\u00edritu de construcci\u00f3n y participaci\u00f3n junto con familiares de personas desaparecidas, organizaciones y personas expertas,\u00a0<em><b>\u201cse generen cambios y prioricen acciones que fortalezcan a las instituciones y reviertan las malas pr\u00e1cticas que han causado graves da\u00f1os emocionales, f\u00edsicos, econ\u00f3micos o laborales en las familias\u201d<\/b>.\u00a0<\/em><\/p>\n<p>Dichas personas que, ante la grave situaci\u00f3n de violencia en el estado, tuvieron que comenzar a realizar acciones de b\u00fasqueda de sus seres queridos entre las personas fallecidas, para que estas pudieran recuperar los cuerpos y restos humanos\u00a0<em><b>\u201cpara que ellas y ellos puedan regresar a sus casas\u201d<\/b>.<\/em><\/p>\n<p><a href=\"https:\/\/www.somoselmedio.com\/2021\/12\/02\/crisis-de-identificacion-de-personas-en-jalisco-llega-a-organismos-internacionales-ante-la-afectacion-a-familias-de-personas-desaparecidas\/\">https:\/\/www.somoselmedio.com\/2021\/12\/02\/crisis-de-identificacion-de-personas-en-jalisco-llega-a-organismos-internacionales-ante-la-afectacion-a-familias-de-personas-desaparecidas\/<\/a><\/p>\n","protected":false},"excerpt":{"rendered":"<p>Foto: Mario Marlo Sonia Sagrero \/ Somos el Medio A partir del an\u00e1lisis presentado en el informe\u00a0\u00bfQui\u00e9nes son? La Crisis de Identificaci\u00f3n de Personas en Jalisco, publicado el mes de &hellip; <a href=\"http:\/\/www.grieta.org.mx\/index.php\/2021\/12\/02\/crisis-de-identificacion-de-personas-en-jalisco-llega-a-organismos-internacionales-ante-la-afectacion-a-familias-de-personas-desaparecidas-jalisco\/\" class=\"more-link\">Leer m\u00e1s<\/a><\/p>\n","protected":false},"author":2,"featured_media":62804,"comment_status":"closed","ping_status":"closed","sticky":false,"template":"","format":"standard","meta":{"ngg_post_thumbnail":0,"_jetpack_newsletter_access":"","_jetpack_dont_email_post_to_subs":false,"_jetpack_newsletter_tier_id":0,"_jetpack_memberships_contains_paywalled_content":false,"_jetpack_memberships_contains_paid_content":false,"footnotes":""},"categories":[80,87,1032,20,2,83],"tags":[1828,3018,121,1668],"class_list":["post-62803","post","type-post","status-publish","format-standard","has-post-thumbnail","hentry","category-cintillo","category-desaparecidos","category-desaparecidos-en-jalisco","category-jalisco","category-noticias-nacionales","category-temas-nacionales","tag-busqueda-de-desaparecidos","tag-colectivos-de-busqueda-de-desaparecidos","tag-desaparecidos","tag-familiares-de-desaparecidos","entry"],"jetpack_featured_media_url":"http:\/\/www.grieta.org.mx\/wp-content\/uploads\/2021\/12\/Desaparecidos-3-696x464-1.jpg","jetpack_sharing_enabled":true,"jetpack_shortlink":"https:\/\/wp.me\/p7ZJR4-gkX","jetpack_likes_enabled":false,"jetpack-related-posts":[{"id":59395,"url":"http:\/\/www.grieta.org.mx\/index.php\/2021\/05\/09\/guerreras-unidas-exigen-identificacion-inmediata-de-personas-localizadas-en-fosas-clandestinas-jalisco\/","url_meta":{"origin":62803,"position":0},"title":"Guerreras Unidas exigen identificaci\u00f3n inmediata de personas localizadas en fosas clandestinas (Jalisco)","author":"grieta","date":"9 mayo, 2021","format":false,"excerpt":"Foto: Zona Docs Con dos a\u00f1os de lucha, el Colectivo Guerreras Unidas por Chapala exige a las autoridades de Jalisco respuestas contundentes para saber si sus familiares han sido o no localizados en las fosas clandestinas localizadas en la regi\u00f3n en el \u00faltimo a\u00f1o. A la fecha, de las m\u00e1s\u2026","rel":"","context":"En &quot;CINTILLO&quot;","block_context":{"text":"CINTILLO","link":"http:\/\/www.grieta.org.mx\/index.php\/category\/cintillo\/"},"img":{"alt_text":"","src":"https:\/\/i0.wp.com\/www.grieta.org.mx\/wp-content\/uploads\/2021\/05\/Unknown-7-1-1080x608-1-e1621277089892.jpeg?resize=350%2C200","width":350,"height":200,"srcset":"https:\/\/i0.wp.com\/www.grieta.org.mx\/wp-content\/uploads\/2021\/05\/Unknown-7-1-1080x608-1-e1621277089892.jpeg?resize=350%2C200 1x, https:\/\/i0.wp.com\/www.grieta.org.mx\/wp-content\/uploads\/2021\/05\/Unknown-7-1-1080x608-1-e1621277089892.jpeg?resize=525%2C300 1.5x, https:\/\/i0.wp.com\/www.grieta.org.mx\/wp-content\/uploads\/2021\/05\/Unknown-7-1-1080x608-1-e1621277089892.jpeg?resize=700%2C400 2x"},"classes":[]},{"id":60522,"url":"http:\/\/www.grieta.org.mx\/index.php\/2021\/07\/12\/crisis-forense-en-el-ijcf-atrae-a-caravanas-nacionales-de-busqueda-guadalupe-aguilar-familias-unidas-por-nuestros-desaparecidos-jalisco\/","url_meta":{"origin":62803,"position":1},"title":"Crisis forense en el IJCF atrae a caravanas nacionales de b\u00fasqueda: Guadalupe Aguilar, Familias Unidas por Nuestros Desaparecidos Jalisco","author":"grieta","date":"12 julio, 2021","format":false,"excerpt":"Foto: Jorge Alberto Mendoza Redacci\u00f3n \/ El Diario NTR La crisis que se vive en el Instituto Jalisciense de Ciencias Forenses (IJCF) es un punto de referencia para las caravanas nacionales de b\u00fasqueda, explic\u00f3 Guadalupe Aguilar, integrante de Familias Unidas por Nuestros Desaparecidos Jalisco. En el IJCF hay cientos de\u2026","rel":"","context":"En &quot;CINTILLO&quot;","block_context":{"text":"CINTILLO","link":"http:\/\/www.grieta.org.mx\/index.php\/category\/cintillo\/"},"img":{"alt_text":"","src":"https:\/\/i0.wp.com\/www.grieta.org.mx\/wp-content\/uploads\/2021\/07\/2021-07-12_05-07-31___6234.jpg?resize=350%2C200","width":350,"height":200,"srcset":"https:\/\/i0.wp.com\/www.grieta.org.mx\/wp-content\/uploads\/2021\/07\/2021-07-12_05-07-31___6234.jpg?resize=350%2C200 1x, https:\/\/i0.wp.com\/www.grieta.org.mx\/wp-content\/uploads\/2021\/07\/2021-07-12_05-07-31___6234.jpg?resize=525%2C300 1.5x, https:\/\/i0.wp.com\/www.grieta.org.mx\/wp-content\/uploads\/2021\/07\/2021-07-12_05-07-31___6234.jpg?resize=700%2C400 2x"},"classes":[]},{"id":43811,"url":"http:\/\/www.grieta.org.mx\/index.php\/2020\/01\/24\/familiares-de-personas-desaparecidas-en-jalisco-convocan-a-rueda-de-prensa-por-una-busqueda-e-identificacion-digna-adecuada-y-eficaz\/","url_meta":{"origin":62803,"position":2},"title":"Familiares de personas desaparecidas en Jalisco convocan a rueda de prensa \u201cpor una b\u00fasqueda e identificaci\u00f3n digna, adecuada y eficaz\u201d","author":"grieta","date":"24 enero, 2020","format":false,"excerpt":"Foto: Zona Docs El colectivo de familiares de personas desaparecidas en Jalisco,\u00a0Por Amor a Ellxs, junto con organizaciones de la sociedad civil, convocaron a una conferencia de prensa para exponer la \u201cdimensi\u00f3n de la problem\u00e1tica\u201d de las desapariciones en Jalisco y la respuesta gubernamental frente a la crisis que coloc\u00f3\u2026","rel":"","context":"En &quot;CINTILLO&quot;","block_context":{"text":"CINTILLO","link":"http:\/\/www.grieta.org.mx\/index.php\/category\/cintillo\/"},"img":{"alt_text":"","src":"https:\/\/i0.wp.com\/www.grieta.org.mx\/wp-content\/uploads\/2020\/02\/photo4997182556587796569-1.jpg?resize=350%2C200","width":350,"height":200,"srcset":"https:\/\/i0.wp.com\/www.grieta.org.mx\/wp-content\/uploads\/2020\/02\/photo4997182556587796569-1.jpg?resize=350%2C200 1x, https:\/\/i0.wp.com\/www.grieta.org.mx\/wp-content\/uploads\/2020\/02\/photo4997182556587796569-1.jpg?resize=525%2C300 1.5x, https:\/\/i0.wp.com\/www.grieta.org.mx\/wp-content\/uploads\/2020\/02\/photo4997182556587796569-1.jpg?resize=700%2C400 2x, https:\/\/i0.wp.com\/www.grieta.org.mx\/wp-content\/uploads\/2020\/02\/photo4997182556587796569-1.jpg?resize=1050%2C600 3x"},"classes":[]},{"id":59154,"url":"http:\/\/www.grieta.org.mx\/index.php\/2021\/04\/29\/coinciden-colectivos-de-desaparecidos-en-que-prevalece-crisis-forense-en-jalisco\/","url_meta":{"origin":62803,"position":3},"title":"Coinciden colectivos de desaparecidos en que prevalece crisis forense en Jalisco","author":"grieta","date":"29 abril, 2021","format":false,"excerpt":"Foto: EFE -\u00a0 Francisco Guasco F\u00e1tima Aguilar \/ UDGTV Jalisco arrastra una crisis forense desde 2018, cuando fue evidenciada por primera vez con el deambular de\u00a0dos tr\u00e1ileres que almacenaban cuerpos sin las condiciones adecuadas\u00a0de preservaci\u00f3n,\u00a0manifestaron familiares de desaparecidos. Pese a la negativa del gobierno actual de que existe una crisis\u2026","rel":"","context":"En &quot;CINTILLO&quot;","block_context":{"text":"CINTILLO","link":"http:\/\/www.grieta.org.mx\/index.php\/category\/cintillo\/"},"img":{"alt_text":"","src":"https:\/\/i0.wp.com\/www.grieta.org.mx\/wp-content\/uploads\/2021\/05\/Busqueda-de-desaparecidos-EFE-656x420-1.jpg?resize=350%2C200","width":350,"height":200,"srcset":"https:\/\/i0.wp.com\/www.grieta.org.mx\/wp-content\/uploads\/2021\/05\/Busqueda-de-desaparecidos-EFE-656x420-1.jpg?resize=350%2C200 1x, https:\/\/i0.wp.com\/www.grieta.org.mx\/wp-content\/uploads\/2021\/05\/Busqueda-de-desaparecidos-EFE-656x420-1.jpg?resize=525%2C300 1.5x"},"classes":[]},{"id":62940,"url":"http:\/\/www.grieta.org.mx\/index.php\/2021\/12\/22\/huellas-de-amor-cuelga-50-fotos-de-desaparecidos-en-arbol-navideno-en-jalisco\/","url_meta":{"origin":62803,"position":4},"title":"Huellas de amor cuelga 50 fotos de desaparecidos en \u00e1rbol navide\u00f1o en Jalisco","author":"grieta","date":"22 diciembre, 2021","format":false,"excerpt":"Foto: Rosario \u00c1lvarez Rosario \u00c1lvarez \/ Telediario En Jalisco 15 mil 148 familias tienen alg\u00fan familiar desaparecido, de acuerdo al \u00faltimo corte del Registro Nacional de Personas Desaparecidas y No Localizadas. Tras este dato, el colectivo Huellas de Amor,\u00a0colg\u00f3 m\u00e1s de 50 fichas de b\u00fasqueda de hombres y mujeres alrededor\u2026","rel":"","context":"En &quot;CINTILLO&quot;","block_context":{"text":"CINTILLO","link":"http:\/\/www.grieta.org.mx\/index.php\/category\/cintillo\/"},"img":{"alt_text":"","src":"https:\/\/i0.wp.com\/www.grieta.org.mx\/wp-content\/uploads\/2021\/12\/arbol-navidad-instalado-plaza-liberacion.jpg?resize=350%2C200","width":350,"height":200,"srcset":"https:\/\/i0.wp.com\/www.grieta.org.mx\/wp-content\/uploads\/2021\/12\/arbol-navidad-instalado-plaza-liberacion.jpg?resize=350%2C200 1x, https:\/\/i0.wp.com\/www.grieta.org.mx\/wp-content\/uploads\/2021\/12\/arbol-navidad-instalado-plaza-liberacion.jpg?resize=525%2C300 1.5x, https:\/\/i0.wp.com\/www.grieta.org.mx\/wp-content\/uploads\/2021\/12\/arbol-navidad-instalado-plaza-liberacion.jpg?resize=700%2C400 2x"},"classes":[]},{"id":62293,"url":"http:\/\/www.grieta.org.mx\/index.php\/2021\/10\/07\/falta-voluntad-politica-para-enfrentar-crisis-forense-en-jalisco\/","url_meta":{"origin":62803,"position":5},"title":"Falta voluntad pol\u00edtica para enfrentar crisis forense en Jalisco","author":"grieta","date":"7 octubre, 2021","format":false,"excerpt":"Foto: Jorge Alberto Mendoza Redacci\u00f3n \/ El Diario NTR Por falta de recursos y voluntad pol\u00edtica, el Gobierno de Jalisco no reconoce la crisis forense que vive la entidad, asegur\u00f3 Guadalupe Aguilar, integrante del colectivo Familias Unidas por Nuestros Desaparecidos Jalisco (Fundej). En entrevista para InformativoNTR con Sergio Ren\u00e9 de\u2026","rel":"","context":"En &quot;CINTILLO&quot;","block_context":{"text":"CINTILLO","link":"http:\/\/www.grieta.org.mx\/index.php\/category\/cintillo\/"},"img":{"alt_text":"","src":"https:\/\/i0.wp.com\/www.grieta.org.mx\/wp-content\/uploads\/2021\/10\/2021-10-07_09-10-09___6025.jpg?resize=350%2C200","width":350,"height":200,"srcset":"https:\/\/i0.wp.com\/www.grieta.org.mx\/wp-content\/uploads\/2021\/10\/2021-10-07_09-10-09___6025.jpg?resize=350%2C200 1x, https:\/\/i0.wp.com\/www.grieta.org.mx\/wp-content\/uploads\/2021\/10\/2021-10-07_09-10-09___6025.jpg?resize=525%2C300 1.5x, https:\/\/i0.wp.com\/www.grieta.org.mx\/wp-content\/uploads\/2021\/10\/2021-10-07_09-10-09___6025.jpg?resize=700%2C400 2x"},"classes":[]}],"_links":{"self":[{"href":"http:\/\/www.grieta.org.mx\/index.php\/wp-json\/wp\/v2\/posts\/62803","targetHints":{"allow":["GET"]}}],"collection":[{"href":"http:\/\/www.grieta.org.mx\/index.php\/wp-json\/wp\/v2\/posts"}],"about":[{"href":"http:\/\/www.grieta.org.mx\/index.php\/wp-json\/wp\/v2\/types\/post"}],"author":[{"embeddable":true,"href":"http:\/\/www.grieta.org.mx\/index.php\/wp-json\/wp\/v2\/users\/2"}],"replies":[{"embeddable":true,"href":"http:\/\/www.grieta.org.mx\/index.php\/wp-json\/wp\/v2\/comments?post=62803"}],"version-history":[{"count":1,"href":"http:\/\/www.grieta.org.mx\/index.php\/wp-json\/wp\/v2\/posts\/62803\/revisions"}],"predecessor-version":[{"id":62805,"href":"http:\/\/www.grieta.org.mx\/index.php\/wp-json\/wp\/v2\/posts\/62803\/revisions\/62805"}],"wp:featuredmedia":[{"embeddable":true,"href":"http:\/\/www.grieta.org.mx\/index.php\/wp-json\/wp\/v2\/media\/62804"}],"wp:attachment":[{"href":"http:\/\/www.grieta.org.mx\/index.php\/wp-json\/wp\/v2\/media?parent=62803"}],"wp:term":[{"taxonomy":"category","embeddable":true,"href":"http:\/\/www.grieta.org.mx\/index.php\/wp-json\/wp\/v2\/categories?post=62803"},{"taxonomy":"post_tag","embeddable":true,"href":"http:\/\/www.grieta.org.mx\/index.php\/wp-json\/wp\/v2\/tags?post=62803"}],"curies":[{"name":"wp","href":"https:\/\/api.w.org\/{rel}","templated":true}]}}