{"id":62753,"date":"2021-11-27T10:43:46","date_gmt":"2021-11-27T16:43:46","guid":{"rendered":"http:\/\/www.grieta.org.mx\/?p=62753"},"modified":"2021-12-02T11:04:00","modified_gmt":"2021-12-02T17:04:00","slug":"temen-que-explote-el-gasoducto-y-salen-a-protestar-yucatan","status":"publish","type":"post","link":"http:\/\/www.grieta.org.mx\/index.php\/2021\/11\/27\/temen-que-explote-el-gasoducto-y-salen-a-protestar-yucatan\/","title":{"rendered":"Temen que explote el gasoducto y salen a protestar (Yucat\u00e1n)"},"content":{"rendered":"<p>Herbeth Escalante \/ Haz Ruido<\/p>\n<blockquote><p>Vecinas y vecinos de San Dami\u00e1n y Pensiones manifestaron su indignaci\u00f3n porque de la noche a la ma\u00f1ana la empresa Engie inici\u00f3 la instalaci\u00f3n subterr\u00e1nea del ducto de gas natural, sin consultarles y vulnerando sus derechos.<\/p><\/blockquote>\n<p>M\u00e9rida, Yucat\u00e1n, 27 de noviembre de 2021.- Vecinas y vecinos de las colonias San Dami\u00e1n y Pensiones protestaron en contra de la instalaci\u00f3n de un gasoducto de la empresa Engie, argumentando de que no se realiz\u00f3 ninguna consulta y porque temen que pueda provocar una explosi\u00f3n.<\/p>\n<p>Al bloquear la calle 52 por avenida Alfredo Barrera V\u00e1zquez, manifestaron su indignaci\u00f3n porque de la noche a la ma\u00f1ana dicha compa\u00f1\u00eda inici\u00f3 con la instalaci\u00f3n subterr\u00e1nea de ese ducto de gas natural.<\/p>\n<p>Comentaron que la obra arranc\u00f3 bajo enga\u00f1os, pues dec\u00edan que se trataban de labores de la Junta de Agua Potable y Alcantarillado de Yucat\u00e1n (Japay), cuando en realidad es un ducto que viene del Perif\u00e9rico de M\u00e9rida y que transportar\u00eda el hidrocarburo a la galletera Dond\u00e9, que se encuentra en la Garc\u00eda Giner\u00e9s.<\/p>\n<p>El asesor jur\u00eddico de las y los vecinos, Roberto S\u00e1nchez, quien forma parte del Colectivo Kanan, se\u00f1al\u00f3 que han promovido tres juicios de amparo para tratar de frenar la obra, ya que nadie les inform\u00f3 ni les consult\u00f3 sobre \u00e9sta. Sin embargo, los jueces de distrito han negado las suspensiones provisionales con argumentos contrarios a los est\u00e1ndares de derechos humanos.<\/p>\n<p>El abogado sostuvo que la instalaci\u00f3n del gasoducto de Engie se est\u00e1 realizando en medio de irregularidades, pues descubrieron que no cuenta con Manifiesto de Impacto Ambiental (MIA) ante la Secretar\u00eda de Medio Ambiente y Recursos Naturales (Semarnat).<\/p>\n<p>\u201cParte de los reclamos de la gente es que no se les tom\u00f3 en cuenta en la decisi\u00f3n de la instalaci\u00f3n del ducto de gas, tambi\u00e9n tienen miedo de que esto pueda explotar, como ha sucedido en otras partes del pa\u00eds\u201d, se\u00f1al\u00f3 Roberto S\u00e1nchez.<\/p>\n<p>Dijo que se est\u00e1n vulnerando una serie de derechos como el del acceso a un medio ambiente sano, el del inter\u00e9s superior de la ni\u00f1ez, y el del grupo en situaci\u00f3n de vulnerabilidad, ya que en las mencionadas colonias viven personas adultas mayores.<\/p>\n<p>En la protesta, las y los afectados cargaron mantas en las que manifestaron su rechazo al paso del gas entubado en las calles en donde viven, y lamentaron la falta de di\u00e1logo con las autoridades para solucionar este problema<\/p>\n<p><a href=\"https:\/\/www.hazruido.mx\/reportes\/temen-que-explote-el-gasoducto-y-salen-a-protestar\/\" rel=\"noopener\" target=\"_blank\">https:\/\/www.hazruido.mx\/reportes\/temen-que-explote-el-gasoducto-y-salen-a-protestar\/<\/a><\/p>\n","protected":false},"excerpt":{"rendered":"<p>Herbeth Escalante \/ Haz Ruido Vecinas y vecinos de San Dami\u00e1n y Pensiones manifestaron su indignaci\u00f3n porque de la noche a la ma\u00f1ana la empresa Engie inici\u00f3 la instalaci\u00f3n subterr\u00e1nea &hellip; <a href=\"http:\/\/www.grieta.org.mx\/index.php\/2021\/11\/27\/temen-que-explote-el-gasoducto-y-salen-a-protestar-yucatan\/\" class=\"more-link\">Leer m\u00e1s<\/a><\/p>\n","protected":false},"author":2,"featured_media":62754,"comment_status":"closed","ping_status":"closed","sticky":false,"template":"","format":"standard","meta":{"ngg_post_thumbnail":0,"_jetpack_newsletter_access":"","_jetpack_dont_email_post_to_subs":false,"_jetpack_newsletter_tier_id":0,"_jetpack_memberships_contains_paywalled_content":false,"_jetpack_memberships_contains_paid_content":false,"footnotes":""},"categories":[80,2943,2,36],"tags":[3820,219,4074,3542,180],"class_list":["post-62753","post","type-post","status-publish","format-standard","has-post-thumbnail","hentry","category-cintillo","category-destruccion-y-contaminacion-ambiental-en-yucatan","category-noticias-nacionales","category-yucatan","tag-amparos","tag-consulta","tag-gas-natural","tag-manifestacion-de-impacto-ambiental","tag-protesta","entry"],"jetpack_featured_media_url":"http:\/\/www.grieta.org.mx\/wp-content\/uploads\/2021\/12\/NoAlGasoducto-e1638464272760.png","jetpack_sharing_enabled":true,"jetpack_shortlink":"https:\/\/wp.me\/p7ZJR4-gk9","jetpack_likes_enabled":false,"jetpack-related-posts":[{"id":63487,"url":"http:\/\/www.grieta.org.mx\/index.php\/2022\/02\/21\/vecinos-de-san-damian-en-merida-se-manifiestan-nuevamente-contra-gasoducto-yucatan\/","url_meta":{"origin":62753,"position":0},"title":"Vecinos de San Dami\u00e1n, en M\u00e9rida, se manifiestan nuevamente contra gasoducto (Yucat\u00e1n)","author":"grieta","date":"21 febrero, 2022","format":false,"excerpt":"Itzel Chan \/ Noticaribe M\u00c9RIDA, MX.- Habitantes de la colonia San Dami\u00e1n, en M\u00e9rida, salieron a las calles una vez m\u00e1s para manifestarse y exponer su rechazo hacia el proyecto de gasoductos que pasar\u00eda por sus casas y en esta ocasi\u00f3n pidieron la intervenci\u00f3n del Juez Segundo de Distrito para\u2026","rel":"","context":"En &quot;CINTILLO&quot;","block_context":{"text":"CINTILLO","link":"http:\/\/www.grieta.org.mx\/index.php\/category\/cintillo\/"},"img":{"alt_text":"","src":"https:\/\/i0.wp.com\/www.grieta.org.mx\/wp-content\/uploads\/2022\/02\/NoAlGasoducto-1.png?resize=350%2C200","width":350,"height":200,"srcset":"https:\/\/i0.wp.com\/www.grieta.org.mx\/wp-content\/uploads\/2022\/02\/NoAlGasoducto-1.png?resize=350%2C200 1x, https:\/\/i0.wp.com\/www.grieta.org.mx\/wp-content\/uploads\/2022\/02\/NoAlGasoducto-1.png?resize=525%2C300 1.5x"},"classes":[]},{"id":63320,"url":"http:\/\/www.grieta.org.mx\/index.php\/2022\/02\/03\/vecinos-contra-gasoducto-no-quieren-vivir-sobre-un-peligro-constante-yucatan\/","url_meta":{"origin":62753,"position":1},"title":"Vecinos contra gasoducto: No quieren vivir sobre un peligro constante (Yucat\u00e1n)","author":"grieta","date":"3 febrero, 2022","format":false,"excerpt":"Paloma Reyes \/ Haz Ruido Las y los habitantes de San Dami\u00e1n volvieron a protestar y recordaron que el gasoducto se est\u00e1 construyendo en una zona de cuevas. M\u00e9rida, Yucat\u00e1n, 3 de febrero de 2022.-De nueva cuenta, las vecinas y los vecinos que integran la organizaci\u00f3n Defensores de San Dami\u00e1n\u2026","rel":"","context":"En &quot;CINTILLO&quot;","block_context":{"text":"CINTILLO","link":"http:\/\/www.grieta.org.mx\/index.php\/category\/cintillo\/"},"img":{"alt_text":"","src":"https:\/\/i0.wp.com\/www.grieta.org.mx\/wp-content\/uploads\/2022\/02\/NoAlGasoducto-e1644318793183.png?resize=350%2C200","width":350,"height":200,"srcset":"https:\/\/i0.wp.com\/www.grieta.org.mx\/wp-content\/uploads\/2022\/02\/NoAlGasoducto-e1644318793183.png?resize=350%2C200 1x, https:\/\/i0.wp.com\/www.grieta.org.mx\/wp-content\/uploads\/2022\/02\/NoAlGasoducto-e1644318793183.png?resize=525%2C300 1.5x, https:\/\/i0.wp.com\/www.grieta.org.mx\/wp-content\/uploads\/2022\/02\/NoAlGasoducto-e1644318793183.png?resize=700%2C400 2x"},"classes":[]},{"id":72418,"url":"http:\/\/www.grieta.org.mx\/index.php\/2025\/11\/06\/con-amparo-ordenan-detener-la-operacion-del-booster-del-gasoducto-mayakan-en-uman-yucatan\/","url_meta":{"origin":62753,"position":2},"title":"Con amparo, ordenan detener la operaci\u00f3n del booster del gasoducto Mayakan en Um\u00e1n, Yucat\u00e1n","author":"grieta","date":"6 noviembre, 2025","format":false,"excerpt":"Claudia V. Arriaga Dur\u00e1n \/ Proceso UM\u00c1N, Yuc., (apro) .- Los vecinos del fraccionamiento de Gran Calzada del municipio de Um\u00e1n en Yucat\u00e1n lograron frenar la operaci\u00f3n del booster de la ampliaci\u00f3n del gasoducto Mayakan gracias a un amparo. El recurso legal 2113\/2025 fue resuelto el mi\u00e9rcoles 5 de noviembre\u2026","rel":"","context":"En &quot;Destrucci\u00f3n y contaminaci\u00f3n ambiental en Yucat\u00e1n&quot;","block_context":{"text":"Destrucci\u00f3n y contaminaci\u00f3n ambiental en Yucat\u00e1n","link":"http:\/\/www.grieta.org.mx\/index.php\/category\/noticias-nacionales\/yucatan\/destruccion-y-contaminacion-ambiental-en-yucatan\/"},"img":{"alt_text":"","src":"https:\/\/i0.wp.com\/www.grieta.org.mx\/wp-content\/uploads\/2025\/11\/Gasoducto-e1762637764479.jpg?resize=350%2C200","width":350,"height":200,"srcset":"https:\/\/i0.wp.com\/www.grieta.org.mx\/wp-content\/uploads\/2025\/11\/Gasoducto-e1762637764479.jpg?resize=350%2C200 1x, https:\/\/i0.wp.com\/www.grieta.org.mx\/wp-content\/uploads\/2025\/11\/Gasoducto-e1762637764479.jpg?resize=525%2C300 1.5x, https:\/\/i0.wp.com\/www.grieta.org.mx\/wp-content\/uploads\/2025\/11\/Gasoducto-e1762637764479.jpg?resize=700%2C400 2x"},"classes":[]},{"id":64265,"url":"http:\/\/www.grieta.org.mx\/index.php\/2022\/05\/23\/nuevos-bloqueos-por-instalacion-de-ductos-de-gas-natural-en-san-damian-yucatan\/","url_meta":{"origin":62753,"position":3},"title":"Nuevos bloqueos por instalaci\u00f3n de ductos de gas natural en San Dami\u00e1n (Yucat\u00e1n)","author":"grieta","date":"23 mayo, 2022","format":false,"excerpt":"M\u00e9rida, Yucat\u00e1n; 23 de mayo de 2022 (ACOM).- Habitantes de la calle 13 por 48 y 46 de la colonia San Dami\u00e1n, al poniente de M\u00e9rida, cerraron la v\u00eda para externar su inconformidad contra la colocaci\u00f3n de gasoductos que representa un peligro. Afirman que por varios meses no hubo ning\u00fan\u2026","rel":"","context":"En &quot;CINTILLO&quot;","block_context":{"text":"CINTILLO","link":"http:\/\/www.grieta.org.mx\/index.php\/category\/cintillo\/"},"img":{"alt_text":"","src":"https:\/\/i0.wp.com\/www.grieta.org.mx\/wp-content\/uploads\/2022\/05\/Gasoducto-e1653496264325.png?resize=350%2C200","width":350,"height":200,"srcset":"https:\/\/i0.wp.com\/www.grieta.org.mx\/wp-content\/uploads\/2022\/05\/Gasoducto-e1653496264325.png?resize=350%2C200 1x, https:\/\/i0.wp.com\/www.grieta.org.mx\/wp-content\/uploads\/2022\/05\/Gasoducto-e1653496264325.png?resize=525%2C300 1.5x, https:\/\/i0.wp.com\/www.grieta.org.mx\/wp-content\/uploads\/2022\/05\/Gasoducto-e1653496264325.png?resize=700%2C400 2x"},"classes":[]},{"id":41229,"url":"http:\/\/www.grieta.org.mx\/index.php\/2019\/06\/02\/temen-grave-deterioro-ambiental-en-uman-yucatan\/","url_meta":{"origin":62753,"position":4},"title":"Temen grave deterioro ambiental en Um\u00e1n (Yucat\u00e1n)","author":"grieta","date":"2 junio, 2019","format":false,"excerpt":"(V\u00edctor Lara Mart\u00ednez)\/ PorEsto! Maximiliano Herrera y un grupo de vecinos de Um\u00e1n advirtieron ayer que el medio ambiente y la salud de los yucatecos est\u00e1 en riesgo por la concesi\u00f3n de 500 hect\u00e1reas al Grupo Industrial Productos de Concretos Peninsulares, S.A. de C.V. (Procon), empresa que pretende crear un\u2026","rel":"","context":"En &quot;CINTILLO&quot;","block_context":{"text":"CINTILLO","link":"http:\/\/www.grieta.org.mx\/index.php\/category\/cintillo\/"},"img":{"alt_text":"","src":"https:\/\/i0.wp.com\/www.grieta.org.mx\/wp-content\/uploads\/2018\/03\/14524434_1106112876131411_958039263622046936_o.jpg?resize=350%2C200","width":350,"height":200,"srcset":"https:\/\/i0.wp.com\/www.grieta.org.mx\/wp-content\/uploads\/2018\/03\/14524434_1106112876131411_958039263622046936_o.jpg?resize=350%2C200 1x, https:\/\/i0.wp.com\/www.grieta.org.mx\/wp-content\/uploads\/2018\/03\/14524434_1106112876131411_958039263622046936_o.jpg?resize=525%2C300 1.5x, https:\/\/i0.wp.com\/www.grieta.org.mx\/wp-content\/uploads\/2018\/03\/14524434_1106112876131411_958039263622046936_o.jpg?resize=700%2C400 2x"},"classes":[]},{"id":60874,"url":"http:\/\/www.grieta.org.mx\/index.php\/2021\/07\/28\/dos-comunidades-dicen-no-a-la-industria-porcina-en-yucatan\/","url_meta":{"origin":62753,"position":5},"title":"Dos comunidades dicen NO a la industria porcina en Yucat\u00e1n","author":"grieta","date":"28 julio, 2021","format":false,"excerpt":"Itzela Olivarri \/ Avispa Midia El pasado domingo, 25 de julio, los pueblos mayas de Kinchil, Celest\u00fan y San Fernando participaron en el proceso de autoconsulta para decidir sobre la operaci\u00f3n de granjas porcinas en sus territorios. La autoconsulta fue convocada por el Consejo Maya del Poniente Chik\u00b4in Ja\u00b4-Kinchil; el\u2026","rel":"","context":"En &quot;Agroindustria&quot;","block_context":{"text":"Agroindustria","link":"http:\/\/www.grieta.org.mx\/index.php\/category\/megaproyectos\/agroindustria\/"},"img":{"alt_text":"","src":"https:\/\/i0.wp.com\/www.grieta.org.mx\/wp-content\/uploads\/2021\/08\/celestun4-1-e1627933301145.jpg?resize=350%2C200","width":350,"height":200,"srcset":"https:\/\/i0.wp.com\/www.grieta.org.mx\/wp-content\/uploads\/2021\/08\/celestun4-1-e1627933301145.jpg?resize=350%2C200 1x, https:\/\/i0.wp.com\/www.grieta.org.mx\/wp-content\/uploads\/2021\/08\/celestun4-1-e1627933301145.jpg?resize=525%2C300 1.5x, https:\/\/i0.wp.com\/www.grieta.org.mx\/wp-content\/uploads\/2021\/08\/celestun4-1-e1627933301145.jpg?resize=700%2C400 2x"},"classes":[]}],"_links":{"self":[{"href":"http:\/\/www.grieta.org.mx\/index.php\/wp-json\/wp\/v2\/posts\/62753","targetHints":{"allow":["GET"]}}],"collection":[{"href":"http:\/\/www.grieta.org.mx\/index.php\/wp-json\/wp\/v2\/posts"}],"about":[{"href":"http:\/\/www.grieta.org.mx\/index.php\/wp-json\/wp\/v2\/types\/post"}],"author":[{"embeddable":true,"href":"http:\/\/www.grieta.org.mx\/index.php\/wp-json\/wp\/v2\/users\/2"}],"replies":[{"embeddable":true,"href":"http:\/\/www.grieta.org.mx\/index.php\/wp-json\/wp\/v2\/comments?post=62753"}],"version-history":[{"count":1,"href":"http:\/\/www.grieta.org.mx\/index.php\/wp-json\/wp\/v2\/posts\/62753\/revisions"}],"predecessor-version":[{"id":62755,"href":"http:\/\/www.grieta.org.mx\/index.php\/wp-json\/wp\/v2\/posts\/62753\/revisions\/62755"}],"wp:featuredmedia":[{"embeddable":true,"href":"http:\/\/www.grieta.org.mx\/index.php\/wp-json\/wp\/v2\/media\/62754"}],"wp:attachment":[{"href":"http:\/\/www.grieta.org.mx\/index.php\/wp-json\/wp\/v2\/media?parent=62753"}],"wp:term":[{"taxonomy":"category","embeddable":true,"href":"http:\/\/www.grieta.org.mx\/index.php\/wp-json\/wp\/v2\/categories?post=62753"},{"taxonomy":"post_tag","embeddable":true,"href":"http:\/\/www.grieta.org.mx\/index.php\/wp-json\/wp\/v2\/tags?post=62753"}],"curies":[{"name":"wp","href":"https:\/\/api.w.org\/{rel}","templated":true}]}}