{"id":6267,"date":"2016-09-05T09:00:52","date_gmt":"2016-09-05T14:00:52","guid":{"rendered":"http:\/\/50.22.11.12\/~grietaor\/?p=6267"},"modified":"2016-09-06T13:52:04","modified_gmt":"2016-09-06T18:52:04","slug":"denuncian-compra-ilegal-de-tierras-en-chablekal-yucatan-2","status":"publish","type":"post","link":"http:\/\/www.grieta.org.mx\/index.php\/2016\/09\/05\/denuncian-compra-ilegal-de-tierras-en-chablekal-yucatan-2\/","title":{"rendered":"Represi\u00f3n y compra ilegal de tierras en Chablekal, Yucat\u00e1n"},"content":{"rendered":"<p><strong>05\/09\/16. <\/strong><a href=\"http:\/\/www.grieta.org.mx\/index.php\/2016\/09\/05\/impune-violencia-contra-ciudadanos-en-chablekal-yucatan\/\">Impune violencia contra ciudadanos en Chablekal  (Yucat\u00e1n)<\/a><br \/>\n<em>Tribuna<\/em><\/p>\n<p><strong>31\/08\/16. <\/strong><a href=\"http:\/\/www.grieta.org.mx\/index.php\/2016\/08\/31\/pueblo-maya-de-chablekal-denuncia-despojo-de-tierras-en-beneficio-de-empresarios\/\">Pueblo maya de Chablekal denuncia despojo de tierras en beneficio de empresarios<\/a><br \/>\n<em>Kaosenlared<\/em><\/p>\n<p><strong>18\/05\/16. <\/strong><a href=\"http:\/\/www.grieta.org.mx\/index.php\/2016\/05\/18\/chablekal-exige-en-audiencia-que-se-reconozca-su-derecho-a-la-tierra-y-al-territorio\/\">Chablekal exige en audiencia que se reconozca su derecho a la tierra y al territorio<\/a><br \/>\n<em>Kaosenlared<\/em><\/p>\n<p><strong>05\/05\/16. <\/strong><a href=\"http:\/\/www.grieta.org.mx\/index.php\/2016\/05\/05\/en-libertad-los-detenidos-de-chablekal\/\">En libertad, los detenidos de Chablekal<\/a><br \/>\n<em>P\u00e1gin@bierta<\/em><\/p>\n<p><strong>05\/05\/16. <\/strong><a href=\"http:\/\/www.grieta.org.mx\/index.php\/2016\/05\/05\/fallido-intento-de-hacer-abortar-una-protesta-de-vecinos-de-chablekal-ante-palacio\/\">Fallido intento de hacer abortar una protesta de vecinos de Chablekal ante Palacio<\/a><br \/>\n<em>Mayapolitikon<\/em><\/p>\n<p><strong>05\/05\/16. <\/strong><a href=\"http:\/\/www.grieta.org.mx\/index.php\/2016\/05\/05\/pobladores-de-chablekal-preparan-masiva-movilizacion\/\">Pobladores de Chablekal preparan masiva movilizaci\u00f3n<\/a><br \/>\n<em>Diario de Yucat\u00e1n<\/em><\/p>\n<p><strong>03\/05\/16. <\/strong><a href=\"http:\/\/www.grieta.org.mx\/index.php\/2016\/05\/03\/policia-de-yucatan-golpea-detiene-y-luego-libera-a-defensores-de-derechos-humanos-del-equipo-indignacion-ac\/\">Policia de Yucat\u00e1n golpea, detiene y luego libera a defensores de derechos humanos del equipo Indignaci\u00f3n AC<\/a><br \/>\n<em>Centro de Medios Libres<\/em><\/p>\n<p><strong>03\/05\/16. <\/strong><a href=\"http:\/\/www.grieta.org.mx\/index.php\/2016\/05\/03\/yucatan-tras-intento-de-desalojo-policia-estatal-agrede-a-pobladores-de-chablekal\/\">Yucat\u00e1n: Tras intento de desalojo, polic\u00eda estatal agrede a pobladores de Chablekal<\/a><br \/>\n<em>Regeneraci\u00f3n Radio<\/em><\/p>\n<p><strong>03\/05\/16. <\/strong><a href=\"http:\/\/www.grieta.org.mx\/index.php\/2016\/05\/03\/brutal-operativo-en-chablekal-con-gases-lacrimogenos-y-allanamiento-de-iglesia-contra-habitantes-y-equipo-indignacion\/\">Brutal operativo en Chablekal con gases lacrim\u00f3genos y allanamiento de Iglesia contra habitantes y Equipo Indignaci\u00f3n<\/a><br \/>\n<em>Infolliteras<\/em><\/p>\n<p><strong>25\/02\/16. <\/strong><a href=\"http:\/\/grieta.org.mx\/index.php\/2016\/02\/25\/clausuran-ejidatarios-de-chablekal-a-la-procuraduria-agraria-por-inaccion-ante-despojo-de-tierras\/\">Clausuran ejidatarios de Chablekal a la Procuradur\u00eda Agraria por inacci\u00f3n ante despojo de tierras<\/a><br \/>\n<em>Infolliteras<\/em><\/p>\n<p><strong>29\/01\/16. <\/strong><a href=\"http:\/\/grieta.org.mx\/index.php\/2016\/01\/29\/denuncian-compra-ilegal-de-tierras-en-chablekal-yucatan\/\">Denuncian compra ilegal de tierras en Chablekal, Yucat\u00e1n<\/a><br \/>\n<em>P\u00e1gin@bierta<\/em><\/p>\n","protected":false},"excerpt":{"rendered":"<p>05\/09\/16. Impune violencia contra ciudadanos en Chablekal (Yucat\u00e1n) Tribuna 31\/08\/16. Pueblo maya de Chablekal denuncia despojo de tierras en beneficio de empresarios Kaosenlared 18\/05\/16. Chablekal exige en audiencia que se &hellip; <a href=\"http:\/\/www.grieta.org.mx\/index.php\/2016\/09\/05\/denuncian-compra-ilegal-de-tierras-en-chablekal-yucatan-2\/\" class=\"more-link\">Leer m\u00e1s<\/a><\/p>\n","protected":false},"author":2,"featured_media":21928,"comment_status":"closed","ping_status":"open","sticky":false,"template":"","format":"standard","meta":{"ngg_post_thumbnail":0,"_jetpack_newsletter_access":"","_jetpack_dont_email_post_to_subs":false,"_jetpack_newsletter_tier_id":0,"_jetpack_memberships_contains_paywalled_content":false,"_jetpack_memberships_contains_paid_content":false,"footnotes":""},"categories":[60,2,36],"tags":[],"class_list":["post-6267","post","type-post","status-publish","format-standard","has-post-thumbnail","hentry","category-16-pueblo-maya","category-noticias-nacionales","category-yucatan","entry"],"jetpack_featured_media_url":"http:\/\/www.grieta.org.mx\/wp-content\/uploads\/2018\/03\/14524434_1106112876131411_958039263622046936_o.jpg","jetpack_sharing_enabled":true,"jetpack_shortlink":"https:\/\/wp.me\/p7ZJR4-1D5","jetpack_likes_enabled":false,"jetpack-related-posts":[{"id":6265,"url":"http:\/\/www.grieta.org.mx\/index.php\/2016\/02\/25\/clausuran-ejidatarios-de-chablekal-a-la-procuraduria-agraria-por-inaccion-ante-despojo-de-tierras\/","url_meta":{"origin":6267,"position":0},"title":"Clausuran ejidatarios de Chablekal a la Procuradur\u00eda Agraria por inacci\u00f3n ante despojo de tierras","author":"grieta","date":"25 febrero, 2016","format":false,"excerpt":"Redacci\u00f3n.- El d\u00eda de hoy pobladoras y pobladores de Chablekal realizaron una protesta en la delegaci\u00f3n Yucat\u00e1n de la Procuradur\u00eda Agraria y entregaron un escrito denunciando malas pr\u00e1cticas que persisten en el ejido de Chablekal y la nula actuaci\u00f3n de la Procuradur\u00eda Agraria. La Uni\u00f3n de Pobladoras y Pobladores de\u2026","rel":"","context":"En &quot;CINTILLO&quot;","block_context":{"text":"CINTILLO","link":"http:\/\/www.grieta.org.mx\/index.php\/category\/cintillo\/"},"img":{"alt_text":"","src":"https:\/\/i0.wp.com\/www.grieta.org.mx\/wp-content\/uploads\/2018\/03\/14524434_1106112876131411_958039263622046936_o.jpg?resize=350%2C200","width":350,"height":200,"srcset":"https:\/\/i0.wp.com\/www.grieta.org.mx\/wp-content\/uploads\/2018\/03\/14524434_1106112876131411_958039263622046936_o.jpg?resize=350%2C200 1x, https:\/\/i0.wp.com\/www.grieta.org.mx\/wp-content\/uploads\/2018\/03\/14524434_1106112876131411_958039263622046936_o.jpg?resize=525%2C300 1.5x, https:\/\/i0.wp.com\/www.grieta.org.mx\/wp-content\/uploads\/2018\/03\/14524434_1106112876131411_958039263622046936_o.jpg?resize=700%2C400 2x"},"classes":[]},{"id":66124,"url":"http:\/\/www.grieta.org.mx\/index.php\/2023\/01\/19\/lucha-un-grupo-de-chablekal-contra-venta-de-sus-tierras-yucatan\/","url_meta":{"origin":6267,"position":1},"title":"Lucha un grupo de Chablekal contra venta de sus tierras (Yucat\u00e1n)","author":"grieta","date":"19 enero, 2023","format":false,"excerpt":"Diario de Yucat\u00e1n \u201cNos hemos enterado de las declaraciones de Diego Prieto, director del Instituto Nacional de Antropolog\u00eda e Historia (INAH), quien dice que el gobierno de M\u00e9xico garantizar\u00e1, como no se hab\u00eda hecho antes, la salvaguarda del patrimonio arqueol\u00f3gico de los pueblos ind\u00edgenas\u201d, se\u00f1ala en un comunicado la Uni\u00f3n\u2026","rel":"","context":"En &quot;CINTILLO&quot;","block_context":{"text":"CINTILLO","link":"http:\/\/www.grieta.org.mx\/index.php\/category\/cintillo\/"},"img":{"alt_text":"","src":"https:\/\/i0.wp.com\/www.grieta.org.mx\/wp-content\/uploads\/2023\/01\/Chablekal.jpg?resize=350%2C200","width":350,"height":200},"classes":[]},{"id":20647,"url":"http:\/\/www.grieta.org.mx\/index.php\/2016\/08\/31\/pueblo-maya-de-chablekal-denuncia-despojo-de-tierras-en-beneficio-de-empresarios\/","url_meta":{"origin":6267,"position":2},"title":"Pueblo maya de Chablekal denuncia despojo de tierras en beneficio de empresarios","author":"grieta","date":"31 agosto, 2016","format":false,"excerpt":"Pueblo maya de Chablekal denuncia despojo de tierras en beneficio de empresarios Este 31 de agosto, en punto del medio d\u00eda, la Uni\u00f3n de Pobladoras y Pobladores de Chablekal en Defensa de la Tierra y el Territorio, llev\u00f3 a cabo una rueda de prensa en la puerta del Tribunal Agrario\u2026","rel":"","context":"En &quot;CINTILLO&quot;","block_context":{"text":"CINTILLO","link":"http:\/\/www.grieta.org.mx\/index.php\/category\/cintillo\/"},"img":{"alt_text":"","src":"https:\/\/i0.wp.com\/www.grieta.org.mx\/wp-content\/uploads\/2018\/03\/14524434_1106112876131411_958039263622046936_o.jpg?resize=350%2C200","width":350,"height":200,"srcset":"https:\/\/i0.wp.com\/www.grieta.org.mx\/wp-content\/uploads\/2018\/03\/14524434_1106112876131411_958039263622046936_o.jpg?resize=350%2C200 1x, https:\/\/i0.wp.com\/www.grieta.org.mx\/wp-content\/uploads\/2018\/03\/14524434_1106112876131411_958039263622046936_o.jpg?resize=525%2C300 1.5x, https:\/\/i0.wp.com\/www.grieta.org.mx\/wp-content\/uploads\/2018\/03\/14524434_1106112876131411_958039263622046936_o.jpg?resize=700%2C400 2x"},"classes":[]},{"id":6280,"url":"http:\/\/www.grieta.org.mx\/index.php\/2016\/01\/29\/denuncian-compra-ilegal-de-tierras-en-chablekal-yucatan\/","url_meta":{"origin":6267,"position":3},"title":"Denuncian compra ilegal de tierras en Chablekal, Yucat\u00e1n","author":"grieta","date":"29 enero, 2016","format":false,"excerpt":"El Equipo Indignaci\u00f3n difunde la denuncia y una alerta de la Uni\u00f3n de Pobladoras y Pobladores de Chablekal por el Derecho a la Tenencia de la Tierra, el Territorio y los Recursos Naturales. CHABLEKAL, Yuc. 28 de enero del 2016.- El Equipo Indignaci\u00f3n difundi\u00f3 una denuncia y una alerta de\u2026","rel":"","context":"En &quot;CINTILLO&quot;","block_context":{"text":"CINTILLO","link":"http:\/\/www.grieta.org.mx\/index.php\/category\/cintillo\/"},"img":{"alt_text":"","src":"https:\/\/i0.wp.com\/www.grieta.org.mx\/wp-content\/uploads\/2018\/03\/14524434_1106112876131411_958039263622046936_o.jpg?resize=350%2C200","width":350,"height":200,"srcset":"https:\/\/i0.wp.com\/www.grieta.org.mx\/wp-content\/uploads\/2018\/03\/14524434_1106112876131411_958039263622046936_o.jpg?resize=350%2C200 1x, https:\/\/i0.wp.com\/www.grieta.org.mx\/wp-content\/uploads\/2018\/03\/14524434_1106112876131411_958039263622046936_o.jpg?resize=525%2C300 1.5x, https:\/\/i0.wp.com\/www.grieta.org.mx\/wp-content\/uploads\/2018\/03\/14524434_1106112876131411_958039263622046936_o.jpg?resize=700%2C400 2x"},"classes":[]},{"id":71935,"url":"http:\/\/www.grieta.org.mx\/index.php\/2025\/06\/30\/investigan-dano-al-patrimonio-arqueologico-por-tala-ilegal-en-misnebalamyucatan\/","url_meta":{"origin":6267,"position":4},"title":"Investigan da\u00f1o al patrimonio arqueol\u00f3gico por tala ilegal en Misnebalam(Yucat\u00e1n)","author":"grieta","date":"30 junio, 2025","format":false,"excerpt":"Haz Ruido El INAH y la PROFEPA clausuraron el sitio e investigan a los responsables por dichas actividades sin autorizaci\u00f3n legal. M\u00e9rida, Yucat\u00e1n, 30 de junio de 2025.-La Uni\u00f3n de Pobladores y Pobladoras de Chablekal denunci\u00f3 que el territorio de Misnebalam no s\u00f3lo sufri\u00f3 un desmonte ilegal, sino que tambi\u00e9n\u2026","rel":"","context":"En &quot;CINTILLO&quot;","block_context":{"text":"CINTILLO","link":"http:\/\/www.grieta.org.mx\/index.php\/category\/cintillo\/"},"img":{"alt_text":"","src":"https:\/\/i0.wp.com\/www.grieta.org.mx\/wp-content\/uploads\/2025\/07\/Misnebalam-e1751717449892.jpg?resize=350%2C200","width":350,"height":200,"srcset":"https:\/\/i0.wp.com\/www.grieta.org.mx\/wp-content\/uploads\/2025\/07\/Misnebalam-e1751717449892.jpg?resize=350%2C200 1x, https:\/\/i0.wp.com\/www.grieta.org.mx\/wp-content\/uploads\/2025\/07\/Misnebalam-e1751717449892.jpg?resize=525%2C300 1.5x, https:\/\/i0.wp.com\/www.grieta.org.mx\/wp-content\/uploads\/2025\/07\/Misnebalam-e1751717449892.jpg?resize=700%2C400 2x"},"classes":[]},{"id":41030,"url":"http:\/\/www.grieta.org.mx\/index.php\/2019\/11\/08\/demandan-por-tierras-ejidales-yucatan\/","url_meta":{"origin":6267,"position":5},"title":"Demandan por tierras ejidales (Yucat\u00e1n)","author":"grieta","date":"8 noviembre, 2019","format":false,"excerpt":"Gabriel Chan Uicab\/Diario de Yucat\u00e1n En Chablekal se acusa a exl\u00edderes de ventas ilegales Habitantes de Chablekal e integrantes de la Uni\u00f3n de Pobladores y Pobladoras anunciaron ayer los recursos jur\u00eddicos que presentaron ante autoridades en contra del ejido por la violaci\u00f3n a las medidas precautorias que dict\u00f3 un juez\u2026","rel":"","context":"En &quot;CINTILLO&quot;","block_context":{"text":"CINTILLO","link":"http:\/\/www.grieta.org.mx\/index.php\/category\/cintillo\/"},"img":{"alt_text":"","src":"https:\/\/i0.wp.com\/www.grieta.org.mx\/wp-content\/uploads\/2019\/11\/IMG-30267115.jpg?resize=350%2C200","width":350,"height":200,"srcset":"https:\/\/i0.wp.com\/www.grieta.org.mx\/wp-content\/uploads\/2019\/11\/IMG-30267115.jpg?resize=350%2C200 1x, https:\/\/i0.wp.com\/www.grieta.org.mx\/wp-content\/uploads\/2019\/11\/IMG-30267115.jpg?resize=525%2C300 1.5x, https:\/\/i0.wp.com\/www.grieta.org.mx\/wp-content\/uploads\/2019\/11\/IMG-30267115.jpg?resize=700%2C400 2x"},"classes":[]}],"_links":{"self":[{"href":"http:\/\/www.grieta.org.mx\/index.php\/wp-json\/wp\/v2\/posts\/6267","targetHints":{"allow":["GET"]}}],"collection":[{"href":"http:\/\/www.grieta.org.mx\/index.php\/wp-json\/wp\/v2\/posts"}],"about":[{"href":"http:\/\/www.grieta.org.mx\/index.php\/wp-json\/wp\/v2\/types\/post"}],"author":[{"embeddable":true,"href":"http:\/\/www.grieta.org.mx\/index.php\/wp-json\/wp\/v2\/users\/2"}],"replies":[{"embeddable":true,"href":"http:\/\/www.grieta.org.mx\/index.php\/wp-json\/wp\/v2\/comments?post=6267"}],"version-history":[{"count":1,"href":"http:\/\/www.grieta.org.mx\/index.php\/wp-json\/wp\/v2\/posts\/6267\/revisions"}],"predecessor-version":[{"id":21051,"href":"http:\/\/www.grieta.org.mx\/index.php\/wp-json\/wp\/v2\/posts\/6267\/revisions\/21051"}],"wp:featuredmedia":[{"embeddable":true,"href":"http:\/\/www.grieta.org.mx\/index.php\/wp-json\/wp\/v2\/media\/21928"}],"wp:attachment":[{"href":"http:\/\/www.grieta.org.mx\/index.php\/wp-json\/wp\/v2\/media?parent=6267"}],"wp:term":[{"taxonomy":"category","embeddable":true,"href":"http:\/\/www.grieta.org.mx\/index.php\/wp-json\/wp\/v2\/categories?post=6267"},{"taxonomy":"post_tag","embeddable":true,"href":"http:\/\/www.grieta.org.mx\/index.php\/wp-json\/wp\/v2\/tags?post=6267"}],"curies":[{"name":"wp","href":"https:\/\/api.w.org\/{rel}","templated":true}]}}