{"id":625,"date":"2015-03-21T19:56:56","date_gmt":"2015-03-21T19:56:56","guid":{"rendered":"http:\/\/50.22.11.12\/~grietaor\/?p=625"},"modified":"2016-03-01T19:58:11","modified_gmt":"2016-03-01T19:58:11","slug":"reducen-20-salario-en-la-administracion-central-de-la-uaz","status":"publish","type":"post","link":"http:\/\/www.grieta.org.mx\/index.php\/2015\/03\/21\/reducen-20-salario-en-la-administracion-central-de-la-uaz\/","title":{"rendered":"Reducen 20% salario en la administraci\u00f3n central de la UAZ"},"content":{"rendered":"<p>El Sol de Zacatecas<br \/>\n21 de marzo de 2015<\/p>\n<p>Hayde\u00e9 Santill\u00e1n<\/p>\n<p>Zacatecas, Zacatecas.- Se realiza ajuste a la n\u00f3mina de la administraci\u00f3n central de la Universidad Aut\u00f3noma de Zacatecas (UAZ), de un 20 por ciento, lo que corresponde a un ahorro aproximado de 10 millones de pesos de manera anual.<\/p>\n<p>Indic\u00f3 Armando Silva Ch\u00e1irez, rector de la M\u00e1xima Casa de Estudios, que de acuerdo al documento de conjuraci\u00f3n de la huelga que sostuvo el Sindicato del Personal Acad\u00e9mico de la Universidad (SPAUAZ), se efectu\u00f3 el compromiso de que fueran tan s\u00f3lo 10 por ciento, pero efectuando un di\u00e1logo con los trabajadores se determin\u00f3 un ajuste del 20 por ciento.<\/p>\n<p>Asegur\u00f3 que el ajuste a la n\u00f3mina que representaba un gasto de manera anual de 53 millones 784 mil 951 pesos, forma parte de las alternativas que se han planteado por parte de rector\u00eda para buscar la estabilidad de la instituci\u00f3n.<\/p>\n<p>\u201cLa disminuci\u00f3n del 20 por ciento del salario es una alternativa real de soluci\u00f3n, forma parte de algunos planteamientos y ajustes que debemos de aplicar desde la administraci\u00f3n central, ya comenzamos a hacer los ajustes desde la quincena que acaba de pasar\u201d, explic\u00f3 Silva Ch\u00e1irez.<\/p>\n<p>Asimismo dijo que dicho ajuste, permitir\u00e1 que la Secretar\u00eda de Hacienda y Cr\u00e9dito P\u00fablico (SHCP), tenga certeza de los ajustes que se har\u00e1n en el gasto de la instituci\u00f3n y con ello dar pie a los acuerdos necesarios para poder corregir el rumbo de la universidad.<\/p>\n<p>\u201cCon esto mandamos un mensaje de disposici\u00f3n para Hacienda y para la SEP para que nos apoyen en la cuesti\u00f3n de la soluci\u00f3n de los adeudos, esperamos lograr un mayor reconocimiento de plazas, porque al cierre del 2014, un total de 693 plazas no se encontraban respaldadas, de las cuales 158 son de medio tiempo y poco m\u00e1s de 26 mil poco son horas clase semana mes\u201d.<\/p>\n<p>Se espera que el pr\u00f3ximo lunes se pueda entablar una reuni\u00f3n con la Presidencia Colegiada para que se analice el posible costo en que se vender\u00eda el parque vehicular de la instituci\u00f3n, en dicha reuni\u00f3n se determinar\u00e1 si se requiere del Consejo Universitario para que avalen dichas ventas.<\/p>\n<p>\u201cYa se tienen los valores comerciales de los veh\u00edculos, falta el proceso de aprobaci\u00f3n de la Presidencia Colegiada apruebe, con la venta del parque vehicular y mobiliario se est\u00e1 considerando obtener cerca de 5 millones de pesos\u201d, explic\u00f3.<\/p>\n<p>En los ajustes que tiene que ver con el gasto de operaci\u00f3n, se ha programado que este sea de un 60 por ciento, lo que representar\u00eda monetariamente hablando un ahorro significativo.<\/p>\n<p>En lo que respecta al pago de sueldos ca\u00eddos de los docentes que mantuvieron la huelga por un lapso de un mes, indic\u00f3 que desde el pasado 19 de marzo se efectu\u00f3 el pago correspondiente, como se hab\u00eda pactado en el documento de conjuramento, asimismo el retroactivo del incremento salarial del 3.4 por ciento.<\/p>\n<p><a href=\"http:\/\/www.oem.com.mx\/elsoldezacatecas\/notas\/n3746040.htm\" target=\"_blank\">www.oem.com.mx\/elsoldezacatecas\/notas\/n3746040.htm<\/a><\/p>\n","protected":false},"excerpt":{"rendered":"<p>El Sol de Zacatecas 21 de marzo de 2015 Hayde\u00e9 Santill\u00e1n Zacatecas, Zacatecas.- Se realiza ajuste a la n\u00f3mina de la administraci\u00f3n central de la Universidad Aut\u00f3noma de Zacatecas (UAZ), &hellip; <a href=\"http:\/\/www.grieta.org.mx\/index.php\/2015\/03\/21\/reducen-20-salario-en-la-administracion-central-de-la-uaz\/\" class=\"more-link\">Leer m\u00e1s<\/a><\/p>\n","protected":false},"author":2,"featured_media":21928,"comment_status":"closed","ping_status":"open","sticky":false,"template":"","format":"standard","meta":{"ngg_post_thumbnail":0,"_jetpack_newsletter_access":"","_jetpack_dont_email_post_to_subs":false,"_jetpack_newsletter_tier_id":0,"_jetpack_memberships_contains_paywalled_content":false,"_jetpack_memberships_contains_paid_content":false,"footnotes":""},"categories":[80,139],"tags":[105,107],"class_list":["post-625","post","type-post","status-publish","format-standard","has-post-thumbnail","hentry","category-cintillo","category-zacatecas","tag-derechos-laborales","tag-educacion","entry"],"jetpack_featured_media_url":"http:\/\/www.grieta.org.mx\/wp-content\/uploads\/2018\/03\/14524434_1106112876131411_958039263622046936_o.jpg","jetpack_sharing_enabled":true,"jetpack_shortlink":"https:\/\/wp.me\/p7ZJR4-a5","jetpack_likes_enabled":false,"jetpack-related-posts":[{"id":587,"url":"http:\/\/www.grieta.org.mx\/index.php\/2016\/02\/15\/otro-paro-en-la-uaz\/","url_meta":{"origin":625,"position":0},"title":"Otro paro en la UAZ","author":"grieta","date":"15 febrero, 2016","format":false,"excerpt":"Zacatecas Lunes, 15 de febrero de 2016 ABIGAIL SALINAS Zacatecas.- Al mediod\u00eda de este lunes, en asamblea general del Sindicato del Personal Acad\u00e9mico de la Universidad Aut\u00f3noma de Zacatecas (SPAUAZ), se decidi\u00f3 realizar un paro general de actividades este martes en todos los planteles de la m\u00e1xima casa de estudios\u2026","rel":"","context":"En &quot;CINTILLO&quot;","block_context":{"text":"CINTILLO","link":"http:\/\/www.grieta.org.mx\/index.php\/category\/cintillo\/"},"img":{"alt_text":"","src":"https:\/\/i0.wp.com\/www.grieta.org.mx\/wp-content\/uploads\/2018\/03\/14524434_1106112876131411_958039263622046936_o.jpg?resize=350%2C200","width":350,"height":200,"srcset":"https:\/\/i0.wp.com\/www.grieta.org.mx\/wp-content\/uploads\/2018\/03\/14524434_1106112876131411_958039263622046936_o.jpg?resize=350%2C200 1x, https:\/\/i0.wp.com\/www.grieta.org.mx\/wp-content\/uploads\/2018\/03\/14524434_1106112876131411_958039263622046936_o.jpg?resize=525%2C300 1.5x, https:\/\/i0.wp.com\/www.grieta.org.mx\/wp-content\/uploads\/2018\/03\/14524434_1106112876131411_958039263622046936_o.jpg?resize=700%2C400 2x"},"classes":[]},{"id":592,"url":"http:\/\/www.grieta.org.mx\/index.php\/2016\/01\/27\/paro-general-en-la-uaz\/","url_meta":{"origin":625,"position":1},"title":"Paro general en la UAZ","author":"grieta","date":"27 enero, 2016","format":false,"excerpt":"Mi\u00e9rcoles, 27 de enero de 2016 ABIGAIL SALINAS Zacatecas.- De las 7 a las 19 horas de este mi\u00e9rcoles, Sindicato de Personal Acad\u00e9mico de la Universidad Aut\u00f3noma de Zacatecas (SPAUAZ) mantendr\u00e1 un paro general en la universidad, debido a que a\u00fan queda pendiente el pago de 70 millones de pesos\u2026","rel":"","context":"En &quot;CINTILLO&quot;","block_context":{"text":"CINTILLO","link":"http:\/\/www.grieta.org.mx\/index.php\/category\/cintillo\/"},"img":{"alt_text":"","src":"https:\/\/i0.wp.com\/www.grieta.org.mx\/wp-content\/uploads\/2018\/03\/14524434_1106112876131411_958039263622046936_o.jpg?resize=350%2C200","width":350,"height":200,"srcset":"https:\/\/i0.wp.com\/www.grieta.org.mx\/wp-content\/uploads\/2018\/03\/14524434_1106112876131411_958039263622046936_o.jpg?resize=350%2C200 1x, https:\/\/i0.wp.com\/www.grieta.org.mx\/wp-content\/uploads\/2018\/03\/14524434_1106112876131411_958039263622046936_o.jpg?resize=525%2C300 1.5x, https:\/\/i0.wp.com\/www.grieta.org.mx\/wp-content\/uploads\/2018\/03\/14524434_1106112876131411_958039263622046936_o.jpg?resize=700%2C400 2x"},"classes":[]},{"id":678,"url":"http:\/\/www.grieta.org.mx\/index.php\/2016\/02\/15\/conflictos-en-la-universidad-autonoma-de-zacatecas\/","url_meta":{"origin":625,"position":2},"title":"Conflictos en la Universidad Aut\u00f3noma de Zacatecas","author":"grieta","date":"15 febrero, 2016","format":false,"excerpt":"15\/02\/16. Otro Paro en la UAZ NTR Zacatecas 12\/02\/16. Planta rector a SPAUAZ; STUAZ rechaza huelga NTR Zacatecas 27\/01\/16. Paro general en la UAZ NTR Zacatecas 26\/01\/16. Condicionan a alumnos de medicina de la UAZ NTR Zacatecas 18\/01\/16. Denuncia SPAUAZ a rector por peculado NTR Zacatecas 17\/12\/15. Prestar\u00e1 SPAUAZ dinero\u2026","rel":"","context":"En &quot;Zacatecas&quot;","block_context":{"text":"Zacatecas","link":"http:\/\/www.grieta.org.mx\/index.php\/category\/noticias-nacionales\/zacatecas\/"},"img":{"alt_text":"","src":"https:\/\/i0.wp.com\/www.grieta.org.mx\/wp-content\/uploads\/2018\/03\/14524434_1106112876131411_958039263622046936_o.jpg?resize=350%2C200","width":350,"height":200,"srcset":"https:\/\/i0.wp.com\/www.grieta.org.mx\/wp-content\/uploads\/2018\/03\/14524434_1106112876131411_958039263622046936_o.jpg?resize=350%2C200 1x, https:\/\/i0.wp.com\/www.grieta.org.mx\/wp-content\/uploads\/2018\/03\/14524434_1106112876131411_958039263622046936_o.jpg?resize=525%2C300 1.5x, https:\/\/i0.wp.com\/www.grieta.org.mx\/wp-content\/uploads\/2018\/03\/14524434_1106112876131411_958039263622046936_o.jpg?resize=700%2C400 2x"},"classes":[]},{"id":71056,"url":"http:\/\/www.grieta.org.mx\/index.php\/2025\/02\/18\/profesores-de-la-uaz-se-van-a-huelga-para-exigir-mejores-condiciones-laborales-zacatecas\/","url_meta":{"origin":625,"position":3},"title":"Profesores de la UAZ se van a huelga para exigir mejores condiciones laborales (Zacatecas)","author":"grieta","date":"18 febrero, 2025","format":false,"excerpt":"Proceso Por Alonso Ch\u00e1vez Landeros martes, 18 de febrero de 2025 \u00b7 ZACATECAS, Zac. (apro).- Este mediod\u00eda de martes fueron colocadas las banderas rojinegras en la Universidad Aut\u00f3noma de Zacatecas (UAZ) tras estallar la huelga los integrantes del Sindicato de Personal Acad\u00e9mico (SPAUAZ). La huelga fue aprobada por la mayor\u00eda\u2026","rel":"","context":"En &quot;CINTILLO&quot;","block_context":{"text":"CINTILLO","link":"http:\/\/www.grieta.org.mx\/index.php\/category\/cintillo\/"},"img":{"alt_text":"","src":"https:\/\/i0.wp.com\/www.grieta.org.mx\/wp-content\/uploads\/2025\/02\/f685x385-217268_254961_5050.webp?resize=350%2C200","width":350,"height":200,"srcset":"https:\/\/i0.wp.com\/www.grieta.org.mx\/wp-content\/uploads\/2025\/02\/f685x385-217268_254961_5050.webp?resize=350%2C200 1x, https:\/\/i0.wp.com\/www.grieta.org.mx\/wp-content\/uploads\/2025\/02\/f685x385-217268_254961_5050.webp?resize=525%2C300 1.5x"},"classes":[]},{"id":615,"url":"http:\/\/www.grieta.org.mx\/index.php\/2015\/11\/04\/realizan-paro-de-12-horas-en-universidad-de-zacatecas\/","url_meta":{"origin":625,"position":4},"title":"Realizan paro de 12 horas en Universidad de Zacatecas","author":"grieta","date":"4 noviembre, 2015","format":false,"excerpt":"Notimex 04\/11\/15 Sindicato de Personal Acad\u00e9mico de la Universidad Aut\u00f3noma de Zacatecas (SPAUAZ)realiza un paro de 12 horas en la casa de estudios, en demanda de que le sean asignadas las cargas laborales del pr\u00f3ximo ciclo escolar. Ell\u00edder del SPAUAZ, Crescenciano S\u00e1nchez, confirm\u00f3 que el paro de actividades se desarrollar\u00e1\u2026","rel":"","context":"En &quot;CINTILLO&quot;","block_context":{"text":"CINTILLO","link":"http:\/\/www.grieta.org.mx\/index.php\/category\/cintillo\/"},"img":{"alt_text":"","src":"https:\/\/i0.wp.com\/www.grieta.org.mx\/wp-content\/uploads\/2018\/03\/14524434_1106112876131411_958039263622046936_o.jpg?resize=350%2C200","width":350,"height":200,"srcset":"https:\/\/i0.wp.com\/www.grieta.org.mx\/wp-content\/uploads\/2018\/03\/14524434_1106112876131411_958039263622046936_o.jpg?resize=350%2C200 1x, https:\/\/i0.wp.com\/www.grieta.org.mx\/wp-content\/uploads\/2018\/03\/14524434_1106112876131411_958039263622046936_o.jpg?resize=525%2C300 1.5x, https:\/\/i0.wp.com\/www.grieta.org.mx\/wp-content\/uploads\/2018\/03\/14524434_1106112876131411_958039263622046936_o.jpg?resize=700%2C400 2x"},"classes":[]},{"id":619,"url":"http:\/\/www.grieta.org.mx\/index.php\/2015\/09\/25\/levantan-paro-en-el-campus-uaz-siglo-xxi\/","url_meta":{"origin":625,"position":5},"title":"Levantan paro en el Campus UAZ Siglo XXI","author":"grieta","date":"25 septiembre, 2015","format":false,"excerpt":"NTR Zacatecas 25\/09\/2015 Zacatecas.- A las 15 horas de este viernes, se levant\u00f3 el paro en el Campus UAZ Siglo XXI que manten\u00edan docentes de la Unidad Acad\u00e9mica de Enfermer\u00eda, quienes solicitaban el pago de un semestre completo. Luego de 48 horas de paro, los docentes acordaron con el departamento\u2026","rel":"","context":"En &quot;CINTILLO&quot;","block_context":{"text":"CINTILLO","link":"http:\/\/www.grieta.org.mx\/index.php\/category\/cintillo\/"},"img":{"alt_text":"","src":"https:\/\/i0.wp.com\/www.grieta.org.mx\/wp-content\/uploads\/2018\/03\/14524434_1106112876131411_958039263622046936_o.jpg?resize=350%2C200","width":350,"height":200,"srcset":"https:\/\/i0.wp.com\/www.grieta.org.mx\/wp-content\/uploads\/2018\/03\/14524434_1106112876131411_958039263622046936_o.jpg?resize=350%2C200 1x, https:\/\/i0.wp.com\/www.grieta.org.mx\/wp-content\/uploads\/2018\/03\/14524434_1106112876131411_958039263622046936_o.jpg?resize=525%2C300 1.5x, https:\/\/i0.wp.com\/www.grieta.org.mx\/wp-content\/uploads\/2018\/03\/14524434_1106112876131411_958039263622046936_o.jpg?resize=700%2C400 2x"},"classes":[]}],"_links":{"self":[{"href":"http:\/\/www.grieta.org.mx\/index.php\/wp-json\/wp\/v2\/posts\/625","targetHints":{"allow":["GET"]}}],"collection":[{"href":"http:\/\/www.grieta.org.mx\/index.php\/wp-json\/wp\/v2\/posts"}],"about":[{"href":"http:\/\/www.grieta.org.mx\/index.php\/wp-json\/wp\/v2\/types\/post"}],"author":[{"embeddable":true,"href":"http:\/\/www.grieta.org.mx\/index.php\/wp-json\/wp\/v2\/users\/2"}],"replies":[{"embeddable":true,"href":"http:\/\/www.grieta.org.mx\/index.php\/wp-json\/wp\/v2\/comments?post=625"}],"version-history":[{"count":1,"href":"http:\/\/www.grieta.org.mx\/index.php\/wp-json\/wp\/v2\/posts\/625\/revisions"}],"predecessor-version":[{"id":626,"href":"http:\/\/www.grieta.org.mx\/index.php\/wp-json\/wp\/v2\/posts\/625\/revisions\/626"}],"wp:featuredmedia":[{"embeddable":true,"href":"http:\/\/www.grieta.org.mx\/index.php\/wp-json\/wp\/v2\/media\/21928"}],"wp:attachment":[{"href":"http:\/\/www.grieta.org.mx\/index.php\/wp-json\/wp\/v2\/media?parent=625"}],"wp:term":[{"taxonomy":"category","embeddable":true,"href":"http:\/\/www.grieta.org.mx\/index.php\/wp-json\/wp\/v2\/categories?post=625"},{"taxonomy":"post_tag","embeddable":true,"href":"http:\/\/www.grieta.org.mx\/index.php\/wp-json\/wp\/v2\/tags?post=625"}],"curies":[{"name":"wp","href":"https:\/\/api.w.org\/{rel}","templated":true}]}}