{"id":62487,"date":"2021-09-25T20:04:49","date_gmt":"2021-09-26T01:04:49","guid":{"rendered":"https:\/\/www.grieta.org.mx\/?p=62487"},"modified":"2021-10-28T20:21:18","modified_gmt":"2021-10-29T01:21:18","slug":"el-rio-laja-matar-un-rio-saqueando-su-arena","status":"publish","type":"post","link":"http:\/\/www.grieta.org.mx\/index.php\/2021\/09\/25\/el-rio-laja-matar-un-rio-saqueando-su-arena\/","title":{"rendered":"El r\u00edo Laja: matar un r\u00edo saqueando su arena"},"content":{"rendered":"<blockquote><p><strong>Por 25 a\u00f1os, empresarios saquearon y contaminaron el r\u00edo Laja. Todo con el permiso de Conagua, Profepa y Semarnat. Hoy, los campesinos exigen rescatar su cuenca.<\/strong><\/p><\/blockquote>\n<p>Pie de p\u00e1gina, 25 septiembre, 2021<\/p>\n<p>Texto: Raymundo Lucero V\u00e1zquez y Jes\u00fas Aguilar Balderas<\/p>\n<p>Fotos: Raymundo Lucero V\u00e1zquez<\/p>\n<p>GUANAJUATO.- Hace doscientos a\u00f1os, horas despu\u00e9s del inicio de la Independencia, Miguel Hidalgo cont\u00f3 con su primera tropa. Esta tropa, harapienta e inexperta, estaba conformada por unos 8 mil hombres y mujeres de pueblos campesinos, rancher\u00edas y una multitud de peones de haciendas. Casi toda esta gente del pueblo viv\u00eda a la orilla de un r\u00edo de aguas limpias y cristalinas que proven\u00eda de las monta\u00f1as del norte de Guanajuato.<\/p>\n<p>Esta primera tropa march\u00f3 hacia Atotonilco, al sur de Dolores, para encontrarse con los grupos de otros pueblos, todos venidos de la cuenca del r\u00edo Laja. Ah\u00ed, Hidalgo convirti\u00f3 el lienzo de la Virgen de Guadalupe en su estandarte de guerra.<\/p>\n<p>Se calcula que en la Toma de la Alh\u00f3ndiga de Granaditas participaron casi cincuenta mil personas como tropa; casi todas eran provenientes de los pueblos del R\u00edo Laja.<\/p>\n<figure id=\"attachment_62492\" aria-describedby=\"caption-attachment-62492\" style=\"width: 750px\" class=\"wp-caption alignnone\"><img loading=\"lazy\" decoding=\"async\" data-attachment-id=\"62492\" data-permalink=\"http:\/\/www.grieta.org.mx\/index.php\/2021\/09\/25\/el-rio-laja-matar-un-rio-saqueando-su-arena\/https-_piedepagina-mx_wp-content_uploads_2021_09_rio_laja1_raymundo_lucero\/\" data-orig-file=\"http:\/\/www.grieta.org.mx\/wp-content\/uploads\/2021\/10\/https-_piedepagina.mx_wp-content_uploads_2021_09_Rio_Laja1_Raymundo_Lucero.jpg\" data-orig-size=\"1134,895\" data-comments-opened=\"0\" data-image-meta=\"{&quot;aperture&quot;:&quot;0&quot;,&quot;credit&quot;:&quot;&quot;,&quot;camera&quot;:&quot;&quot;,&quot;caption&quot;:&quot;&quot;,&quot;created_timestamp&quot;:&quot;0&quot;,&quot;copyright&quot;:&quot;&quot;,&quot;focal_length&quot;:&quot;0&quot;,&quot;iso&quot;:&quot;0&quot;,&quot;shutter_speed&quot;:&quot;0&quot;,&quot;title&quot;:&quot;&quot;,&quot;orientation&quot;:&quot;0&quot;}\" data-image-title=\"https _piedepagina.mx_wp-content_uploads_2021_09_Rio_Laja1_Raymundo_Lucero\" data-image-description=\"\" data-image-caption=\"&lt;p&gt;Imagen de 1995 Rio Laja. El r\u00edo conduc\u00eda agua limpia y clara casi todo el a\u00f1o, con un ancho normal de 6 a 8 metros.&lt;\/p&gt;\n\" data-medium-file=\"http:\/\/www.grieta.org.mx\/wp-content\/uploads\/2021\/10\/https-_piedepagina.mx_wp-content_uploads_2021_09_Rio_Laja1_Raymundo_Lucero-300x237.jpg\" data-large-file=\"http:\/\/www.grieta.org.mx\/wp-content\/uploads\/2021\/10\/https-_piedepagina.mx_wp-content_uploads_2021_09_Rio_Laja1_Raymundo_Lucero-1024x808.jpg\" class=\"wp-image-62492\" src=\"http:\/\/www.grieta.org.mx\/wp-content\/uploads\/2021\/10\/https-_piedepagina.mx_wp-content_uploads_2021_09_Rio_Laja1_Raymundo_Lucero.jpg\" alt=\"\" width=\"750\" height=\"592\" srcset=\"http:\/\/www.grieta.org.mx\/wp-content\/uploads\/2021\/10\/https-_piedepagina.mx_wp-content_uploads_2021_09_Rio_Laja1_Raymundo_Lucero.jpg 1134w, http:\/\/www.grieta.org.mx\/wp-content\/uploads\/2021\/10\/https-_piedepagina.mx_wp-content_uploads_2021_09_Rio_Laja1_Raymundo_Lucero-300x237.jpg 300w, http:\/\/www.grieta.org.mx\/wp-content\/uploads\/2021\/10\/https-_piedepagina.mx_wp-content_uploads_2021_09_Rio_Laja1_Raymundo_Lucero-1024x808.jpg 1024w, http:\/\/www.grieta.org.mx\/wp-content\/uploads\/2021\/10\/https-_piedepagina.mx_wp-content_uploads_2021_09_Rio_Laja1_Raymundo_Lucero-768x606.jpg 768w\" sizes=\"auto, (max-width: 750px) 100vw, 750px\" \/><figcaption id=\"caption-attachment-62492\" class=\"wp-caption-text\">Imagen de 1995 Rio Laja. El r\u00edo conduc\u00eda agua limpia y clara casi todo el a\u00f1o, con un ancho normal de 6 a 8 metros.<\/figcaption><\/figure>\n<p>El r\u00edo circula aun desde el alto Baj\u00edo. Se forma de los escurrimientos de la Sierra de Guanajuato y, en el Norte del estado, por las monta\u00f1as del sur, de la Sierra de San Miguelito. Esta regi\u00f3n conforma la Cuenca Independencia: una celebridad hist\u00f3rica e hidrol\u00f3gica, que incluye los municipios de San Felipe, San Diego, San Luis de la Paz, San Jos\u00e9 Iturbide y San Miguel de Allende. Destacadamente atraviesa todo el municipio de Dolores Hidalgo.<\/p>\n<p>Despu\u00e9s de 102 km, desemboca y colma la Presa Ignacio Allende. Entre canales y circulaci\u00f3n libre transcurre otros cientos de kil\u00f3metros hasta su descarga en el Lago de Chapala.<br \/>\nUn oasis<\/p>\n<p>El territorio del R\u00edo Laja corresponde al de un clima mediterr\u00e1neo, principalmente seco, con peque\u00f1as regiones de lomer\u00edos y barrancas de baja profundidad. La cuenca reviste importancia en la biodiversidad mexicana. El r\u00edo era depositario de una especie de brema (pez de r\u00edo) comestible, y a\u00fan mantiene peque\u00f1os espacios para aves migratorias y nativas que no existen en ning\u00fan otro lugar del mundo. Se conoce de avistamientos y evidencias (pieles) de oso negro, pumas y jaguares, ya extintos en el centro de M\u00e9xico.<\/p>\n<p>Este es el r\u00edo m\u00e1s importante en el estado de Guanajuato, con 277 km de l\u00ednea, y hasta hace pocos a\u00f1os hab\u00eda sido uno de los pocos espacios hidrol\u00f3gicos que se manten\u00eda en un estado de funcionalidad eficiente.<\/p>\n<p>Era uno de los afluentes m\u00e1s conservados y poco contaminados del centro de M\u00e9xico. Permit\u00eda una agricultura de riego ligero en los terrenos altos; llenaba de agua la presa Ignacio Allende, junto a la ciudad colonial de San Miguel de Allende, que adem\u00e1s irrigaba extensos terrenos entre Comonfort y Celaya para agricultura de exportaci\u00f3n.<\/p>\n<p>En esta cuenca alta se aprecian tres conjuntos de da\u00f1o ambiental que constituyen procesos de delito y que refieren al desempe\u00f1o de la Secretar\u00eda de Medio Ambiente y Recursos Naturales (Semarnat) en los sexenios anteriores y en el presente gobierno; esto si no se toman medidas de atenci\u00f3n contundentes:<\/p>\n<p><strong>1. Sobreexplotaci\u00f3n del agua<\/strong><\/p>\n<p>La demanda de agua para este conjunto es muy alta, tanto en la industria agr\u00edcola como en el turismo. La Comisi\u00f3n Nacional del Agua (Conagua) ha definido que el volumen se excede en m\u00e1s de 45 millones de metros c\u00fabicos de la capacidad de recarga natural anual, que se calcula en 139 millones 700 mil metros c\u00fabicos. Esto es as\u00ed frente a la demanda para solventar el volumen concesionado del a\u00f1o 2002, de 184 millones 922 mil 950 metros c\u00fabicos. Ahora se extrae agua de forma clandestina, casi el doble del volumen concesionado.<\/p>\n<p>Por otra parte, el volumen de reparto para usos p\u00fablicos dom\u00e9sticos ofrece aguas que no cumplen con la NOM 127-SSA1-1994. La mayor cantidad de enfermos que reporta el sector salud refiere como causales el consumo de agua no apta para consumo humano.<\/p>\n<p><strong>2. Sobreextracci\u00f3n de arena a la vista de Conagua, Profepa, Semarnat<\/strong><\/p>\n<p>Durante 23 a\u00f1os, desde (1995) entre el primer a\u00f1o de Gobierno de Vicente Fox, y el a\u00f1o 2018, la Semarnat y sus instancias responsables facilitaron y encubrieron, acciones de remoci\u00f3n de materiales p\u00e9treos (principalmente arena), del cauce del r\u00edo Laja. En primer lugar, la administradora de los bienes nacionales del caudal hidrol\u00f3gico, la Conagua, concesion\u00f3 una y otra vez a empresas privadas \u2013y a una sola entidad organizada por los pueblos\u2013 el retiro de arena.<\/p>\n<p>La Semarnat autoriz\u00f3 las Manifestaciones de Impacto Ambiental para cada propuesta de operar las concesiones; condicion\u00f3 su ejecuci\u00f3n al cumplimiento de aspectos sobre la protecci\u00f3n al cauce, que ya no estaba presente al momento de emitir la autorizaci\u00f3n. En otras palabras: en el papel autorizaba, asumiendo como verdad sin verificar lo que el interesado informaba. Finalmente, en tercer lugar, la Procuradur\u00eda federal de Protecci\u00f3n Ambiental (Profepa) jam\u00e1s emprendi\u00f3 acci\u00f3n alguna frente a sendas demandas que una y otra vez formularon los pueblos, una y otra vez, a lo largo del periodo de Extracci\u00f3n.<\/p>\n<p>Desde el 2005 se observ\u00f3 que el da\u00f1o conocido como socavaci\u00f3n del cauce se presentaba por 85 km del cauce, que el campo higrosc\u00f3pico hab\u00eda bajado al nivel nuevo del cauce debido a la excavaci\u00f3n, en algunos casos de hasta 11 metros de profundidad utilizando maquinaria pesada. Al r\u00edo se le someti\u00f3 con una pr\u00e1ctica de miner\u00eda a cielo abierto.<\/p>\n<p>El impacto desde entonces se verific\u00f3 en la p\u00e9rdida del bosque de ribera, la sequ\u00eda del bosque de mezquite, y la apertura de numerosas parcelas al torrente anual del r\u00edo, lo que erosion\u00f3 los suelos y provoc\u00f3 la destrucci\u00f3n del sistema de agricultura de temporal con riegos auxiliares del agua del cauce.<\/p>\n<p>La socavaci\u00f3n de cauces se mantiene activa, aun cuando no se realizan nuevas extracciones masivas de arena. En la visi\u00f3n de la imagen de sat\u00e9lite se aprecia la p\u00e9rdida de m\u00e1s de mil hect\u00e1reas de tierras de la vega inmediata del r\u00edo. Y la saturaci\u00f3n por azolves, llega a 491 hect\u00e1reas en la Presa Ignacio Allende. Casi un tercio de su \u00e1rea de captaci\u00f3n.<\/p>\n<p><strong>3. Contaminaci\u00f3n<\/strong><\/p>\n<p>El gobierno de Guanajuato promovi\u00f3 y estableci\u00f3 sistemas de colecta de aguas residuales; facilit\u00f3 la conversi\u00f3n del uso de fosas s\u00e9pticas domiciliarias, a redes de colecta de aguas servidas que ser\u00edan tratadas en plantas locales de tratamiento de aguas residuales. De las 51 obras establecidas en la cuenca, ninguna dispone del equipamiento y la construcci\u00f3n completa y adecuada para su funcionamiento . No existen grupos comunitarios a cargo, ni medidas normativas o financieras que permitan asegurar su funcionamiento. Esas plantas vierten las aguas residuales colectadas, sin tratamiento, directamente al cauce del rio Laja.<\/p>\n<p>Se ha creado un canal de aguas negras sobre el lecho de aglomerado rocoso que dej\u00f3 el periodo de extracci\u00f3n de p\u00e9treos. Cada obra, o su conjunto, debe haber contado con la autorizaci\u00f3n de la Semarnat, la vinculaci\u00f3n t\u00e9cnica y normativa de la Conagua, y la acci\u00f3n correccional de la Profepa. No se aprecian ninguna de estas intervenciones imperativas.<\/p>\n<p><strong><br \/>\nAs\u00ed es el proceso de destrucci\u00f3n<\/strong><\/p>\n<figure id=\"attachment_62491\" aria-describedby=\"caption-attachment-62491\" style=\"width: 750px\" class=\"wp-caption alignnone\"><img loading=\"lazy\" decoding=\"async\" data-attachment-id=\"62491\" data-permalink=\"http:\/\/www.grieta.org.mx\/index.php\/2021\/09\/25\/el-rio-laja-matar-un-rio-saqueando-su-arena\/https-_piedepagina-mx_wp-content_uploads_2021_09_ancho_cauces_raymundo_lucero-1\/\" data-orig-file=\"http:\/\/www.grieta.org.mx\/wp-content\/uploads\/2021\/10\/https-_piedepagina.mx_wp-content_uploads_2021_09_Ancho_cauces_Raymundo_Lucero-1.jpg\" data-orig-size=\"1134,684\" data-comments-opened=\"0\" data-image-meta=\"{&quot;aperture&quot;:&quot;0&quot;,&quot;credit&quot;:&quot;&quot;,&quot;camera&quot;:&quot;&quot;,&quot;caption&quot;:&quot;&quot;,&quot;created_timestamp&quot;:&quot;0&quot;,&quot;copyright&quot;:&quot;&quot;,&quot;focal_length&quot;:&quot;0&quot;,&quot;iso&quot;:&quot;0&quot;,&quot;shutter_speed&quot;:&quot;0&quot;,&quot;title&quot;:&quot;&quot;,&quot;orientation&quot;:&quot;0&quot;}\" data-image-title=\"https _piedepagina.mx_wp-content_uploads_2021_09_Ancho_cauces_Raymundo_Lucero-1\" data-image-description=\"\" data-image-caption=\"&lt;p&gt;Ancho de cauces. La l\u00ednea roja muestra el cauce original. La l\u00ednea amarilla la devastaci\u00f3n por extracci\u00f3n de material. Foto: Cortes\u00eda Raymundo Lucero&lt;\/p&gt;\n\" data-medium-file=\"http:\/\/www.grieta.org.mx\/wp-content\/uploads\/2021\/10\/https-_piedepagina.mx_wp-content_uploads_2021_09_Ancho_cauces_Raymundo_Lucero-1-300x181.jpg\" data-large-file=\"http:\/\/www.grieta.org.mx\/wp-content\/uploads\/2021\/10\/https-_piedepagina.mx_wp-content_uploads_2021_09_Ancho_cauces_Raymundo_Lucero-1-1024x618.jpg\" class=\"wp-image-62491\" src=\"http:\/\/www.grieta.org.mx\/wp-content\/uploads\/2021\/10\/https-_piedepagina.mx_wp-content_uploads_2021_09_Ancho_cauces_Raymundo_Lucero-1.jpg\" alt=\"\" width=\"750\" height=\"452\" srcset=\"http:\/\/www.grieta.org.mx\/wp-content\/uploads\/2021\/10\/https-_piedepagina.mx_wp-content_uploads_2021_09_Ancho_cauces_Raymundo_Lucero-1.jpg 1134w, http:\/\/www.grieta.org.mx\/wp-content\/uploads\/2021\/10\/https-_piedepagina.mx_wp-content_uploads_2021_09_Ancho_cauces_Raymundo_Lucero-1-300x181.jpg 300w, http:\/\/www.grieta.org.mx\/wp-content\/uploads\/2021\/10\/https-_piedepagina.mx_wp-content_uploads_2021_09_Ancho_cauces_Raymundo_Lucero-1-1024x618.jpg 1024w, http:\/\/www.grieta.org.mx\/wp-content\/uploads\/2021\/10\/https-_piedepagina.mx_wp-content_uploads_2021_09_Ancho_cauces_Raymundo_Lucero-1-768x463.jpg 768w\" sizes=\"auto, (max-width: 750px) 100vw, 750px\" \/><figcaption id=\"caption-attachment-62491\" class=\"wp-caption-text\">Ancho de cauces. La l\u00ednea roja muestra el cauce original. La l\u00ednea amarilla la devastaci\u00f3n por extracci\u00f3n de material. Foto: Cortes\u00eda Raymundo Lucero<\/figcaption><\/figure>\n<p>El proceso sostenido de destrucci\u00f3n de este r\u00edo fue posible utilizando la fuerza tremenda del agua y del gobierno. Fue facilitado por Conagua mediante las concesiones a diversos empresarios de Guanajuato para extraer arena del cauce mismo del r\u00edo Laja.<\/p>\n<p>Los empresarios beneficiados por la concesi\u00f3n, abastecedores de la industria de la construcci\u00f3n, pudieron maniobrar los permisos de retiro de azolves, para extraer hasta 20 veces m\u00e1s el volumen de arena autorizado.<\/p>\n<p>Al r\u00edo, se le ha dado un manejo similar al de una mina a cielo abierto, y ha dejado profunda huella de da\u00f1o generalizado, a\u00fan incalculable.<\/p>\n<p>El negocio puede ser mayor a 510 millones de d\u00f3lares durante el periodo de Vicente Fox como gobernador y luego como presidente. En la zona se dec\u00eda que era operado incluso desde la oficina del entonces secretario Carlos Abascal. Lo cierto es que jam\u00e1s se detuvo. Continu\u00f3 con Felipe Calder\u00f3n y con Enrique Pe\u00f1a Nieto.<\/p>\n<p>Esta pr\u00e1ctica asent\u00f3 una costumbre y h\u00e1bitos de trabajo. En lo sucesivo, empresarios grandes y peque\u00f1os extrajeron y erosionaron en 23 a\u00f1os algo como 21 millones de metros c\u00fabicos, equivalente a 150 viajes de cami\u00f3n de volteo cada d\u00eda, entre 1995 y 2018. Ahora intentan sobrevivir peque\u00f1os extractores que socavan a mano un cami\u00f3n al d\u00eda. Y a estos trabajadores, ahora con la 4T, Conagua y autoridades locales persiguen como si fueran los responsables del da\u00f1o gigantesco perpetrado.<br \/>\n<strong>El papel oscuro de la Conagua<\/strong><\/p>\n<p>La Conagua concedi\u00f3 reiteradamente concesiones y permisos de retiro de ese volumen. Ahora, sin embargo, asegura que no lo hizo; pero existen los hechos y los testimonios. Cualquier acto que afecta el campo com\u00fan y a terceros debe ser regulado, controlado o evitado. Existen constancias de que fue notificada repetidamente por m\u00faltiples actores de pueblos y municipios, durante al menos 21 a\u00f1os. Y en ese periodo conoci\u00f3 de los excesos y efectos de impacto ambiental, y no retir\u00f3 las concesiones. Las demandas fueron llevadas a la Presidencia de la Rep\u00fablica durante tres sexenios y a la Profepa, y en respuesta; nadie, en el gobierno federal, estatal o municipal ha intervenido en el nivel en que se requiere.<\/p>\n<p><strong>Extracci\u00f3n de arena, desecar la cuenca entera<\/strong><\/p>\n<figure id=\"attachment_62490\" aria-describedby=\"caption-attachment-62490\" style=\"width: 750px\" class=\"wp-caption alignnone\"><img loading=\"lazy\" decoding=\"async\" data-attachment-id=\"62490\" data-permalink=\"http:\/\/www.grieta.org.mx\/index.php\/2021\/09\/25\/el-rio-laja-matar-un-rio-saqueando-su-arena\/https-_piedepagina-mx_wp-content_uploads_2021_09_despojo_raymundo_lucero\/\" data-orig-file=\"http:\/\/www.grieta.org.mx\/wp-content\/uploads\/2021\/10\/https-_piedepagina.mx_wp-content_uploads_2021_09_despojo_Raymundo_Lucero.jpg\" data-orig-size=\"1134,548\" data-comments-opened=\"0\" data-image-meta=\"{&quot;aperture&quot;:&quot;0&quot;,&quot;credit&quot;:&quot;&quot;,&quot;camera&quot;:&quot;&quot;,&quot;caption&quot;:&quot;&quot;,&quot;created_timestamp&quot;:&quot;0&quot;,&quot;copyright&quot;:&quot;&quot;,&quot;focal_length&quot;:&quot;0&quot;,&quot;iso&quot;:&quot;0&quot;,&quot;shutter_speed&quot;:&quot;0&quot;,&quot;title&quot;:&quot;&quot;,&quot;orientation&quot;:&quot;0&quot;}\" data-image-title=\"https _piedepagina.mx_wp-content_uploads_2021_09_despojo_Raymundo_Lucero\" data-image-description=\"\" data-image-caption=\"&lt;p&gt;Al fondo, una retroexcavadora con brazo de 6 metros de largo excava a una profundidad 20 veces mayor a lo permitido. El nivel del agua define una profundidad a la que, las ra\u00edces de los \u00e1rboles no alcanzan a absorber humedad.&lt;\/p&gt;\n\" data-medium-file=\"http:\/\/www.grieta.org.mx\/wp-content\/uploads\/2021\/10\/https-_piedepagina.mx_wp-content_uploads_2021_09_despojo_Raymundo_Lucero-300x145.jpg\" data-large-file=\"http:\/\/www.grieta.org.mx\/wp-content\/uploads\/2021\/10\/https-_piedepagina.mx_wp-content_uploads_2021_09_despojo_Raymundo_Lucero-1024x495.jpg\" class=\"wp-image-62490\" src=\"http:\/\/www.grieta.org.mx\/wp-content\/uploads\/2021\/10\/https-_piedepagina.mx_wp-content_uploads_2021_09_despojo_Raymundo_Lucero.jpg\" alt=\"\" width=\"750\" height=\"362\" srcset=\"http:\/\/www.grieta.org.mx\/wp-content\/uploads\/2021\/10\/https-_piedepagina.mx_wp-content_uploads_2021_09_despojo_Raymundo_Lucero.jpg 1134w, http:\/\/www.grieta.org.mx\/wp-content\/uploads\/2021\/10\/https-_piedepagina.mx_wp-content_uploads_2021_09_despojo_Raymundo_Lucero-300x145.jpg 300w, http:\/\/www.grieta.org.mx\/wp-content\/uploads\/2021\/10\/https-_piedepagina.mx_wp-content_uploads_2021_09_despojo_Raymundo_Lucero-1024x495.jpg 1024w, http:\/\/www.grieta.org.mx\/wp-content\/uploads\/2021\/10\/https-_piedepagina.mx_wp-content_uploads_2021_09_despojo_Raymundo_Lucero-768x371.jpg 768w\" sizes=\"auto, (max-width: 750px) 100vw, 750px\" \/><figcaption id=\"caption-attachment-62490\" class=\"wp-caption-text\">Al fondo, una retroexcavadora con brazo de 6 metros de largo excava a una profundidad 20 veces mayor a lo permitido. El nivel del agua define una profundidad a la que, las ra\u00edces de los \u00e1rboles no alcanzan a absorber humedad.Foto: tomada de PiedePagina.mx<\/figcaption><\/figure>\n<p>Al generarse las concesiones con el pretexto de retirar azolves que amenazaban con rellenar de tierra la presa Ignacio Allende, los empresarios explotaron formidables vol\u00famenes de arena. As\u00ed dejaron tajos de m\u00e1s de 14 metros de profundidad sobre el nivel normal de la corriente. Esto provoc\u00f3 los derrumbes de las orillas del cauce; y tambi\u00e9n fue profundizando el nivel aguas arriba y aguas abajo del lugar en el que interven\u00edan las m\u00e1quinas excavadoras.<\/p>\n<p>El mecanismo es muy simple: Los empresarios solicitaban la concesi\u00f3n justificando un beneficio a la capacidad de retenci\u00f3n de agua de la presa Ignacio Allende, por evitar la descarga de azolve; pagaban los derechos que establece la Conagua, y esta instancia entregaba un documento que les concesionada la extracci\u00f3n. Pero los empresarios explotaron 10 a 20 veces m\u00e1s profundidad y volumen, en un tramo sin medida del r\u00edo.<\/p>\n<p>La explotaci\u00f3n del r\u00edo ha abarcado todas las comunidades que el r\u00edo toca a trav\u00e9s del municipio de Dolores Hidalgo y algunas del municipio de San Miguel de Allende. La administraci\u00f3n de los bienes en la zona federal de los r\u00edos est\u00e1 regulada por el art\u00edculo 27 de la Constituci\u00f3n pol\u00edtica.<\/p>\n<p>La Constituci\u00f3n concede a la Conagua la gesti\u00f3n total del agua. Esta instituci\u00f3n habr\u00eda de atender los asuntos y proyectos estrat\u00e9gicos y de seguridad nacional en materia de agua. Deber\u00eda fomentar la participaci\u00f3n activa y responsable de los habitantes mediante la organizaci\u00f3n de Consejos de Cuenca; esto es: formas parlamentarias de territorios tan grandes o m\u00e1s grandes que las entidades federativas.<\/p>\n<p><strong><br \/>\nPero esto no se cumple.<\/strong><\/p>\n<p>Aunque existen algunos comit\u00e9s intermedios, estos son escasamente convocados, apoyados, capacitados. Las \u00e1reas de su intervenci\u00f3n reflejan ser tan complejas y extensas que resultan inmanejables desde un enfoque t\u00e9cnico, participativo y democr\u00e1tico. De este modo, las formas de intervenci\u00f3n resultan en un rol de validaci\u00f3n a las determinantes institucionales.<\/p>\n<p>Lo anterior no ser\u00eda tan importante, si no se hubieran afectado de manera brutal a los pueblos de la ribera del r\u00edo y sus sistemas de vida.<\/p>\n<p>Ante los hechos, ocurridos en el r\u00edo Laja durante m\u00e1s de 20 a\u00f1os, los inspectores de la Conagua \u201cno se dieron cuenta\u201d. Los inspectores de Profepa reportar\u00edan \u201csin novedad\u201d. Sus visitas, \u201cin fraganti\u201d, no generaron ning\u00fan reporte que detuviera el destrozo ambiental.<\/p>\n<p>Los da\u00f1os al cauce del r\u00edo por el robo de materiales p\u00e9treos significan un despojo al patrimonio nacional, y adem\u00e1s provocan da\u00f1os ambientales a los ecosistemas de ribera y a los sistemas productivos dependientes de la estabilidad de sus servicios ecosist\u00e9micos.<\/p>\n<figure id=\"attachment_62489\" aria-describedby=\"caption-attachment-62489\" style=\"width: 750px\" class=\"wp-caption alignnone\"><img loading=\"lazy\" decoding=\"async\" data-attachment-id=\"62489\" data-permalink=\"http:\/\/www.grieta.org.mx\/index.php\/2021\/09\/25\/el-rio-laja-matar-un-rio-saqueando-su-arena\/https-_piedepagina-mx_wp-content_uploads_2021_09_rio_laja_tamano_raymundo_lucero\/\" data-orig-file=\"http:\/\/www.grieta.org.mx\/wp-content\/uploads\/2021\/10\/https-_piedepagina.mx_wp-content_uploads_2021_09_Rio_Laja_tamano_Raymundo_Lucero.jpg\" data-orig-size=\"1134,548\" data-comments-opened=\"0\" data-image-meta=\"{&quot;aperture&quot;:&quot;0&quot;,&quot;credit&quot;:&quot;&quot;,&quot;camera&quot;:&quot;&quot;,&quot;caption&quot;:&quot;&quot;,&quot;created_timestamp&quot;:&quot;0&quot;,&quot;copyright&quot;:&quot;&quot;,&quot;focal_length&quot;:&quot;0&quot;,&quot;iso&quot;:&quot;0&quot;,&quot;shutter_speed&quot;:&quot;0&quot;,&quot;title&quot;:&quot;&quot;,&quot;orientation&quot;:&quot;0&quot;}\" data-image-title=\"https _piedepagina.mx_wp-content_uploads_2021_09_Rio_Laja_tamano_Raymundo_Lucero\" data-image-description=\"\" data-image-caption=\"&lt;p&gt;Anchura en la zona de extracci\u00f3n. A 11 km del inicio de explotaci\u00f3n de arena. foto: Cortes\u00eda Raymundo Lucero.&lt;\/p&gt;\n\" data-medium-file=\"http:\/\/www.grieta.org.mx\/wp-content\/uploads\/2021\/10\/https-_piedepagina.mx_wp-content_uploads_2021_09_Rio_Laja_tamano_Raymundo_Lucero-300x145.jpg\" data-large-file=\"http:\/\/www.grieta.org.mx\/wp-content\/uploads\/2021\/10\/https-_piedepagina.mx_wp-content_uploads_2021_09_Rio_Laja_tamano_Raymundo_Lucero-1024x495.jpg\" class=\"wp-image-62489\" src=\"http:\/\/www.grieta.org.mx\/wp-content\/uploads\/2021\/10\/https-_piedepagina.mx_wp-content_uploads_2021_09_Rio_Laja_tamano_Raymundo_Lucero.jpg\" alt=\"\" width=\"750\" height=\"362\" srcset=\"http:\/\/www.grieta.org.mx\/wp-content\/uploads\/2021\/10\/https-_piedepagina.mx_wp-content_uploads_2021_09_Rio_Laja_tamano_Raymundo_Lucero.jpg 1134w, http:\/\/www.grieta.org.mx\/wp-content\/uploads\/2021\/10\/https-_piedepagina.mx_wp-content_uploads_2021_09_Rio_Laja_tamano_Raymundo_Lucero-300x145.jpg 300w, http:\/\/www.grieta.org.mx\/wp-content\/uploads\/2021\/10\/https-_piedepagina.mx_wp-content_uploads_2021_09_Rio_Laja_tamano_Raymundo_Lucero-1024x495.jpg 1024w, http:\/\/www.grieta.org.mx\/wp-content\/uploads\/2021\/10\/https-_piedepagina.mx_wp-content_uploads_2021_09_Rio_Laja_tamano_Raymundo_Lucero-768x371.jpg 768w\" sizes=\"auto, (max-width: 750px) 100vw, 750px\" \/><figcaption id=\"caption-attachment-62489\" class=\"wp-caption-text\">Anchura en la zona de extracci\u00f3n. A 11 km del inicio de explotaci\u00f3n de arena. foto: Cortes\u00eda Raymundo Lucero.<\/figcaption><\/figure>\n<p>&nbsp;<\/p>\n<p>\u00c1rboles desarraigados; parcelas destruidas<\/p>\n<p>La forma en que el agua misma del r\u00edo ha ido destruyendo su propio cauce comienza por la sequ\u00eda de los \u00e1rboles, que se quedan sin el agua que antes les proporcionaba la corriente elevada. Las ra\u00edces, ya sin fuerza, dejan de sujetar el suelo de las parcelas agr\u00edcolas. Y en las avenidas de agua de los a\u00f1os siguientes se inicia el derrumbe de una secci\u00f3n tras otra, de las paredes de los terrenos agr\u00edcolas. As\u00ed, hasta que se han perdido parcelas completas.<\/p>\n<p>La destrucci\u00f3n no se detiene ah\u00ed. Antes de la sobreexpolotaci\u00f3n la erosi\u00f3n de los suelos en las monta\u00f1as escurr\u00eda vol\u00famenes de azolves de arena que se depositaban a lo largo del cauce; esto incrementaba la altura de la corriente, lo que beneficiaba a los terrenos agr\u00edcolas y los bosques de orilla del cauce.<\/p>\n<p>Ahora las corrientes adquieren tal fuerza de torrente que socavan ra\u00edces y paredes de los cauces. El suelo se profundiza y la anchura crece a\u00f1o con a\u00f1o, reclamando las parcelas de las orillas del r\u00edo. Se ha establecido as\u00ed, una din\u00e1mica de excavaci\u00f3n provocada r\u00edo arriba y abajo, a\u00fan sin la intervenci\u00f3n de las m\u00e1quinas. Esto es debido a que los p\u00e9treos sobre el cauce de los r\u00edos son extremadamente inestables: Si se excava aqu\u00ed, el volumen retirado se refleja en toda el \u00e1rea, aguas arriba y aguas abajo, y a lo ancho del cauce.<\/p>\n<p>Estos suelos tienden a restablecer un nivel plano de acuerdo a las corrientes de agua de lluvia. As\u00ed que, si se excava en un a\u00f1o, el da\u00f1o se reproduce por varios a\u00f1os m\u00e1s. En el mundo a este fen\u00f3meno se le conoce como \u201cSocavaci\u00f3n de cauces\u201d.<\/p>\n<p>As\u00ed que el impacto ambiental que se genera en un sitio, provoca da\u00f1os en forma de ca\u00edda de fichas de domin\u00f3, a lo largo y ancho del r\u00edo.<\/p>\n<p>Los da\u00f1os generados por el impacto ambiental de esa brutal forma de explotaci\u00f3n, incluyen la p\u00e9rdida de m\u00e1s de 11 mil 250 has de parcelas aleda\u00f1as a la ribera a lo largo del r\u00edo, y del extenso campo lateral que antes del da\u00f1o constitu\u00eda el campo de saturaci\u00f3n por las avenidas anuales de agua de lluvia. Ahora son dependientes de la irrigaci\u00f3n, por la extracci\u00f3n fren\u00e9tica de Agua subterr\u00e1nea, que se realiza tambi\u00e9n, fuera de la ley, y facilitada por la Conagua.<\/p>\n<p>Esto se verifica por la sequ\u00eda del bosque de ribera, la p\u00e9rdida de la vida acu\u00e1tica, la p\u00e9rdida definitiva de la corriente que antes beneficiaba a la fruticultura de las orillas del r\u00edo y ha generado un incremento del 44 por ciento en los vol\u00famenes s\u00f3lidos que ahora azolvan llegan a la Presa Ignacio Allende. En vez de crear condiciones para almacenar agua, se est\u00e1 almacenando tierra y arena. A cada a\u00f1o, la fuerza de las corrientes de agua sobre el cauce destruido incrementa los da\u00f1os.<\/p>\n<figure id=\"attachment_62488\" aria-describedby=\"caption-attachment-62488\" style=\"width: 750px\" class=\"wp-caption alignnone\"><img loading=\"lazy\" decoding=\"async\" data-attachment-id=\"62488\" data-permalink=\"http:\/\/www.grieta.org.mx\/index.php\/2021\/09\/25\/el-rio-laja-matar-un-rio-saqueando-su-arena\/https-_lh6-googleusercontent-com_v5gbdsugfx0avhe24gsg8yzjqhwhuza_tkfpmbskrx-jix52j-qsqwizpaptotdajwlk1s6zkjptuvvofk2acgb4pqtj2bkwfgofgj1okrmrh09u88tp6lcnjc9mjkwjf7zdblpes0\/\" data-orig-file=\"http:\/\/www.grieta.org.mx\/wp-content\/uploads\/2021\/10\/https-_lh6.googleusercontent.com_V5gbDSUgfx0avhE24GSg8yzjQHwHUzA_TKfPMBskrx-jiX52j-QsqWIZPAptotdAJWlK1s6zKJPTuVvOFk2Acgb4pqtj2bKWFgOFgj1OKrmrH09U88Tp6lCNJC9MjkWjf7ZDbLpEs0.jpg\" data-orig-size=\"1479,909\" data-comments-opened=\"0\" data-image-meta=\"{&quot;aperture&quot;:&quot;0&quot;,&quot;credit&quot;:&quot;&quot;,&quot;camera&quot;:&quot;&quot;,&quot;caption&quot;:&quot;&quot;,&quot;created_timestamp&quot;:&quot;0&quot;,&quot;copyright&quot;:&quot;&quot;,&quot;focal_length&quot;:&quot;0&quot;,&quot;iso&quot;:&quot;0&quot;,&quot;shutter_speed&quot;:&quot;0&quot;,&quot;title&quot;:&quot;&quot;,&quot;orientation&quot;:&quot;0&quot;}\" data-image-title=\"https _lh6.googleusercontent.com_V5gbDSUgfx0avhE24GSg8yzjQHwHUzA_TKfPMBskrx-jiX52j-QsqWIZPAptotdAJWlK1s6zKJPTuVvOFk2Acgb4pqtj2bKWFgOFgj1OKrmrH09U88Tp6lCNJC9MjkWjf7ZDbLpE=s0\" data-image-description=\"\" data-image-caption=\"&lt;p&gt;La imagen muestra la l\u00ednea del antiguo cauce, y el crecimiento de este, causado por la socavaci\u00f3n que modifica la zona federal hasta en 700 por ciento, y que resulta en p\u00e9rdida por erosi\u00f3n inducida, de las parcelas. La parcela est\u00e1 en la Comunidad de Los Galvanes. Dolores Hidalgo. Imagen de Google earth, 2019. &lt;\/p&gt;\n\" data-medium-file=\"http:\/\/www.grieta.org.mx\/wp-content\/uploads\/2021\/10\/https-_lh6.googleusercontent.com_V5gbDSUgfx0avhE24GSg8yzjQHwHUzA_TKfPMBskrx-jiX52j-QsqWIZPAptotdAJWlK1s6zKJPTuVvOFk2Acgb4pqtj2bKWFgOFgj1OKrmrH09U88Tp6lCNJC9MjkWjf7ZDbLpEs0-300x184.jpg\" data-large-file=\"http:\/\/www.grieta.org.mx\/wp-content\/uploads\/2021\/10\/https-_lh6.googleusercontent.com_V5gbDSUgfx0avhE24GSg8yzjQHwHUzA_TKfPMBskrx-jiX52j-QsqWIZPAptotdAJWlK1s6zKJPTuVvOFk2Acgb4pqtj2bKWFgOFgj1OKrmrH09U88Tp6lCNJC9MjkWjf7ZDbLpEs0-1024x629.jpg\" class=\"wp-image-62488\" src=\"http:\/\/www.grieta.org.mx\/wp-content\/uploads\/2021\/10\/https-_lh6.googleusercontent.com_V5gbDSUgfx0avhE24GSg8yzjQHwHUzA_TKfPMBskrx-jiX52j-QsqWIZPAptotdAJWlK1s6zKJPTuVvOFk2Acgb4pqtj2bKWFgOFgj1OKrmrH09U88Tp6lCNJC9MjkWjf7ZDbLpEs0.jpg\" alt=\"\" width=\"750\" height=\"461\" srcset=\"http:\/\/www.grieta.org.mx\/wp-content\/uploads\/2021\/10\/https-_lh6.googleusercontent.com_V5gbDSUgfx0avhE24GSg8yzjQHwHUzA_TKfPMBskrx-jiX52j-QsqWIZPAptotdAJWlK1s6zKJPTuVvOFk2Acgb4pqtj2bKWFgOFgj1OKrmrH09U88Tp6lCNJC9MjkWjf7ZDbLpEs0.jpg 1479w, http:\/\/www.grieta.org.mx\/wp-content\/uploads\/2021\/10\/https-_lh6.googleusercontent.com_V5gbDSUgfx0avhE24GSg8yzjQHwHUzA_TKfPMBskrx-jiX52j-QsqWIZPAptotdAJWlK1s6zKJPTuVvOFk2Acgb4pqtj2bKWFgOFgj1OKrmrH09U88Tp6lCNJC9MjkWjf7ZDbLpEs0-300x184.jpg 300w, http:\/\/www.grieta.org.mx\/wp-content\/uploads\/2021\/10\/https-_lh6.googleusercontent.com_V5gbDSUgfx0avhE24GSg8yzjQHwHUzA_TKfPMBskrx-jiX52j-QsqWIZPAptotdAJWlK1s6zKJPTuVvOFk2Acgb4pqtj2bKWFgOFgj1OKrmrH09U88Tp6lCNJC9MjkWjf7ZDbLpEs0-1024x629.jpg 1024w, http:\/\/www.grieta.org.mx\/wp-content\/uploads\/2021\/10\/https-_lh6.googleusercontent.com_V5gbDSUgfx0avhE24GSg8yzjQHwHUzA_TKfPMBskrx-jiX52j-QsqWIZPAptotdAJWlK1s6zKJPTuVvOFk2Acgb4pqtj2bKWFgOFgj1OKrmrH09U88Tp6lCNJC9MjkWjf7ZDbLpEs0-768x472.jpg 768w\" sizes=\"auto, (max-width: 750px) 100vw, 750px\" \/><figcaption id=\"caption-attachment-62488\" class=\"wp-caption-text\">La imagen muestra la l\u00ednea del antiguo cauce, y el crecimiento de este, causado por la socavaci\u00f3n que modifica la zona federal hasta en 700 por ciento, y que resulta en p\u00e9rdida por erosi\u00f3n inducida, de las parcelas. La parcela est\u00e1 en la Comunidad de Los Galvanes. Dolores Hidalgo. Imagen de Google earth, 2019.<\/figcaption><\/figure>\n<p>Adem\u00e1s de la destrucci\u00f3n de parcelas, los da\u00f1os incluyen:<\/p>\n<p>Destrucci\u00f3n de caminos y puentes<br \/>\nDerribo de poster\u00eda de energ\u00eda el\u00e9ctrica<br \/>\nDecenas de animales ahogados<br \/>\nInhabilitaci\u00f3n de cruce de caminos<br \/>\nP\u00e9rdida de edificios de uso p\u00fablico y empresarial<br \/>\nArrastres de veh\u00edculos<br \/>\nDestrucci\u00f3n de la carretera federal 51<\/p>\n<p><strong>Herida para los pueblos<\/strong><\/p>\n<p>En Octubre de 2001, el agua perturbada no dejaba ver que bajo la corriente hab\u00eda una profundidad de m\u00e1s de tres metros, horadada apenas horas antes. Entonces dos adolescentes pretendieron cruzar el r\u00edo cerca de la comunidad de Rancho nuevo; supon\u00edan que a\u00fan permanec\u00eda en su nivel normal el piso de la corriente. Se ahogaron.<\/p>\n<p>Los campesinos, en forma individual u organizada han realizado protestas, se han expresado en queja y advertencia. En forma verbal y por escrito ante la autoridad municipal; desde 1994 ante Vicente Fox como gobernador del estado; ante Jos\u00e9 Lu\u00eds Luege, como procurador federal de Protecci\u00f3n al Ambiente; ante Vicente Fox presidente de la Rep\u00fablica; ante Felipe Calder\u00f3n, ante Enrique Pe\u00f1a nieto y ahora ante Andr\u00e9s Manuel L\u00f3pez Obrador.<\/p>\n<p>Para los pueblos afectados, ya no es relevante la persecuci\u00f3n y el castigo a los culpables; buscan la restauraci\u00f3n de sus tierras y la nivelaci\u00f3n del r\u00edo Laja para que recupere su funci\u00f3n ecol\u00f3gica. La persecuci\u00f3n del delito de despojo al patrimonio nacional es un deber del gobierno federal, encargado de aplicar leyes y reglamentos que en este caso la Conagua, no cumpli\u00f3.<\/p>\n<p>El pa\u00eds tiene aqu\u00ed una enorme tajada a su territorio, en el coraz\u00f3n mismo de la celebraci\u00f3n del Bicentenario. Es adem\u00e1s una inmensa herida a los pueblos y al estado de derecho adem\u00e1s del sacrificio de una extensa unidad de ecosistemas valiosos. Y ahora, de lo \u00fanico que est\u00e1n seguros los pueblos es que gobiernos de antes y ahora se han unido para tratar de ocultarlo todo.<\/p>\n<p>Los pueblos del R\u00edo Laja, cuyos antepasados acompa\u00f1aron a Hidalgo en su arrolladora gesta por la Independencia de M\u00e9xico, y que este 2021 celebra 200 a\u00f1os, tienen mucho que lamentar. La estabilidad de sus vidas se ha perdido, han perdido el tren del Norte, han perdido la disponibilidad del agua del cielo y no hay ninguna autoridad que responda a sus reclamos y propuestas.<\/p>\n<p>Frente a estos hechos, entre las poblaciones de la cuenca han surgido grupos sociales con fines incluyentes. En su mayor parte demandan la reparaci\u00f3n de da\u00f1os y persecuci\u00f3n de delitos, como asesinatos, fraudes, actos de complicidad y corrupci\u00f3n de funcionarios p\u00fablicos de los tres niveles de gobierno, adem\u00e1s de empresarios privados claramente identificados.<\/p>\n<p><a href=\"https:\/\/piedepagina.mx\/el-rio-laja-matar-un-rio-saqueando-su-arena\/?utm_source=pocket_mylist\">https:\/\/piedepagina.mx\/el-rio-laja-matar-un-rio-saqueando-su-arena\/?utm_source=pocket_mylist<\/a><\/p>\n","protected":false},"excerpt":{"rendered":"<p>Por 25 a\u00f1os, empresarios saquearon y contaminaron el r\u00edo Laja. Todo con el permiso de Conagua, Profepa y Semarnat. Hoy, los campesinos exigen rescatar su cuenca. Pie de p\u00e1gina, 25 &hellip; <a href=\"http:\/\/www.grieta.org.mx\/index.php\/2021\/09\/25\/el-rio-laja-matar-un-rio-saqueando-su-arena\/\" class=\"more-link\">Leer m\u00e1s<\/a><\/p>\n","protected":false},"author":2,"featured_media":62493,"comment_status":"closed","ping_status":"closed","sticky":false,"template":"","format":"standard","meta":{"ngg_post_thumbnail":0,"_jetpack_newsletter_access":"","_jetpack_dont_email_post_to_subs":false,"_jetpack_newsletter_tier_id":0,"_jetpack_memberships_contains_paywalled_content":false,"_jetpack_memberships_contains_paid_content":false,"footnotes":""},"categories":[80,1776,2746,17],"tags":[888,3041,393,1065,2562,1178,386],"class_list":["post-62487","post","type-post","status-publish","format-standard","has-post-thumbnail","hentry","category-cintillo","category-despojo-de-tierras-y-territorio-en-guanajuato","category-destruccion-de-la-naturaleza-en-guanajuato","category-guanajuato","tag-conagua","tag-contaminacion-de-rios","tag-contaminacion-del-agua","tag-despojo-de-agua-y-tierras","tag-destruccion-ambiental","tag-destruccion-de-la-naturaleza","tag-devastacion","entry"],"jetpack_featured_media_url":"http:\/\/www.grieta.org.mx\/wp-content\/uploads\/2021\/10\/Rio_Laja_Raymundo_Lucero.jpg","jetpack_sharing_enabled":true,"jetpack_shortlink":"https:\/\/wp.me\/p7ZJR4-gfR","jetpack_likes_enabled":false,"jetpack-related-posts":[{"id":37311,"url":"http:\/\/www.grieta.org.mx\/index.php\/2019\/07\/17\/la-cuenca-de-la-independencia-amenazada-por-proyecto-minero-guanajuato\/","url_meta":{"origin":62487,"position":0},"title":"La Cuenca de la Independencia amenazada por proyecto minero (Guanajuato)","author":"grieta","date":"17 julio, 2019","format":false,"excerpt":"Se contaminar\u00eda el acu\u00edfero que surte a municipios como Dolores Hidalgo y San Miguel de Allende. \u00a0 Redacci\u00f3n La Coperacha Ciudad de M\u00e9xico \/\/ 17 de julio de 2019 a Coalici\u00f3n en Defensa de la Cuenca de la Independencia y el colectivo Guardianes de la Cuenca, advirtieron que el proyecto\u2026","rel":"","context":"En &quot;CINTILLO&quot;","block_context":{"text":"CINTILLO","link":"http:\/\/www.grieta.org.mx\/index.php\/category\/cintillo\/"},"img":{"alt_text":"","src":"https:\/\/i0.wp.com\/www.grieta.org.mx\/wp-content\/uploads\/2019\/08\/cuenca-independencia-amenazada-proyecto-minero.jpg?resize=350%2C200","width":350,"height":200,"srcset":"https:\/\/i0.wp.com\/www.grieta.org.mx\/wp-content\/uploads\/2019\/08\/cuenca-independencia-amenazada-proyecto-minero.jpg?resize=350%2C200 1x, https:\/\/i0.wp.com\/www.grieta.org.mx\/wp-content\/uploads\/2019\/08\/cuenca-independencia-amenazada-proyecto-minero.jpg?resize=525%2C300 1.5x, https:\/\/i0.wp.com\/www.grieta.org.mx\/wp-content\/uploads\/2019\/08\/cuenca-independencia-amenazada-proyecto-minero.jpg?resize=700%2C400 2x, https:\/\/i0.wp.com\/www.grieta.org.mx\/wp-content\/uploads\/2019\/08\/cuenca-independencia-amenazada-proyecto-minero.jpg?resize=1050%2C600 3x"},"classes":[]},{"id":57256,"url":"http:\/\/www.grieta.org.mx\/index.php\/2021\/02\/10\/enuncian-a-constructora-aldaba-por-dano-ambiental-en-el-arroyo-las-liebres-guanajuato\/","url_meta":{"origin":62487,"position":1},"title":"Denuncian a constructora Aldaba por da\u00f1o ambiental en el arroyo Las Liebres (Guanajuato)","author":"grieta","date":"10 febrero, 2021","format":false,"excerpt":"Joel Reyes Laura, 10 de febrero de 2021. AM Le\u00f3n Guanajuato Le\u00f3n, Guanajuato.- Arboristas denuncian un da\u00f1o ambiental de gran impacto en el arroyo Las Liebres, se\u00f1alan que constructoras inmobiliarias han afectado peri\u00f3dicamente los \u00e1rboles en la zona para instalar una v\u00eda de acceso que conecte con el bulevar Vicente\u2026","rel":"","context":"En &quot;CINTILLO&quot;","block_context":{"text":"CINTILLO","link":"http:\/\/www.grieta.org.mx\/index.php\/category\/cintillo\/"},"img":{"alt_text":"","src":"https:\/\/i0.wp.com\/www.grieta.org.mx\/wp-content\/uploads\/2021\/02\/Captura-de-pantalla-2021-02-28-a-las-21.59.14-copy.jpg?resize=350%2C200","width":350,"height":200,"srcset":"https:\/\/i0.wp.com\/www.grieta.org.mx\/wp-content\/uploads\/2021\/02\/Captura-de-pantalla-2021-02-28-a-las-21.59.14-copy.jpg?resize=350%2C200 1x, https:\/\/i0.wp.com\/www.grieta.org.mx\/wp-content\/uploads\/2021\/02\/Captura-de-pantalla-2021-02-28-a-las-21.59.14-copy.jpg?resize=525%2C300 1.5x, https:\/\/i0.wp.com\/www.grieta.org.mx\/wp-content\/uploads\/2021\/02\/Captura-de-pantalla-2021-02-28-a-las-21.59.14-copy.jpg?resize=700%2C400 2x, https:\/\/i0.wp.com\/www.grieta.org.mx\/wp-content\/uploads\/2021\/02\/Captura-de-pantalla-2021-02-28-a-las-21.59.14-copy.jpg?resize=1050%2C600 3x, https:\/\/i0.wp.com\/www.grieta.org.mx\/wp-content\/uploads\/2021\/02\/Captura-de-pantalla-2021-02-28-a-las-21.59.14-copy.jpg?resize=1400%2C800 4x"},"classes":[]},{"id":37733,"url":"http:\/\/www.grieta.org.mx\/index.php\/2019\/08\/07\/ong-reprochan-al-gobernador-de-guanajuato-su-apoyo-a-el-zapotillo\/","url_meta":{"origin":62487,"position":2},"title":"ONG reprochan al gobernador de Guanajuato su apoyo a El Zapotillo","author":"grieta","date":"7 agosto, 2019","format":false,"excerpt":"Por Ver\u00f3nica Espinosa , Proceso, 7 de agosto de 2019 GUANAJUATO, Gto., (apro).- En una dura carta, organizaciones civiles ambientalistas de distintos municipios del estado reprocharon al gobernador Diego Sinhue Rodr\u00edguez Vallejo su posici\u00f3n de respaldo total al proyecto de la presa y acueducto de El Zapotillo y lo acusan\u2026","rel":"","context":"En &quot;CINTILLO&quot;","block_context":{"text":"CINTILLO","link":"http:\/\/www.grieta.org.mx\/index.php\/category\/cintillo\/"},"img":{"alt_text":"","src":"https:\/\/i0.wp.com\/www.grieta.org.mx\/wp-content\/uploads\/2019\/08\/zapotillo.jpg?resize=350%2C200","width":350,"height":200,"srcset":"https:\/\/i0.wp.com\/www.grieta.org.mx\/wp-content\/uploads\/2019\/08\/zapotillo.jpg?resize=350%2C200 1x, https:\/\/i0.wp.com\/www.grieta.org.mx\/wp-content\/uploads\/2019\/08\/zapotillo.jpg?resize=525%2C300 1.5x, https:\/\/i0.wp.com\/www.grieta.org.mx\/wp-content\/uploads\/2019\/08\/zapotillo.jpg?resize=700%2C400 2x"},"classes":[]},{"id":41521,"url":"http:\/\/www.grieta.org.mx\/index.php\/2019\/11\/24\/advierten-crisis-hidrica-en-dolores-hidalgo-si-se-explota-mina-en-el-cerro-del-gallo-guanajuato\/","url_meta":{"origin":62487,"position":3},"title":"Advierten crisis h\u00eddrica en Dolores Hidalgo si se explota mina en el Cerro del Gallo (Guanajuato","author":"grieta","date":"24 noviembre, 2019","format":false,"excerpt":"En el conversatorio \u201cAgua y miner\u00eda\u201d realizado la tarde de este s\u00e1bado en el Museo Bicentenario, se habl\u00f3 sobre el problema existente del agua en la Cuenca de la Independencia, as\u00ed como aun la gran afectaci\u00f3n que sufrir\u00edan los pobladores si se llega a implementar la explotaci\u00f3n de la mina\u2026","rel":"","context":"En &quot;CINTILLO&quot;","block_context":{"text":"CINTILLO","link":"http:\/\/www.grieta.org.mx\/index.php\/category\/cintillo\/"},"img":{"alt_text":"","src":"https:\/\/i0.wp.com\/www.grieta.org.mx\/wp-content\/uploads\/2019\/11\/cerritodelgallo2-focus-0-0-983-557.jpg?resize=350%2C200","width":350,"height":200,"srcset":"https:\/\/i0.wp.com\/www.grieta.org.mx\/wp-content\/uploads\/2019\/11\/cerritodelgallo2-focus-0-0-983-557.jpg?resize=350%2C200 1x, https:\/\/i0.wp.com\/www.grieta.org.mx\/wp-content\/uploads\/2019\/11\/cerritodelgallo2-focus-0-0-983-557.jpg?resize=525%2C300 1.5x, https:\/\/i0.wp.com\/www.grieta.org.mx\/wp-content\/uploads\/2019\/11\/cerritodelgallo2-focus-0-0-983-557.jpg?resize=700%2C400 2x"},"classes":[]},{"id":52689,"url":"http:\/\/www.grieta.org.mx\/index.php\/2020\/07\/22\/manifestacion-virtual-no-a-la-mina-en-dolores-hidalgo-guanajuato\/","url_meta":{"origin":62487,"position":4},"title":"Manifestaci\u00f3n Virtual \u201cNo a la Mina\u201d En Dolores Hidalgo  (Guanajuato)","author":"grieta","date":"22 julio, 2020","format":false,"excerpt":"En conmemoraci\u00f3n del \u201cDia Mundial Contra la Miner\u00eda a Cielo Abierto\u201d, activistas se manifestaron virtualmente para reiterar su inconformidad por la pretensi\u00f3n de explotaci\u00f3n que tiene la minera canadiense Argonaut Gold, sobre la mina en el Cerro Del Gallo, en la comunidad de San Ant\u00f3n de las minas, en Dolores\u2026","rel":"","context":"En &quot;CINTILLO&quot;","block_context":{"text":"CINTILLO","link":"http:\/\/www.grieta.org.mx\/index.php\/category\/cintillo\/"},"img":{"alt_text":"","src":"https:\/\/i0.wp.com\/www.grieta.org.mx\/wp-content\/uploads\/2020\/08\/0p.jpg?resize=350%2C200","width":350,"height":200,"srcset":"https:\/\/i0.wp.com\/www.grieta.org.mx\/wp-content\/uploads\/2020\/08\/0p.jpg?resize=350%2C200 1x, https:\/\/i0.wp.com\/www.grieta.org.mx\/wp-content\/uploads\/2020\/08\/0p.jpg?resize=525%2C300 1.5x, https:\/\/i0.wp.com\/www.grieta.org.mx\/wp-content\/uploads\/2020\/08\/0p.jpg?resize=700%2C400 2x, https:\/\/i0.wp.com\/www.grieta.org.mx\/wp-content\/uploads\/2020\/08\/0p.jpg?resize=1050%2C600 3x"},"classes":[]},{"id":62885,"url":"http:\/\/www.grieta.org.mx\/index.php\/2021\/11\/23\/marchan-por-alejar-de-dolores-hidalgo-el-proyecto-de-mina-a-cielo-abierto-guanajuato\/","url_meta":{"origin":62487,"position":5},"title":"Marchan por alejar de Dolores Hidalgo el proyecto de mina a cielo abierto (Guanajuato)","author":"grieta","date":"23 noviembre, 2021","format":false,"excerpt":"Mil personas realizan protesta pac\u00edfica en defensa de la Cuenca de la Independencia, sus recursos, su industria, y la salud y la vida de sus m\u00e1s de 600 mil habitantes POPLab, 23 de nov. 2021, Con informaci\u00f3n de Martha Silva. Fotos: Alonso Merino Lubetzky El Movimiento Social Contra la Miner\u00eda\u2026","rel":"","context":"En &quot;CINTILLO&quot;","block_context":{"text":"CINTILLO","link":"http:\/\/www.grieta.org.mx\/index.php\/category\/cintillo\/"},"img":{"alt_text":"","src":"https:\/\/i0.wp.com\/www.grieta.org.mx\/wp-content\/uploads\/2021\/12\/DH43-scaled.jpg?resize=350%2C200","width":350,"height":200,"srcset":"https:\/\/i0.wp.com\/www.grieta.org.mx\/wp-content\/uploads\/2021\/12\/DH43-scaled.jpg?resize=350%2C200 1x, https:\/\/i0.wp.com\/www.grieta.org.mx\/wp-content\/uploads\/2021\/12\/DH43-scaled.jpg?resize=525%2C300 1.5x, https:\/\/i0.wp.com\/www.grieta.org.mx\/wp-content\/uploads\/2021\/12\/DH43-scaled.jpg?resize=700%2C400 2x, https:\/\/i0.wp.com\/www.grieta.org.mx\/wp-content\/uploads\/2021\/12\/DH43-scaled.jpg?resize=1050%2C600 3x, https:\/\/i0.wp.com\/www.grieta.org.mx\/wp-content\/uploads\/2021\/12\/DH43-scaled.jpg?resize=1400%2C800 4x"},"classes":[]}],"_links":{"self":[{"href":"http:\/\/www.grieta.org.mx\/index.php\/wp-json\/wp\/v2\/posts\/62487","targetHints":{"allow":["GET"]}}],"collection":[{"href":"http:\/\/www.grieta.org.mx\/index.php\/wp-json\/wp\/v2\/posts"}],"about":[{"href":"http:\/\/www.grieta.org.mx\/index.php\/wp-json\/wp\/v2\/types\/post"}],"author":[{"embeddable":true,"href":"http:\/\/www.grieta.org.mx\/index.php\/wp-json\/wp\/v2\/users\/2"}],"replies":[{"embeddable":true,"href":"http:\/\/www.grieta.org.mx\/index.php\/wp-json\/wp\/v2\/comments?post=62487"}],"version-history":[{"count":1,"href":"http:\/\/www.grieta.org.mx\/index.php\/wp-json\/wp\/v2\/posts\/62487\/revisions"}],"predecessor-version":[{"id":62494,"href":"http:\/\/www.grieta.org.mx\/index.php\/wp-json\/wp\/v2\/posts\/62487\/revisions\/62494"}],"wp:featuredmedia":[{"embeddable":true,"href":"http:\/\/www.grieta.org.mx\/index.php\/wp-json\/wp\/v2\/media\/62493"}],"wp:attachment":[{"href":"http:\/\/www.grieta.org.mx\/index.php\/wp-json\/wp\/v2\/media?parent=62487"}],"wp:term":[{"taxonomy":"category","embeddable":true,"href":"http:\/\/www.grieta.org.mx\/index.php\/wp-json\/wp\/v2\/categories?post=62487"},{"taxonomy":"post_tag","embeddable":true,"href":"http:\/\/www.grieta.org.mx\/index.php\/wp-json\/wp\/v2\/tags?post=62487"}],"curies":[{"name":"wp","href":"https:\/\/api.w.org\/{rel}","templated":true}]}}