{"id":62483,"date":"2021-10-11T20:47:11","date_gmt":"2021-10-12T01:47:11","guid":{"rendered":"http:\/\/www.grieta.org.mx\/?p=62483"},"modified":"2021-10-28T00:54:47","modified_gmt":"2021-10-28T05:54:47","slug":"liberan-a-profesora-detenida-por-oponerse-a-obra-de-corredor-interoceanico-en-sus-tierras-oaxaca","status":"publish","type":"post","link":"http:\/\/www.grieta.org.mx\/index.php\/2021\/10\/11\/liberan-a-profesora-detenida-por-oponerse-a-obra-de-corredor-interoceanico-en-sus-tierras-oaxaca\/","title":{"rendered":"Liberan a profesora detenida por oponerse a obra de Corredor Interoce\u00e1nico en sus tierras (Oaxaca)"},"content":{"rendered":"<p>Pi\u00e9 de P\u00e1gina \/ Diana Manzo \/ Fotos: Especial.<\/p>\n<p><img loading=\"lazy\" decoding=\"async\" data-attachment-id=\"62484\" data-permalink=\"http:\/\/www.grieta.org.mx\/index.php\/2021\/10\/11\/liberan-a-profesora-detenida-por-oponerse-a-obra-de-corredor-interoceanico-en-sus-tierras-oaxaca\/q-2\/\" data-orig-file=\"http:\/\/www.grieta.org.mx\/wp-content\/uploads\/2021\/10\/Q.jpg\" data-orig-size=\"1280,846\" data-comments-opened=\"0\" data-image-meta=\"{&quot;aperture&quot;:&quot;0&quot;,&quot;credit&quot;:&quot;&quot;,&quot;camera&quot;:&quot;&quot;,&quot;caption&quot;:&quot;&quot;,&quot;created_timestamp&quot;:&quot;0&quot;,&quot;copyright&quot;:&quot;&quot;,&quot;focal_length&quot;:&quot;0&quot;,&quot;iso&quot;:&quot;0&quot;,&quot;shutter_speed&quot;:&quot;0&quot;,&quot;title&quot;:&quot;&quot;,&quot;orientation&quot;:&quot;0&quot;}\" data-image-title=\"Q\" data-image-description=\"\" data-image-caption=\"\" data-medium-file=\"http:\/\/www.grieta.org.mx\/wp-content\/uploads\/2021\/10\/Q-300x198.jpg\" data-large-file=\"http:\/\/www.grieta.org.mx\/wp-content\/uploads\/2021\/10\/Q-1024x677.jpg\" class=\"alignnone wp-image-62484\" src=\"http:\/\/www.grieta.org.mx\/wp-content\/uploads\/2021\/10\/Q.jpg\" alt=\"\" width=\"800\" height=\"529\" srcset=\"http:\/\/www.grieta.org.mx\/wp-content\/uploads\/2021\/10\/Q.jpg 1280w, http:\/\/www.grieta.org.mx\/wp-content\/uploads\/2021\/10\/Q-300x198.jpg 300w, http:\/\/www.grieta.org.mx\/wp-content\/uploads\/2021\/10\/Q-1024x677.jpg 1024w, http:\/\/www.grieta.org.mx\/wp-content\/uploads\/2021\/10\/Q-768x508.jpg 768w\" sizes=\"auto, (max-width: 800px) 100vw, 800px\" \/><\/p>\n<p>Luego de dos d\u00edas detenida, la profesora Micaela Valdivieso Joaqu\u00edn fue liberada la tarde de este domingo. La docente y su hijo fueron acusados de oponerse a que en sus tierras se construyan obras del Corredor Interoce\u00e1nico del Istmo de Tehuantepec.<\/p>\n<p>JUCHIT\u00c1N, OAXACA.- Despu\u00e9s de 48 horas de que fuera detenida y llevada a las oficinas de la delegaci\u00f3n de la Fiscal\u00eda General de la Rep\u00fablica en la capital de Oaxaca, acusada por el delito de oposici\u00f3n a que se ejecute una obra o trabajo p\u00fablico, la profesora ayuujk (mixe) Micaela Valdivieso Joaqu\u00edn y su hijo Eberth Mu\u00f1oz Valdivieso fueron liberados. As\u00ed lo confirm\u00f3 la docente a trav\u00e9s de un video que comparti\u00f3 a colectivos y medios de comunicaci\u00f3n.<\/p>\n<div class=\"jetpack-video-wrapper\"><iframe loading=\"lazy\" title=\"Liberan a profesora ayuujk que se opuso a obra del Corredor Interoce\u00e1nico\" width=\"1170\" height=\"658\" src=\"https:\/\/www.youtube.com\/embed\/FTGOlyCZED8?feature=oembed\" frameborder=\"0\" allow=\"accelerometer; autoplay; clipboard-write; encrypted-media; gyroscope; picture-in-picture; web-share\" referrerpolicy=\"strict-origin-when-cross-origin\" allowfullscreen><\/iframe><\/div>\n<p>La docente y su hijo son originarios de la comunidad de Estaci\u00f3n Sarabia, San Juan Guichicovi, Oaxaca, y fueron detenidos por defender su predio y oponerse a que en sus tierras construyan obras del Corredor Interoce\u00e1nico del Istmo de Tehuantepec, denunci\u00f3 su abogado, Carlos Leonardo Espinoza.<\/p>\n<p>De acuerdo con la carpeta de investigaci\u00f3n n\u00famero FED\/MR\/OAX\/0001438\/2021, a la maestra de preescolar y su hijo los acusaron por el \u201cdelito de oposici\u00f3n\u201d a que se ejecute una obra o trabajo p\u00fablico. Su abogado denunci\u00f3 que es una forma de acoso y criminalizaci\u00f3n para que desistan de sus pretensiones y sean llevados presos como lo sentenci\u00f3 el Juez Sexto de Distrito con sede en Salina Cruz, Oaxaca.<\/p>\n<p>El Corredor Interoce\u00e1nico del Istmo es un megaproyecto que impulsa el gobierno federal y que incluye la rehabilitaci\u00f3n de las v\u00edas f\u00e9rreas del puerto de Salina Cruz, Oaxaca, hasta Coatzacoalcos, Veracruz, y la construcci\u00f3n de parques industriales, sin embargo, este programa est\u00e1 realizando la ampliaci\u00f3n de la carretera trans\u00edstmica, pero hay oposici\u00f3n de propietarios de la zona norte del Istmo de Tehuantepec, quienes aseguran no fueron tomados en cuenta, porque solo negociaron con ejidatarios y no con peque\u00f1os propietarios como la maestra Micaela.<\/p>\n<p>Antes de que entrar\u00e1 la maquinaria a su domicilio, la profesora promovi\u00f3 un amparo con el juez sexto para protegerse, pero no se lo otorg\u00f3 y entonces acudi\u00f3 ante el juez s\u00e9ptimo de distrito, que lo autoriz\u00f3, entonces se piensa que es una forma de represalia en su contra por oponerse a dicho proyecto.<\/p>\n<p>Los integrantes de la Uni\u00f3n de Comunidades Ind\u00edgenas de la Zona Norte del Istmo (Ucizoni) exigieron la liberaci\u00f3n de la docente. Se\u00f1alaron que es un atropello contra las personas que se oponen a sus megaobras.<\/p>\n<p>\u201cExigimos la liberaci\u00f3n inmediata de la maestra y su hijo\u201d, recalc\u00f3 Carlos Beas Torres, al se\u00f1alar que sin que exista una orden de aprehensi\u00f3n y con un amparo de por medio otorgado por el juez s\u00e9ptimo de distrito de Salina Cruz, la profesora y su hijo fueron detenidos.<\/p>\n<p>Adem\u00e1s, extern\u00f3 que el Corredor Interoce\u00e1nico del Istmo en ning\u00fan momento dialog\u00f3 con la profesora sobre un pago y tampoco lo hizo con el resto de los peque\u00f1os propietarios por la afectaci\u00f3n que pudiera ocasionar la maquinaria al ampliar la obra, \u00fanicamente lo hizo con los ejidatarios de la zona, por lo que no hay convenio.<\/p>\n<p>\u00bfD\u00f3nde qued\u00f3 el estado de Derecho? \u00bfD\u00f3nde qued\u00f3 la Cuarta Transformaci\u00f3n del pa\u00eds?, cuestion\u00f3 el activista al precisar que la profesora lo \u00fanico que hizo fue defender su territorio, su propiedad, y por eso la encarcelan.<\/p>\n<p>Por \u00faltimo, el asesor y activista de la UCIZONI denunci\u00f3 qu\u00e9 por el acompa\u00f1amiento en estas luchas por la defensa del territorio contra megaproyectos, los integrantes de esta organizaci\u00f3n social han vivido una serie de amenazas y criminalizaciones, por esa raz\u00f3n, el pr\u00f3ximo 12 de octubre se movilizar\u00e1n para exigir respeto y un alto al acoso de parte del estado.<\/p>\n<p>\u201cHace tres semanas, fue detenido y recluido en el penal de Tehuantepec el campesino Salvador Pinal Mel\u00e9ndez, imputado por los delitos de disparos de arma de fuego y posesi\u00f3n de arma de fuego, cuando lo \u00fanico que hizo fue defender sus terrenos de invasores como Anastasio \u2018Tacho\u2019 Canasta\u201d, concluy\u00f3.<\/p>\n<p><a href=\"https:\/\/piedepagina.mx\/liberan-a-profesora-detenida-por-oponerse-a-obra-de-corredor-interoceanico-en-sus-tierras\/\" target=\"_blank\" rel=\"noopener\">https:\/\/piedepagina.mx\/liberan-a-profesora-detenida-por-oponerse-a-obra-de-corredor-interoceanico-en-sus-tierras\/<\/a><\/p>\n","protected":false},"excerpt":{"rendered":"<p>Pi\u00e9 de P\u00e1gina \/ Diana Manzo \/ Fotos: Especial. Luego de dos d\u00edas detenida, la profesora Micaela Valdivieso Joaqu\u00edn fue liberada la tarde de este domingo. La docente y su &hellip; <a href=\"http:\/\/www.grieta.org.mx\/index.php\/2021\/10\/11\/liberan-a-profesora-detenida-por-oponerse-a-obra-de-corredor-interoceanico-en-sus-tierras-oaxaca\/\" class=\"more-link\">Leer m\u00e1s<\/a><\/p>\n","protected":false},"author":2,"featured_media":62484,"comment_status":"closed","ping_status":"closed","sticky":false,"template":"","format":"standard","meta":{"ngg_post_thumbnail":0,"_jetpack_newsletter_access":"","_jetpack_dont_email_post_to_subs":false,"_jetpack_newsletter_tier_id":0,"_jetpack_memberships_contains_paywalled_content":false,"_jetpack_memberships_contains_paid_content":false,"footnotes":""},"categories":[2242,80,1708,2,25,1496,2909,1665],"tags":[],"class_list":["post-62483","post","type-post","status-publish","format-standard","has-post-thumbnail","hentry","category-brutalidad-policiaca-en-oaxaca","category-cintillo","category-corredor-del-istmo-de-tehuantepec","category-noticias-nacionales","category-oaxaca","category-represion-en-oaxaca","category-resistencias-y-rebeldias-en-oaxaca","category-violencia-contra-las-mujeres-en-oaxaca","entry"],"jetpack_featured_media_url":"http:\/\/www.grieta.org.mx\/wp-content\/uploads\/2021\/10\/Q.jpg","jetpack_sharing_enabled":true,"jetpack_shortlink":"https:\/\/wp.me\/p7ZJR4-gfN","jetpack_likes_enabled":false,"jetpack-related-posts":[{"id":62309,"url":"http:\/\/www.grieta.org.mx\/index.php\/2021\/10\/10\/encarcelan-a-profesora-ayuujk-e-hijo-por-oponerse-a-obra-de-corredor-interoceanico-en-sus-tierras-ucizoni-exige-su-liberacion-oaxaca\/","url_meta":{"origin":62483,"position":0},"title":"Encarcelan a profesora ayuujk e hijo por oponerse a obra de Corredor Interoce\u00e1nico en sus tierras; Ucizoni exige su liberaci\u00f3n (Oaxaca)","author":"grieta","date":"10 octubre, 2021","format":false,"excerpt":"P\u00e1gina 3 \/ Diana Manzo. Juchit\u00e1n, Oax.- Por defender su predio y oponerse a que en sus tierras construyan obras del Corredor Interoce\u00e1nico del Istmo de Tehuantepec, la profesora ayuujk (mixe) Micaela Valdivieso Joaqu\u00edn y su hijo Eberth Mu\u00f1oz Valdivieso, originarios de la comunidad de Estaci\u00f3n Sarabia, San Juan Guichicovi,\u2026","rel":"","context":"En &quot;CINTILLO&quot;","block_context":{"text":"CINTILLO","link":"http:\/\/www.grieta.org.mx\/index.php\/category\/cintillo\/"},"img":{"alt_text":"","src":"https:\/\/i0.wp.com\/www.grieta.org.mx\/wp-content\/uploads\/2021\/10\/1-4.jpg?resize=350%2C200","width":350,"height":200,"srcset":"https:\/\/i0.wp.com\/www.grieta.org.mx\/wp-content\/uploads\/2021\/10\/1-4.jpg?resize=350%2C200 1x, https:\/\/i0.wp.com\/www.grieta.org.mx\/wp-content\/uploads\/2021\/10\/1-4.jpg?resize=525%2C300 1.5x, https:\/\/i0.wp.com\/www.grieta.org.mx\/wp-content\/uploads\/2021\/10\/1-4.jpg?resize=700%2C400 2x"},"classes":[]},{"id":65676,"url":"http:\/\/www.grieta.org.mx\/index.php\/2022\/10\/28\/matan-a-comunero-y-atentan-contra-dirigente-del-colectivo-sol-rojo-en-el-istmo-oaxaqueno-ambos-opositores-del-corredor-interoceanico-oaxaca\/","url_meta":{"origin":62483,"position":1},"title":"Matan a comunero y atentan contra dirigente del colectivo \u201cSol Rojo\u201d en el Istmo oaxaque\u00f1o ; ambos opositores del corredor interoce\u00e1nico (Oaxaca)","author":"grieta","date":"28 octubre, 2022","format":false,"excerpt":"Imagen: Especial Diana Manzo \/ Agencia de Noticias IstmoPress #Tehuantepec 28 Oct (#Istmopress) \u2013 Ayer por la noche, Jes\u00fas Manuel Garc\u00eda Mart\u00ednez, comunero zapoteca de la comunidad agraria de Santa Cruz Tagolaba conocido tambi\u00e9n como \u201cChu Pau\u201d, fue asesinado por un grupo de personas armadas, quienes interrumpieron su domicilio en\u2026","rel":"","context":"En &quot;CINTILLO&quot;","block_context":{"text":"CINTILLO","link":"http:\/\/www.grieta.org.mx\/index.php\/category\/cintillo\/"},"img":{"alt_text":"","src":"https:\/\/i0.wp.com\/www.grieta.org.mx\/wp-content\/uploads\/2022\/11\/BSZASRZZ5NG2DO2KEHU5OFYRNI.webp?resize=350%2C200","width":350,"height":200,"srcset":"https:\/\/i0.wp.com\/www.grieta.org.mx\/wp-content\/uploads\/2022\/11\/BSZASRZZ5NG2DO2KEHU5OFYRNI.webp?resize=350%2C200 1x, https:\/\/i0.wp.com\/www.grieta.org.mx\/wp-content\/uploads\/2022\/11\/BSZASRZZ5NG2DO2KEHU5OFYRNI.webp?resize=525%2C300 1.5x, https:\/\/i0.wp.com\/www.grieta.org.mx\/wp-content\/uploads\/2022\/11\/BSZASRZZ5NG2DO2KEHU5OFYRNI.webp?resize=700%2C400 2x"},"classes":[]},{"id":65997,"url":"http:\/\/www.grieta.org.mx\/index.php\/2022\/12\/14\/ven-en-el-interoceanico-proyecto-de-saqueo-y-despojo-apiidtt-15-anos-de-lucha-y-resistencia-por-la-vida-oaxaca\/","url_meta":{"origin":62483,"position":2},"title":"Ven en el Interoce\u00e1nico proyecto de saqueo y despojo, APIIDTT 15 a\u00f1os de lucha y resistencia por la vida (Oaxaca)","author":"grieta","date":"14 diciembre, 2022","format":false,"excerpt":"Imagen: Cortes\u00eda Gerardo Valdivieso Parada \/ NVINoticias SAN BLAS ATEMPA, Oaxaca.- Integrantes de la Asamblea de los Pueblos Ind\u00edgenas del Istmo en Defensa de la Tierra y el Territorio (APIIDTT) conmemoraron 15 a\u00f1os \u201cen este caminar de lucha y resistencia por la defensa de la vida, tierra y territorio\u201d. En\u2026","rel":"","context":"En &quot;5. Istmo&quot;","block_context":{"text":"5. Istmo","link":"http:\/\/www.grieta.org.mx\/index.php\/category\/espejos-de-la-resistencia\/5-istmo\/"},"img":{"alt_text":"","src":"https:\/\/i0.wp.com\/www.grieta.org.mx\/wp-content\/uploads\/2022\/12\/proyecto_interoceanico.webp?resize=350%2C200","width":350,"height":200,"srcset":"https:\/\/i0.wp.com\/www.grieta.org.mx\/wp-content\/uploads\/2022\/12\/proyecto_interoceanico.webp?resize=350%2C200 1x, https:\/\/i0.wp.com\/www.grieta.org.mx\/wp-content\/uploads\/2022\/12\/proyecto_interoceanico.webp?resize=525%2C300 1.5x, https:\/\/i0.wp.com\/www.grieta.org.mx\/wp-content\/uploads\/2022\/12\/proyecto_interoceanico.webp?resize=700%2C400 2x"},"classes":[]},{"id":59514,"url":"http:\/\/www.grieta.org.mx\/index.php\/2021\/05\/14\/ejidatarios-de-mogone-viejo-suspenden-trabajos-del-corredor-interoceanico-oaxaca\/","url_meta":{"origin":62483,"position":3},"title":"Ejidatarios de Mogo\u00f1\u00e9 Viejo suspenden trabajos del Corredor Interoce\u00e1nico (Oaxaca)","author":"grieta","date":"14 mayo, 2021","format":false,"excerpt":"La coperacha \/ Redacci\u00f3n. Foto: Ucizoni Denuncian trabajos sin permiso del ejido y da\u00f1os en el abasto de agua. En Oaxaca, ejidatarios de Mogo\u00f1\u00e9 Viejo, municipio San Juan Guichicovi, suspendieron los trabajos de rehabilitaci\u00f3n del Ferrocarril Trans\u00edstmico en demanda de informaci\u00f3n consulta sobre el megaproyecto del Corredor Interoce\u00e1nico. Por acuerdo\u2026","rel":"","context":"En &quot;CINTILLO&quot;","block_context":{"text":"CINTILLO","link":"http:\/\/www.grieta.org.mx\/index.php\/category\/cintillo\/"},"img":{"alt_text":"","src":"https:\/\/i0.wp.com\/www.grieta.org.mx\/wp-content\/uploads\/2021\/05\/x.jpg?resize=350%2C200","width":350,"height":200,"srcset":"https:\/\/i0.wp.com\/www.grieta.org.mx\/wp-content\/uploads\/2021\/05\/x.jpg?resize=350%2C200 1x, https:\/\/i0.wp.com\/www.grieta.org.mx\/wp-content\/uploads\/2021\/05\/x.jpg?resize=525%2C300 1.5x, https:\/\/i0.wp.com\/www.grieta.org.mx\/wp-content\/uploads\/2021\/05\/x.jpg?resize=700%2C400 2x"},"classes":[]},{"id":67158,"url":"http:\/\/www.grieta.org.mx\/index.php\/2023\/07\/05\/localizan-sin-vida-al-activista-que-cuestionaba-pago-de-tierras-del-corredor-interoceanico-en-mixtequilla-oaxaca\/","url_meta":{"origin":62483,"position":4},"title":"Localizan sin vida al activista que cuestionaba pago de tierras del Corredor Interoce\u00e1nico en Mixtequilla, Oaxaca","author":"grieta","date":"5 julio, 2023","format":false,"excerpt":"Imagen: Ficha de b\u00fasqueda emitida para encontrar a Noel L\u00f3pez Gallegos - Pagina 3 Diana Manzo \/ P\u00e1gina 3 Mixtequilla, Oax.- Noel L\u00f3pez Gallegos, activista zapoteca de 52 a\u00f1os de edad, fue localizado sin vida la tarde de este martes, confirmaron las autoridades locales de este municipio asentado en el\u2026","rel":"","context":"En &quot;CINTILLO&quot;","block_context":{"text":"CINTILLO","link":"http:\/\/www.grieta.org.mx\/index.php\/category\/cintillo\/"},"img":{"alt_text":"","src":"https:\/\/i0.wp.com\/www.grieta.org.mx\/wp-content\/uploads\/2023\/07\/Acivista-Noel-Lopez-Gallegos.webp?resize=350%2C200","width":350,"height":200,"srcset":"https:\/\/i0.wp.com\/www.grieta.org.mx\/wp-content\/uploads\/2023\/07\/Acivista-Noel-Lopez-Gallegos.webp?resize=350%2C200 1x, https:\/\/i0.wp.com\/www.grieta.org.mx\/wp-content\/uploads\/2023\/07\/Acivista-Noel-Lopez-Gallegos.webp?resize=525%2C300 1.5x"},"classes":[]},{"id":67357,"url":"http:\/\/www.grieta.org.mx\/index.php\/2023\/07\/23\/derribaran-200-arboles-para-construir-obra-de-corredor-interoceanico-oaxaca\/","url_meta":{"origin":62483,"position":5},"title":"Derribar\u00e1n 200 \u00e1rboles para construir obra de Corredor Interoce\u00e1nico (Oaxaca)","author":"grieta","date":"23 julio, 2023","format":false,"excerpt":"Imagen: cortes\u00eda de Edwin Meneses Sin un anuncio oficial, trabajadores de la empresa que construyen en un tramo del Corredor Interoc\u00e9anico anunciaron a habitantes del Istmo de Tehuantepec que derribar\u00e1n 200 \u00e1rboles, a cambio prometen construir un parque Diana Manzo \/ Istmo Press \/ P\u00ede de P\u00e1gina OAXACA. \u2013 Sin\u2026","rel":"","context":"En &quot;CINTILLO&quot;","block_context":{"text":"CINTILLO","link":"http:\/\/www.grieta.org.mx\/index.php\/category\/cintillo\/"},"img":{"alt_text":"","src":"https:\/\/i0.wp.com\/www.grieta.org.mx\/wp-content\/uploads\/2023\/08\/IstmoPressarboles_Istmo_Edwin_Meneses.jpg?resize=350%2C200","width":350,"height":200,"srcset":"https:\/\/i0.wp.com\/www.grieta.org.mx\/wp-content\/uploads\/2023\/08\/IstmoPressarboles_Istmo_Edwin_Meneses.jpg?resize=350%2C200 1x, https:\/\/i0.wp.com\/www.grieta.org.mx\/wp-content\/uploads\/2023\/08\/IstmoPressarboles_Istmo_Edwin_Meneses.jpg?resize=525%2C300 1.5x, https:\/\/i0.wp.com\/www.grieta.org.mx\/wp-content\/uploads\/2023\/08\/IstmoPressarboles_Istmo_Edwin_Meneses.jpg?resize=700%2C400 2x"},"classes":[]}],"_links":{"self":[{"href":"http:\/\/www.grieta.org.mx\/index.php\/wp-json\/wp\/v2\/posts\/62483","targetHints":{"allow":["GET"]}}],"collection":[{"href":"http:\/\/www.grieta.org.mx\/index.php\/wp-json\/wp\/v2\/posts"}],"about":[{"href":"http:\/\/www.grieta.org.mx\/index.php\/wp-json\/wp\/v2\/types\/post"}],"author":[{"embeddable":true,"href":"http:\/\/www.grieta.org.mx\/index.php\/wp-json\/wp\/v2\/users\/2"}],"replies":[{"embeddable":true,"href":"http:\/\/www.grieta.org.mx\/index.php\/wp-json\/wp\/v2\/comments?post=62483"}],"version-history":[{"count":1,"href":"http:\/\/www.grieta.org.mx\/index.php\/wp-json\/wp\/v2\/posts\/62483\/revisions"}],"predecessor-version":[{"id":62485,"href":"http:\/\/www.grieta.org.mx\/index.php\/wp-json\/wp\/v2\/posts\/62483\/revisions\/62485"}],"wp:featuredmedia":[{"embeddable":true,"href":"http:\/\/www.grieta.org.mx\/index.php\/wp-json\/wp\/v2\/media\/62484"}],"wp:attachment":[{"href":"http:\/\/www.grieta.org.mx\/index.php\/wp-json\/wp\/v2\/media?parent=62483"}],"wp:term":[{"taxonomy":"category","embeddable":true,"href":"http:\/\/www.grieta.org.mx\/index.php\/wp-json\/wp\/v2\/categories?post=62483"},{"taxonomy":"post_tag","embeddable":true,"href":"http:\/\/www.grieta.org.mx\/index.php\/wp-json\/wp\/v2\/tags?post=62483"}],"curies":[{"name":"wp","href":"https:\/\/api.w.org\/{rel}","templated":true}]}}