{"id":62293,"date":"2021-10-07T19:18:21","date_gmt":"2021-10-08T00:18:21","guid":{"rendered":"https:\/\/www.grieta.org.mx\/?p=62293"},"modified":"2021-10-10T19:23:43","modified_gmt":"2021-10-11T00:23:43","slug":"falta-voluntad-politica-para-enfrentar-crisis-forense-en-jalisco","status":"publish","type":"post","link":"http:\/\/www.grieta.org.mx\/index.php\/2021\/10\/07\/falta-voluntad-politica-para-enfrentar-crisis-forense-en-jalisco\/","title":{"rendered":"Falta voluntad pol\u00edtica para enfrentar crisis forense en Jalisco"},"content":{"rendered":"<p>Foto: Jorge Alberto Mendoza<\/p>\n<p>Redacci\u00f3n \/ El Diario NTR<\/p>\n<p>Por falta de recursos y voluntad pol\u00edtica, el Gobierno de Jalisco no reconoce la crisis forense que vive la entidad, asegur\u00f3 Guadalupe Aguilar, integrante del colectivo Familias Unidas por Nuestros Desaparecidos Jalisco (Fundej).<\/p>\n<p>En entrevista para InformativoNTR con Sergio Ren\u00e9 de Dios, asegur\u00f3 que a pesar de la negativa oficial, Jalisco es l\u00edder nacional en desapariciones.<\/p>\n<p>\u201cSabemos que hay cerca de 4 mil cuerpos sin identificar ah\u00ed en el Semefo, y si a todo eso le sumamos las fosas que han estado saliendo, la \u00faltima de San Jos\u00e9 del 15, que es una fosa realmente grande, y todas las que han estado saliendo y que se han estado acumulando los restos de los desaparecidos ah\u00ed en el Semefo, y que nosotros estamos ah\u00ed presentes. Tenemos casos que se han encontrado partes de un desaparecido y duran hasta m\u00e1s de un a\u00f1o en confrontarlos, en conformar el cuerpo. \u00bfQu\u00e9 quiere decir? Que hay crisis, que no hay resultados, que no hay genetistas, que no hay peritos. No hay, no hay, no hay.\u201d<\/p>\n<p>La activista y madre en busca de su hijo v\u00edcitma de desaparici\u00f3n, reconoci\u00f3 que s\u00ed ha habido avances en esta materia, aunque el esfuerzo ha quedado corto.<\/p>\n<p>Adelant\u00f3 que las autoridades estatales trabajan en la creaci\u00f3n de un laboratorio especial de identificaci\u00f3n, el cual tentativamente se ubicar\u00eda en Atotonilco el Alto y ayudar\u00e1 en las confrontas gen\u00e9ticas de las personas sin identificar y los familiares en b\u00fasqueda de sus seres queridos.<\/p>\n<p>\u201cEl anexo de un laboratorio espacial de identificaci\u00f3n, que ya se tiene el terreno en Atotonilco. Yo conf\u00eda que as\u00ed como han pasado 10 a\u00f1os y tenemos m\u00e1s cosas para la identificaci\u00f3n de los desaparecidos, as\u00ed van a tener que pasar otros tantos, pero vamos tambi\u00e9n a tener nuestro laboratorio. Siendo conscientes sabemos que no puede estar el laboratorio de un d\u00eda a otro, tambi\u00e9n sabemos que no se tiene la voluntad que se debiera. (\u2026) Ahorita yo tengo muy poca esperanza que dentro de este gobierno (estatal) se vaya a hacer m\u00e1s.\u201d<\/p>\n<p>Guadalupe Aguilar descart\u00f3 que Jalisco pueda vivir otro episodio como \u2018los tr\u00e1ileres de la muerte\u2019, aunque es probable que por la acumulaci\u00f3n de restos humanos, las autoridades no logren identificar a todas las v\u00edctimas.<\/p>\n<p><a href=\"https:\/\/www.ntrguadalajara.com\/post.php?id_nota=172741\">https:\/\/www.ntrguadalajara.com\/post.php?id_nota=172741<\/a><\/p>\n","protected":false},"excerpt":{"rendered":"<p>Foto: Jorge Alberto Mendoza Redacci\u00f3n \/ El Diario NTR Por falta de recursos y voluntad pol\u00edtica, el Gobierno de Jalisco no reconoce la crisis forense que vive la entidad, asegur\u00f3 &hellip; <a href=\"http:\/\/www.grieta.org.mx\/index.php\/2021\/10\/07\/falta-voluntad-politica-para-enfrentar-crisis-forense-en-jalisco\/\" class=\"more-link\">Leer m\u00e1s<\/a><\/p>\n","protected":false},"author":2,"featured_media":62294,"comment_status":"closed","ping_status":"closed","sticky":false,"template":"","format":"standard","meta":{"ngg_post_thumbnail":0,"_jetpack_newsletter_access":"","_jetpack_dont_email_post_to_subs":false,"_jetpack_newsletter_tier_id":0,"_jetpack_memberships_contains_paywalled_content":false,"_jetpack_memberships_contains_paid_content":false,"footnotes":""},"categories":[80,87,1032,20,2,83],"tags":[1828,3018,121,1668],"class_list":["post-62293","post","type-post","status-publish","format-standard","has-post-thumbnail","hentry","category-cintillo","category-desaparecidos","category-desaparecidos-en-jalisco","category-jalisco","category-noticias-nacionales","category-temas-nacionales","tag-busqueda-de-desaparecidos","tag-colectivos-de-busqueda-de-desaparecidos","tag-desaparecidos","tag-familiares-de-desaparecidos","entry"],"jetpack_featured_media_url":"http:\/\/www.grieta.org.mx\/wp-content\/uploads\/2021\/10\/2021-10-07_09-10-09___6025.jpg","jetpack_sharing_enabled":true,"jetpack_shortlink":"https:\/\/wp.me\/p7ZJR4-gcJ","jetpack_likes_enabled":false,"jetpack-related-posts":[{"id":60522,"url":"http:\/\/www.grieta.org.mx\/index.php\/2021\/07\/12\/crisis-forense-en-el-ijcf-atrae-a-caravanas-nacionales-de-busqueda-guadalupe-aguilar-familias-unidas-por-nuestros-desaparecidos-jalisco\/","url_meta":{"origin":62293,"position":0},"title":"Crisis forense en el IJCF atrae a caravanas nacionales de b\u00fasqueda: Guadalupe Aguilar, Familias Unidas por Nuestros Desaparecidos Jalisco","author":"grieta","date":"12 julio, 2021","format":false,"excerpt":"Foto: Jorge Alberto Mendoza Redacci\u00f3n \/ El Diario NTR La crisis que se vive en el Instituto Jalisciense de Ciencias Forenses (IJCF) es un punto de referencia para las caravanas nacionales de b\u00fasqueda, explic\u00f3 Guadalupe Aguilar, integrante de Familias Unidas por Nuestros Desaparecidos Jalisco. En el IJCF hay cientos de\u2026","rel":"","context":"En &quot;CINTILLO&quot;","block_context":{"text":"CINTILLO","link":"http:\/\/www.grieta.org.mx\/index.php\/category\/cintillo\/"},"img":{"alt_text":"","src":"https:\/\/i0.wp.com\/www.grieta.org.mx\/wp-content\/uploads\/2021\/07\/2021-07-12_05-07-31___6234.jpg?resize=350%2C200","width":350,"height":200,"srcset":"https:\/\/i0.wp.com\/www.grieta.org.mx\/wp-content\/uploads\/2021\/07\/2021-07-12_05-07-31___6234.jpg?resize=350%2C200 1x, https:\/\/i0.wp.com\/www.grieta.org.mx\/wp-content\/uploads\/2021\/07\/2021-07-12_05-07-31___6234.jpg?resize=525%2C300 1.5x, https:\/\/i0.wp.com\/www.grieta.org.mx\/wp-content\/uploads\/2021\/07\/2021-07-12_05-07-31___6234.jpg?resize=700%2C400 2x"},"classes":[]},{"id":59154,"url":"http:\/\/www.grieta.org.mx\/index.php\/2021\/04\/29\/coinciden-colectivos-de-desaparecidos-en-que-prevalece-crisis-forense-en-jalisco\/","url_meta":{"origin":62293,"position":1},"title":"Coinciden colectivos de desaparecidos en que prevalece crisis forense en Jalisco","author":"grieta","date":"29 abril, 2021","format":false,"excerpt":"Foto: EFE -\u00a0 Francisco Guasco F\u00e1tima Aguilar \/ UDGTV Jalisco arrastra una crisis forense desde 2018, cuando fue evidenciada por primera vez con el deambular de\u00a0dos tr\u00e1ileres que almacenaban cuerpos sin las condiciones adecuadas\u00a0de preservaci\u00f3n,\u00a0manifestaron familiares de desaparecidos. Pese a la negativa del gobierno actual de que existe una crisis\u2026","rel":"","context":"En &quot;CINTILLO&quot;","block_context":{"text":"CINTILLO","link":"http:\/\/www.grieta.org.mx\/index.php\/category\/cintillo\/"},"img":{"alt_text":"","src":"https:\/\/i0.wp.com\/www.grieta.org.mx\/wp-content\/uploads\/2021\/05\/Busqueda-de-desaparecidos-EFE-656x420-1.jpg?resize=350%2C200","width":350,"height":200,"srcset":"https:\/\/i0.wp.com\/www.grieta.org.mx\/wp-content\/uploads\/2021\/05\/Busqueda-de-desaparecidos-EFE-656x420-1.jpg?resize=350%2C200 1x, https:\/\/i0.wp.com\/www.grieta.org.mx\/wp-content\/uploads\/2021\/05\/Busqueda-de-desaparecidos-EFE-656x420-1.jpg?resize=525%2C300 1.5x"},"classes":[]},{"id":41969,"url":"http:\/\/www.grieta.org.mx\/index.php\/2019\/12\/03\/familiares-de-desaparecidos-reclamaron-la-falta-de-trabajos-y-de-resultados-jalisco\/","url_meta":{"origin":62293,"position":2},"title":"Familiares de desaparecidos reclamaron la falta de trabajos y de resultados (Jalisco)","author":"grieta","date":"3 diciembre, 2019","format":false,"excerpt":"Foto: Especial Juan Levario \/ El Diario NTR Durante la presentaci\u00f3n de un proyecto de colaboraci\u00f3n con expertos guatemaltecos para b\u00fasqueda de personas\u00a0en Jalisco, familiares de desaparecidos reclamaron a Enrique Ibarra Pedroza, secretario general de Gobierno,\u00a0y a otros funcionarios la falta de trabajos y de resultados. Representantes de los colectivos\u2026","rel":"","context":"En &quot;CINTILLO&quot;","block_context":{"text":"CINTILLO","link":"http:\/\/www.grieta.org.mx\/index.php\/category\/cintillo\/"},"img":{"alt_text":"","src":"https:\/\/i0.wp.com\/www.grieta.org.mx\/wp-content\/uploads\/2019\/12\/2019-12-02_11-12-13___5378.jpg?resize=350%2C200","width":350,"height":200,"srcset":"https:\/\/i0.wp.com\/www.grieta.org.mx\/wp-content\/uploads\/2019\/12\/2019-12-02_11-12-13___5378.jpg?resize=350%2C200 1x, https:\/\/i0.wp.com\/www.grieta.org.mx\/wp-content\/uploads\/2019\/12\/2019-12-02_11-12-13___5378.jpg?resize=525%2C300 1.5x, https:\/\/i0.wp.com\/www.grieta.org.mx\/wp-content\/uploads\/2019\/12\/2019-12-02_11-12-13___5378.jpg?resize=700%2C400 2x"},"classes":[]},{"id":49366,"url":"http:\/\/www.grieta.org.mx\/index.php\/2020\/05\/09\/madres-de-desaparecidos-se-manifestaron-para-exigir-su-localizacion-jalisco\/","url_meta":{"origin":62293,"position":3},"title":"Madres de desaparecidos se manifestaron para exigir su localizaci\u00f3n (Jalisco)","author":"grieta","date":"9 mayo, 2020","format":false,"excerpt":"Foto: Cortes\u00eda Fundej Elizabeth Ibal \/ El Occidental Para decenas de mujeres no hay nada qu\u00e9 festejar en este D\u00eda de las Madres, ya que sus hijos les fueron arrebatados y hasta ahora nada se sabe de su paradero. Para que su causa no sea olvidada, madres de familia de\u2026","rel":"","context":"En &quot;CINTILLO&quot;","block_context":{"text":"CINTILLO","link":"http:\/\/www.grieta.org.mx\/index.php\/category\/cintillo\/"},"img":{"alt_text":"","src":"https:\/\/i0.wp.com\/www.grieta.org.mx\/wp-content\/uploads\/2020\/05\/Madres-de-manifestaci%C3%B3n.jpg?resize=350%2C200","width":350,"height":200,"srcset":"https:\/\/i0.wp.com\/www.grieta.org.mx\/wp-content\/uploads\/2020\/05\/Madres-de-manifestaci%C3%B3n.jpg?resize=350%2C200 1x, https:\/\/i0.wp.com\/www.grieta.org.mx\/wp-content\/uploads\/2020\/05\/Madres-de-manifestaci%C3%B3n.jpg?resize=525%2C300 1.5x, https:\/\/i0.wp.com\/www.grieta.org.mx\/wp-content\/uploads\/2020\/05\/Madres-de-manifestaci%C3%B3n.jpg?resize=700%2C400 2x"},"classes":[]},{"id":65220,"url":"http:\/\/www.grieta.org.mx\/index.php\/2022\/09\/14\/madres-buscadoras-comparten-su-labor-con-estudiantes-jalisco\/","url_meta":{"origin":62293,"position":4},"title":"Madres Buscadoras comparten su labor con estudiantes (Jalisco)","author":"grieta","date":"14 septiembre, 2022","format":false,"excerpt":"Imagen: Especial Lauro Rodr\u00edguez \/ El Diario NTR Las Madres Buscadoras, previo a continuar con sus actividades de b\u00fasqueda en campo en el municipio de Tlajomulco de Z\u00fa\u00f1iga, acudieron a la Universidad CLEU para compartir con los estudiantes la labor que realizan. En distintas ocasiones, estudiantes de licenciaturas enfocadas al\u2026","rel":"","context":"En &quot;CINTILLO&quot;","block_context":{"text":"CINTILLO","link":"http:\/\/www.grieta.org.mx\/index.php\/category\/cintillo\/"},"img":{"alt_text":"","src":"https:\/\/i0.wp.com\/www.grieta.org.mx\/wp-content\/uploads\/2022\/09\/2022-09-14_12-09-15___5557.jpg?resize=350%2C200","width":350,"height":200,"srcset":"https:\/\/i0.wp.com\/www.grieta.org.mx\/wp-content\/uploads\/2022\/09\/2022-09-14_12-09-15___5557.jpg?resize=350%2C200 1x, https:\/\/i0.wp.com\/www.grieta.org.mx\/wp-content\/uploads\/2022\/09\/2022-09-14_12-09-15___5557.jpg?resize=525%2C300 1.5x, https:\/\/i0.wp.com\/www.grieta.org.mx\/wp-content\/uploads\/2022\/09\/2022-09-14_12-09-15___5557.jpg?resize=700%2C400 2x"},"classes":[]},{"id":63599,"url":"http:\/\/www.grieta.org.mx\/index.php\/2022\/03\/03\/buscadoras-de-sonora-dejaron-datos-de-50-posibles-fosas-clandestinas-jalisco\/","url_meta":{"origin":62293,"position":5},"title":"Buscadoras de Sonora dejaron datos de 50 posibles fosas clandestinas (Jalisco)","author":"grieta","date":"3 marzo, 2022","format":false,"excerpt":"Foto: Lauro Rodr\u00edguez Lauro Rodr\u00edguez \/ El Diario NTR Durante su visita a Jalisco la semana pasada, las Madres Buscadoras de Sonora reunieron una base de datos de al menos 50 puntos donde pudieran existir fosas clandestinas en el estado, la mayor\u00eda en Tlajomulco de Z\u00fa\u00f1iga. Martha Morales, integrante del\u2026","rel":"","context":"En &quot;CINTILLO&quot;","block_context":{"text":"CINTILLO","link":"http:\/\/www.grieta.org.mx\/index.php\/category\/cintillo\/"},"img":{"alt_text":"","src":"https:\/\/i0.wp.com\/www.grieta.org.mx\/wp-content\/uploads\/2022\/03\/2022-03-03_06-03-23___335.jpg?resize=350%2C200","width":350,"height":200,"srcset":"https:\/\/i0.wp.com\/www.grieta.org.mx\/wp-content\/uploads\/2022\/03\/2022-03-03_06-03-23___335.jpg?resize=350%2C200 1x, https:\/\/i0.wp.com\/www.grieta.org.mx\/wp-content\/uploads\/2022\/03\/2022-03-03_06-03-23___335.jpg?resize=525%2C300 1.5x, https:\/\/i0.wp.com\/www.grieta.org.mx\/wp-content\/uploads\/2022\/03\/2022-03-03_06-03-23___335.jpg?resize=700%2C400 2x"},"classes":[]}],"_links":{"self":[{"href":"http:\/\/www.grieta.org.mx\/index.php\/wp-json\/wp\/v2\/posts\/62293","targetHints":{"allow":["GET"]}}],"collection":[{"href":"http:\/\/www.grieta.org.mx\/index.php\/wp-json\/wp\/v2\/posts"}],"about":[{"href":"http:\/\/www.grieta.org.mx\/index.php\/wp-json\/wp\/v2\/types\/post"}],"author":[{"embeddable":true,"href":"http:\/\/www.grieta.org.mx\/index.php\/wp-json\/wp\/v2\/users\/2"}],"replies":[{"embeddable":true,"href":"http:\/\/www.grieta.org.mx\/index.php\/wp-json\/wp\/v2\/comments?post=62293"}],"version-history":[{"count":1,"href":"http:\/\/www.grieta.org.mx\/index.php\/wp-json\/wp\/v2\/posts\/62293\/revisions"}],"predecessor-version":[{"id":62295,"href":"http:\/\/www.grieta.org.mx\/index.php\/wp-json\/wp\/v2\/posts\/62293\/revisions\/62295"}],"wp:featuredmedia":[{"embeddable":true,"href":"http:\/\/www.grieta.org.mx\/index.php\/wp-json\/wp\/v2\/media\/62294"}],"wp:attachment":[{"href":"http:\/\/www.grieta.org.mx\/index.php\/wp-json\/wp\/v2\/media?parent=62293"}],"wp:term":[{"taxonomy":"category","embeddable":true,"href":"http:\/\/www.grieta.org.mx\/index.php\/wp-json\/wp\/v2\/categories?post=62293"},{"taxonomy":"post_tag","embeddable":true,"href":"http:\/\/www.grieta.org.mx\/index.php\/wp-json\/wp\/v2\/tags?post=62293"}],"curies":[{"name":"wp","href":"https:\/\/api.w.org\/{rel}","templated":true}]}}