{"id":62290,"date":"2021-10-07T18:24:45","date_gmt":"2021-10-07T23:24:45","guid":{"rendered":"https:\/\/www.grieta.org.mx\/?p=62290"},"modified":"2021-10-10T19:13:40","modified_gmt":"2021-10-11T00:13:40","slug":"comunidad-coca-de-mezcala-continua-lucha-contra-inmobiliarias-jalisco","status":"publish","type":"post","link":"http:\/\/www.grieta.org.mx\/index.php\/2021\/10\/07\/comunidad-coca-de-mezcala-continua-lucha-contra-inmobiliarias-jalisco\/","title":{"rendered":"Comunidad Coca de Mezcala contin\u00faa lucha contra inmobiliarias (Jalisco)"},"content":{"rendered":"<p>Foto: Cuartoscuro<\/p>\n<p>Redacci\u00f3n \/ El Diario NTR<\/p>\n<p>Tras m\u00e1s de 20 a\u00f1os de lucha y de tener en contra al gobierno del Estado, la comunidad ind\u00edgena Coca de Mezcala contin\u00faa su lucha en los juzgados contra la intromisi\u00f3n inmobiliaria en su territorio.<\/p>\n<p>Roc\u00edo Moreno, l\u00edder ind\u00edgena de la comunidad, explic\u00f3 que hace 20 a\u00f1os, Guillermo Moreno, empresario de Guadalajara y con diversos nexos con inmobiliarias invadi\u00f3 11 hect\u00e1reas del cerro de la comunidad conocido como Del Pandillo. Sin embargo, a pesar de existir resoluciones de Tribunales agrarios en los que se aclara que las hect\u00e1reas pertenecen a la comunidad, contin\u00faan en posesi\u00f3n del empresario, que las protege con hombres armados.<\/p>\n<p>Para Roc\u00edo Moreno, la apropiaci\u00f3n ilegal de estas hect\u00e1reas ten\u00eda como \u00fanico fin construir fraccionamiento de lujo como lo han hecho en los municipios de Chapala, Jocotepec y Ajijic.<\/p>\n<p>\u201cJusto cuando inicia el territorio de Mezcala los cerros son cerros, no son bases de fraccionamientos residenciales y para nosotros siempre eso es lo que ha estado en juego el inicio del desarrollo inmobiliario en nuestra regi\u00f3n, los comuneros en muchas ocasiones lo han dicho que si entra \u00e9l, entran todos, pero si se saca a \u00e9l se sacan a todos, entonces eso es lo que nosotros estamos buscando con este juicio y creemos como pueblo el seguir manteniendo el territorio como pueblo en colectivo, la tierra en comunal\u201d.<\/p>\n<p>Explic\u00f3 que el Tribunal Agrario determin\u00f3 que el empresario tapat\u00edo Guillermo Moreno invadi\u00f3 las 11 hect\u00e1reas, adem\u00e1s en otra sentencia a favor de la comunidad de Mezcala un juez determin\u00f3 que el empresario sea juzgado como un invasor, pero no se han ejercido.<\/p>\n<p>Actualmente est\u00e1 en proceso una tercera resoluci\u00f3n en la que se espera se le ordene al empresario devolver a la comunidad las hect\u00e1reas que invadi\u00f3.<\/p>\n<p>\u201cEsta \u00faltima sentencia que estamos esperando es la que tiene que ratificar las dos anteriores donde efectivamente diga que son las tierras de la comunidad de Mezcala y por lo tanto tiene este particular, este individuo no comunero, que devolver las tierras, las m\u00e1s de 11 hect\u00e1reas que est\u00e1 invadiendo\u201d.<\/p>\n<p>Denunci\u00f3 que a lo largo de estos 20 a\u00f1os, los habitantes de la comunidad de Mezcala han sido criminalizados y record\u00f3 un caso en el que polic\u00edas de Poncitl\u00e1n arrestaron sin causa alguna a seis comuneros y no los liberaba, acciones que a decir de Roc\u00edo Moreno son t\u00e1cticas para obligar a la comunidad de Mezcala a desistir en la recuperaci\u00f3n de sus tierras.<\/p>\n<p><a href=\"https:\/\/www.ntrguadalajara.com\/post.php?id_nota=172732\">https:\/\/www.ntrguadalajara.com\/post.php?id_nota=172732<\/a><\/p>\n","protected":false},"excerpt":{"rendered":"<p>Foto: Cuartoscuro Redacci\u00f3n \/ El Diario NTR Tras m\u00e1s de 20 a\u00f1os de lucha y de tener en contra al gobierno del Estado, la comunidad ind\u00edgena Coca de Mezcala contin\u00faa &hellip; <a href=\"http:\/\/www.grieta.org.mx\/index.php\/2021\/10\/07\/comunidad-coca-de-mezcala-continua-lucha-contra-inmobiliarias-jalisco\/\" class=\"more-link\">Leer m\u00e1s<\/a><\/p>\n","protected":false},"author":2,"featured_media":62291,"comment_status":"closed","ping_status":"closed","sticky":false,"template":"","format":"standard","meta":{"ngg_post_thumbnail":0,"_jetpack_newsletter_access":"","_jetpack_dont_email_post_to_subs":false,"_jetpack_newsletter_tier_id":0,"_jetpack_memberships_contains_paywalled_content":false,"_jetpack_memberships_contains_paid_content":false,"footnotes":""},"categories":[52,80,1736,1278,968,1,20,2,83],"tags":[403,1210,628,2465,2942,3752],"class_list":["post-62290","post","type-post","status-publish","format-standard","has-post-thumbnail","hentry","category-8-mezcala","category-cintillo","category-despojo-de-territorio-en-jalisco","category-despojo-de-tierras-y-territorios","category-esp-jalisco","category-espejos-de-la-resistencia","category-jalisco","category-noticias-nacionales","category-temas-nacionales","tag-8-mezcala","tag-conflictos-por-desarrollos-inmobiliarios","tag-defensa-del-territorio","tag-despojo-de-territorios-indigenas","tag-despojo-de-tierras-por-inmobiliarias","tag-espejo-8","entry"],"jetpack_featured_media_url":"http:\/\/www.grieta.org.mx\/wp-content\/uploads\/2021\/10\/2021-10-07_05-10-48___3498.jpg","jetpack_sharing_enabled":true,"jetpack_shortlink":"https:\/\/wp.me\/p7ZJR4-gcG","jetpack_likes_enabled":false,"jetpack-related-posts":[{"id":55368,"url":"http:\/\/www.grieta.org.mx\/index.php\/2020\/11\/16\/20-anos-de-lucha-contra-el-despojo-de-tierras-en-mezcala-jalisco\/","url_meta":{"origin":62290,"position":0},"title":"20 a\u00f1os de lucha contra el despojo de tierras en Mezcala (Jalisco)","author":"grieta","date":"16 noviembre, 2020","format":false,"excerpt":"Foto: Especial Redacci\u00f3n \/ El Diario NTR Desde hace 20 a\u00f1os los comuneros de Mezcala de la Asunci\u00f3n luchan por recuperar 10 hect\u00e1reas que les fueron despojadas por el empresario Guillermo Moreno. Roc\u00edo Moreno, l\u00edder de la comunidad ind\u00edgena de Mezcala, explic\u00f3 que el empresario se apropi\u00f3 en un principio\u2026","rel":"","context":"En &quot;8. Mezcala&quot;","block_context":{"text":"8. Mezcala","link":"http:\/\/www.grieta.org.mx\/index.php\/category\/espejos-de-la-resistencia\/8-mezcala\/"},"img":{"alt_text":"","src":"https:\/\/i0.wp.com\/www.grieta.org.mx\/wp-content\/uploads\/2020\/11\/2020-11-16_06-11-44___7369.jpg?resize=350%2C200","width":350,"height":200,"srcset":"https:\/\/i0.wp.com\/www.grieta.org.mx\/wp-content\/uploads\/2020\/11\/2020-11-16_06-11-44___7369.jpg?resize=350%2C200 1x, https:\/\/i0.wp.com\/www.grieta.org.mx\/wp-content\/uploads\/2020\/11\/2020-11-16_06-11-44___7369.jpg?resize=525%2C300 1.5x, https:\/\/i0.wp.com\/www.grieta.org.mx\/wp-content\/uploads\/2020\/11\/2020-11-16_06-11-44___7369.jpg?resize=700%2C400 2x"},"classes":[]},{"id":5532,"url":"http:\/\/www.grieta.org.mx\/index.php\/2015\/11\/19\/resistencia-de-la-comunidad-coca-de-mezcala-contra-el-despojo\/","url_meta":{"origin":62290,"position":1},"title":"Resistencia de la comunidad Coca de Mezcala contra el despojo","author":"grieta","date":"19 noviembre, 2015","format":false,"excerpt":"19\/11\/15. Absuelven a nueve miembros de la Comunidad Ind\u00edgena Coca de Mezcala (Audios). Noticias de abajo ML 17\/11\/15. Tribunal absuelve a comuneros de MezcalaProyecto Diez 16\/10\/15. Mezcala, una comunidad ind\u00edgena en peligro de ser despojadaProyecto Diez 03\/09\/15. La Comunidad Ind\u00edgena Coca de Mezcala de Asunci\u00f3n exige justicia para sus integrantes\u2026","rel":"","context":"En &quot;8. Mezcala&quot;","block_context":{"text":"8. Mezcala","link":"http:\/\/www.grieta.org.mx\/index.php\/category\/espejos-de-la-resistencia\/8-mezcala\/"},"img":{"alt_text":"","src":"https:\/\/i0.wp.com\/www.grieta.org.mx\/wp-content\/uploads\/2018\/03\/14524434_1106112876131411_958039263622046936_o.jpg?resize=350%2C200","width":350,"height":200,"srcset":"https:\/\/i0.wp.com\/www.grieta.org.mx\/wp-content\/uploads\/2018\/03\/14524434_1106112876131411_958039263622046936_o.jpg?resize=350%2C200 1x, https:\/\/i0.wp.com\/www.grieta.org.mx\/wp-content\/uploads\/2018\/03\/14524434_1106112876131411_958039263622046936_o.jpg?resize=525%2C300 1.5x, https:\/\/i0.wp.com\/www.grieta.org.mx\/wp-content\/uploads\/2018\/03\/14524434_1106112876131411_958039263622046936_o.jpg?resize=700%2C400 2x"},"classes":[]},{"id":65438,"url":"http:\/\/www.grieta.org.mx\/index.php\/2022\/10\/04\/llegaron-los-verdaderos-duenos-de-la-tierra-luego-de-23-anos-comunidad-de-mezcala-recupera-tierras-despojadas-jalisco\/","url_meta":{"origin":62290,"position":2},"title":"\u201cLlegaron los verdaderos due\u00f1os de la tierra\u201d: Luego de 23 a\u00f1os, Comunidad de Mezcala recupera tierras despojadas (Jalisco)","author":"grieta","date":"4 octubre, 2022","format":false,"excerpt":"Imagen: Mario Marlo Luego de m\u00e1s de 23 a\u00f1os de lucha, el pueblo ind\u00edgena de Mezcala, Jalisco, recuper\u00f3 el territorio que les fue despojado de manera ilegal por el empresario Guillermo Moreno Ibarra en 1999. \u00a0La recuperaci\u00f3n de estas 10 hect\u00e1reas representa un logro hist\u00f3rico de la lucha comunitaria ind\u00edgena\u2026","rel":"","context":"En &quot;8. Mezcala&quot;","block_context":{"text":"8. Mezcala","link":"http:\/\/www.grieta.org.mx\/index.php\/category\/espejos-de-la-resistencia\/8-mezcala\/"},"img":{"alt_text":"","src":"https:\/\/i0.wp.com\/www.grieta.org.mx\/wp-content\/uploads\/2022\/10\/photo5614236741317797845-1068x712-1.jpg?resize=350%2C200","width":350,"height":200,"srcset":"https:\/\/i0.wp.com\/www.grieta.org.mx\/wp-content\/uploads\/2022\/10\/photo5614236741317797845-1068x712-1.jpg?resize=350%2C200 1x, https:\/\/i0.wp.com\/www.grieta.org.mx\/wp-content\/uploads\/2022\/10\/photo5614236741317797845-1068x712-1.jpg?resize=525%2C300 1.5x, https:\/\/i0.wp.com\/www.grieta.org.mx\/wp-content\/uploads\/2022\/10\/photo5614236741317797845-1068x712-1.jpg?resize=700%2C400 2x, https:\/\/i0.wp.com\/www.grieta.org.mx\/wp-content\/uploads\/2022\/10\/photo5614236741317797845-1068x712-1.jpg?resize=1050%2C600 3x"},"classes":[]},{"id":5530,"url":"http:\/\/www.grieta.org.mx\/index.php\/2015\/11\/19\/absuelven-a-nueve-miembros-de-la-comunidad-indigena-coca-de-mezcala-audio\/","url_meta":{"origin":62290,"position":3},"title":"Absuelven a nueve miembros de la Comunidad Ind\u00edgena Coca de Mezcala (Audios)","author":"grieta","date":"19 noviembre, 2015","format":false,"excerpt":"Noticias de Abajo ML El 6 de noviembre de 2015 los nueve miembros de la Comunidad Ind\u00edgena Coca de Mezcala de la Asunci\u00f3n, Jalisco, fueron absueltos de un delito fabricado en su contra. Sin embargo la resoluci\u00f3n de los magistrados no hizo menci\u00f3n a las violaciones a los derechos de\u2026","rel":"","context":"En &quot;CINTILLO&quot;","block_context":{"text":"CINTILLO","link":"http:\/\/www.grieta.org.mx\/index.php\/category\/cintillo\/"},"img":{"alt_text":"","src":"https:\/\/i0.wp.com\/www.grieta.org.mx\/wp-content\/uploads\/2018\/03\/14524434_1106112876131411_958039263622046936_o.jpg?resize=350%2C200","width":350,"height":200,"srcset":"https:\/\/i0.wp.com\/www.grieta.org.mx\/wp-content\/uploads\/2018\/03\/14524434_1106112876131411_958039263622046936_o.jpg?resize=350%2C200 1x, https:\/\/i0.wp.com\/www.grieta.org.mx\/wp-content\/uploads\/2018\/03\/14524434_1106112876131411_958039263622046936_o.jpg?resize=525%2C300 1.5x, https:\/\/i0.wp.com\/www.grieta.org.mx\/wp-content\/uploads\/2018\/03\/14524434_1106112876131411_958039263622046936_o.jpg?resize=700%2C400 2x"},"classes":[]},{"id":65596,"url":"http:\/\/www.grieta.org.mx\/index.php\/2022\/10\/18\/exigen-pobladores-y-organizaciones-inocencia-para-10-comuneros-de-mezcala-jalisco\/","url_meta":{"origin":62290,"position":4},"title":"Exigen pobladores y organizaciones inocencia para 10 comuneros de Mezcala (Jalisco)","author":"grieta","date":"18 octubre, 2022","format":false,"excerpt":"Imagen: Jorge Alberto Mendoza Jos\u00e9 Toral \/\u00a0 El Diario NTR Diez comuneros de Mezcala de la Asunci\u00f3n, en Poncitl\u00e1n, enfrentan procesos penales tras luchar por la defensa de un territorio que le pertenec\u00eda a la comunidad y que ya le fue entregado tras m\u00e1s de 20 a\u00f1os de litigios. Al\u2026","rel":"","context":"En &quot;8. Mezcala&quot;","block_context":{"text":"8. Mezcala","link":"http:\/\/www.grieta.org.mx\/index.php\/category\/espejos-de-la-resistencia\/8-mezcala\/"},"img":{"alt_text":"","src":"https:\/\/i0.wp.com\/www.grieta.org.mx\/wp-content\/uploads\/2022\/10\/2022-10-17_11-10-48___9568.jpg?resize=350%2C200","width":350,"height":200,"srcset":"https:\/\/i0.wp.com\/www.grieta.org.mx\/wp-content\/uploads\/2022\/10\/2022-10-17_11-10-48___9568.jpg?resize=350%2C200 1x, https:\/\/i0.wp.com\/www.grieta.org.mx\/wp-content\/uploads\/2022\/10\/2022-10-17_11-10-48___9568.jpg?resize=525%2C300 1.5x, https:\/\/i0.wp.com\/www.grieta.org.mx\/wp-content\/uploads\/2022\/10\/2022-10-17_11-10-48___9568.jpg?resize=700%2C400 2x"},"classes":[]},{"id":67210,"url":"http:\/\/www.grieta.org.mx\/index.php\/2023\/07\/20\/mezcala-acusa-de-venganza-a-invasor-derrotado-jalisco\/","url_meta":{"origin":62290,"position":5},"title":"Mezcala acusa de venganza a invasor derrotado (Jalisco)","author":"grieta","date":"20 julio, 2023","format":false,"excerpt":"Imagen: El Diario NTR Agust\u00edn del Castillo \/ El Diario NTR El conflicto por las tierras de la comunidad coca de Mezcala con el particular Guillermo Moreno Ibarra no termina pese a que las 10 hect\u00e1reas que estaban en posesi\u00f3n de \u00e9ste fueron reintegradas al patrimonio comunal por orden judicial\u2026","rel":"","context":"En &quot;8. Mezcala&quot;","block_context":{"text":"8. Mezcala","link":"http:\/\/www.grieta.org.mx\/index.php\/category\/espejos-de-la-resistencia\/8-mezcala\/"},"img":{"alt_text":"","src":"https:\/\/i0.wp.com\/www.grieta.org.mx\/wp-content\/uploads\/2023\/07\/2023-07-19_10-07-32___3795.jpg?resize=350%2C200","width":350,"height":200,"srcset":"https:\/\/i0.wp.com\/www.grieta.org.mx\/wp-content\/uploads\/2023\/07\/2023-07-19_10-07-32___3795.jpg?resize=350%2C200 1x, https:\/\/i0.wp.com\/www.grieta.org.mx\/wp-content\/uploads\/2023\/07\/2023-07-19_10-07-32___3795.jpg?resize=525%2C300 1.5x, https:\/\/i0.wp.com\/www.grieta.org.mx\/wp-content\/uploads\/2023\/07\/2023-07-19_10-07-32___3795.jpg?resize=700%2C400 2x"},"classes":[]}],"_links":{"self":[{"href":"http:\/\/www.grieta.org.mx\/index.php\/wp-json\/wp\/v2\/posts\/62290","targetHints":{"allow":["GET"]}}],"collection":[{"href":"http:\/\/www.grieta.org.mx\/index.php\/wp-json\/wp\/v2\/posts"}],"about":[{"href":"http:\/\/www.grieta.org.mx\/index.php\/wp-json\/wp\/v2\/types\/post"}],"author":[{"embeddable":true,"href":"http:\/\/www.grieta.org.mx\/index.php\/wp-json\/wp\/v2\/users\/2"}],"replies":[{"embeddable":true,"href":"http:\/\/www.grieta.org.mx\/index.php\/wp-json\/wp\/v2\/comments?post=62290"}],"version-history":[{"count":1,"href":"http:\/\/www.grieta.org.mx\/index.php\/wp-json\/wp\/v2\/posts\/62290\/revisions"}],"predecessor-version":[{"id":62292,"href":"http:\/\/www.grieta.org.mx\/index.php\/wp-json\/wp\/v2\/posts\/62290\/revisions\/62292"}],"wp:featuredmedia":[{"embeddable":true,"href":"http:\/\/www.grieta.org.mx\/index.php\/wp-json\/wp\/v2\/media\/62291"}],"wp:attachment":[{"href":"http:\/\/www.grieta.org.mx\/index.php\/wp-json\/wp\/v2\/media?parent=62290"}],"wp:term":[{"taxonomy":"category","embeddable":true,"href":"http:\/\/www.grieta.org.mx\/index.php\/wp-json\/wp\/v2\/categories?post=62290"},{"taxonomy":"post_tag","embeddable":true,"href":"http:\/\/www.grieta.org.mx\/index.php\/wp-json\/wp\/v2\/tags?post=62290"}],"curies":[{"name":"wp","href":"https:\/\/api.w.org\/{rel}","templated":true}]}}