{"id":62231,"date":"2021-10-07T20:34:49","date_gmt":"2021-10-08T01:34:49","guid":{"rendered":"http:\/\/www.grieta.org.mx\/?p=62231"},"modified":"2021-10-10T00:42:26","modified_gmt":"2021-10-10T05:42:26","slug":"asesinan-a-madre-e-hija-en-nazareno-etla-oaxaca","status":"publish","type":"post","link":"http:\/\/www.grieta.org.mx\/index.php\/2021\/10\/07\/asesinan-a-madre-e-hija-en-nazareno-etla-oaxaca\/","title":{"rendered":"Asesinan a madre e hija en Nazareno Etla, Oaxaca"},"content":{"rendered":"<p>Proceso \/ Pedro Mat\u00edas.<\/p>\n<p>La Fiscal\u00eda General de Oaxaca dio a conocer el hallazgo de una mujer de 27 a\u00f1os y su hija, de 1 a\u00f1o de edad, asesinadas en el paraje La Guamuchera, perteneciente al municipio de Nazareno Etla.<\/p>\n<p><img loading=\"lazy\" decoding=\"async\" data-attachment-id=\"62232\" data-permalink=\"http:\/\/www.grieta.org.mx\/index.php\/2021\/10\/07\/asesinan-a-madre-e-hija-en-nazareno-etla-oaxaca\/a-97\/\" data-orig-file=\"http:\/\/www.grieta.org.mx\/wp-content\/uploads\/2021\/10\/a.jpg\" data-orig-size=\"800,450\" data-comments-opened=\"0\" data-image-meta=\"{&quot;aperture&quot;:&quot;0&quot;,&quot;credit&quot;:&quot;&quot;,&quot;camera&quot;:&quot;&quot;,&quot;caption&quot;:&quot;&quot;,&quot;created_timestamp&quot;:&quot;0&quot;,&quot;copyright&quot;:&quot;&quot;,&quot;focal_length&quot;:&quot;0&quot;,&quot;iso&quot;:&quot;0&quot;,&quot;shutter_speed&quot;:&quot;0&quot;,&quot;title&quot;:&quot;&quot;,&quot;orientation&quot;:&quot;0&quot;}\" data-image-title=\"a\" data-image-description=\"\" data-image-caption=\"\" data-medium-file=\"http:\/\/www.grieta.org.mx\/wp-content\/uploads\/2021\/10\/a-300x169.jpg\" data-large-file=\"http:\/\/www.grieta.org.mx\/wp-content\/uploads\/2021\/10\/a.jpg\" class=\"alignnone wp-image-62232\" src=\"http:\/\/www.grieta.org.mx\/wp-content\/uploads\/2021\/10\/a.jpg\" alt=\"\" width=\"800\" height=\"450\" srcset=\"http:\/\/www.grieta.org.mx\/wp-content\/uploads\/2021\/10\/a.jpg 800w, http:\/\/www.grieta.org.mx\/wp-content\/uploads\/2021\/10\/a-300x169.jpg 300w, http:\/\/www.grieta.org.mx\/wp-content\/uploads\/2021\/10\/a-768x432.jpg 768w\" sizes=\"auto, (max-width: 800px) 100vw, 800px\" \/><\/p>\n<p>OAXACA, Oax. (apro).- La Fiscal\u00eda General de Oaxaca dio a conocer el hallazgo de dos mujeres, madre e hija, asesinadas en el paraje La Guamuchera, perteneciente al municipio de Nazareno Etla.<\/p>\n<p>\u201cTras el hallazgo de los cuerpos de una mujer y una menor de edad en jurisdicci\u00f3n de Nazareno #Etla, la @FISCALIA_GobOax investiga el caso con perspectiva de g\u00e9nero y bajo el Protocolo Ministerial, Policial y Pericial del Delito de Feminicidio en el Estado de Oaxaca\u201d, confirm\u00f3 la Fiscal\u00eda en su cuenta de Twitter.<\/p>\n<p>Agreg\u00f3: \u201c@FISCALIA_GobOax Por estos hechos, la #FGEO inici\u00f3 la carpeta de investigaci\u00f3n 32944\/FVCE\/ETLA\/2021 y despleg\u00f3 a su personal multidisciplinario en el lugar de los hechos, a fin de realizar las diligencias con apego a la ley y hasta agotar las l\u00edneas de investigaci\u00f3n\u201d.<\/p>\n<blockquote class=\"twitter-tweet\" data-width=\"550\" data-dnt=\"true\">\n<p lang=\"es\" dir=\"ltr\">Tras el hallazgo de los cuerpos de una mujer y una menor de edad en jurisdicci\u00f3n de Nazareno <a href=\"https:\/\/twitter.com\/hashtag\/Etla?src=hash&amp;ref_src=twsrc%5Etfw\">#Etla<\/a>, la  <a href=\"https:\/\/twitter.com\/FISCALIA_GobOax?ref_src=twsrc%5Etfw\">@FISCALIA_GobOax<\/a> investiga el caso con perspectiva de g\u00e9nero y bajo el Protocolo Ministerial, Policial y Pericial del Delito de Feminicidio en el Estado de Oaxaca (1\/2) <a href=\"https:\/\/t.co\/zgf3CLC9KG\">pic.twitter.com\/zgf3CLC9KG<\/a><\/p>\n<p>&mdash; Fiscal\u00eda General (@FISCALIA_GobOax) <a href=\"https:\/\/twitter.com\/FISCALIA_GobOax\/status\/1446160396621127680?ref_src=twsrc%5Etfw\">October 7, 2021<\/a><\/p><\/blockquote>\n<p><script async src=\"https:\/\/platform.twitter.com\/widgets.js\" charset=\"utf-8\"><\/script><\/p>\n<p>Este jueves, alrededor de las 8 horas, se localiz\u00f3 a las v\u00edctimas &#8211;una mujer de aproximadamente 27 a\u00f1os y una ni\u00f1a de 1 a\u00f1o&#8211; en el paraje La Guamuchera, a 18 kil\u00f3metros de la capital de Oaxaca.<\/p>\n<p>Hasta el momento, la Fiscal\u00eda no ha detallado la forma o las causas de la muerte y tampoco si hay detenidos.<\/p>\n<p>El Grupo de Estudios sobre la Mujer \u201cRosario Castellanos\u201d (GESMujer) extern\u00f3 su preocupaci\u00f3n, porque la violencia feminicida en Oaxaca sigue en aumento. Tan s\u00f3lo del 1 enero al 7 de octubre de este a\u00f1o ha documentado 69 asesinatos de mujeres y ni\u00f1as.<\/p>\n<p>En los casi cinco a\u00f1os de gobierno del priista Alejandro Murat Hinojosa (del 1 de diciembre de 2016 al 7 de octubre de 2021), las muertes violentas de mujeres en Oaxaca suman 564.<\/p>\n<p><a href=\"https:\/\/www.proceso.com.mx\/nacional\/estados\/2021\/10\/7\/asesinan-madre-hija-en-nazareno-etla-oaxaca-273476.html\" target=\"_blank\" rel=\"noopener\">https:\/\/www.proceso.com.mx\/nacional\/estados\/2021\/10\/7\/asesinan-madre-hija-en-nazareno-etla-oaxaca-273476.html<\/a><\/p>\n","protected":false},"excerpt":{"rendered":"<p>Proceso \/ Pedro Mat\u00edas. La Fiscal\u00eda General de Oaxaca dio a conocer el hallazgo de una mujer de 27 a\u00f1os y su hija, de 1 a\u00f1o de edad, asesinadas en &hellip; <a href=\"http:\/\/www.grieta.org.mx\/index.php\/2021\/10\/07\/asesinan-a-madre-e-hija-en-nazareno-etla-oaxaca\/\" class=\"more-link\">Leer m\u00e1s<\/a><\/p>\n","protected":false},"author":2,"featured_media":62232,"comment_status":"closed","ping_status":"closed","sticky":false,"template":"","format":"standard","meta":{"ngg_post_thumbnail":0,"_jetpack_newsletter_access":"","_jetpack_dont_email_post_to_subs":false,"_jetpack_newsletter_tier_id":0,"_jetpack_memberships_contains_paywalled_content":false,"_jetpack_memberships_contains_paid_content":false,"footnotes":""},"categories":[80,1325,1477,2,25,1665],"tags":[],"class_list":["post-62231","post","type-post","status-publish","format-standard","has-post-thumbnail","hentry","category-cintillo","category-feminicidios-en-oaxaca-oaxaca","category-la-ninez-en-la-tormenta-en-oaxaca","category-noticias-nacionales","category-oaxaca","category-violencia-contra-las-mujeres-en-oaxaca","entry"],"jetpack_featured_media_url":"http:\/\/www.grieta.org.mx\/wp-content\/uploads\/2021\/10\/a.jpg","jetpack_sharing_enabled":true,"jetpack_shortlink":"https:\/\/wp.me\/p7ZJR4-gbJ","jetpack_likes_enabled":false,"jetpack-related-posts":[{"id":46003,"url":"http:\/\/www.grieta.org.mx\/index.php\/2020\/03\/05\/detienen-a-presunto-maestro-acosador-tras-protesta-de-bachilleres-en-oaxaca-videos\/","url_meta":{"origin":62231,"position":0},"title":"Detienen a presunto maestro acosador tras protesta de bachilleres en Oaxaca (Videos)","author":"grieta","date":"5 marzo, 2020","format":false,"excerpt":"Proceso \/ Pedro Mat\u00edas. Protesta en el Colegio de Bachilleres de Oaxaca (Cobao) 39 de Nazareno Etla. Foto: Twitter @metricasocial_ OAXACA, Oax. (apro).- \u201cEstamos cansadas de que nos pidan dinero o favores sexuales. A nadie le interesa ir contigo por un raspado. Mi cuerpo no vale tu calificaci\u00f3n\u201d, fueron los\u2026","rel":"","context":"En &quot;CINTILLO&quot;","block_context":{"text":"CINTILLO","link":"http:\/\/www.grieta.org.mx\/index.php\/category\/cintillo\/"},"img":{"alt_text":"","src":"https:\/\/i0.wp.com\/www.grieta.org.mx\/wp-content\/uploads\/2020\/03\/bachilleres-870x522.jpg?resize=350%2C200","width":350,"height":200,"srcset":"https:\/\/i0.wp.com\/www.grieta.org.mx\/wp-content\/uploads\/2020\/03\/bachilleres-870x522.jpg?resize=350%2C200 1x, https:\/\/i0.wp.com\/www.grieta.org.mx\/wp-content\/uploads\/2020\/03\/bachilleres-870x522.jpg?resize=525%2C300 1.5x, https:\/\/i0.wp.com\/www.grieta.org.mx\/wp-content\/uploads\/2020\/03\/bachilleres-870x522.jpg?resize=700%2C400 2x"},"classes":[]},{"id":55674,"url":"http:\/\/www.grieta.org.mx\/index.php\/2020\/12\/09\/oaxaca-van-101-mujeres-asesinadas-en-lo-que-va-del-ano\/","url_meta":{"origin":62231,"position":1},"title":"Oaxaca: Van 101 mujeres asesinadas en lo que va del a\u00f1o","author":"grieta","date":"9 diciembre, 2020","format":false,"excerpt":"Proceso \/ Pedro Mat\u00edas. El caso m\u00e1s reciente es el de una mujer de aproximadamente 30 a\u00f1os de edad que fue localizada sin vida, semidesnuda y con una soga al cuello. OAXACA, Oax. (apro).- Con el crimen de otra mujer que se encuentra en calidad de desconocida y con visibles\u2026","rel":"","context":"En &quot;CINTILLO&quot;","block_context":{"text":"CINTILLO","link":"http:\/\/www.grieta.org.mx\/index.php\/category\/cintillo\/"},"img":{"alt_text":"","src":"https:\/\/i0.wp.com\/www.grieta.org.mx\/wp-content\/uploads\/2020\/12\/1-3.jpg?resize=350%2C200","width":350,"height":200,"srcset":"https:\/\/i0.wp.com\/www.grieta.org.mx\/wp-content\/uploads\/2020\/12\/1-3.jpg?resize=350%2C200 1x, https:\/\/i0.wp.com\/www.grieta.org.mx\/wp-content\/uploads\/2020\/12\/1-3.jpg?resize=525%2C300 1.5x, https:\/\/i0.wp.com\/www.grieta.org.mx\/wp-content\/uploads\/2020\/12\/1-3.jpg?resize=700%2C400 2x"},"classes":[]},{"id":45633,"url":"http:\/\/www.grieta.org.mx\/index.php\/2020\/03\/05\/seremos-la-ultima-generacion-a-la-que-acoses-estudiantes-del-cobao-de-nazareno-oaxaca\/","url_meta":{"origin":62231,"position":2},"title":"\u201cSeremos la \u00faltima generaci\u00f3n a la que acoses\u201d: estudiantes del COBAO de Nazareno, Oaxaca","author":"grieta","date":"5 marzo, 2020","format":false,"excerpt":"Noticias \/ Citlalli Luciana. No hay titubeo en sus voces. El se\u00f1alamiento es directo y contundente. \u201cSeremos la \u00faltima generaci\u00f3n a la que acoses\u201d. Agolpadas en la puerta del sal\u00f3n de computaci\u00f3n del plantel, decenas de ni\u00f1as se unen. Llevan de frente el valor y la denuncia contra el profesor\u2026","rel":"","context":"En &quot;CINTILLO&quot;","block_context":{"text":"CINTILLO","link":"http:\/\/www.grieta.org.mx\/index.php\/category\/cintillo\/"},"img":{"alt_text":"","src":"https:\/\/i0.wp.com\/www.grieta.org.mx\/wp-content\/uploads\/2020\/03\/d.jpg?resize=350%2C200","width":350,"height":200,"srcset":"https:\/\/i0.wp.com\/www.grieta.org.mx\/wp-content\/uploads\/2020\/03\/d.jpg?resize=350%2C200 1x, https:\/\/i0.wp.com\/www.grieta.org.mx\/wp-content\/uploads\/2020\/03\/d.jpg?resize=525%2C300 1.5x, https:\/\/i0.wp.com\/www.grieta.org.mx\/wp-content\/uploads\/2020\/03\/d.jpg?resize=700%2C400 2x, https:\/\/i0.wp.com\/www.grieta.org.mx\/wp-content\/uploads\/2020\/03\/d.jpg?resize=1050%2C600 3x"},"classes":[]},{"id":43365,"url":"http:\/\/www.grieta.org.mx\/index.php\/2020\/01\/21\/registra-oaxaca-12-feminicidios\/","url_meta":{"origin":62231,"position":3},"title":"Registra Oaxaca 12 feminicidios","author":"grieta","date":"21 enero, 2020","format":false,"excerpt":"Noticias \/ Citlalli Luciana. En s\u00f3lo 20 d\u00edas, 12 mujeres fueron asesinadas -todas por disparo de arma de fuego- en el estado de Oaxaca. Dos de los \u00faltimos casos, madre e hija, se cometieron en Putla Villa de Guerrero, municipio con Alerta de Violencia de G\u00e9nero contra las Mujeres. \u201cLa\u2026","rel":"","context":"En &quot;CINTILLO&quot;","block_context":{"text":"CINTILLO","link":"http:\/\/www.grieta.org.mx\/index.php\/category\/cintillo\/"},"img":{"alt_text":"","src":"https:\/\/i0.wp.com\/www.grieta.org.mx\/wp-content\/uploads\/2020\/01\/feminicidios-1.jpg?resize=350%2C200","width":350,"height":200,"srcset":"https:\/\/i0.wp.com\/www.grieta.org.mx\/wp-content\/uploads\/2020\/01\/feminicidios-1.jpg?resize=350%2C200 1x, https:\/\/i0.wp.com\/www.grieta.org.mx\/wp-content\/uploads\/2020\/01\/feminicidios-1.jpg?resize=525%2C300 1.5x, https:\/\/i0.wp.com\/www.grieta.org.mx\/wp-content\/uploads\/2020\/01\/feminicidios-1.jpg?resize=700%2C400 2x, https:\/\/i0.wp.com\/www.grieta.org.mx\/wp-content\/uploads\/2020\/01\/feminicidios-1.jpg?resize=1050%2C600 3x"},"classes":[]},{"id":33864,"url":"http:\/\/www.grieta.org.mx\/index.php\/2019\/05\/21\/50-mujeres-asesinadas-en-oaxaca-en-menos-de-5-meses\/","url_meta":{"origin":62231,"position":4},"title":"50 mujeres asesinadas en Oaxaca, en menos de 5 meses","author":"grieta","date":"21 mayo, 2019","format":false,"excerpt":"P\u00e1gina 3. SemM\u00e9xico, Oaxaca, 20 mayo 2019.- Agentes estatales de investigaci\u00f3n localizaron este domingo a una mujer asesinada en el municipio de Mat\u00edas Romero Avenda\u00f1o; el segundo feminicidio durante el fin de semana ocurrido en la regi\u00f3n del Istmo de Tehuantepec y el n\u00famero 50 en lo que va del\u2026","rel":"","context":"En &quot;CINTILLO&quot;","block_context":{"text":"CINTILLO","link":"http:\/\/www.grieta.org.mx\/index.php\/category\/cintillo\/"},"img":{"alt_text":"","src":"https:\/\/i0.wp.com\/www.grieta.org.mx\/wp-content\/uploads\/2018\/03\/14524434_1106112876131411_958039263622046936_o.jpg?resize=350%2C200","width":350,"height":200,"srcset":"https:\/\/i0.wp.com\/www.grieta.org.mx\/wp-content\/uploads\/2018\/03\/14524434_1106112876131411_958039263622046936_o.jpg?resize=350%2C200 1x, https:\/\/i0.wp.com\/www.grieta.org.mx\/wp-content\/uploads\/2018\/03\/14524434_1106112876131411_958039263622046936_o.jpg?resize=525%2C300 1.5x, https:\/\/i0.wp.com\/www.grieta.org.mx\/wp-content\/uploads\/2018\/03\/14524434_1106112876131411_958039263622046936_o.jpg?resize=700%2C400 2x"},"classes":[]},{"id":45626,"url":"http:\/\/www.grieta.org.mx\/index.php\/2020\/03\/02\/dos-mujeres-asesinadas-asi-inicia-la-semana-en-oaxaca\/","url_meta":{"origin":62231,"position":5},"title":"Dos mujeres asesinadas, as\u00ed inicia la semana en Oaxaca","author":"grieta","date":"2 marzo, 2020","format":false,"excerpt":"Noticias \/ Por Milenio. La Fiscal\u00eda General del Estado (FGE) de Oaxaca report\u00f3 que dos mujeres fueron asesinadas en diferentes puntos de la entidad. Explic\u00f3 que alrededor de las 9:00 horas un grupo de hombres armados, que viajaba a bordo de una camioneta, dispar\u00f3 a una mujer que sal\u00eda de\u2026","rel":"","context":"En &quot;CINTILLO&quot;","block_context":{"text":"CINTILLO","link":"http:\/\/www.grieta.org.mx\/index.php\/category\/cintillo\/"},"img":{"alt_text":"","src":"https:\/\/i0.wp.com\/www.grieta.org.mx\/wp-content\/uploads\/2020\/03\/2.jpg?resize=350%2C200","width":350,"height":200,"srcset":"https:\/\/i0.wp.com\/www.grieta.org.mx\/wp-content\/uploads\/2020\/03\/2.jpg?resize=350%2C200 1x, https:\/\/i0.wp.com\/www.grieta.org.mx\/wp-content\/uploads\/2020\/03\/2.jpg?resize=525%2C300 1.5x, https:\/\/i0.wp.com\/www.grieta.org.mx\/wp-content\/uploads\/2020\/03\/2.jpg?resize=700%2C400 2x, https:\/\/i0.wp.com\/www.grieta.org.mx\/wp-content\/uploads\/2020\/03\/2.jpg?resize=1050%2C600 3x"},"classes":[]}],"_links":{"self":[{"href":"http:\/\/www.grieta.org.mx\/index.php\/wp-json\/wp\/v2\/posts\/62231","targetHints":{"allow":["GET"]}}],"collection":[{"href":"http:\/\/www.grieta.org.mx\/index.php\/wp-json\/wp\/v2\/posts"}],"about":[{"href":"http:\/\/www.grieta.org.mx\/index.php\/wp-json\/wp\/v2\/types\/post"}],"author":[{"embeddable":true,"href":"http:\/\/www.grieta.org.mx\/index.php\/wp-json\/wp\/v2\/users\/2"}],"replies":[{"embeddable":true,"href":"http:\/\/www.grieta.org.mx\/index.php\/wp-json\/wp\/v2\/comments?post=62231"}],"version-history":[{"count":1,"href":"http:\/\/www.grieta.org.mx\/index.php\/wp-json\/wp\/v2\/posts\/62231\/revisions"}],"predecessor-version":[{"id":62233,"href":"http:\/\/www.grieta.org.mx\/index.php\/wp-json\/wp\/v2\/posts\/62231\/revisions\/62233"}],"wp:featuredmedia":[{"embeddable":true,"href":"http:\/\/www.grieta.org.mx\/index.php\/wp-json\/wp\/v2\/media\/62232"}],"wp:attachment":[{"href":"http:\/\/www.grieta.org.mx\/index.php\/wp-json\/wp\/v2\/media?parent=62231"}],"wp:term":[{"taxonomy":"category","embeddable":true,"href":"http:\/\/www.grieta.org.mx\/index.php\/wp-json\/wp\/v2\/categories?post=62231"},{"taxonomy":"post_tag","embeddable":true,"href":"http:\/\/www.grieta.org.mx\/index.php\/wp-json\/wp\/v2\/tags?post=62231"}],"curies":[{"name":"wp","href":"https:\/\/api.w.org\/{rel}","templated":true}]}}