{"id":62112,"date":"2021-09-30T14:45:28","date_gmt":"2021-09-30T19:45:28","guid":{"rendered":"https:\/\/www.grieta.org.mx\/?p=62112"},"modified":"2021-10-02T14:59:18","modified_gmt":"2021-10-02T19:59:18","slug":"queremos-que-fiscalia-haga-su-trabajo-sino-como-vamos-a-recuperar-a-mi-hijo-jalisco","status":"publish","type":"post","link":"http:\/\/www.grieta.org.mx\/index.php\/2021\/09\/30\/queremos-que-fiscalia-haga-su-trabajo-sino-como-vamos-a-recuperar-a-mi-hijo-jalisco\/","title":{"rendered":"\u201cQueremos que Fiscal\u00eda haga su trabajo, sino c\u00f3mo vamos a recuperar a mi hijo\u201d (Jalisco)"},"content":{"rendered":"<p>Imagen: Zona Docs<\/p>\n<p><strong>Daniel* fue reportado como desaparecido, el 15 de junio de 2019. El expediente de su b\u00fasqueda se abandon\u00f3 por m\u00e1s de un a\u00f1o en la Fiscal\u00eda Especializada en Personas Desaparecidas, siendo que su familia hab\u00eda indicado el lugar exacto donde, lamentablemente, se podr\u00eda localizar su cuerpo.<\/strong><\/p>\n<p><strong>Dos a\u00f1os despu\u00e9s, tras una queja en la Comisi\u00f3n Estatal de Derechos Humanos de Jalisco, las autoridades \u201cretomaron\u201d la investigaci\u00f3n, y sin avisar realizaron una inspecci\u00f3n en el sitio donde la familia sabe que est\u00e1 Daniel, pero sin mayores explicaciones decidieron no realizar excavaci\u00f3n alguna, asegurando que ah\u00ed no hab\u00eda nada, con lo cual dieron por cerrada esa l\u00ednea de investigaci\u00f3n.<\/strong><\/p>\n<p><strong>La madre de Daniel quiere que la Fiscal\u00eda haga bien su trabajo, pues sino lo hacen abandonar\u00e1n en el lugar el cuerpo de su hijo y el de otras posibles v\u00edctimas.<\/strong><\/p>\n<p>Darwin Franco \/ Zona Docs<\/p>\n<p><strong>El tel\u00e9fono de la se\u00f1ora Mar\u00eda son\u00f3 un a\u00f1o despu\u00e9s de haber presentado la denuncia por la desaparici\u00f3n de su hijo, Daniel<\/strong>, ocurrida en Tonal\u00e1, Jalisco, el 15 de junio de 2019.<\/p>\n<p>Quien marc\u00f3 le dijo que\u00a0<strong>encontr\u00f3 su denuncia debajo de cientos expedientes que fueron olvidados<\/strong>\u00a0en la Fiscal\u00eda Especializada en Personas Desaparecidas de Jalisco.<\/p>\n<p>Ese funcionario p\u00fablico al que mandaron a realizar una limpieza en los archivos decidi\u00f3 marcarle para notificarle lo que pas\u00f3 con su expediente y para recomendarle que mejor pusiera una queja en la Comisi\u00f3n Estatal de Derechos Humanos de Jalisco (CEDHJ),\u00a0<strong>pues en Fiscal\u00eda \u201csu caso ya no avanzar\u00eda\u201d.<\/strong><\/p>\n<p><strong>\u201cYo todo ese tiempo pens\u00e9 que la denuncia s\u00ed hab\u00eda continuado, pero como nunca di los nombres que me ped\u00edan, ahora s\u00e9 que no pas\u00f3 nada. Yo lo que s\u00ed dije fue el lugar donde s\u00e9 que pueden encontrar a mi hijo, pero ellos lo que quer\u00edan es que les diera nombres de las personas involucradas, pero c\u00f3mo iba a saber yo esos nombres\u2026\u201d.<\/strong><\/p>\n<p>La obligaci\u00f3n de indagar e investigar qui\u00e9n o qui\u00e9nes pueden ser los posibles responsables de un delito es obligaci\u00f3n directa de los polic\u00edas investigadores o del ministerio p\u00fablico asignado a un caso, no de las o los denunciantes; sin embargo, funcionarios de la Fiscal\u00eda en Desapariciones constantemente les hacen creer a las familias\u00a0<strong>\u201cque si ellas no dan nombres, no dan direcciones o puntos de b\u00fasqueda, ellos no pueden hacer su trabajo\u201d.<\/strong><\/p>\n<p>Eso fue lo que pas\u00f3 con la desaparici\u00f3n de Daniel, al no dar nombres, optaron por archivarlo, esto sin comprender que por las caracter\u00edsticas del caso, exist\u00eda para la familia un gran riesgo en el nombrar o se\u00f1alar a presuntos responsables.<\/p>\n<p><strong>\u201cA nosotros nos detuvo el miedo, pues no estamos solos\u2026 tenemos m\u00e1s familia y nos da miedo que puedan hacerles da\u00f1o, pero ellos (en Fiscal\u00eda) s\u00f3lo quieren nombres\u201d.<\/strong><\/p>\n<p><strong>La familia de Daniel ante la nula respuesta de la Fiscal\u00eda ha acudido a diversas instancias para exigir se haga valer su derecho a una investigaci\u00f3n y b\u00fasqueda<\/strong>, tiene ya su queja en la CEDHJ; tambi\u00e9n un expediente en la Comisi\u00f3n Estatal de B\u00fasqueda de Jalisco y en la Comisi\u00f3n Ejecutiva Estatal de Atenci\u00f3n a V\u00edctimas.<\/p>\n<p>Donde ha tenido m\u00e1s apoyo ha sido en la CEDHJ, instancia desde la que se ha ejercido presi\u00f3n, mediante el env\u00edo de oficios y reuniones presenciales, para que la Fiscal\u00eda Especializada en Personas Desaparecidas\u00a0<strong>realice el cateo del sitio donde la familia tiene informaci\u00f3n de que podr\u00eda estar el cuerpo de Daniel.<\/strong><\/p>\n<p>Esta propiedad privada en el municipio de Tonal\u00e1 es identificada por vecinos de la zona como un lugar que ha sido usado para la venta y consumo de drogas; tambi\u00e9n es sabido que muchos de quienes han entrado ah\u00ed, ya no se les ve salir; sin embargo, esta informaci\u00f3n que se entreg\u00f3 a la Fiscal\u00eda no ha sido v\u00e1lida porque le aseguran que<strong>\u00a0\u201cmientras no haya testigos o declaraciones escritas de un tercero, ellos no pueden hacer ni investigar nada\u201d.<\/strong><\/p>\n<p><strong>\u201cEn Fiscal\u00eda me dijeron muchas veces que sin esos testigos no podr\u00edan hacer que un juez les autorizara el cateo en esa propiedad, as\u00ed que me volv\u00edan a pedir que les llevara a las personas que me dijeron eso, pero yo insist\u00ed que eso lo averiguamos nosotros y que s\u00f3lo les ped\u00edamos que fueran a revisar como parte de la b\u00fasqueda de mi hijo\u201d.<\/strong><\/p>\n<p>Tras la presi\u00f3n de la CEDHJ,\u00a0<strong>la Fiscal\u00eda acept\u00f3 -luego de dos a\u00f1os de la desaparici\u00f3n de Daniel- tener algunas reuniones para realizar un plan de b\u00fasqued<\/strong>a en el sitio que se les hab\u00eda ya indicado dese que se present\u00f3 la denuncia en 2019.<\/p>\n<p>La b\u00fasqueda en el lugar se acord\u00f3 se notificar\u00eda a la familia, a la CEDHJ y la Comisi\u00f3n de B\u00fasqueda para que todo mundo estuviera presente; sin embargo, esto no pas\u00f3 as\u00ed.<\/p>\n<p><strong>\u201cA principios de septiembre, vecinos del lugar me avisaron que en esa casa ya hab\u00edan estado los de Fiscal\u00eda realizando una b\u00fasqueda\u2026 as\u00ed que les llam\u00e9 para preguntarles por qu\u00e9 no me hab\u00edan avisado y para saber qu\u00e9 hab\u00edan encontrado. Lo primero que me dijeron es que nunca les contest\u00e9 el tel\u00e9fono, lo cual es falso porque nunca me llamaron; despu\u00e9s me dijeron que no escarbaron en los tres sitios donde tuvieron positivo porque la inspecci\u00f3n superficial nos arroj\u00f3 ning\u00fan indicio de la presencia de una fosa\u201d.<\/strong><\/p>\n<p>Adem\u00e1s, agrega la se\u00f1ora Mar\u00eda, que ya no quisieron hacer nada m\u00e1s porque tem\u00edan que la due\u00f1a del lugar les demandase por da\u00f1os a su propiedad, as\u00ed que optaron por no hacer m\u00e1s que b\u00fasquedas en superficie con binomio canino y varillas.<\/p>\n<p><strong>\u201cLo de mi hijo ya pasa de dos a\u00f1os, tambi\u00e9n lo de las otros j\u00f3venes que sabemos tambi\u00e9n est\u00e1n en el lugar, as\u00ed que tocaba hacer una inspecci\u00f3n m\u00e1s profunda para agotar toda posibilidad, pero no lo hicieron\u2026 no escarbaron nada y eso se ve en las fotos que me mandaron; incluso, ah\u00ed se ve que ni siquiera buscaron en el lugar donde yo les hab\u00eda dicho, un espacio pegado a una pared y tambi\u00e9n en un pozo de agua que hay en la propiedad\u201d.<\/strong><\/p>\n<p>La informaci\u00f3n de que este lugar ha sido un sitio de inhumaci\u00f3n clandestina, la familia de Daniel lo supo porque vecinos de la zona han realizado ya esa denuncia e, incluso, esperaban que tras el operativo de Fiscal\u00eda\u00a0<strong>\u201cse pudieran exhumar a quienes ah\u00ed han sido enterrados\u201d, pero esto no pas\u00f3 porque a decir de la Fiscal\u00eda Especializada en Personas Desaparecidas, \u201cla b\u00fasqueda fue negativa\u201d.<\/strong><\/p>\n<p><strong>\u201cEllos no encontraron nada porque no hicieron bien su trabajo, no escarbaron en ninguno de los tres sitios que yo les hab\u00eda indicado, no preguntaron sobre ese pozo de agua donde se dice que arrojaban las personas desde hace mucho tiempo. Mi exigencia es que se repita la inspecci\u00f3n en el lugar, pues ah\u00ed s\u00e9 que est\u00e1 mi hijo\u201d.<\/strong><\/p>\n<p>No obstante, la Fiscal\u00eda asegura que al no haber nada en el lugar, esa l\u00ednea de investigaci\u00f3n debe cerrarse para indagar otras posibles indagaciones para dar con el paradero de Daniel.<\/p>\n<p><strong>\u201cEllos tiene que escarbar, ellos tienen que hacer bien su trabajo, yo quiero que hagan eso, y si ya despu\u00e9s de hacerlo no hay nada, pues no hay nada, pero as\u00ed nada m\u00e1s por encimita como le hicieron, pues no van a encontrar nada\u2026 a m\u00ed esas fotos que me mandaron no me dicen si lo hicieron bien, no me dice si buscaron donde les indiqu\u00e9\u2026\u201d.<\/strong><\/p>\n<p>El d\u00eda en que fue desaparecido y asesinado Daniel,\u00a0<strong>se sabe que otros tres j\u00f3venes fueron v\u00edctimas de los mismos delitos<\/strong>; por ello, para sus familias es importante que se haga una b\u00fasqueda m\u00e1s amplia en ese lugar para as\u00ed encontrarlos a todos.<\/p>\n<p><strong>\u201cPero ellos, en lugar de buscar bien, me siguen preguntando c\u00f3mo s\u00e9 que est\u00e1n ah\u00ed, y yo les digo que eso es algo que se sabe en la zona, que es algo que ellos deber\u00edan saber si investigaran, pero quieren nombres. Un d\u00eda yo me hart\u00e9 y les dije que, si ellos no pod\u00edan sacar a mi hijo que me dijeran para yo hacerlo, pero me pidieron que no lo hiciera porque, entonces, yo estar\u00eda cometiendo un delito. \u00bfpero qu\u00e9 hay del delito que cometieron contra mi hijo? \u00bfde los delitos que se cometieron en el lugar? Su excusa por mucho tiempo es que sin datos ning\u00fan juez les dar\u00eda orden de cateo, pero al final de cuentas hicieron el cateo sin esos datos, pero de qu\u00e9 sirvi\u00f3 si no trabajaron correctamente\u201d.<\/strong><\/p>\n<p>Por tanto, la exigencia de la familia de Daniel es que se repita el cateo y que se escarbe de manera adecuada\u00a0<strong>porque si no se hace se corre el riesgo de que se queden abandonados los restos de quienes ah\u00ed fueron enterrados<\/strong>:<\/p>\n<p><strong>\u201cQueremos que hagan su trabajo, que repitan la b\u00fasqueda y que nos dejen estar presentes. Queremos que lo hagan porque esa es la \u00fanica manera en la que podemos encontrar a mi hijo. Yo no quiero saber qui\u00e9n cometi\u00f3 el crimen, yo no busco responsables s\u00f3lo quiero recuperar lo m\u00edo, mi hijo\u201d, concluy\u00f3 Mar\u00eda.<\/strong><\/p>\n<p>En lo que va de 2021, la Fiscal\u00eda del Estado de Jalisco ha reportado la localizaci\u00f3n de\u00a0<strong>18 fosas de las que se han exhumado 245 cuerpos de personas fallecidas no identificadas.<\/strong><\/p>\n<p><em>** El nombre de Daniel y su madre fueron cambiados por cuestiones de seguridad.<\/em><\/p>\n<p><a href=\"https:\/\/www.zonadocs.mx\/2021\/09\/30\/queremos-que-fiscalia-haga-su-trabajo-sino-como-vamos-a-recuperar-a-mi-hijo\/\">https:\/\/www.zonadocs.mx\/2021\/09\/30\/queremos-que-fiscalia-haga-su-trabajo-sino-como-vamos-a-recuperar-a-mi-hijo\/<\/a><\/p>\n","protected":false},"excerpt":{"rendered":"<p>Imagen: Zona Docs Daniel* fue reportado como desaparecido, el 15 de junio de 2019. El expediente de su b\u00fasqueda se abandon\u00f3 por m\u00e1s de un a\u00f1o en la Fiscal\u00eda Especializada &hellip; <a href=\"http:\/\/www.grieta.org.mx\/index.php\/2021\/09\/30\/queremos-que-fiscalia-haga-su-trabajo-sino-como-vamos-a-recuperar-a-mi-hijo-jalisco\/\" class=\"more-link\">Leer m\u00e1s<\/a><\/p>\n","protected":false},"author":2,"featured_media":62113,"comment_status":"closed","ping_status":"closed","sticky":false,"template":"","format":"standard","meta":{"ngg_post_thumbnail":0,"_jetpack_newsletter_access":"","_jetpack_dont_email_post_to_subs":false,"_jetpack_newsletter_tier_id":0,"_jetpack_memberships_contains_paywalled_content":false,"_jetpack_memberships_contains_paid_content":false,"footnotes":""},"categories":[80,87,1032,20,2,83],"tags":[1828,121,1668,3660,1228],"class_list":["post-62112","post","type-post","status-publish","format-standard","has-post-thumbnail","hentry","category-cintillo","category-desaparecidos","category-desaparecidos-en-jalisco","category-jalisco","category-noticias-nacionales","category-temas-nacionales","tag-busqueda-de-desaparecidos","tag-desaparecidos","tag-familiares-de-desaparecidos","tag-fiscalia","tag-protestas-por-desaparecidos","entry"],"jetpack_featured_media_url":"http:\/\/www.grieta.org.mx\/wp-content\/uploads\/2021\/10\/DANIEL-DESAPARECIDO-1068x901-1.jpg","jetpack_sharing_enabled":true,"jetpack_shortlink":"https:\/\/wp.me\/p7ZJR4-g9O","jetpack_likes_enabled":false,"jetpack-related-posts":[{"id":62106,"url":"http:\/\/www.grieta.org.mx\/index.php\/2021\/09\/26\/la-fiscalia-no-busco-nosotros-la-encontramos-jalisco\/","url_meta":{"origin":62112,"position":0},"title":"\u201cLa Fiscal\u00eda no busc\u00f3, nosotros la encontramos\u201d (Jalisco)","author":"grieta","date":"26 septiembre, 2021","format":false,"excerpt":"Foto: Zona Docs Tras permanecer siete d\u00edas como desaparecida, Wendoline G\u00f3mez Mendoza fue localizada con vida, el 25 de septiembre. Su familia en un acto simb\u00f3lico retir\u00f3 de la Glorieta de las y los Desaparecidos, la lona de b\u00fasqueda que colocaron tras su desaparici\u00f3n ocurrida, el 18 de septiembre. En\u2026","rel":"","context":"En &quot;CINTILLO&quot;","block_context":{"text":"CINTILLO","link":"http:\/\/www.grieta.org.mx\/index.php\/category\/cintillo\/"},"img":{"alt_text":"","src":"https:\/\/i0.wp.com\/www.grieta.org.mx\/wp-content\/uploads\/2021\/10\/wendoline-768x432-1.jpeg?resize=350%2C200","width":350,"height":200,"srcset":"https:\/\/i0.wp.com\/www.grieta.org.mx\/wp-content\/uploads\/2021\/10\/wendoline-768x432-1.jpeg?resize=350%2C200 1x, https:\/\/i0.wp.com\/www.grieta.org.mx\/wp-content\/uploads\/2021\/10\/wendoline-768x432-1.jpeg?resize=525%2C300 1.5x, https:\/\/i0.wp.com\/www.grieta.org.mx\/wp-content\/uploads\/2021\/10\/wendoline-768x432-1.jpeg?resize=700%2C400 2x"},"classes":[]},{"id":64600,"url":"http:\/\/www.grieta.org.mx\/index.php\/2022\/07\/20\/condiciona-fiscalia-busqueda-de-desaparecidos-no-quieren-la-participacion-de-colectivos-denuncian-madres-buscadoras-jalisco\/","url_meta":{"origin":62112,"position":1},"title":"Condiciona Fiscal\u00eda b\u00fasqueda de desaparecidos; no quieren la participaci\u00f3n de colectivos denuncian madres buscadoras (Jalisco, Sonora)","author":"grieta","date":"20 julio, 2022","format":false,"excerpt":"Imagen: Especial Lauro Rodr\u00edguez \/ El Diario NTR Las Madres Buscadoras de Sonora acusaron que la Fiscal\u00eda del Estado condicion\u00f3 la b\u00fasqueda en campo. Mencion\u00f3 que se niegan a acompa\u00f1ar acciones colectivas. Ceci Patricia Flores Armenta, lideresa del colectivo Madres Buscadoras de Sonora, mencion\u00f3 que extendieron su estancia en Jalisco\u2026","rel":"","context":"En &quot;CINTILLO&quot;","block_context":{"text":"CINTILLO","link":"http:\/\/www.grieta.org.mx\/index.php\/category\/cintillo\/"},"img":{"alt_text":"","src":"https:\/\/i0.wp.com\/www.grieta.org.mx\/wp-content\/uploads\/2022\/07\/2022-07-20_10-07-27___612.png?resize=350%2C200","width":350,"height":200,"srcset":"https:\/\/i0.wp.com\/www.grieta.org.mx\/wp-content\/uploads\/2022\/07\/2022-07-20_10-07-27___612.png?resize=350%2C200 1x, https:\/\/i0.wp.com\/www.grieta.org.mx\/wp-content\/uploads\/2022\/07\/2022-07-20_10-07-27___612.png?resize=525%2C300 1.5x, https:\/\/i0.wp.com\/www.grieta.org.mx\/wp-content\/uploads\/2022\/07\/2022-07-20_10-07-27___612.png?resize=700%2C400 2x"},"classes":[]},{"id":49366,"url":"http:\/\/www.grieta.org.mx\/index.php\/2020\/05\/09\/madres-de-desaparecidos-se-manifestaron-para-exigir-su-localizacion-jalisco\/","url_meta":{"origin":62112,"position":2},"title":"Madres de desaparecidos se manifestaron para exigir su localizaci\u00f3n (Jalisco)","author":"grieta","date":"9 mayo, 2020","format":false,"excerpt":"Foto: Cortes\u00eda Fundej Elizabeth Ibal \/ El Occidental Para decenas de mujeres no hay nada qu\u00e9 festejar en este D\u00eda de las Madres, ya que sus hijos les fueron arrebatados y hasta ahora nada se sabe de su paradero. Para que su causa no sea olvidada, madres de familia de\u2026","rel":"","context":"En &quot;CINTILLO&quot;","block_context":{"text":"CINTILLO","link":"http:\/\/www.grieta.org.mx\/index.php\/category\/cintillo\/"},"img":{"alt_text":"","src":"https:\/\/i0.wp.com\/www.grieta.org.mx\/wp-content\/uploads\/2020\/05\/Madres-de-manifestaci%C3%B3n.jpg?resize=350%2C200","width":350,"height":200,"srcset":"https:\/\/i0.wp.com\/www.grieta.org.mx\/wp-content\/uploads\/2020\/05\/Madres-de-manifestaci%C3%B3n.jpg?resize=350%2C200 1x, https:\/\/i0.wp.com\/www.grieta.org.mx\/wp-content\/uploads\/2020\/05\/Madres-de-manifestaci%C3%B3n.jpg?resize=525%2C300 1.5x, https:\/\/i0.wp.com\/www.grieta.org.mx\/wp-content\/uploads\/2020\/05\/Madres-de-manifestaci%C3%B3n.jpg?resize=700%2C400 2x"},"classes":[]},{"id":64530,"url":"http:\/\/www.grieta.org.mx\/index.php\/2022\/07\/06\/la-fiscalia-no-ha-hecho-nada-por-encontrar-a-octavio-y-francisco-jalisco\/","url_meta":{"origin":62112,"position":3},"title":"\u201cLa Fiscal\u00eda no ha hecho nada por encontrar a Octavio y Francisco\u201d (Jalisco)","author":"grieta","date":"6 julio, 2022","format":false,"excerpt":"Imagen: Mario Marlo Octavio Serrano Fragua y Francisco Javier Fajardo Barocio fueron desaparecidos el 1 de julio de su propio trabajo cerca de la colonia Bugambilias en Zapopan, Jalisco; ante las pocas acciones de b\u00fasqueda de la Fiscal\u00eda del Estado de Jalisco, familiares y amigos de ambos j\u00f3venes se manifestaron\u2026","rel":"","context":"En &quot;CINTILLO&quot;","block_context":{"text":"CINTILLO","link":"http:\/\/www.grieta.org.mx\/index.php\/category\/cintillo\/"},"img":{"alt_text":"","src":"https:\/\/i0.wp.com\/www.grieta.org.mx\/wp-content\/uploads\/2022\/07\/photo5634072502313527243.jpg?resize=350%2C200","width":350,"height":200,"srcset":"https:\/\/i0.wp.com\/www.grieta.org.mx\/wp-content\/uploads\/2022\/07\/photo5634072502313527243.jpg?resize=350%2C200 1x, https:\/\/i0.wp.com\/www.grieta.org.mx\/wp-content\/uploads\/2022\/07\/photo5634072502313527243.jpg?resize=525%2C300 1.5x, https:\/\/i0.wp.com\/www.grieta.org.mx\/wp-content\/uploads\/2022\/07\/photo5634072502313527243.jpg?resize=700%2C400 2x, https:\/\/i0.wp.com\/www.grieta.org.mx\/wp-content\/uploads\/2022\/07\/photo5634072502313527243.jpg?resize=1050%2C600 3x"},"classes":[]},{"id":64654,"url":"http:\/\/www.grieta.org.mx\/index.php\/2022\/07\/28\/fiscalia-dejo-de-investigar-y-nos-revictimizan-colectivos-de-desaparecidos-jalisco\/","url_meta":{"origin":62112,"position":4},"title":"Fiscal\u00eda dej\u00f3 de investigar y nos revictimizan: colectivos de desaparecidos (Jalisco)","author":"grieta","date":"28 julio, 2022","format":false,"excerpt":"Imagen: Edgar Flores Edgar Flores \/ El Diario NTR \"Esto ya lleg\u00f3 al l\u00edmite. Ya no s\u00f3lo dejaron de buscar e investigar, tambi\u00e9n nos gritan y revictimizan\", \u00e9sos son los reclamos coincidentes de al menos una veintena de familiares de desaparecidos e integrantes de colectivos de b\u00fasqueda que esta ma\u00f1ana\u2026","rel":"","context":"En &quot;CINTILLO&quot;","block_context":{"text":"CINTILLO","link":"http:\/\/www.grieta.org.mx\/index.php\/category\/cintillo\/"},"img":{"alt_text":"","src":"https:\/\/i0.wp.com\/www.grieta.org.mx\/wp-content\/uploads\/2022\/07\/2022-07-28_10-07-35___4501.jpg?resize=350%2C200","width":350,"height":200,"srcset":"https:\/\/i0.wp.com\/www.grieta.org.mx\/wp-content\/uploads\/2022\/07\/2022-07-28_10-07-35___4501.jpg?resize=350%2C200 1x, https:\/\/i0.wp.com\/www.grieta.org.mx\/wp-content\/uploads\/2022\/07\/2022-07-28_10-07-35___4501.jpg?resize=525%2C300 1.5x, https:\/\/i0.wp.com\/www.grieta.org.mx\/wp-content\/uploads\/2022\/07\/2022-07-28_10-07-35___4501.jpg?resize=700%2C400 2x"},"classes":[]},{"id":70113,"url":"http:\/\/www.grieta.org.mx\/index.php\/2024\/10\/11\/recriminan-abandono-de-fosa-encontrada-en-junio-jalisco\/","url_meta":{"origin":62112,"position":5},"title":"Recriminan abandono de fosa encontrada en junio (Jalisco)","author":"grieta","date":"11 octubre, 2024","format":false,"excerpt":"Imagen: El Diario NTR Lauro Rodr\u00edguez \/ El Diario NTR El colectivo de Madres Buscadoras de Jalisco recrimin\u00f3 que la Fiscal\u00eda Especial en Personas Desaparecidas (FEPD) abandon\u00f3 una fosa clandestina que hallaron el 15 de junio en la colonia Lomas del Sur, en Tlajomulco de Z\u00fa\u00f1iga. El hallazgo se dio\u2026","rel":"","context":"En &quot;CINTILLO&quot;","block_context":{"text":"CINTILLO","link":"http:\/\/www.grieta.org.mx\/index.php\/category\/cintillo\/"},"img":{"alt_text":"","src":"https:\/\/i0.wp.com\/www.grieta.org.mx\/wp-content\/uploads\/2024\/10\/2024-10-10_10-10-22___182.jpg?resize=350%2C200","width":350,"height":200,"srcset":"https:\/\/i0.wp.com\/www.grieta.org.mx\/wp-content\/uploads\/2024\/10\/2024-10-10_10-10-22___182.jpg?resize=350%2C200 1x, https:\/\/i0.wp.com\/www.grieta.org.mx\/wp-content\/uploads\/2024\/10\/2024-10-10_10-10-22___182.jpg?resize=525%2C300 1.5x, https:\/\/i0.wp.com\/www.grieta.org.mx\/wp-content\/uploads\/2024\/10\/2024-10-10_10-10-22___182.jpg?resize=700%2C400 2x"},"classes":[]}],"_links":{"self":[{"href":"http:\/\/www.grieta.org.mx\/index.php\/wp-json\/wp\/v2\/posts\/62112","targetHints":{"allow":["GET"]}}],"collection":[{"href":"http:\/\/www.grieta.org.mx\/index.php\/wp-json\/wp\/v2\/posts"}],"about":[{"href":"http:\/\/www.grieta.org.mx\/index.php\/wp-json\/wp\/v2\/types\/post"}],"author":[{"embeddable":true,"href":"http:\/\/www.grieta.org.mx\/index.php\/wp-json\/wp\/v2\/users\/2"}],"replies":[{"embeddable":true,"href":"http:\/\/www.grieta.org.mx\/index.php\/wp-json\/wp\/v2\/comments?post=62112"}],"version-history":[{"count":1,"href":"http:\/\/www.grieta.org.mx\/index.php\/wp-json\/wp\/v2\/posts\/62112\/revisions"}],"predecessor-version":[{"id":62114,"href":"http:\/\/www.grieta.org.mx\/index.php\/wp-json\/wp\/v2\/posts\/62112\/revisions\/62114"}],"wp:featuredmedia":[{"embeddable":true,"href":"http:\/\/www.grieta.org.mx\/index.php\/wp-json\/wp\/v2\/media\/62113"}],"wp:attachment":[{"href":"http:\/\/www.grieta.org.mx\/index.php\/wp-json\/wp\/v2\/media?parent=62112"}],"wp:term":[{"taxonomy":"category","embeddable":true,"href":"http:\/\/www.grieta.org.mx\/index.php\/wp-json\/wp\/v2\/categories?post=62112"},{"taxonomy":"post_tag","embeddable":true,"href":"http:\/\/www.grieta.org.mx\/index.php\/wp-json\/wp\/v2\/tags?post=62112"}],"curies":[{"name":"wp","href":"https:\/\/api.w.org\/{rel}","templated":true}]}}