{"id":621,"date":"2015-09-24T19:53:23","date_gmt":"2015-09-24T19:53:23","guid":{"rendered":"http:\/\/50.22.11.12\/~grietaor\/?p=621"},"modified":"2016-03-01T19:54:49","modified_gmt":"2016-03-01T19:54:49","slug":"paran-labores-en-campus-siglo-xxi-por-falta-de-pago","status":"publish","type":"post","link":"http:\/\/www.grieta.org.mx\/index.php\/2015\/09\/24\/paran-labores-en-campus-siglo-xxi-por-falta-de-pago\/","title":{"rendered":"Paran labores en Campus Siglo XXI por falta de pago"},"content":{"rendered":"<p>ZACATECAS.- Docentes de la Unidad Acad\u00e9mica de Enfermer\u00eda y agremiados del Sindicato de Personal Acad\u00e9mico de la Universidad Aut\u00f3noma de Zacatecas (SPAUAZ) tomaron este jueves el campus Siglo XXI para exigir el pago retenido hasta por seis meses de varios maestros.<\/p>\n<p>Guadalupe Lugo, delegada sindical de la carrera explic\u00f3 que tres maestros que imparten ingl\u00e9s en Enfermer\u00eda son los m\u00e1s afectados, ya que no han recibido pago desde enero, mientras que a otros 40 docentes se les debe agosto y septiembre.<\/p>\n<p>\u201cEsto es lo que nos orient\u00f3, nos motiv\u00f3 a hacer esta actividad, fue el no pago a los maestros de ingl\u00e9s\u201d, coment\u00f3.<\/p>\n<p>Explic\u00f3 que parte de los docentes, incluyendo a los tres m\u00e1s afectados, no est\u00e1n basificados, pero solicitaron el apoyo de las autoridades sindicales para resaltar su petici\u00f3n.<\/p>\n<p>Tambi\u00e9n dijo que se aprovech\u00f3 para lanzar un pliego petitorio en el que adem\u00e1s del pago, se solicita la basificaci\u00f3n de los docentes que cuentan con m\u00e1s de 10 a\u00f1os de trabajo y se regularice el incremento en la carga de trabajo.<\/p>\n<p>Hasta ahora, no se ha se\u00f1alado una fecha para levantar el paro de labores en este campus que alberga a poco m\u00e1s de 8 mil alumnos, pues quienes est\u00e1n al frente dijeron que primero desean entregar el pliego al representante legal de la unidad, para que este sea retomado por el rector Armando Silva Ch\u00e1irez y sentar una mesa de negociaciones.<\/p>\n<p>De momento tampoco hay una justificaci\u00f3n, ni posicionamiento por parte de las autoridades administrativas de la UAZ respecto a la falta de pago.<\/p>\n<p>Solo el Campus Siglo XXI se ver\u00e1 afectado por el paro de labores y cabe mencionar que desde finales del mes de marzo ninguna unidad de la Universidad Aut\u00f3noma de Zacatecas hab\u00eda paralizado sus funciones. <\/p>\n<p><a href=\"http:\/\/www.imagenzac.com.mx\/nota\/paran-labores-en-la-uaz-por-falta-de-pa-09-25-ch\" target=\"_blank\">www.imagenzac.com.mx\/nota\/paran-labores-en-la-uaz-por-falta-de-pa-09-25-ch<\/a><\/p>\n","protected":false},"excerpt":{"rendered":"<p>ZACATECAS.- Docentes de la Unidad Acad\u00e9mica de Enfermer\u00eda y agremiados del Sindicato de Personal Acad\u00e9mico de la Universidad Aut\u00f3noma de Zacatecas (SPAUAZ) tomaron este jueves el campus Siglo XXI para &hellip; <a href=\"http:\/\/www.grieta.org.mx\/index.php\/2015\/09\/24\/paran-labores-en-campus-siglo-xxi-por-falta-de-pago\/\" class=\"more-link\">Leer m\u00e1s<\/a><\/p>\n","protected":false},"author":2,"featured_media":21928,"comment_status":"closed","ping_status":"open","sticky":false,"template":"","format":"standard","meta":{"ngg_post_thumbnail":0,"_jetpack_newsletter_access":"","_jetpack_dont_email_post_to_subs":false,"_jetpack_newsletter_tier_id":0,"_jetpack_memberships_contains_paywalled_content":false,"_jetpack_memberships_contains_paid_content":false,"footnotes":""},"categories":[80,139],"tags":[105,107],"class_list":["post-621","post","type-post","status-publish","format-standard","has-post-thumbnail","hentry","category-cintillo","category-zacatecas","tag-derechos-laborales","tag-educacion","entry"],"jetpack_featured_media_url":"http:\/\/www.grieta.org.mx\/wp-content\/uploads\/2018\/03\/14524434_1106112876131411_958039263622046936_o.jpg","jetpack_sharing_enabled":true,"jetpack_shortlink":"https:\/\/wp.me\/p7ZJR4-a1","jetpack_likes_enabled":false,"jetpack-related-posts":[{"id":619,"url":"http:\/\/www.grieta.org.mx\/index.php\/2015\/09\/25\/levantan-paro-en-el-campus-uaz-siglo-xxi\/","url_meta":{"origin":621,"position":0},"title":"Levantan paro en el Campus UAZ Siglo XXI","author":"grieta","date":"25 septiembre, 2015","format":false,"excerpt":"NTR Zacatecas 25\/09\/2015 Zacatecas.- A las 15 horas de este viernes, se levant\u00f3 el paro en el Campus UAZ Siglo XXI que manten\u00edan docentes de la Unidad Acad\u00e9mica de Enfermer\u00eda, quienes solicitaban el pago de un semestre completo. Luego de 48 horas de paro, los docentes acordaron con el departamento\u2026","rel":"","context":"En &quot;CINTILLO&quot;","block_context":{"text":"CINTILLO","link":"http:\/\/www.grieta.org.mx\/index.php\/category\/cintillo\/"},"img":{"alt_text":"","src":"https:\/\/i0.wp.com\/www.grieta.org.mx\/wp-content\/uploads\/2018\/03\/14524434_1106112876131411_958039263622046936_o.jpg?resize=350%2C200","width":350,"height":200,"srcset":"https:\/\/i0.wp.com\/www.grieta.org.mx\/wp-content\/uploads\/2018\/03\/14524434_1106112876131411_958039263622046936_o.jpg?resize=350%2C200 1x, https:\/\/i0.wp.com\/www.grieta.org.mx\/wp-content\/uploads\/2018\/03\/14524434_1106112876131411_958039263622046936_o.jpg?resize=525%2C300 1.5x, https:\/\/i0.wp.com\/www.grieta.org.mx\/wp-content\/uploads\/2018\/03\/14524434_1106112876131411_958039263622046936_o.jpg?resize=700%2C400 2x"},"classes":[]},{"id":678,"url":"http:\/\/www.grieta.org.mx\/index.php\/2016\/02\/15\/conflictos-en-la-universidad-autonoma-de-zacatecas\/","url_meta":{"origin":621,"position":1},"title":"Conflictos en la Universidad Aut\u00f3noma de Zacatecas","author":"grieta","date":"15 febrero, 2016","format":false,"excerpt":"15\/02\/16. Otro Paro en la UAZ NTR Zacatecas 12\/02\/16. Planta rector a SPAUAZ; STUAZ rechaza huelga NTR Zacatecas 27\/01\/16. Paro general en la UAZ NTR Zacatecas 26\/01\/16. Condicionan a alumnos de medicina de la UAZ NTR Zacatecas 18\/01\/16. Denuncia SPAUAZ a rector por peculado NTR Zacatecas 17\/12\/15. Prestar\u00e1 SPAUAZ dinero\u2026","rel":"","context":"En &quot;Zacatecas&quot;","block_context":{"text":"Zacatecas","link":"http:\/\/www.grieta.org.mx\/index.php\/category\/noticias-nacionales\/zacatecas\/"},"img":{"alt_text":"","src":"https:\/\/i0.wp.com\/www.grieta.org.mx\/wp-content\/uploads\/2018\/03\/14524434_1106112876131411_958039263622046936_o.jpg?resize=350%2C200","width":350,"height":200,"srcset":"https:\/\/i0.wp.com\/www.grieta.org.mx\/wp-content\/uploads\/2018\/03\/14524434_1106112876131411_958039263622046936_o.jpg?resize=350%2C200 1x, https:\/\/i0.wp.com\/www.grieta.org.mx\/wp-content\/uploads\/2018\/03\/14524434_1106112876131411_958039263622046936_o.jpg?resize=525%2C300 1.5x, https:\/\/i0.wp.com\/www.grieta.org.mx\/wp-content\/uploads\/2018\/03\/14524434_1106112876131411_958039263622046936_o.jpg?resize=700%2C400 2x"},"classes":[]},{"id":31228,"url":"http:\/\/www.grieta.org.mx\/index.php\/2019\/03\/21\/protestan-docentes-por-falta-de-pago\/","url_meta":{"origin":621,"position":2},"title":"Protestan docentes por falta de pago","author":"grieta","date":"21 marzo, 2019","format":false,"excerpt":"NORMA BERNAL | NTRZACATECAS.COM Docentes de la escuela Mar\u00eda W. de L\u00f3pez Ortiz, mejor conocida como Evoluci\u00f3n, suspendieron clases una hora y media antes de concluir la jornada de trabajo, debido a que no les han pagado lo correspondiente al Programa de Tiempo Completo al que est\u00e1n inscritos. Frente a\u2026","rel":"","context":"En &quot;Explotaci\u00f3n y precariedad laboral&quot;","block_context":{"text":"Explotaci\u00f3n y precariedad laboral","link":"http:\/\/www.grieta.org.mx\/index.php\/category\/temas-nacionales\/explotacion-y-precariedad-laboral\/"},"img":{"alt_text":"","src":"https:\/\/i0.wp.com\/www.grieta.org.mx\/wp-content\/uploads\/2019\/03\/escuelas-tiempo-completo-210319-1.jpg?resize=350%2C200","width":350,"height":200,"srcset":"https:\/\/i0.wp.com\/www.grieta.org.mx\/wp-content\/uploads\/2019\/03\/escuelas-tiempo-completo-210319-1.jpg?resize=350%2C200 1x, https:\/\/i0.wp.com\/www.grieta.org.mx\/wp-content\/uploads\/2019\/03\/escuelas-tiempo-completo-210319-1.jpg?resize=525%2C300 1.5x, https:\/\/i0.wp.com\/www.grieta.org.mx\/wp-content\/uploads\/2019\/03\/escuelas-tiempo-completo-210319-1.jpg?resize=700%2C400 2x"},"classes":[]},{"id":611,"url":"http:\/\/www.grieta.org.mx\/index.php\/2015\/11\/11\/maestros-toman-rectoria-de-universidad-autonoma-de-zacatecas\/","url_meta":{"origin":621,"position":3},"title":"Maestros toman rector\u00eda de Universidad Aut\u00f3noma de Zacatecas","author":"grieta","date":"11 noviembre, 2015","format":false,"excerpt":"Omar Hern\u00e1ndez y Karla M\u00e9ndez \/ Corresponsales 11\/11\/2015 La rector\u00eda de la Universidad Aut\u00f3noma de Zacatecas fue tomada por docentes ante la falta de pago y adeudos millonarios; el paro que inicialmente contemplaba la par\u00e1lisis de clases finalmente no afect\u00f3 a cerca de 40 mil alumnos. Algunos de los docentes\u2026","rel":"","context":"En &quot;CINTILLO&quot;","block_context":{"text":"CINTILLO","link":"http:\/\/www.grieta.org.mx\/index.php\/category\/cintillo\/"},"img":{"alt_text":"","src":"https:\/\/i0.wp.com\/www.grieta.org.mx\/wp-content\/uploads\/2018\/03\/14524434_1106112876131411_958039263622046936_o.jpg?resize=350%2C200","width":350,"height":200,"srcset":"https:\/\/i0.wp.com\/www.grieta.org.mx\/wp-content\/uploads\/2018\/03\/14524434_1106112876131411_958039263622046936_o.jpg?resize=350%2C200 1x, https:\/\/i0.wp.com\/www.grieta.org.mx\/wp-content\/uploads\/2018\/03\/14524434_1106112876131411_958039263622046936_o.jpg?resize=525%2C300 1.5x, https:\/\/i0.wp.com\/www.grieta.org.mx\/wp-content\/uploads\/2018\/03\/14524434_1106112876131411_958039263622046936_o.jpg?resize=700%2C400 2x"},"classes":[]},{"id":29908,"url":"http:\/\/www.grieta.org.mx\/index.php\/2019\/03\/01\/realizaron-paro-120-maestros-de-ingles-en-escuelas-publicas-jalisco\/","url_meta":{"origin":621,"position":4},"title":"Realizaron paro 120 maestros de ingl\u00e9s en escuelas p\u00fablicas (Jalisco)","author":"grieta","date":"1 marzo, 2019","format":false,"excerpt":"\u00a0 Ignacio P\u00e9rez Vega \/ Cr\u00f3nica Jalisco Un grupo de 120 maestros que pertenecen al Programa Nacional de Ingl\u00e9s (Proni), que da clases de lengua extranjera en planteles p\u00fablicos a chicos de preescolar y primaria, realizaron un paro de actividades este jueves, luego de que durante dos meses no han\u2026","rel":"","context":"En &quot;CINTILLO&quot;","block_context":{"text":"CINTILLO","link":"http:\/\/www.grieta.org.mx\/index.php\/category\/cintillo\/"},"img":{"alt_text":"","src":"https:\/\/i0.wp.com\/www.grieta.org.mx\/wp-content\/uploads\/2018\/03\/14524434_1106112876131411_958039263622046936_o.jpg?resize=350%2C200","width":350,"height":200,"srcset":"https:\/\/i0.wp.com\/www.grieta.org.mx\/wp-content\/uploads\/2018\/03\/14524434_1106112876131411_958039263622046936_o.jpg?resize=350%2C200 1x, https:\/\/i0.wp.com\/www.grieta.org.mx\/wp-content\/uploads\/2018\/03\/14524434_1106112876131411_958039263622046936_o.jpg?resize=525%2C300 1.5x, https:\/\/i0.wp.com\/www.grieta.org.mx\/wp-content\/uploads\/2018\/03\/14524434_1106112876131411_958039263622046936_o.jpg?resize=700%2C400 2x"},"classes":[]},{"id":28653,"url":"http:\/\/www.grieta.org.mx\/index.php\/2019\/01\/22\/demandan-maestros-de-ingles-regularizar-su-situacion-laboral-durango\/","url_meta":{"origin":621,"position":5},"title":"Demandan maestros de Ingl\u00e9s regularizar su situaci\u00f3n laboral (Durango)","author":"grieta","date":"22 enero, 2019","format":false,"excerpt":"Claudia Landeros\/El Siglo de Durango Docentes del Programa Nacional de Ingl\u00e9s (Proni) se manifestaron en la Plaza de Armas de G\u00f3mez Palacio para pedir apoyo a las autoridades que corresponda, a fin de regularizar su situaci\u00f3n laboral ya que de momento est\u00e1n sin empleo. SIN TRABAJO \"Somos maestros que trabajamos\u2026","rel":"","context":"En &quot;CINTILLO&quot;","block_context":{"text":"CINTILLO","link":"http:\/\/www.grieta.org.mx\/index.php\/category\/cintillo\/"},"img":{"alt_text":"","src":"https:\/\/i0.wp.com\/www.grieta.org.mx\/wp-content\/uploads\/2019\/01\/773757.jpeg?resize=350%2C200","width":350,"height":200,"srcset":"https:\/\/i0.wp.com\/www.grieta.org.mx\/wp-content\/uploads\/2019\/01\/773757.jpeg?resize=350%2C200 1x, https:\/\/i0.wp.com\/www.grieta.org.mx\/wp-content\/uploads\/2019\/01\/773757.jpeg?resize=525%2C300 1.5x, https:\/\/i0.wp.com\/www.grieta.org.mx\/wp-content\/uploads\/2019\/01\/773757.jpeg?resize=700%2C400 2x"},"classes":[]}],"_links":{"self":[{"href":"http:\/\/www.grieta.org.mx\/index.php\/wp-json\/wp\/v2\/posts\/621","targetHints":{"allow":["GET"]}}],"collection":[{"href":"http:\/\/www.grieta.org.mx\/index.php\/wp-json\/wp\/v2\/posts"}],"about":[{"href":"http:\/\/www.grieta.org.mx\/index.php\/wp-json\/wp\/v2\/types\/post"}],"author":[{"embeddable":true,"href":"http:\/\/www.grieta.org.mx\/index.php\/wp-json\/wp\/v2\/users\/2"}],"replies":[{"embeddable":true,"href":"http:\/\/www.grieta.org.mx\/index.php\/wp-json\/wp\/v2\/comments?post=621"}],"version-history":[{"count":1,"href":"http:\/\/www.grieta.org.mx\/index.php\/wp-json\/wp\/v2\/posts\/621\/revisions"}],"predecessor-version":[{"id":622,"href":"http:\/\/www.grieta.org.mx\/index.php\/wp-json\/wp\/v2\/posts\/621\/revisions\/622"}],"wp:featuredmedia":[{"embeddable":true,"href":"http:\/\/www.grieta.org.mx\/index.php\/wp-json\/wp\/v2\/media\/21928"}],"wp:attachment":[{"href":"http:\/\/www.grieta.org.mx\/index.php\/wp-json\/wp\/v2\/media?parent=621"}],"wp:term":[{"taxonomy":"category","embeddable":true,"href":"http:\/\/www.grieta.org.mx\/index.php\/wp-json\/wp\/v2\/categories?post=621"},{"taxonomy":"post_tag","embeddable":true,"href":"http:\/\/www.grieta.org.mx\/index.php\/wp-json\/wp\/v2\/tags?post=621"}],"curies":[{"name":"wp","href":"https:\/\/api.w.org\/{rel}","templated":true}]}}