{"id":62077,"date":"2021-09-30T18:10:47","date_gmt":"2021-09-30T23:10:47","guid":{"rendered":"http:\/\/www.grieta.org.mx\/?p=62077"},"modified":"2021-10-01T21:17:07","modified_gmt":"2021-10-02T02:17:07","slug":"amenazan-a-familia-de-fanny-por-exigir-justicia-tras-feminicidio-oaxaca","status":"publish","type":"post","link":"http:\/\/www.grieta.org.mx\/index.php\/2021\/09\/30\/amenazan-a-familia-de-fanny-por-exigir-justicia-tras-feminicidio-oaxaca\/","title":{"rendered":"Amenazan a familia de Fanny por exigir justicia tras feminicidio (Oaxaca)"},"content":{"rendered":"<p>Pi\u00e9 de P\u00e1gina \/ Diana Manzo.<\/p>\n<p><img loading=\"lazy\" decoding=\"async\" data-attachment-id=\"62078\" data-permalink=\"http:\/\/www.grieta.org.mx\/index.php\/2021\/09\/30\/amenazan-a-familia-de-fanny-por-exigir-justicia-tras-feminicidio-oaxaca\/1-189\/\" data-orig-file=\"http:\/\/www.grieta.org.mx\/wp-content\/uploads\/2021\/10\/1.jpg\" data-orig-size=\"794,397\" data-comments-opened=\"0\" data-image-meta=\"{&quot;aperture&quot;:&quot;0&quot;,&quot;credit&quot;:&quot;&quot;,&quot;camera&quot;:&quot;&quot;,&quot;caption&quot;:&quot;&quot;,&quot;created_timestamp&quot;:&quot;0&quot;,&quot;copyright&quot;:&quot;&quot;,&quot;focal_length&quot;:&quot;0&quot;,&quot;iso&quot;:&quot;0&quot;,&quot;shutter_speed&quot;:&quot;0&quot;,&quot;title&quot;:&quot;&quot;,&quot;orientation&quot;:&quot;1&quot;}\" data-image-title=\"1\" data-image-description=\"\" data-image-caption=\"\" data-medium-file=\"http:\/\/www.grieta.org.mx\/wp-content\/uploads\/2021\/10\/1-300x150.jpg\" data-large-file=\"http:\/\/www.grieta.org.mx\/wp-content\/uploads\/2021\/10\/1.jpg\" class=\"alignnone wp-image-62078\" src=\"http:\/\/www.grieta.org.mx\/wp-content\/uploads\/2021\/10\/1.jpg\" alt=\"\" width=\"800\" height=\"400\" srcset=\"http:\/\/www.grieta.org.mx\/wp-content\/uploads\/2021\/10\/1.jpg 794w, http:\/\/www.grieta.org.mx\/wp-content\/uploads\/2021\/10\/1-300x150.jpg 300w, http:\/\/www.grieta.org.mx\/wp-content\/uploads\/2021\/10\/1-768x384.jpg 768w\" sizes=\"auto, (max-width: 800px) 100vw, 800px\" \/>. Foto: especial.<\/p>\n<p>La familia de Fanny, la joven de 16 a\u00f1os asesinada en Oaxaca en un crimen que se hizo pasar por \u201csuicidio\u201d, ha sufrido amenazas a ra\u00edz de su exigencia de justicia. Amenazas que podr\u00edan venir de parte de un agente municipal de El Porvenir.<\/p>\n<p>OAXACA.- A dos d\u00edas de su deceso, Dora Anabel Hern\u00e1ndez Bautista, la t\u00eda de Fanny, una joven de 16 a\u00f1os que fue hallada sin vida el pasado 26 de septiembre exigi\u00f3 que se investigue a Isaac Hern\u00e1ndez Guillen, agente municipal de El Porvenir, San Juan Cotzoc\u00f3n Mixe por acosar, golpear y amenazar a su sobrina; y tambi\u00e9n dijo que se debe investigar a su esposo Alexis Trujillo, que siempre ejerci\u00f3 violencia familiar contra la joven.<\/p>\n<p>Risue\u00f1a, de pelo negro y sonrisa bonita as\u00ed recuerda Dora Anabel Hern\u00e1ndez Bautista a su sobrina Fanny Guadalupe, qui\u00e9n dej\u00f3 en la orfandad a una ni\u00f1a de 6 meses de edad, a qui\u00e9n Fanny quer\u00eda darle una mejor vida, pero no pudo, porque la mataron.<\/p>\n<p>\u201cNo fue suicidio, a mi sobrina la mataron\u201d expres\u00f3 Dora Anabel qui\u00e9n alert\u00f3 que siente miedo ante las amenazas recientes que recibi\u00f3 de parte del esposo de su sobrina y tambi\u00e9n del agente municipal.<\/p>\n<p>\u201cEl d\u00eda que la est\u00e1bamos velando lleg\u00f3 el marido de Fanny y me dijo que me calmara, porque yo podr\u00eda ser la pr\u00f3xima, tengo miedo, pero no puedo callarme, perd\u00ed a mi sobrina, una ni\u00f1a alegre que ten\u00eda el sue\u00f1o de ser militar y darle mejores condiciones a su peque\u00f1a, pero no pudo, porque su marido siempre la acosaba y la golpeaba\u201d, expres\u00f3.<\/p>\n<p>Detr\u00e1s del tel\u00e9fono record\u00f3 que el 30 de agosto del 2021, acompa\u00f1\u00f3 a Fanny a denunciar las amenazas y acoso que hab\u00eda sido v\u00edctima el 13 de julio de este a\u00f1o, de parte del agente municipal para que existiera un antecedente, pero nadie hizo nada y Fanny ya est\u00e1 muerta.<\/p>\n<p>Dora Anabel denunci\u00f3 que ella tambi\u00e9n es v\u00edctima de acoso y amenazas del agente municipal. \u201cLuego de la denuncia del 30 de agosto me cit\u00f3 a su oficina el 1 de septiembre, pero no fui, entonces me mand\u00f3 avisar que me va a encarcelar por desobediencia, temo por mi vida\u201d.<\/p>\n<p>Con el feminicidio de Fanny, su t\u00eda, una joven de 24 a\u00f1os de edad que es cocinera en un restaurante local de la comunidad asumi\u00f3 la crianza de la hija de la joven y solicit\u00f3 de forma urgente protecci\u00f3n para ella y su familia ante los sucesos que han vivido.<\/p>\n<p>\u201cNos sentimos desprotegidos y solos, por una parte, el agente municipal tiene poder y puede hacernos muchas cosas malas, estamos encerrados sin poder salir y por el otro, el marido de Fanny tambi\u00e9n es una persona grosera y mala, y tememos por nuestra vida\u201d, alert\u00f3.<\/p>\n<p>Colectivas, feministas, activistas y organizaciones civiles de Oaxaca exigieron justicia y captura a los responsables del feminicidio de la joven. La Fiscal\u00eda General del Estado de Oaxaca inform\u00f3 que activ\u00f3 el protocolo de investigaci\u00f3n por delito de feminicidio.<\/p>\n<p>De acuerdo al colectivo Ges Mujer, con el feminicidio de Fanny suman 66 oaxaque\u00f1as asesinadas en lo que va del a\u00f1o, de un total de 561 casos de mujeres asesinadas en lo que va de la administraci\u00f3n del gobernador Alejandro Murat Hinojosa (1 diciembre 2016 \u2013 a la fecha).<\/p>\n<p>Este trabajo fue realizado por ISTMO PRESS, que forma parte de la Alianza de Medios de la Red de Periodistas de a Pie. Aqu\u00ed puedes consultar el original http:\/\/www.istmopress.com.mx\/istmo\/fanny-queria-darle-una-mejor-vida-a-su-hija-pero-la-mataron-y-ahora-nos-amenazan-por-exigir-justicia-alertan-familiares\/<\/p>\n<p><a href=\"https:\/\/piedepagina.mx\/amenazan-a-familia-de-fanny-por-exigir-justicia\/\" target=\"_blank\" rel=\"noopener\">https:\/\/piedepagina.mx\/amenazan-a-familia-de-fanny-por-exigir-justicia\/<\/a><\/p>\n","protected":false},"excerpt":{"rendered":"<p>Pi\u00e9 de P\u00e1gina \/ Diana Manzo. . Foto: especial. La familia de Fanny, la joven de 16 a\u00f1os asesinada en Oaxaca en un crimen que se hizo pasar por \u201csuicidio\u201d, &hellip; <a href=\"http:\/\/www.grieta.org.mx\/index.php\/2021\/09\/30\/amenazan-a-familia-de-fanny-por-exigir-justicia-tras-feminicidio-oaxaca\/\" class=\"more-link\">Leer m\u00e1s<\/a><\/p>\n","protected":false},"author":2,"featured_media":62078,"comment_status":"closed","ping_status":"closed","sticky":false,"template":"","format":"standard","meta":{"ngg_post_thumbnail":0,"_jetpack_newsletter_access":"","_jetpack_dont_email_post_to_subs":false,"_jetpack_newsletter_tier_id":0,"_jetpack_memberships_contains_paywalled_content":false,"_jetpack_memberships_contains_paid_content":false,"footnotes":""},"categories":[80,1325,1477,25,83,1665],"tags":[],"class_list":["post-62077","post","type-post","status-publish","format-standard","has-post-thumbnail","hentry","category-cintillo","category-feminicidios-en-oaxaca-oaxaca","category-la-ninez-en-la-tormenta-en-oaxaca","category-oaxaca","category-temas-nacionales","category-violencia-contra-las-mujeres-en-oaxaca","entry"],"jetpack_featured_media_url":"http:\/\/www.grieta.org.mx\/wp-content\/uploads\/2021\/10\/1.jpg","jetpack_sharing_enabled":true,"jetpack_shortlink":"https:\/\/wp.me\/p7ZJR4-g9f","jetpack_likes_enabled":false,"jetpack-related-posts":[{"id":62659,"url":"http:\/\/www.grieta.org.mx\/index.php\/2021\/11\/11\/familia-de-fanny-amenazada-y-sin-seguridad-oaxaca\/","url_meta":{"origin":62077,"position":0},"title":"Familia de Fanny, amenazada y sin seguridad (Oaxaca)","author":"grieta","date":"11 noviembre, 2021","format":false,"excerpt":"Pi\u00e9 de P\u00e1gina \/ Daniela Rea. El 26 de septiembre, la joven de 16 a\u00f1os fue hallada sin vida con una soga en el cuello en la casa donde viv\u00eda con su pareja Alexis Trujillo, actualmente pr\u00f3fugo de la justicia y sospechoso de su feminicidio. La familia de Fanny ha\u2026","rel":"","context":"En &quot;CINTILLO&quot;","block_context":{"text":"CINTILLO","link":"http:\/\/www.grieta.org.mx\/index.php\/category\/cintillo\/"},"img":{"alt_text":"","src":"https:\/\/i0.wp.com\/www.grieta.org.mx\/wp-content\/uploads\/2021\/11\/23.jpg?resize=350%2C200","width":350,"height":200,"srcset":"https:\/\/i0.wp.com\/www.grieta.org.mx\/wp-content\/uploads\/2021\/11\/23.jpg?resize=350%2C200 1x, https:\/\/i0.wp.com\/www.grieta.org.mx\/wp-content\/uploads\/2021\/11\/23.jpg?resize=525%2C300 1.5x, https:\/\/i0.wp.com\/www.grieta.org.mx\/wp-content\/uploads\/2021\/11\/23.jpg?resize=700%2C400 2x"},"classes":[]},{"id":62055,"url":"http:\/\/www.grieta.org.mx\/index.php\/2021\/09\/28\/fanny-tenia-16-fue-hallada-sin-vida-tras-recibir-amenazas-de-muerte-oaxaca\/","url_meta":{"origin":62077,"position":1},"title":"Fanny ten\u00eda 16; fue hallada sin vida tras recibir amenazas de muerte (Oaxaca)","author":"grieta","date":"28 septiembre, 2021","format":false,"excerpt":"Noticias \/ Citlalli L\u00f3pez Vel\u00e1zquez. \u201cOaxaca es un estado feminicida donde las autoridades son omisas, c\u00f3mplices y protectores de feminicidas\". Integrantes de la Red Mariposa de Mujeres Mixe. Ten\u00eda 16 a\u00f1os de edad y medidas cautelares debido a las amenazas de muerte hechas por el agente municipal de El Porvenir,\u2026","rel":"","context":"En &quot;CINTILLO&quot;","block_context":{"text":"CINTILLO","link":"http:\/\/www.grieta.org.mx\/index.php\/category\/cintillo\/"},"img":{"alt_text":"","src":"https:\/\/i0.wp.com\/www.grieta.org.mx\/wp-content\/uploads\/2021\/09\/1-4.jpg?resize=350%2C200","width":350,"height":200,"srcset":"https:\/\/i0.wp.com\/www.grieta.org.mx\/wp-content\/uploads\/2021\/09\/1-4.jpg?resize=350%2C200 1x, https:\/\/i0.wp.com\/www.grieta.org.mx\/wp-content\/uploads\/2021\/09\/1-4.jpg?resize=525%2C300 1.5x, https:\/\/i0.wp.com\/www.grieta.org.mx\/wp-content\/uploads\/2021\/09\/1-4.jpg?resize=700%2C400 2x, https:\/\/i0.wp.com\/www.grieta.org.mx\/wp-content\/uploads\/2021\/09\/1-4.jpg?resize=1050%2C600 3x"},"classes":[]},{"id":62080,"url":"http:\/\/www.grieta.org.mx\/index.php\/2021\/10\/01\/mujeres-con-fanny-suman-561-mujeres-asesinadas-en-gobierno-de-murat-en-oaxaca\/","url_meta":{"origin":62077,"position":2},"title":"Mujeres Con Fanny suman 561 mujeres asesinadas en gobierno de Murat en Oaxaca","author":"grieta","date":"1 octubre, 2021","format":false,"excerpt":"Pi\u00e9 de P\u00e1gina \/ Pedro Mat\u00edas. OAXACA.- Fanny, adolescente de 16 a\u00f1os, ind\u00edgena mixe v\u00edctima de feminicidio en San Juan Cotzoc\u00f3n y madre de una beb\u00e9 de seis meses, es una de las 561 ni\u00f1as y mujeres que han sido asesinadas en casi cinco a\u00f1os del gobierno del priista Alejandro\u2026","rel":"","context":"En &quot;CINTILLO&quot;","block_context":{"text":"CINTILLO","link":"http:\/\/www.grieta.org.mx\/index.php\/category\/cintillo\/"},"img":{"alt_text":"","src":"https:\/\/i0.wp.com\/www.grieta.org.mx\/wp-content\/uploads\/2021\/10\/m.jpg?resize=350%2C200","width":350,"height":200,"srcset":"https:\/\/i0.wp.com\/www.grieta.org.mx\/wp-content\/uploads\/2021\/10\/m.jpg?resize=350%2C200 1x, https:\/\/i0.wp.com\/www.grieta.org.mx\/wp-content\/uploads\/2021\/10\/m.jpg?resize=525%2C300 1.5x, https:\/\/i0.wp.com\/www.grieta.org.mx\/wp-content\/uploads\/2021\/10\/m.jpg?resize=700%2C400 2x"},"classes":[]},{"id":66851,"url":"http:\/\/www.grieta.org.mx\/index.php\/2023\/04\/14\/asesinan-a-felix-vicente-agente-municipal-en-oaxaca-defensor-del-territorio\/","url_meta":{"origin":62077,"position":3},"title":"Asesinan a F\u00e9lix Vicente, agente municipal en Oaxaca; defensor del territorio","author":"grieta","date":"14 abril, 2023","format":false,"excerpt":"Imagen: P\u00e1gina 3 Diana Manzo \/ P\u00e1gina 3 Oaxaca, Oax.- A balazos y en su oficina, fue asesinado esta noche F\u00e9lix Vicente Cruz, agente municipal de la comunidad 20 de Noviembre \u201cEl Morro\u201d, perteneciente al municipio zapoteca de San Francisco, Ixhuat\u00e1n, en el Istmo de Tehuantepec, Oaxaca, confirmaron sus familiares,\u2026","rel":"","context":"En &quot;CINTILLO&quot;","block_context":{"text":"CINTILLO","link":"http:\/\/www.grieta.org.mx\/index.php\/category\/cintillo\/"},"img":{"alt_text":"","src":"https:\/\/i0.wp.com\/www.grieta.org.mx\/wp-content\/uploads\/2023\/04\/Asesinan-a-Agente-Mpl-de-Ixhuatan-Felix-Vicente-Cruz.webp?resize=350%2C200","width":350,"height":200,"srcset":"https:\/\/i0.wp.com\/www.grieta.org.mx\/wp-content\/uploads\/2023\/04\/Asesinan-a-Agente-Mpl-de-Ixhuatan-Felix-Vicente-Cruz.webp?resize=350%2C200 1x, https:\/\/i0.wp.com\/www.grieta.org.mx\/wp-content\/uploads\/2023\/04\/Asesinan-a-Agente-Mpl-de-Ixhuatan-Felix-Vicente-Cruz.webp?resize=525%2C300 1.5x"},"classes":[]},{"id":70321,"url":"http:\/\/www.grieta.org.mx\/index.php\/2024\/10\/17\/agreden-y-queman-vehiculo-de-arturo-hernandez-periodista-oaxaqueno-me-siento-totalmente-en-riesgo-oaxaca\/","url_meta":{"origin":62077,"position":4},"title":"Agreden y queman veh\u00edculo de Arturo Hern\u00e1ndez, periodista oaxaque\u00f1o: \u201c Me siento totalmente en riesgo\u201d (Oaxaca)","author":"grieta","date":"17 octubre, 2024","format":false,"excerpt":"Imagen: Cortes\u00eda del periodista Diana Manzo \/\u00a0 Itsmo Press #Oaxaca 17 Oct (#Istmopress) \u2013 La madrugada de este jueves, el veh\u00edculo del periodista oaxaque\u00f1o, Arturo Hern\u00e1ndez, director del medio informativo \u201cImpacto Publicitario\u201d fue incendiado por personas desconocidas afectando tambi\u00e9n las ventanas de su vivienda. Preocupado por la violencia y las\u2026","rel":"","context":"En &quot;CINTILLO&quot;","block_context":{"text":"CINTILLO","link":"http:\/\/www.grieta.org.mx\/index.php\/category\/cintillo\/"},"img":{"alt_text":"","src":"https:\/\/i0.wp.com\/www.grieta.org.mx\/wp-content\/uploads\/2024\/10\/1729310189725-800x445-1.jpg?resize=350%2C200","width":350,"height":200,"srcset":"https:\/\/i0.wp.com\/www.grieta.org.mx\/wp-content\/uploads\/2024\/10\/1729310189725-800x445-1.jpg?resize=350%2C200 1x, https:\/\/i0.wp.com\/www.grieta.org.mx\/wp-content\/uploads\/2024\/10\/1729310189725-800x445-1.jpg?resize=525%2C300 1.5x, https:\/\/i0.wp.com\/www.grieta.org.mx\/wp-content\/uploads\/2024\/10\/1729310189725-800x445-1.jpg?resize=700%2C400 2x"},"classes":[]},{"id":50476,"url":"http:\/\/www.grieta.org.mx\/index.php\/2020\/06\/05\/exigen-se-inicie-juicio-politico-y-destitucion-del-fiscal-ruben-vasconcelos-por-obstruir-la-justicia-para-sol-oaxaca\/","url_meta":{"origin":62077,"position":5},"title":"Exigen se inicie juicio pol\u00edtico y destituci\u00f3n del fiscal Rub\u00e9n Vasconcelos por obstruir la justicia para Sol (Oaxaca)","author":"grieta","date":"5 junio, 2020","format":false,"excerpt":"P\u00e1gina 3 \/ Pedro Mat\u00edas. OAXACA, Oax.- Casi un centenar de organizaciones exigieron al Congreso del Estado de Oaxaca que inicie un juicio pol\u00edtico y la destituci\u00f3n del fiscal General de Justicia de Oaxaca, Rub\u00e9n Vasconcelos M\u00e9ndez, porque a dos a\u00f1os del asesinato de la fotoperiodista Mar\u00eda del Sol Cruz\u2026","rel":"","context":"En &quot;CINTILLO&quot;","block_context":{"text":"CINTILLO","link":"http:\/\/www.grieta.org.mx\/index.php\/category\/cintillo\/"},"img":{"alt_text":"","src":"https:\/\/i0.wp.com\/www.grieta.org.mx\/wp-content\/uploads\/2018\/03\/14524434_1106112876131411_958039263622046936_o.jpg?resize=350%2C200","width":350,"height":200,"srcset":"https:\/\/i0.wp.com\/www.grieta.org.mx\/wp-content\/uploads\/2018\/03\/14524434_1106112876131411_958039263622046936_o.jpg?resize=350%2C200 1x, https:\/\/i0.wp.com\/www.grieta.org.mx\/wp-content\/uploads\/2018\/03\/14524434_1106112876131411_958039263622046936_o.jpg?resize=525%2C300 1.5x, https:\/\/i0.wp.com\/www.grieta.org.mx\/wp-content\/uploads\/2018\/03\/14524434_1106112876131411_958039263622046936_o.jpg?resize=700%2C400 2x"},"classes":[]}],"_links":{"self":[{"href":"http:\/\/www.grieta.org.mx\/index.php\/wp-json\/wp\/v2\/posts\/62077","targetHints":{"allow":["GET"]}}],"collection":[{"href":"http:\/\/www.grieta.org.mx\/index.php\/wp-json\/wp\/v2\/posts"}],"about":[{"href":"http:\/\/www.grieta.org.mx\/index.php\/wp-json\/wp\/v2\/types\/post"}],"author":[{"embeddable":true,"href":"http:\/\/www.grieta.org.mx\/index.php\/wp-json\/wp\/v2\/users\/2"}],"replies":[{"embeddable":true,"href":"http:\/\/www.grieta.org.mx\/index.php\/wp-json\/wp\/v2\/comments?post=62077"}],"version-history":[{"count":1,"href":"http:\/\/www.grieta.org.mx\/index.php\/wp-json\/wp\/v2\/posts\/62077\/revisions"}],"predecessor-version":[{"id":62079,"href":"http:\/\/www.grieta.org.mx\/index.php\/wp-json\/wp\/v2\/posts\/62077\/revisions\/62079"}],"wp:featuredmedia":[{"embeddable":true,"href":"http:\/\/www.grieta.org.mx\/index.php\/wp-json\/wp\/v2\/media\/62078"}],"wp:attachment":[{"href":"http:\/\/www.grieta.org.mx\/index.php\/wp-json\/wp\/v2\/media?parent=62077"}],"wp:term":[{"taxonomy":"category","embeddable":true,"href":"http:\/\/www.grieta.org.mx\/index.php\/wp-json\/wp\/v2\/categories?post=62077"},{"taxonomy":"post_tag","embeddable":true,"href":"http:\/\/www.grieta.org.mx\/index.php\/wp-json\/wp\/v2\/tags?post=62077"}],"curies":[{"name":"wp","href":"https:\/\/api.w.org\/{rel}","templated":true}]}}