{"id":6200,"date":"2016-03-17T18:27:30","date_gmt":"2016-03-17T18:27:30","guid":{"rendered":"http:\/\/50.22.11.12\/~grietaor\/?p=6200"},"modified":"2016-03-28T18:28:30","modified_gmt":"2016-03-28T18:28:30","slug":"veracruz-segundo-lugar-nacional-en-agresion-a-periodistas-articulo-19","status":"publish","type":"post","link":"http:\/\/www.grieta.org.mx\/index.php\/2016\/03\/17\/veracruz-segundo-lugar-nacional-en-agresion-a-periodistas-articulo-19\/","title":{"rendered":"Veracruz, segundo lugar nacional en agresi\u00f3n a periodistas: Art\u00edculo 19"},"content":{"rendered":"<blockquote><p>Durante la administraci\u00f3n de Javier Duarte de Ochoa, la organizaci\u00f3n Art\u00edculo 19 ha registrado 15 asesinatos a periodistas y 3 desapariciones; tambi\u00e9n  revel\u00f3 que el 2015 es el a\u00f1o con m\u00e1s agresiones registradas, con 397 en todo el pa\u00eds<\/p><\/blockquote>\n<p>VERACRUZ.- Veracruz es el segundo estado con m\u00e1s agresiones a periodistas, seguido de Oaxaca. La lista es encabezada por la Ciudad de M\u00e9xico, anunci\u00f3 Dar\u00edo Ram\u00edrez, director de Art\u00edculo 19 M\u00e9xico. <\/p>\n<p>En Veracruz no s\u00f3lo desaparecen periodistas, desaparecen personas, expres\u00f3.<\/p>\n<p>Durante la administraci\u00f3n estatal del priista Javier Duarte de Ochoa, la organizaci\u00f3n Art\u00edculo 19 ha registrado 15 asesinatos a periodistas y 3 desapariciones. <\/p>\n<p>Libertad de expresi\u00f3n en M\u00e9xico vive momentos delicados: CNDH<br \/>\nCNDH investiga agresi\u00f3n a periodistas en protestas de la CNTE en Veracruz<br \/>\nSegob y Veracruz firman convenio de protecci\u00f3n a periodistas<br \/>\nY es que tan s\u00f3lo en 2015 fueron asesinados: Mois\u00e9s S\u00e1nchez, del peri\u00f3dico La Uni\u00f3n; en mayo, Armando Salda\u00f1a, de Exa FM; a la mitad del 2015, Juan Mendoza, de Escribiendo la Verdad; y el \u00faltimo d\u00eda de julio, el fotoperiodista Rub\u00e9n Espinosa.<\/p>\n<p>Durante la presentaci\u00f3n de su informe de 2015:<br \/>\nMedios\/Impunidad\/Estado\/Democracia\/Opacidad M.I.E.D.O., Ram\u00edrez indic\u00f3 que ese a\u00f1o ha sido el que m\u00e1s agresiones han registrado con 397 en todo el pa\u00eds. Las m\u00e1s recurrentes son la amenaza, el asesinato, el ataque f\u00edsico\/material y el ataque al medio de comunicaci\u00f3n.<\/p>\n<p>De 2009 a 2015, se han registrado mil 832 agresiones en contra de periodistas y 4 de cada 10 agresiones en contra de comunicadores son cometidas por servidores p\u00fablicos. <\/p>\n<p>Agreg\u00f3 que de 751 averiguaciones previas iniciadas por la Fiscal\u00eda Especializada en Atenci\u00f3n de Delitos en contra de la Libertad de Expresi\u00f3n, s\u00f3lo en 93 de esos casos se logr\u00f3 consignar a alguien.<\/p>\n<p>De los 23 periodistas que Art\u00edculo 19 tiene registrados como desaparecidos de 2003 a 2015, en el 18 por ciento de los casos se encontraban involucradas autoridades militares en la informaci\u00f3n buscada y publicada por las v\u00edctimas, 23 federales y 18 estatales<\/p>\n<p><a href=\"http:\/\/www.elfinanciero.com.mx\/nacional\/veracruz-segundo-lugar-nacional-en-agresion-a-periodistas-articulo-19.html\" target=\"_blank\">http:\/\/www.elfinanciero.com.mx\/nacional\/veracruz-segundo-lugar-nacional-en-agresion-a-periodistas-articulo-19.html<\/a><\/p>\n","protected":false},"excerpt":{"rendered":"<p>Durante la administraci\u00f3n de Javier Duarte de Ochoa, la organizaci\u00f3n Art\u00edculo 19 ha registrado 15 asesinatos a periodistas y 3 desapariciones; tambi\u00e9n revel\u00f3 que el 2015 es el a\u00f1o con &hellip; <a href=\"http:\/\/www.grieta.org.mx\/index.php\/2016\/03\/17\/veracruz-segundo-lugar-nacional-en-agresion-a-periodistas-articulo-19\/\" class=\"more-link\">Leer m\u00e1s<\/a><\/p>\n","protected":false},"author":1,"featured_media":21928,"comment_status":"closed","ping_status":"open","sticky":false,"template":"","format":"standard","meta":{"ngg_post_thumbnail":0,"_jetpack_newsletter_access":"","_jetpack_dont_email_post_to_subs":false,"_jetpack_newsletter_tier_id":0,"_jetpack_memberships_contains_paywalled_content":false,"_jetpack_memberships_contains_paid_content":false,"footnotes":""},"categories":[80,257],"tags":[120],"class_list":["post-6200","post","type-post","status-publish","format-standard","has-post-thumbnail","hentry","category-cintillo","category-veracruz","tag-violencia-contra-periodistas","entry"],"jetpack_featured_media_url":"http:\/\/www.grieta.org.mx\/wp-content\/uploads\/2018\/03\/14524434_1106112876131411_958039263622046936_o.jpg","jetpack_sharing_enabled":true,"jetpack_shortlink":"https:\/\/wp.me\/p7ZJR4-1C0","jetpack_likes_enabled":false,"jetpack-related-posts":[{"id":6451,"url":"http:\/\/www.grieta.org.mx\/index.php\/2015\/08\/01\/encuentran-asesinado-a-fotoperiodista-de-veracruz-junto-con-otras-cuatro-personas-en-el-df\/","url_meta":{"origin":6200,"position":0},"title":"Encuentran asesinado a fotoperiodista de Veracruz junto con otras cuatro personas en el DF","author":"Admin","date":"1 agosto, 2015","format":false,"excerpt":"Ciudad de M\u00e9xico. (SinEmbargo).\u2013 El fot\u00f3grafo mexicano, Rub\u00e9n Espinosa Becerril, corresponsal de Cuartoscuro y de la revista Proceso fue encontrado hoy asesinado junto con otras cuatro personas en al colonia Narvarte, en la capital del pa\u00eds, confirm\u00f3 un familiar a la organizaci\u00f3n internacional Articulo 19. El cad\u00e1ver de Espinosa fue\u2026","rel":"","context":"En &quot;CINTILLO&quot;","block_context":{"text":"CINTILLO","link":"http:\/\/www.grieta.org.mx\/index.php\/category\/cintillo\/"},"img":{"alt_text":"","src":"https:\/\/i0.wp.com\/www.grieta.org.mx\/wp-content\/uploads\/2018\/03\/14524434_1106112876131411_958039263622046936_o.jpg?resize=350%2C200","width":350,"height":200,"srcset":"https:\/\/i0.wp.com\/www.grieta.org.mx\/wp-content\/uploads\/2018\/03\/14524434_1106112876131411_958039263622046936_o.jpg?resize=350%2C200 1x, https:\/\/i0.wp.com\/www.grieta.org.mx\/wp-content\/uploads\/2018\/03\/14524434_1106112876131411_958039263622046936_o.jpg?resize=525%2C300 1.5x, https:\/\/i0.wp.com\/www.grieta.org.mx\/wp-content\/uploads\/2018\/03\/14524434_1106112876131411_958039263622046936_o.jpg?resize=700%2C400 2x"},"classes":[]},{"id":31760,"url":"http:\/\/www.grieta.org.mx\/index.php\/2019\/04\/03\/mexico-el-pais-mas-peligroso-para-ejercer-periodismo-denuncia-articulo-19\/","url_meta":{"origin":6200,"position":1},"title":"&#8216;M\u00e9xico, el pa\u00eds m\u00e1s peligroso para ejercer periodismo&#8217; denuncia Art\u00edculo 19","author":"grieta","date":"3 abril, 2019","format":false,"excerpt":"Coahuila ocupa el segundo puesto en agresiones contra periodistas Durante el sexenio de Enrique Pe\u00f1a Nieto, M\u00e9xico se convirti\u00f3 en el pa\u00eds m\u00e1s peligroso para ejercer el periodismo, denunci\u00f3 la directora de la organizaci\u00f3n Art\u00edculo 19 en M\u00e9xico y Centroam\u00e9rica, Ana Cristina Ruelas. NOTIMEX\/EL SIGLO DE TORE\u00d3N Al presentar el\u2026","rel":"","context":"En &quot;CINTILLO&quot;","block_context":{"text":"CINTILLO","link":"http:\/\/www.grieta.org.mx\/index.php\/category\/cintillo\/"},"img":{"alt_text":"","src":"https:\/\/i0.wp.com\/www.grieta.org.mx\/wp-content\/uploads\/2018\/03\/14524434_1106112876131411_958039263622046936_o.jpg?resize=350%2C200","width":350,"height":200,"srcset":"https:\/\/i0.wp.com\/www.grieta.org.mx\/wp-content\/uploads\/2018\/03\/14524434_1106112876131411_958039263622046936_o.jpg?resize=350%2C200 1x, https:\/\/i0.wp.com\/www.grieta.org.mx\/wp-content\/uploads\/2018\/03\/14524434_1106112876131411_958039263622046936_o.jpg?resize=525%2C300 1.5x, https:\/\/i0.wp.com\/www.grieta.org.mx\/wp-content\/uploads\/2018\/03\/14524434_1106112876131411_958039263622046936_o.jpg?resize=700%2C400 2x"},"classes":[]},{"id":63091,"url":"http:\/\/www.grieta.org.mx\/index.php\/2022\/01\/17\/dos-periodistas-asesinados-en-mexico-en-lo-que-va-del-2022-baja-california-y-veracruz\/","url_meta":{"origin":6200,"position":2},"title":"Dos periodistas asesinados en M\u00e9xico en lo que va del 2022 (Baja California y Veracruz)","author":"grieta","date":"17 enero, 2022","format":false,"excerpt":"Avispa Midia \/ Sare Frabes. En portada: Margarito Mart\u00ednez, fot\u00f3grafo que tambi\u00e9n laboraba como fixer para fotoperiodistas y reporteros extranjeros en Tijuana. Octubre de 2019. Foto: John Gibbins\/The San Diego Union-Tribune No ha pasado ni un mes del a\u00f1o 2022 y en M\u00e9xico ya se reportan dos periodistas asesinados. El\u2026","rel":"","context":"En &quot;Baja California&quot;","block_context":{"text":"Baja California","link":"http:\/\/www.grieta.org.mx\/index.php\/category\/noticias-nacionales\/baja-california\/"},"img":{"alt_text":"","src":"https:\/\/i0.wp.com\/www.grieta.org.mx\/wp-content\/uploads\/2022\/01\/Martinez-fotografo-Tijuana.jpg?resize=350%2C200","width":350,"height":200,"srcset":"https:\/\/i0.wp.com\/www.grieta.org.mx\/wp-content\/uploads\/2022\/01\/Martinez-fotografo-Tijuana.jpg?resize=350%2C200 1x, https:\/\/i0.wp.com\/www.grieta.org.mx\/wp-content\/uploads\/2022\/01\/Martinez-fotografo-Tijuana.jpg?resize=525%2C300 1.5x, https:\/\/i0.wp.com\/www.grieta.org.mx\/wp-content\/uploads\/2022\/01\/Martinez-fotografo-Tijuana.jpg?resize=700%2C400 2x"},"classes":[]},{"id":53688,"url":"http:\/\/www.grieta.org.mx\/index.php\/2020\/09\/14\/agresiones-contra-la-prensa-se-disparan-45-mas-durante-2020\/","url_meta":{"origin":6200,"position":3},"title":"Agresiones contra la prensa se disparan: 45% m\u00e1s durante 2020","author":"Admin","date":"14 septiembre, 2020","format":false,"excerpt":"Redacci\u00f3n \/ Sin embargo El mayor n\u00famero de agresiones provienen de alg\u00fan funcionario p\u00fablico A pesar de que el a\u00f1o anterior fue considerado como el m\u00e1s violento para el periodista, con un total de 609 agresiones, los reportes de Art\u00edculo 19 reflejan que \u201choy se agrede a la prensa cada\u2026","rel":"","context":"En &quot;CINTILLO&quot;","block_context":{"text":"CINTILLO","link":"http:\/\/www.grieta.org.mx\/index.php\/category\/cintillo\/"},"img":{"alt_text":"","src":"https:\/\/i0.wp.com\/www.grieta.org.mx\/wp-content\/uploads\/2020\/09\/infografia.jpg?resize=350%2C200","width":350,"height":200,"srcset":"https:\/\/i0.wp.com\/www.grieta.org.mx\/wp-content\/uploads\/2020\/09\/infografia.jpg?resize=350%2C200 1x, https:\/\/i0.wp.com\/www.grieta.org.mx\/wp-content\/uploads\/2020\/09\/infografia.jpg?resize=525%2C300 1.5x, https:\/\/i0.wp.com\/www.grieta.org.mx\/wp-content\/uploads\/2020\/09\/infografia.jpg?resize=700%2C400 2x"},"classes":[]},{"id":39151,"url":"http:\/\/www.grieta.org.mx\/index.php\/2019\/09\/09\/guerrero-entre-los-estados-con-mas-agresiones-contra-periodistas\/","url_meta":{"origin":6200,"position":4},"title":"Guerrero, entre los estados con m\u00e1s agresiones contra periodistas","author":"Admin","date":"9 septiembre, 2019","format":false,"excerpt":"Beatriz Garc\u00eda \/ La Jornada Guerrero Entre las coberturas con m\u00e1s riesgo est\u00e1n corrupci\u00f3n, pol\u00edtica y seguridad, indican En el primer semestre del a\u00f1o, el estado figura en los primeros cinco a nivel nacional; suma 22 Desde 2013 es considerada una de las entidades m\u00e1s violentas del pa\u00eds, documenta Art\u00edculo\u2026","rel":"","context":"En &quot;CINTILLO&quot;","block_context":{"text":"CINTILLO","link":"http:\/\/www.grieta.org.mx\/index.php\/category\/cintillo\/"},"img":{"alt_text":"","src":"https:\/\/i0.wp.com\/www.grieta.org.mx\/wp-content\/uploads\/2019\/09\/0d9964c6429957172e1ef3e327c97cde_L.jpg?resize=350%2C200","width":350,"height":200,"srcset":"https:\/\/i0.wp.com\/www.grieta.org.mx\/wp-content\/uploads\/2019\/09\/0d9964c6429957172e1ef3e327c97cde_L.jpg?resize=350%2C200 1x, https:\/\/i0.wp.com\/www.grieta.org.mx\/wp-content\/uploads\/2019\/09\/0d9964c6429957172e1ef3e327c97cde_L.jpg?resize=525%2C300 1.5x, https:\/\/i0.wp.com\/www.grieta.org.mx\/wp-content\/uploads\/2019\/09\/0d9964c6429957172e1ef3e327c97cde_L.jpg?resize=700%2C400 2x"},"classes":[]},{"id":32155,"url":"http:\/\/www.grieta.org.mx\/index.php\/2019\/04\/08\/coahuila-es-el-estado-mas-agresivo-contra-periodistas-segun-articulo-19\/","url_meta":{"origin":6200,"position":5},"title":"Coahuila es el Estado m\u00e1s agresivo contra periodistas, seg\u00fan Art\u00edculo 19","author":"grieta","date":"8 abril, 2019","format":false,"excerpt":"Pasa del tercer lugar en 2017 a ser el l\u00edder en 2018 Armando R\u00edos\/VANGUARDIA MX Dentro del informe publicado el pasado mi\u00e9rcoles por la organizaci\u00f3n Art\u00edculo 19, Coahuila se coloc\u00f3 como el primer lugar en agresiones contra el gremio period\u00edstico a nivel nacional. Del tercer lugar que ocup\u00f3 en el\u2026","rel":"","context":"En &quot;CINTILLO&quot;","block_context":{"text":"CINTILLO","link":"http:\/\/www.grieta.org.mx\/index.php\/category\/cintillo\/"},"img":{"alt_text":"","src":"https:\/\/i0.wp.com\/www.grieta.org.mx\/wp-content\/uploads\/2019\/04\/violencia-periodistas.jpg?resize=350%2C200","width":350,"height":200,"srcset":"https:\/\/i0.wp.com\/www.grieta.org.mx\/wp-content\/uploads\/2019\/04\/violencia-periodistas.jpg?resize=350%2C200 1x, https:\/\/i0.wp.com\/www.grieta.org.mx\/wp-content\/uploads\/2019\/04\/violencia-periodistas.jpg?resize=525%2C300 1.5x, https:\/\/i0.wp.com\/www.grieta.org.mx\/wp-content\/uploads\/2019\/04\/violencia-periodistas.jpg?resize=700%2C400 2x"},"classes":[]}],"_links":{"self":[{"href":"http:\/\/www.grieta.org.mx\/index.php\/wp-json\/wp\/v2\/posts\/6200","targetHints":{"allow":["GET"]}}],"collection":[{"href":"http:\/\/www.grieta.org.mx\/index.php\/wp-json\/wp\/v2\/posts"}],"about":[{"href":"http:\/\/www.grieta.org.mx\/index.php\/wp-json\/wp\/v2\/types\/post"}],"author":[{"embeddable":true,"href":"http:\/\/www.grieta.org.mx\/index.php\/wp-json\/wp\/v2\/users\/1"}],"replies":[{"embeddable":true,"href":"http:\/\/www.grieta.org.mx\/index.php\/wp-json\/wp\/v2\/comments?post=6200"}],"version-history":[{"count":1,"href":"http:\/\/www.grieta.org.mx\/index.php\/wp-json\/wp\/v2\/posts\/6200\/revisions"}],"predecessor-version":[{"id":6201,"href":"http:\/\/www.grieta.org.mx\/index.php\/wp-json\/wp\/v2\/posts\/6200\/revisions\/6201"}],"wp:featuredmedia":[{"embeddable":true,"href":"http:\/\/www.grieta.org.mx\/index.php\/wp-json\/wp\/v2\/media\/21928"}],"wp:attachment":[{"href":"http:\/\/www.grieta.org.mx\/index.php\/wp-json\/wp\/v2\/media?parent=6200"}],"wp:term":[{"taxonomy":"category","embeddable":true,"href":"http:\/\/www.grieta.org.mx\/index.php\/wp-json\/wp\/v2\/categories?post=6200"},{"taxonomy":"post_tag","embeddable":true,"href":"http:\/\/www.grieta.org.mx\/index.php\/wp-json\/wp\/v2\/tags?post=6200"}],"curies":[{"name":"wp","href":"https:\/\/api.w.org\/{rel}","templated":true}]}}