{"id":61786,"date":"2021-09-13T17:05:53","date_gmt":"2021-09-13T22:05:53","guid":{"rendered":"https:\/\/www.grieta.org.mx\/?p=61786"},"modified":"2021-09-19T17:27:01","modified_gmt":"2021-09-19T22:27:01","slug":"vecinos-de-av-revolucion-en-guadalajara-exigen-clausura-de-gasera-que-incumple-normas-de-operacion-jalisco","status":"publish","type":"post","link":"http:\/\/www.grieta.org.mx\/index.php\/2021\/09\/13\/vecinos-de-av-revolucion-en-guadalajara-exigen-clausura-de-gasera-que-incumple-normas-de-operacion-jalisco\/","title":{"rendered":"Vecinos de Av. Revoluci\u00f3n en Guadalajara exigen clausura de gasera que incumple normas de operaci\u00f3n (Jalisco)"},"content":{"rendered":"<p>Foto: Zona Docs<\/p>\n<p><strong>La estaci\u00f3n de servicio y distribuci\u00f3n de gas LP que se construye en la esquina de Av. Revoluci\u00f3n y la calle Dr. Silverio Garc\u00eda en Guadalajara incumple con los requisitos de operaci\u00f3n porque a su alrededor hay centros escolares y otras gasolineras. Adem\u00e1s, se encuentra en una zona de peligro geol\u00f3gico y de inundaciones.<\/strong><\/p>\n<p><strong>Los posibles riesgos y la falta de informaci\u00f3n han unido a los y las vecinas de las colonias Obrera, Unidad Modelo y Real a exigir la clausura y desmantelamiento de la gasera.<\/strong><\/p>\n<p>Ximena Torres \/ Zona Docs<\/p>\n<p>En la esquina de Avenida Revoluci\u00f3n y la calle Dr. Silverio Garc\u00eda en Guadalajara se construye una estaci\u00f3n de gas licuado de petr\u00f3leo (gas LP) que\u00a0<strong>no se ha socializado con los vecinos de las colonias aleda\u00f1as<\/strong>, su construcci\u00f3n inicio de manera irregular y por su ubicaci\u00f3n, incumple con los requisitos de operaci\u00f3n.<\/p>\n<p>Desde hace dos meses los y las habitantes de las colonias<strong>\u00a0Obrera, Unidad Modelo y Real<\/strong>\u00a0se percataron del inicio del proyecto a cuatro cuadras de la Plaza de la Bandera, pero fue hasta el mi\u00e9rcoles 25 de agosto cuando\u00a0<strong>supieron que se trataba de un punto de distribuci\u00f3n para abastecer tanques de veh\u00edculos que utilizan este tipo de gas como combustible<\/strong>. Reconocieron la bomba dispensadora a trav\u00e9s de las rasgaduras en los pl\u00e1sticos negros que cubr\u00edan el interior del predio.<\/p>\n<p>De inmediato el presidente de colonos de la colonia Obrera, Raymundo Castorena, report\u00f3 lo que suced\u00eda a la Direcci\u00f3n de Inspecci\u00f3n y Vigilancia de Guadalajara. Al d\u00eda siguiente, el jueves 26 de agosto, la dependencia puso sellos de clausura en el lugar con el argumento de que el\u00a0<strong>proyecto no ten\u00eda la \u201cLicencia de Construcci\u00f3n para estaciones de servicio\u201d<\/strong>\u00a0se\u00f1alada en Reglamento para la Gesti\u00f3n Integral del Municipio.<\/p>\n<p>Sin embargo, eso<strong>\u00a0no detuvo a quienes trabajan en la construcci\u00f3n de la gasera,<\/strong>\u00a0pues el mismo d\u00eda entraron al terreno a hacer m\u00e1s instalaciones. Inspecci\u00f3n y Vigilancia volvi\u00f3 y coloc\u00f3 dos sellos m\u00e1s.<\/p>\n<p>En respuesta, el viernes 27 de agosto los y las vecinos de las tres colonias mencionadas de Guadalajara\u00a0<strong>se manifestaron afuera de este lugar.\u00a0<\/strong>En el alambrado colgaron pancartas que mostraban su rechazo a al proyecto.<\/p>\n<p>Desde entonces\u00a0<strong>su exigencia primordial es la clausura y el desmantelamiento total de la estaci\u00f3n,<\/strong>\u00a0pero tambi\u00e9n piden\u00a0<strong>transparencia sobre el proyecto. E<\/strong>xplican que nadie les consult\u00f3 al respecto y que, por eso, no tienen idea de c\u00f3mo ser\u00e1n las instalaciones o la magnitud de lo que se construye.gas<\/p>\n<p>El lunes 30 de agosto Raymundo Castorena entreg\u00f3 un oficio al Ayuntamiento de Guadalajara en el que plasm\u00f3 las demandas de las y los vecinos. Dos semanas despu\u00e9s, el 9 de septiembre,\u00a0<strong>les hicieron saber que el asunto correspond\u00eda a la Direcci\u00f3n de Obras P\u00fablicas del Municipio.<\/strong><\/p>\n<p>\u201cNunca tuvimos una socializaci\u00f3n para conocer el proyecto. Entonces no sab\u00edamos ni qu\u00e9 estaban haciendo, porque adem\u00e1s no hay permisos de nada\u201d dice Raymundo.<\/p>\n<p>La falta de informaci\u00f3n ha provocado\u00a0<strong>mucha incertidumbre sobre los riesgos que la gasera puede implicar para los y las habitantes de las colonias<\/strong>, los centros escolares y todos los inmuebles que est\u00e1n a su alrededor. Entre los escenarios m\u00e1s catastr\u00f3ficos los vecinos prev\u00e9n incidentes como fugas de gas que, por pasar inadvertidas, provoquen explosiones e incendios.<\/p>\n<p><strong>\u201cNo queremos otro 22 de abril\u201d<\/strong>\u00a0dice Ana Rosa P\u00e9rez, presidenta de colonos de Unidad Modelo, en referencia a las explosiones ocurridas el 22 de abril de 1992 en el sector Reforma de Guadalajara por\u00a0<strong>fugas de gasolina en el sistema de alcantarillado.era<\/strong><\/p>\n<p>Sin embargo, los y las vecinas tambi\u00e9n\u00a0<strong>temen que la estaci\u00f3n de gas LP origine la devaluaci\u00f3n de sus viviendas<\/strong>, perjudique su estructura o aumente las vulnerabilidades ambientales en la zona.<\/p>\n<p>\u201cMucha gente ya est\u00e1 queriendo vender sus casas. Dicen que si se instala la gasera van a vender, aunque tengan que darla m\u00e1s barata. Prefieren la seguridad\u201d agrega el presidente de la Obrera.<\/p>\n<p>M\u00e1s all\u00e1 de los temores, la construcci\u00f3n de la gasera debe detenerse porque su funcionamiento\u00a0<strong>incumplir\u00eda con lo establecido en el Reglamento para la Gesti\u00f3n Integral del Municipio de Guadalajara y en la Norma Oficial Mexicana NOM-003-SEDG-2004<\/strong>\u00a0sobre Estaciones de Gas L.P. para Carburaci\u00f3n, Dise\u00f1o y Construcci\u00f3n.<\/p>\n<p>Como primer impedimento, el Reglamento dice en su Art\u00edculo 121 Qu\u00e1ter que por cada estaci\u00f3n de servicio para la venta y suministro de combustibles como gasolina o gas L.P.,\u00a0<strong>se debe establecer un \u00e1rea de protecci\u00f3n y amortiguamiento de 500 metros a la redonda<\/strong>. Esa \u00e1rea no puede sobreponerse a la de otra estaci\u00f3n.<\/p>\n<p>En el lugar donde ahora se construye la estaci\u00f3n de gas LP\u00a0<strong>hay dos gasolineras cercanas<\/strong>. Una a 220 metros, casi llegando a la Plaza de la Bandera y otra a 300 metros en direcci\u00f3n contraria, en la esquina de Av. Revoluci\u00f3n y la calle Domingo de Alzola.<\/p>\n<p>Justo frente al predio de la gasera tambi\u00e9n se ubica el Colegio An\u00e1huac Revoluci\u00f3n. El Reglamento tambi\u00e9n dice, en el Art\u00edculo 121 Decies, que el \u00e1rea de trabajo de la estaci\u00f3n de servicio \u2013donde se encontrar\u00e1n los dispensarios para la recarga de tanques\u2013 debe estar a una distancia m\u00ednima de 75 metros de cualquier inmueble donde se re\u00fanan m\u00e1s de 100 personas a la vez.\u00a0<strong>La separaci\u00f3n del colegio y la gasera es de solo 50 metros.<\/strong><\/p>\n<p>De igual manera, la distancia m\u00ednima de resguardo con respecto a v\u00edas f\u00e9rreas debe ser de 30 metros, pero la L\u00ednea 3 del Sistema de Tren El\u00e9ctrico Urbano, el Tren Ligero, recorre Av. Revoluci\u00f3n en esa zona.<\/p>\n<p>Por su parte la NOM-003-SEDG-2004 dice que, si la estaci\u00f3n de gas se encuentra en una zona susceptible a inundaci\u00f3n,\u00a0<strong>se deben tomar las medidas necesarias para proteger las instalaciones<\/strong>. Esas consideraciones son necesarias para el proyecto de Av. Revoluci\u00f3n y la calle Silverio Garc\u00eda porque el\u00a0<a href=\"http:\/\/cdn.guadalajara.gob.mx\/planesparciales\/PPDU-D5SD05-Tecnologico.pdf\">Plan Parcial de Desarrollo Urbano<\/a>de la zona (Distrito 5 Ol\u00edmpica, Subdistrito 5 Tecnol\u00f3gico)\u00a0<strong>indica que el predio est\u00e1 en un punto de inundaci\u00f3n.<\/strong><\/p>\n<p>La norma y el reglamento tambi\u00e9n indican que\u00a0<strong>no debe haber l\u00edneas el\u00e9ctricas de alta tensi\u00f3n que crucen la estaci\u00f3n,<\/strong>\u00a0que debe haber una distancia m\u00ednima de 5 metros entre las instalaciones y edificios habitacionales y de 100 metros de pozos de extracci\u00f3n de agua o redes primarias para el sistema de abastecimiento de agua.<\/p>\n<p>Los y las vecinas explican que en otras ocasiones en las que han reportado irregularidades a Obras P\u00fablicas de Guadalajara y a Inspecci\u00f3n y Vigilancia,\u00a0<strong>las direcciones no han actuado seg\u00fan lo estipulado en los reglamentos y leyes del municipio.<\/strong><\/p>\n<p>Resaltan la construcci\u00f3n de la L\u00ednea 3 del Tren Ligero, que se llev\u00f3 a cabo a pesar de que el Plan Parcial de Desarrollo Urbano indica que las colonias se encuentran en\u00a0<strong>una zona susceptible a inundaciones, de peligro geol\u00f3gico, de muy alto grado de vulnerabilidad ante un sismo y de p<\/strong><strong>eligro alto por la antig\u00fcedad en red de agua potable.<\/strong><\/p>\n<p>\u201cLe exigimos al gobierno que nos d\u00e9 una respuesta clara y concisa, que no haya compadrazgos y, sobre todo, que el dinero no vaya a abrir las puertas para ejecutar la obra\u201d dice Ana Rosa P\u00e9rez, presidenta de colonos de Unidad Modelo.<\/p>\n<p><a href=\"https:\/\/www.zonadocs.mx\/2021\/09\/13\/vecinos-de-av-revolucion-en-guadalajara-exigen-clausura-de-gasera-que-incumple-normas-de-operacion\/\">https:\/\/www.zonadocs.mx\/2021\/09\/13\/vecinos-de-av-revolucion-en-guadalajara-exigen-clausura-de-gasera-que-incumple-normas-de-operacion\/<\/a><\/p>\n","protected":false},"excerpt":{"rendered":"<p>Foto: Zona Docs La estaci\u00f3n de servicio y distribuci\u00f3n de gas LP que se construye en la esquina de Av. Revoluci\u00f3n y la calle Dr. Silverio Garc\u00eda en Guadalajara incumple &hellip; <a href=\"http:\/\/www.grieta.org.mx\/index.php\/2021\/09\/13\/vecinos-de-av-revolucion-en-guadalajara-exigen-clausura-de-gasera-que-incumple-normas-de-operacion-jalisco\/\" class=\"more-link\">Leer m\u00e1s<\/a><\/p>\n","protected":false},"author":2,"featured_media":61787,"comment_status":"closed","ping_status":"closed","sticky":false,"template":"","format":"standard","meta":{"ngg_post_thumbnail":0,"_jetpack_newsletter_access":"","_jetpack_dont_email_post_to_subs":false,"_jetpack_newsletter_tier_id":0,"_jetpack_memberships_contains_paywalled_content":false,"_jetpack_memberships_contains_paid_content":false,"footnotes":""},"categories":[80,20,2,2577],"tags":[91,1689,350,3542,3644],"class_list":["post-61786","post","type-post","status-publish","format-standard","has-post-thumbnail","hentry","category-cintillo","category-jalisco","category-noticias-nacionales","category-resistencia-contra-instalacion-de-gasoducto","tag-contaminacion-ambiental","tag-danos-ambientales","tag-gasoducto","tag-manifestacion-de-impacto-ambiental","tag-resistencia-contra-instalacion-de-gasoductos","entry"],"jetpack_featured_media_url":"http:\/\/www.grieta.org.mx\/wp-content\/uploads\/2021\/09\/Unknown-3-768x425-1.jpeg","jetpack_sharing_enabled":true,"jetpack_shortlink":"https:\/\/wp.me\/p7ZJR4-g4y","jetpack_likes_enabled":false,"jetpack-related-posts":[{"id":41481,"url":"http:\/\/www.grieta.org.mx\/index.php\/2019\/11\/21\/juanacatlan-y-el-salto-luchan-contra-termoelectrica-y-gasoducto-jalisco\/","url_meta":{"origin":61786,"position":0},"title":"Juanacatl\u00e1n y El Salto luchan contra termoel\u00e9ctrica y gasoducto (Jalisco)","author":"grieta","date":"21 noviembre, 2019","format":false,"excerpt":"Foto: Especial Redacci\u00f3n \/ El Diario NTR La cercan\u00eda del gasoducto con las casas de habitantes y la contaminaci\u00f3n del suelo son algunos de los temores que habitantes de El Salto y Juanacatl\u00e1n tiene con respecto a la instalaci\u00f3n de una termoel\u00e9ctrica y el paso del gasoducto, proveniente de Aguascalientes,\u2026","rel":"","context":"En &quot;CINTILLO&quot;","block_context":{"text":"CINTILLO","link":"http:\/\/www.grieta.org.mx\/index.php\/category\/cintillo\/"},"img":{"alt_text":"","src":"https:\/\/i0.wp.com\/www.grieta.org.mx\/wp-content\/uploads\/2019\/11\/2019-11-21_02-11-33___8437.jpg?resize=350%2C200","width":350,"height":200,"srcset":"https:\/\/i0.wp.com\/www.grieta.org.mx\/wp-content\/uploads\/2019\/11\/2019-11-21_02-11-33___8437.jpg?resize=350%2C200 1x, https:\/\/i0.wp.com\/www.grieta.org.mx\/wp-content\/uploads\/2019\/11\/2019-11-21_02-11-33___8437.jpg?resize=525%2C300 1.5x, https:\/\/i0.wp.com\/www.grieta.org.mx\/wp-content\/uploads\/2019\/11\/2019-11-21_02-11-33___8437.jpg?resize=700%2C400 2x"},"classes":[]},{"id":39650,"url":"http:\/\/www.grieta.org.mx\/index.php\/2019\/09\/22\/poblacion-de-juanacatlan-se-opone-a-gasoducto-y-termoelectrica-jalisco\/","url_meta":{"origin":61786,"position":1},"title":"Poblaci\u00f3n de Juanacatl\u00e1n se opone a gasoducto y termoel\u00e9ctrica (Jalisco)","author":"grieta","date":"22 septiembre, 2019","format":false,"excerpt":"Foto: Isaura L\u00f3pez Rebeca Nu\u00f1o, integrante del Colectivo Un Salto de Vida, denuncia que al instalarse estos proyectos, habr\u00eda da\u00f1os ambientales, agr\u00edcolas y en la salud de los habitantes Isaura L\u00f3pez Villalobos \/ UDGTV Juanacatl\u00e1n, Jalisco. La poblaci\u00f3n de Juanacatl\u00e1n se opone a los megaproyectos del gasoducto Villa de Reyes-Aguascalientes-Guadalajara\u2026","rel":"","context":"En &quot;CINTILLO&quot;","block_context":{"text":"CINTILLO","link":"http:\/\/www.grieta.org.mx\/index.php\/category\/cintillo\/"},"img":{"alt_text":"","src":"https:\/\/i0.wp.com\/www.grieta.org.mx\/wp-content\/uploads\/2019\/09\/Juanacatlan-ISaura-lopez.jpeg-cartel-696x522.jpeg?resize=350%2C200","width":350,"height":200,"srcset":"https:\/\/i0.wp.com\/www.grieta.org.mx\/wp-content\/uploads\/2019\/09\/Juanacatlan-ISaura-lopez.jpeg-cartel-696x522.jpeg?resize=350%2C200 1x, https:\/\/i0.wp.com\/www.grieta.org.mx\/wp-content\/uploads\/2019\/09\/Juanacatlan-ISaura-lopez.jpeg-cartel-696x522.jpeg?resize=525%2C300 1.5x"},"classes":[]},{"id":71821,"url":"http:\/\/www.grieta.org.mx\/index.php\/2025\/05\/27\/habitantes-de-el-salto-denuncian-megaproyecto-termoelectrico-pretenden-seguir-tratandonos-como-zona-de-sacrificio-jalisco\/","url_meta":{"origin":61786,"position":2},"title":"Habitantes de El Salto denuncian megaproyecto termoel\u00e9ctrico: \u201cPretenden seguir trat\u00e1ndonos como zona de sacrificio\u201d (Jalisco)","author":"grieta","date":"27 mayo, 2025","format":false,"excerpt":"Imagen: Shiebi Aguilar Mario Marlo \/ Somos El Medio El Salto, Jalisco, 27 de mayo 2025.- Comunidades organizadas de El Salto y Juanacatl\u00e1n advirtieron sobre la reactivaci\u00f3n del proyecto termoel\u00e9ctrico El Salto I, promovido por la empresa Ad Astra Energ\u00eda del Grupo VAZ, con v\u00ednculos con las corporaciones transnacionales Anschutz\u2026","rel":"","context":"En &quot;CINTILLO&quot;","block_context":{"text":"CINTILLO","link":"http:\/\/www.grieta.org.mx\/index.php\/category\/cintillo\/"},"img":{"alt_text":"","src":"https:\/\/i0.wp.com\/www.grieta.org.mx\/wp-content\/uploads\/2025\/06\/WhatsApp-Image-2025-02-28-at-4.07.33-PM-2.webp?resize=350%2C200","width":350,"height":200,"srcset":"https:\/\/i0.wp.com\/www.grieta.org.mx\/wp-content\/uploads\/2025\/06\/WhatsApp-Image-2025-02-28-at-4.07.33-PM-2.webp?resize=350%2C200 1x, https:\/\/i0.wp.com\/www.grieta.org.mx\/wp-content\/uploads\/2025\/06\/WhatsApp-Image-2025-02-28-at-4.07.33-PM-2.webp?resize=525%2C300 1.5x, https:\/\/i0.wp.com\/www.grieta.org.mx\/wp-content\/uploads\/2025\/06\/WhatsApp-Image-2025-02-28-at-4.07.33-PM-2.webp?resize=700%2C400 2x, https:\/\/i0.wp.com\/www.grieta.org.mx\/wp-content\/uploads\/2025\/06\/WhatsApp-Image-2025-02-28-at-4.07.33-PM-2.webp?resize=1050%2C600 3x, https:\/\/i0.wp.com\/www.grieta.org.mx\/wp-content\/uploads\/2025\/06\/WhatsApp-Image-2025-02-28-at-4.07.33-PM-2.webp?resize=1400%2C800 4x"},"classes":[]},{"id":34984,"url":"http:\/\/www.grieta.org.mx\/index.php\/2019\/06\/16\/denuncian-hostigamiento-policial-en-acto-cultural-contra-gasoducto-jalisco\/","url_meta":{"origin":61786,"position":3},"title":"Denuncian hostigamiento policial en acto cultural contra gasoducto (Jalisco)","author":"grieta","date":"16 junio, 2019","format":false,"excerpt":"Dario Pereira \/ El Diario NTR El hostigamiento policial hacia los habitantes de la comunidad de San Juan de la Laguna, municipio de Lagos de Moreno, que se oponen a la construcci\u00f3n de un gasoducto en el lugar, contin\u00faa. Como parte de las acciones de protesta contra el proyecto que\u2026","rel":"","context":"En &quot;CINTILLO&quot;","block_context":{"text":"CINTILLO","link":"http:\/\/www.grieta.org.mx\/index.php\/category\/cintillo\/"},"img":{"alt_text":"","src":"https:\/\/i0.wp.com\/www.grieta.org.mx\/wp-content\/uploads\/2019\/06\/DSCN7999-1024x768.jpg?resize=350%2C200","width":350,"height":200,"srcset":"https:\/\/i0.wp.com\/www.grieta.org.mx\/wp-content\/uploads\/2019\/06\/DSCN7999-1024x768.jpg?resize=350%2C200 1x, https:\/\/i0.wp.com\/www.grieta.org.mx\/wp-content\/uploads\/2019\/06\/DSCN7999-1024x768.jpg?resize=525%2C300 1.5x, https:\/\/i0.wp.com\/www.grieta.org.mx\/wp-content\/uploads\/2019\/06\/DSCN7999-1024x768.jpg?resize=700%2C400 2x"},"classes":[]},{"id":71477,"url":"http:\/\/www.grieta.org.mx\/index.php\/2025\/03\/01\/cientos-de-personas-protestan-en-guadalajara-contra-la-termoelectrica-en-juanacatlan-jalisco\/","url_meta":{"origin":61786,"position":4},"title":"Cientos de personas protestan en Guadalajara contra la termoel\u00e9ctrica en Juanacatl\u00e1n (Jalisco)","author":"grieta","date":"1 marzo, 2025","format":false,"excerpt":"Imagen: Zona Docs Shiebi Aguilar y Mario Marlo \/ Zona Docs Cientos de personas se congregaron este mi\u00e9rcoles en una manifestaci\u00f3n pac\u00edfica en Guadalajara para expresar su oposici\u00f3n a la construcci\u00f3n de una planta termoel\u00e9ctrica en Juanacatl\u00e1n. La movilizaci\u00f3n comenz\u00f3 en Los Dos Templos y avanz\u00f3 hacia el Palacio de\u2026","rel":"","context":"En &quot;CINTILLO&quot;","block_context":{"text":"CINTILLO","link":"http:\/\/www.grieta.org.mx\/index.php\/category\/cintillo\/"},"img":{"alt_text":"","src":"https:\/\/i0.wp.com\/www.grieta.org.mx\/wp-content\/uploads\/2025\/03\/WhatsApp-Image-2025-02-28-at-4.07.30-PM-2-1536x1023-1.jpeg?resize=350%2C200","width":350,"height":200,"srcset":"https:\/\/i0.wp.com\/www.grieta.org.mx\/wp-content\/uploads\/2025\/03\/WhatsApp-Image-2025-02-28-at-4.07.30-PM-2-1536x1023-1.jpeg?resize=350%2C200 1x, https:\/\/i0.wp.com\/www.grieta.org.mx\/wp-content\/uploads\/2025\/03\/WhatsApp-Image-2025-02-28-at-4.07.30-PM-2-1536x1023-1.jpeg?resize=525%2C300 1.5x, https:\/\/i0.wp.com\/www.grieta.org.mx\/wp-content\/uploads\/2025\/03\/WhatsApp-Image-2025-02-28-at-4.07.30-PM-2-1536x1023-1.jpeg?resize=700%2C400 2x, https:\/\/i0.wp.com\/www.grieta.org.mx\/wp-content\/uploads\/2025\/03\/WhatsApp-Image-2025-02-28-at-4.07.30-PM-2-1536x1023-1.jpeg?resize=1050%2C600 3x, https:\/\/i0.wp.com\/www.grieta.org.mx\/wp-content\/uploads\/2025\/03\/WhatsApp-Image-2025-02-28-at-4.07.30-PM-2-1536x1023-1.jpeg?resize=1400%2C800 4x"},"classes":[]},{"id":7174,"url":"http:\/\/www.grieta.org.mx\/index.php\/2016\/03\/24\/ensenadenses-demandan-informacion-sobre-gasoducto\/","url_meta":{"origin":61786,"position":5},"title":"Ensenadenses demandan informaci\u00f3n sobre gasoducto","author":"grieta","date":"24 marzo, 2016","format":false,"excerpt":"24\/03\/16. Consorcio de los EU gana permiso ambiental para construir gasoducto en Ensenada 4 vientos 15\/03\/16. Rechazan gasoducto por ser muy riesgoso El Vigia 24\/11\/15. Ligan a Semarnat con manipulaci\u00f3n de documentos para que gasera entre en funciones La Jornada BC 23\/11\/15. Cumplir\u00e1 Hirata 10 meses sin contestar solicitud formal\u2026","rel":"","context":"En &quot;Baja California&quot;","block_context":{"text":"Baja California","link":"http:\/\/www.grieta.org.mx\/index.php\/category\/noticias-nacionales\/baja-california\/"},"img":{"alt_text":"","src":"https:\/\/i0.wp.com\/www.grieta.org.mx\/wp-content\/uploads\/2018\/03\/14524434_1106112876131411_958039263622046936_o.jpg?resize=350%2C200","width":350,"height":200,"srcset":"https:\/\/i0.wp.com\/www.grieta.org.mx\/wp-content\/uploads\/2018\/03\/14524434_1106112876131411_958039263622046936_o.jpg?resize=350%2C200 1x, https:\/\/i0.wp.com\/www.grieta.org.mx\/wp-content\/uploads\/2018\/03\/14524434_1106112876131411_958039263622046936_o.jpg?resize=525%2C300 1.5x, https:\/\/i0.wp.com\/www.grieta.org.mx\/wp-content\/uploads\/2018\/03\/14524434_1106112876131411_958039263622046936_o.jpg?resize=700%2C400 2x"},"classes":[]}],"_links":{"self":[{"href":"http:\/\/www.grieta.org.mx\/index.php\/wp-json\/wp\/v2\/posts\/61786","targetHints":{"allow":["GET"]}}],"collection":[{"href":"http:\/\/www.grieta.org.mx\/index.php\/wp-json\/wp\/v2\/posts"}],"about":[{"href":"http:\/\/www.grieta.org.mx\/index.php\/wp-json\/wp\/v2\/types\/post"}],"author":[{"embeddable":true,"href":"http:\/\/www.grieta.org.mx\/index.php\/wp-json\/wp\/v2\/users\/2"}],"replies":[{"embeddable":true,"href":"http:\/\/www.grieta.org.mx\/index.php\/wp-json\/wp\/v2\/comments?post=61786"}],"version-history":[{"count":1,"href":"http:\/\/www.grieta.org.mx\/index.php\/wp-json\/wp\/v2\/posts\/61786\/revisions"}],"predecessor-version":[{"id":61789,"href":"http:\/\/www.grieta.org.mx\/index.php\/wp-json\/wp\/v2\/posts\/61786\/revisions\/61789"}],"wp:featuredmedia":[{"embeddable":true,"href":"http:\/\/www.grieta.org.mx\/index.php\/wp-json\/wp\/v2\/media\/61787"}],"wp:attachment":[{"href":"http:\/\/www.grieta.org.mx\/index.php\/wp-json\/wp\/v2\/media?parent=61786"}],"wp:term":[{"taxonomy":"category","embeddable":true,"href":"http:\/\/www.grieta.org.mx\/index.php\/wp-json\/wp\/v2\/categories?post=61786"},{"taxonomy":"post_tag","embeddable":true,"href":"http:\/\/www.grieta.org.mx\/index.php\/wp-json\/wp\/v2\/tags?post=61786"}],"curies":[{"name":"wp","href":"https:\/\/api.w.org\/{rel}","templated":true}]}}