{"id":61783,"date":"2021-09-13T16:13:59","date_gmt":"2021-09-13T21:13:59","guid":{"rendered":"https:\/\/www.grieta.org.mx\/?p=61783"},"modified":"2021-09-19T16:34:43","modified_gmt":"2021-09-19T21:34:43","slug":"policias-implicados-en-la-desaparicion-de-cuatro-jovenes-que-fueron-a-trabajar-a-jalisco","status":"publish","type":"post","link":"http:\/\/www.grieta.org.mx\/index.php\/2021\/09\/13\/policias-implicados-en-la-desaparicion-de-cuatro-jovenes-que-fueron-a-trabajar-a-jalisco\/","title":{"rendered":"Polic\u00edas, implicados en la desaparici\u00f3n de cuatro j\u00f3venes que fueron a trabajar a Jalisco"},"content":{"rendered":"<p>Foto: Mauricio Palos<\/p>\n<p><strong>Cuatro j\u00f3venes de San Luis Potos\u00ed que viajaron a trabajar a Jalisco fueron desaparecidos en el municipio de Lagos de Moreno de esa entidad, con la intervenci\u00f3n de elementos policiacos. Las familias piden la intervenci\u00f3n de la Fiscal\u00eda General de la Rep\u00fablica<\/strong><\/p>\n<p>Marcela del Muro \/ Pie de P\u00e1gina<\/p>\n<p>SAN LUIS POTOS\u00cd.-<em>\u00a0<\/em>Mientras unos embarraban el engrudo sobre la pared con una escoba y una brocha, otros m\u00e1s sosten\u00edan la parte inferior de un gran pliego de papel. Conforme iban subiendo, el rostro de un joven delgado con una ligera mueca se plasmaba sobre el muro, junto a la leyenda: \u201c\u00bfD\u00f3nde est\u00e1, Israel Andrade Hern\u00e1ndez, mi carnal?\u201d. La primera intervenci\u00f3n fue sobre la calle Universidad, casi esquina con Constituci\u00f3n, en la ciudad de San Luis Potos\u00ed. Un lugar estrat\u00e9gico con mucha circulaci\u00f3n de personas, pues esa intersecci\u00f3n lleva a una de las v\u00edas r\u00e1pidas de la ciudad que conecta al centro con las periferias.<\/p>\n<p>El grupo de cinco era liderado por Juan Carlos, mejor conocido como\u00a0<em>Nsano<\/em>, artista urbano con varios a\u00f1os de experiencia y amigo de Israel, que tiene 19 a\u00f1os y fue desaparecido el pasado 26 de julio junto a tres compa\u00f1eros del trabajo: Jorge Rodr\u00edguez Ortiz, de 24 a\u00f1os; Calep Maldonado Moncivais, de 18 a\u00f1os; y Alan Michel Mart\u00ednez Vargas, de 24 a\u00f1os, en la ciudad de Lagos de Moreno, en Jalisco.<\/p>\n<p>\u201c\u00c9l es un amigo desde la infancia. Los dos nos dedicamos a esto del graffiti y arte urbano. De qu\u00e9 otra manera puedo exponer este sentimiento que tengo si no es de la forma que nosotros hacemos las cosas\u201d,\u00a0<em>Nsano<\/em>\u00a0vio la necesidad de sacar el rostro de su amigo a las calles, por si alguien lo reconoce y puede decir d\u00f3nde est\u00e1.<\/p>\n<p>Las familias de Jorge, Alan y Calep buscaron al artista urbano y el fin de semana, 11 y 12 de septiembre, las calles del centro de la capital potosina fueron tapizadas con los rostros de los cuatro ausentes, incluidas las rejas y el costado de la Fiscal\u00eda del estado.<\/p>\n<p><strong>La desaparici\u00f3n en Lagos de Moreno<\/strong><\/p>\n<p>Los cuatro j\u00f3venes trabajan en la empresa potosina \u201cGrupo MYSI, Mantenimiento y Soluciones Integrales\u00bb. Todos ten\u00edan poco tiempo laborando en la empresa: Jorge e Israel llevaban un mes; Alan, dos, y Calep nueve. Cada semana, de lunes a s\u00e1bado, el grupo viajaba a la ciudad de Tonal\u00e1, donde trabajaban en la construcci\u00f3n de un hotel.<\/p>\n<p>Aquel 26 de julio, viajaban siete personas en la pick up roja de la empresa: los cuatros j\u00f3venes desaparecidos, el conductor de la camioneta, un el\u00e9ctrico y un alba\u00f1il. Para las familias es extra\u00f1o que el encargado de llevar a los chicos cada semana a Tonal\u00e1, el ingeniero Mireles, se ausentara justo ese lunes, cuando inusualmente entraron a Lagos de Moreno para recoger al el\u00e9ctrico y en la salida del pueblo pararon en un Oxxo. Es aqu\u00ed, aproximadamente a las 3 de la tarde, cuando se pierde la comunicaci\u00f3n con ellos.<\/p>\n<p>La versi\u00f3n oficial dice que los siete trabajadores se detuvieron en la tienda y la asaltaron, que los videos del supuesto robo fueron recuperados por una polic\u00eda municipal y, posteriormente, fueron filtrados al crimen organizado. La declaraci\u00f3n del chofer indica que cuando salieron de la tienda se les peg\u00f3 una Suburban verde. En la caseta de Encarnaci\u00f3n de D\u00edaz trataron de huir pero los chocaron y los detuvo un Sentra rojo con un sujeto armado. Ah\u00ed dividen a los trabajadores: a Israel, Jorge, Alan y Calep los suben a un Corolla blanco; al resto los dejan en la camioneta de la empresa y piden al chofer que maneje, mientras el el\u00e9ctrico y el alba\u00f1il son cubiertos con una cobija en la parte trasera del veh\u00edculo. El chofer recorri\u00f3 distintas bodegas y rancher\u00edas en Lagos y San Juan de los Lagos.<\/p>\n<p>A las 8 de la noche, personas del crimen organizado entregaron a la polic\u00eda estatal a los tres que se quedaron en la camioneta de la empresa. En el veh\u00edculo se sembr\u00f3 marihuana y un arma.\u00a0<a href=\"https:\/\/talajalisconoticias.com\/2021\/07\/27\/tras-robar-cartones-de-cerveza-son-detenidos-con-arma-y-droga\/\">La noticia de la detenci\u00f3n fue publicada en varios portales noticiosos de Jalisco<\/a>, pero en ninguno se menciona a los otros cuatro trabajadores de Grupo MYSI.<\/p>\n<p><strong>Darte cuenta que falta tu hijo, tu esposo, tu hermano<\/strong><\/p>\n<p>Las familias se enteraron de distintas formas sobre la desaparici\u00f3n de sus hijos, pero todos fueron sorprendidos por la noticia de la detenci\u00f3n por el robo del Oxxo. Las familias hablaron con el ingeniero Humberto Zamarr\u00f3n, jefe directo de los j\u00f3venes, quien viaj\u00f3 a Lagos de Moreno y confirm\u00f3 la detenci\u00f3n.<\/p>\n<p>La esposa de Jorge y la mam\u00e1 de Calep viajaron al d\u00eda siguiente, el 27 de julio, ah\u00ed se enteraron que unos civiles armados se hab\u00edan llevado a los cuatro trabajadores y estaban desaparecidos. El ministerio p\u00fablico les inform\u00f3 que hab\u00eda sido una detenci\u00f3n forzada porque hab\u00eda polic\u00edas implicados.<\/p>\n<p>\u201cDesde el primer d\u00eda empezaron las extorsiones. Les hablan a ella (a las mam\u00e1s): \u2018Que aqu\u00ed est\u00e1n, yo te los llevo, dame 50 mil y boletos para Tijuana\u2019\u201d, se\u00f1ala el se\u00f1or Efra\u00edn Andrade, pap\u00e1 de Israel. Pero, adem\u00e1s, cada que las familias se presentan en Lagos de Moreno, polic\u00edas estatales les toman fotos y vigilan afuera del hotel.<\/p>\n<p>Hace tres semanas, el ministerio p\u00fablico encargado del caso, que trabaja en Lagos, vino a San Luis Potos\u00ed para entrevistar al chofer. Les dijo a las familias que era muy dif\u00edcil trabajar con la fiscal\u00eda del Estado, que le pon\u00edan trabas por todo y que ya no regresar\u00eda para investigar.<\/p>\n<p>\u201cHemos estado yendo a Guadalajara y lo \u00fanico que nos manejan, en estos m\u00e1s de 40 d\u00edas, es la pura investigaci\u00f3n de la s\u00e1bana de llamadas, cuando tienen muchas l\u00edneas de investigaci\u00f3n por explorar: la polic\u00eda municipal que divulg\u00f3 los videos del Oxxo al crimen organizado; los polic\u00edas estatales que detuvieron a los muchachos que ahora est\u00e1n libres. Tienen muchas l\u00edneas de investigaci\u00f3n, pero no nos han dado ni una respuesta de d\u00f3nde est\u00e1n los chamacos\u201d, dice el se\u00f1or Efra\u00edn.<\/p>\n<p>A\u00fan con la profunda investigaci\u00f3n en las s\u00e1banas de llamadas de los tel\u00e9fonos de tres de los desaparecidos -Israel no ten\u00eda celular-, no han dado el resultado esperado. La localizaci\u00f3n del \u00fanico lugar investigado fue proporcionada por la esposa de Jorge. Por medio de la aplicaci\u00f3n Life360 obtuvo la direcci\u00f3n exacta de una bodega donde se encontraron huesos, veh\u00edculos robados, varios kilos de droga y la prenda de uno de los desaparecidos.<\/p>\n<p><strong>Las malas condiciones laborales<\/strong><\/p>\n<p>Tras la desaparici\u00f3n, Grupo MYSI ha hecho todo lo posible por deslindarse del tema. El se\u00f1or Efra\u00edn menciona que ya consiguieron nuevos trabajadores para el hotel en Tonal\u00e1 y la \u00faltima reuni\u00f3n que solicitaron fue en un despacho de abogados. \u00c9l no fue, ninguna de las familias fue, pero piensa que era para zafarse legalmente de esto.<\/p>\n<p>La se\u00f1ora Veronica Vargas, mam\u00e1 de Alan, se quiebra al recordar que su hijo ya no quer\u00eda trabajar en MYSI, les hab\u00edan prometido un sueldo mejor, un lugar digno para vivir mientras trabajaban en Tonal\u00e1, vi\u00e1ticos decentes, pero no les cumplieron. Los cuatro chicos cargaban con cobijas para dormir en el piso de una casa, com\u00edan sopas instant\u00e1neas y frijoles de bolsa, su sueldo se los daban en parte y no ten\u00edan seguro social ni prestaciones.<\/p>\n<p>\u201cLo \u00fanico que ellos hicieron fue despertarse para ir a trabajar, no merec\u00edan esto\u201d, piensa la se\u00f1ora Vero.<\/p>\n<p><strong>Alan, Calep, Jorge e Israel<\/strong><\/p>\n<p>\u201cMi hijo se llama Alan Michel Mart\u00ednez Vargas. \u00c9l acaba de cumplir 24 a\u00f1os, el 6 de septiembre. Es de tez blanca, alto (aproximadamente 1.72 metros), tiene un tatuaje en la mano derecha que dice \u2018La familia\u2019, tiene varias cicatrices en el brazo derecho por una reconstrucci\u00f3n de tendones por un accidente. Mi hijo no tiene problemas con nadie, \u00e9l es muy tranquilo. Incluso en el trabajo, \u00e9l se llevaba muy bien con todos. No s\u00e9 por qu\u00e9 le tuvo que pasar esto a \u00e9l\u201d, dice la se\u00f1ora Vero.<\/p>\n<p>\u201cMi hijo se llama Calep Adonai Maldonado Monciv\u00e1is. Tiene un tatuaje en el antebrazo derecho que dice su apellido \u2018Maldonado\u2019, tiene otro en el antebrazo izquierdo que dice \u2018All need is love\u2019, el primero es con manuscrita. Tiene a San Juditas tatuado en su pecho y una flor con la letra \u2018A\u2019 en su mano, tiene unos pajaritos en su pie, aqu\u00ed, en el empeine. Tiene una cicatriz en su ojo derecho. \u00c9l me dijo que solo iba a terminar estos d\u00edas para entregar el trabajo porque ya no quer\u00eda ir, pero era muy responsable\u201d, dice la se\u00f1ora Berenice Monciv\u00e1is.<\/p>\n<p>\u201cMi hermano se llama Jorge Rodr\u00edguez Ortiz. Mide 1. 70 metros, tiene la piel aperlada, tiene dos tatuajes, en el brazo derecho y brazo izquierdo, y una cicatriz en el brazo por una operaci\u00f3n, y tiene 24 a\u00f1os. Hace mucha falta en casa, sus hijos lo esperan\u201d, dice Ofelia Rodr\u00edguez<\/p>\n<p>\u201cMi muchacho es Israel Andrade Hern\u00e1ndez. \u00c9l mide como 1.75 metros, tiene piel blanca, trae brackets y como se\u00f1a particular tiene una mancha de vitiligo en la parte superior del brazo izquierdo. Tiene 19, el 11 de octubre cumple 20 a\u00f1os\u201d, dice el se\u00f1or Efra\u00edn. \u201cComo se\u00f1a de mi t\u00edo, \u00e9l siempre hac\u00eda re\u00edr a todos. Yo extra\u00f1o que juegue conmigo a los zombies con mis pistolitas\u201d, dice Caleb de 8 a\u00f1os.<\/p>\n<p><strong>Las manifestaciones del fin de semana<\/strong><\/p>\n<p>\u201cS\u00ed existen muchas instituciones para la b\u00fasqueda de personas desaparecidas, sin embargo, nosotros no hemos visto nada (\u2026) Le pido a toda la ciudadan\u00eda que se apiade de nuestro dolor, que compartan para poder dar con nuestros hijos, ya son m\u00e1s de cuarenta d\u00edas sin saber nada de ellos. Nos hacen falta en casa. Lo \u00fanico que ellos hicieron fue ir a trabajar, lamentablemente la empresa ya no se hizo responsable, ya no quieren saber nada de ellos. Ellos para su veh\u00edculo tienen un seguro, pero nosotros no tenemos ning\u00fan seguro para poder recuperar a nuestros hijos\u201d, las familias de se manifestaron el s\u00e1bado 11 de septiembre en Plaza de Carmen y despu\u00e9s caminaron a Palacio de Gobierno y Fiscal\u00eda. Tambi\u00e9n lo hicieron el domingo 12, se manifestaron afuera de Palacio de Gobierno y despu\u00e9s caminaron a la Bas\u00edlica de Guadalupe.<\/p>\n<p>Familiares, amigos, personas solidarias y miembros del colectivo Voz y Dignidad por lo Nuestros acompa\u00f1aron\u00a0 y pidieron por el pronto regreso de los cuatro ausentes.<\/p>\n<p>\u201cTranquilos, muchachos, su familia los est\u00e1 buscando\u201d, repitieron continuamente durante las manifestaciones del fin de semana. Tambi\u00e9n se pide la ayuda del gobierno federal para poder tener respuesta sobre Calep, Israel, Alan y Jorge. Por ser desaparici\u00f3n forzada piden a la Fiscal\u00eda General de la Rep\u00fablica que tome la investigaci\u00f3n de su caso.<\/p>\n<p><a href=\"https:\/\/piedepagina.mx\/policias-implicados-en-la-desaparicion-de-cuatro-jovenes-que-fueron-a-trabajar-a-jalisco\/\">https:\/\/piedepagina.mx\/policias-implicados-en-la-desaparicion-de-cuatro-jovenes-que-fueron-a-trabajar-a-jalisco\/<\/a><\/p>\n","protected":false},"excerpt":{"rendered":"<p>Foto: Mauricio Palos Cuatro j\u00f3venes de San Luis Potos\u00ed que viajaron a trabajar a Jalisco fueron desaparecidos en el municipio de Lagos de Moreno de esa entidad, con la intervenci\u00f3n &hellip; <a href=\"http:\/\/www.grieta.org.mx\/index.php\/2021\/09\/13\/policias-implicados-en-la-desaparicion-de-cuatro-jovenes-que-fueron-a-trabajar-a-jalisco\/\" class=\"more-link\">Leer m\u00e1s<\/a><\/p>\n","protected":false},"author":2,"featured_media":61784,"comment_status":"closed","ping_status":"closed","sticky":false,"template":"","format":"standard","meta":{"ngg_post_thumbnail":0,"_jetpack_newsletter_access":"","_jetpack_dont_email_post_to_subs":false,"_jetpack_newsletter_tier_id":0,"_jetpack_memberships_contains_paywalled_content":false,"_jetpack_memberships_contains_paid_content":false,"footnotes":""},"categories":[80,87,1032,1272,20,2,29,83],"tags":[2685,3791,3486,1828,121,4017,1668,3473,2000,1228],"class_list":["post-61783","post","type-post","status-publish","format-standard","has-post-thumbnail","hentry","category-cintillo","category-desaparecidos","category-desaparecidos-en-jalisco","category-desaparecidos-en-san-luis-potosi","category-jalisco","category-noticias-nacionales","category-san-luis-potosi","category-temas-nacionales","tag-abuso-policiaco-hacia-los-jovenes","tag-acciones-por-desaparecidos","tag-brutalidad-policiaca","tag-busqueda-de-desaparecidos","tag-desaparecidos","tag-desaparecidos-por-fuerzas-armadas","tag-familiares-de-desaparecidos","tag-impunidad-policiaca","tag-policia-estatal","tag-protestas-por-desaparecidos","entry"],"jetpack_featured_media_url":"http:\/\/www.grieta.org.mx\/wp-content\/uploads\/2021\/09\/pdp_desaparicionisraelandrade_sanluispotosi_mauriciopalos00.jpg","jetpack_sharing_enabled":true,"jetpack_shortlink":"https:\/\/wp.me\/p7ZJR4-g4v","jetpack_likes_enabled":false,"jetpack-related-posts":[{"id":61642,"url":"http:\/\/www.grieta.org.mx\/index.php\/2021\/09\/11\/familiares-exigen-que-se-de-con-el-paradero-de-los-jovenes-potosinos-desaparecidos-en-jalisco\/","url_meta":{"origin":61783,"position":0},"title":"Familiares exigen que se d\u00e9 con el paradero de los j\u00f3venes potosinos desaparecidos en Jalisco","author":"grieta","date":"11 septiembre, 2021","format":false,"excerpt":"La Jornada San Luis Fotos: C\u00e9sar Rivera 11 septiembre 2021 Familiares de los cuatro j\u00f3venes potosinos desaparecidos en Jalisco se manifestaron para exigir resultados en las investigaciones de la fiscal\u00eda jalisciense y para demandar que la Fiscal\u00eda potosina presione en ese sentido. Los manifestantes portaron fotograf\u00edas con el mensaje \u201c\u00bfD\u00f3nde\u2026","rel":"","context":"En &quot;CINTILLO&quot;","block_context":{"text":"CINTILLO","link":"http:\/\/www.grieta.org.mx\/index.php\/category\/cintillo\/"},"img":{"alt_text":"","src":"https:\/\/i0.wp.com\/www.grieta.org.mx\/wp-content\/uploads\/2021\/09\/donde-estan.jpeg?resize=350%2C200","width":350,"height":200,"srcset":"https:\/\/i0.wp.com\/www.grieta.org.mx\/wp-content\/uploads\/2021\/09\/donde-estan.jpeg?resize=350%2C200 1x, https:\/\/i0.wp.com\/www.grieta.org.mx\/wp-content\/uploads\/2021\/09\/donde-estan.jpeg?resize=525%2C300 1.5x"},"classes":[]},{"id":65614,"url":"http:\/\/www.grieta.org.mx\/index.php\/2022\/10\/14\/ninas-y-ninos-continuan-siendo-desaparecidos-en-san-luis-potosi\/","url_meta":{"origin":61783,"position":1},"title":"Ni\u00f1as y ni\u00f1os contin\u00faan siendo desaparecidos en San Lu\u00eds Potos\u00ed","author":"grieta","date":"14 octubre, 2022","format":false,"excerpt":"Edwin Gonz\u00e1lez\/Debate 14 octubre 2022 San Lu\u00eds Potos\u00ed, San Lu\u00eds Potos\u00ed. - En San Lu\u00eds Potos\u00ed se sigue reportando que mujeres y hombres menores de edad contin\u00faan siendo desaparecidos, pues, como te hemos comentado en DEBATE, entre el 25 de septiembre al cuatro de octubre se report\u00f3 seis menores en\u2026","rel":"","context":"En &quot;CINTILLO&quot;","block_context":{"text":"CINTILLO","link":"http:\/\/www.grieta.org.mx\/index.php\/category\/cintillo\/"},"img":{"alt_text":"","src":"https:\/\/i0.wp.com\/www.grieta.org.mx\/wp-content\/uploads\/2022\/10\/desaparecidospotosx1_1_crop1665769035381.jpg_172596871.webp?resize=350%2C200","width":350,"height":200,"srcset":"https:\/\/i0.wp.com\/www.grieta.org.mx\/wp-content\/uploads\/2022\/10\/desaparecidospotosx1_1_crop1665769035381.jpg_172596871.webp?resize=350%2C200 1x, https:\/\/i0.wp.com\/www.grieta.org.mx\/wp-content\/uploads\/2022\/10\/desaparecidospotosx1_1_crop1665769035381.jpg_172596871.webp?resize=525%2C300 1.5x, https:\/\/i0.wp.com\/www.grieta.org.mx\/wp-content\/uploads\/2022\/10\/desaparecidospotosx1_1_crop1665769035381.jpg_172596871.webp?resize=700%2C400 2x, https:\/\/i0.wp.com\/www.grieta.org.mx\/wp-content\/uploads\/2022\/10\/desaparecidospotosx1_1_crop1665769035381.jpg_172596871.webp?resize=1050%2C600 3x"},"classes":[]},{"id":54397,"url":"http:\/\/www.grieta.org.mx\/index.php\/2020\/08\/30\/buscan-a-250-desaparecidos-en-slp\/","url_meta":{"origin":61783,"position":2},"title":"Buscan a 250 desaparecidos en SLP","author":"grieta","date":"30 agosto, 2020","format":false,"excerpt":"Ruth Berrones\/Quadrat\u00edn SLP 30 agosto 2020 SAN LUIS POTOS\u00cd, SLP., 30 de agosto 2020.- Este domingo en el D\u00eda Internacional de las V\u00edctimas de Desaparici\u00f3n Forzada, familiares de personas desaparecidas realizaron una marcha para solicitar a las autoridades que se localicen a sus familiares. Edith P\u00e9rez Rodr\u00edguez, de la asociaci\u00f3n\u2026","rel":"","context":"En &quot;CINTILLO&quot;","block_context":{"text":"CINTILLO","link":"http:\/\/www.grieta.org.mx\/index.php\/category\/cintillo\/"},"img":{"alt_text":"","src":"https:\/\/i0.wp.com\/www.grieta.org.mx\/wp-content\/uploads\/2020\/10\/WhatsApp-Image-2020-08-30-at-4.36.21-PM-1160x700-1.jpeg?resize=350%2C200","width":350,"height":200,"srcset":"https:\/\/i0.wp.com\/www.grieta.org.mx\/wp-content\/uploads\/2020\/10\/WhatsApp-Image-2020-08-30-at-4.36.21-PM-1160x700-1.jpeg?resize=350%2C200 1x, https:\/\/i0.wp.com\/www.grieta.org.mx\/wp-content\/uploads\/2020\/10\/WhatsApp-Image-2020-08-30-at-4.36.21-PM-1160x700-1.jpeg?resize=525%2C300 1.5x, https:\/\/i0.wp.com\/www.grieta.org.mx\/wp-content\/uploads\/2020\/10\/WhatsApp-Image-2020-08-30-at-4.36.21-PM-1160x700-1.jpeg?resize=700%2C400 2x, https:\/\/i0.wp.com\/www.grieta.org.mx\/wp-content\/uploads\/2020\/10\/WhatsApp-Image-2020-08-30-at-4.36.21-PM-1160x700-1.jpeg?resize=1050%2C600 3x"},"classes":[]},{"id":65080,"url":"http:\/\/www.grieta.org.mx\/index.php\/2022\/08\/30\/familiares-de-victimas-de-desaparicion-se-manifiestan-frente-a-palacio-de-gobierno-de-slp\/","url_meta":{"origin":61783,"position":3},"title":"Familiares de v\u00edctimas de desaparici\u00f3n se manifiestan frente a Palacio de Gobierno de SLP","author":"grieta","date":"30 agosto, 2022","format":false,"excerpt":"Redacci\u00f3n\/El Universal San Luis Potos\u00ed 30 agosto 2022 Fotos: Fabiola Ju\u00e1rez En las vallas que rodean el edificio gubernamental fueron colocadas mantas con fotograf\u00edas de los desaparecidos potosinos; piden continuar con su b\u00fasqueda hasta encontrarlos En el marco del D\u00eda Internacional de V\u00edctimas de Desaparici\u00f3n Forzada, familiares e integrantes del\u2026","rel":"","context":"En &quot;CINTILLO&quot;","block_context":{"text":"CINTILLO","link":"http:\/\/www.grieta.org.mx\/index.php\/category\/cintillo\/"},"img":{"alt_text":"","src":"https:\/\/i0.wp.com\/www.grieta.org.mx\/wp-content\/uploads\/2022\/09\/desparecidos_slp_1.jpg?resize=350%2C200","width":350,"height":200,"srcset":"https:\/\/i0.wp.com\/www.grieta.org.mx\/wp-content\/uploads\/2022\/09\/desparecidos_slp_1.jpg?resize=350%2C200 1x, https:\/\/i0.wp.com\/www.grieta.org.mx\/wp-content\/uploads\/2022\/09\/desparecidos_slp_1.jpg?resize=525%2C300 1.5x, https:\/\/i0.wp.com\/www.grieta.org.mx\/wp-content\/uploads\/2022\/09\/desparecidos_slp_1.jpg?resize=700%2C400 2x, https:\/\/i0.wp.com\/www.grieta.org.mx\/wp-content\/uploads\/2022\/09\/desparecidos_slp_1.jpg?resize=1050%2C600 3x"},"classes":[]},{"id":58970,"url":"http:\/\/www.grieta.org.mx\/index.php\/2021\/04\/25\/slp-registra-355-desaparecidos-comision-nacional-de-busqueda\/","url_meta":{"origin":61783,"position":4},"title":"SLP registra 355 desaparecidos: Comisi\u00f3n Nacional de B\u00fasqueda","author":"grieta","date":"25 abril, 2021","format":false,"excerpt":"Juan Hern\u00e1ndez\/Quadrat\u00edn SLP 25 abril 2021 SAN LUIS POTOS\u00cd, SLP., 25 de abril 2021.- En el pa\u00eds hay un total de 87 mil 36 personas desaparecidas o no localizadas, esto desde el 15 de marzo de 1964 hasta abril de 2021, de acuerdo con informaci\u00f3n de la Comisi\u00f3n Nacional de\u2026","rel":"","context":"En &quot;CINTILLO&quot;","block_context":{"text":"CINTILLO","link":"http:\/\/www.grieta.org.mx\/index.php\/category\/cintillo\/"},"img":{"alt_text":"","src":"https:\/\/i0.wp.com\/www.grieta.org.mx\/wp-content\/uploads\/2021\/04\/PRIMERA-QT-245-1160x700-1.jpeg?resize=350%2C200","width":350,"height":200,"srcset":"https:\/\/i0.wp.com\/www.grieta.org.mx\/wp-content\/uploads\/2021\/04\/PRIMERA-QT-245-1160x700-1.jpeg?resize=350%2C200 1x, https:\/\/i0.wp.com\/www.grieta.org.mx\/wp-content\/uploads\/2021\/04\/PRIMERA-QT-245-1160x700-1.jpeg?resize=525%2C300 1.5x, https:\/\/i0.wp.com\/www.grieta.org.mx\/wp-content\/uploads\/2021\/04\/PRIMERA-QT-245-1160x700-1.jpeg?resize=700%2C400 2x, https:\/\/i0.wp.com\/www.grieta.org.mx\/wp-content\/uploads\/2021\/04\/PRIMERA-QT-245-1160x700-1.jpeg?resize=1050%2C600 3x"},"classes":[]},{"id":58801,"url":"http:\/\/www.grieta.org.mx\/index.php\/2021\/04\/15\/denuncian-falta-de-apoyo-institucional-para-busqueda-de-desaparecidos-en-san-luis-potosi\/","url_meta":{"origin":61783,"position":5},"title":"Denuncian falta de apoyo institucional para b\u00fasqueda de desaparecidos en San Luis Potos\u00ed","author":"grieta","date":"15 abril, 2021","format":false,"excerpt":"Juan Hern\u00e1ndez\/Quadrat\u00edn SLP 15 abril 2021 SAN LUIS POTOS\u00cd, SLP., 15 de abril 2021.- La vocera y representante del colectivo Voz y Dignidad por los Nuestros, que se dedica a la b\u00fasqueda de personas desaparecidas, Edith P\u00e9rez Rodr\u00edguez, ahora estar\u00e1 trabajando en la Comisi\u00f3n Estatal de Derechos Humanos (CEDH), incluso\u2026","rel":"","context":"En &quot;CINTILLO&quot;","block_context":{"text":"CINTILLO","link":"http:\/\/www.grieta.org.mx\/index.php\/category\/cintillo\/"},"img":{"alt_text":"","src":"https:\/\/i0.wp.com\/www.grieta.org.mx\/wp-content\/uploads\/2021\/04\/cedh.jpeg?resize=350%2C200","width":350,"height":200,"srcset":"https:\/\/i0.wp.com\/www.grieta.org.mx\/wp-content\/uploads\/2021\/04\/cedh.jpeg?resize=350%2C200 1x, https:\/\/i0.wp.com\/www.grieta.org.mx\/wp-content\/uploads\/2021\/04\/cedh.jpeg?resize=525%2C300 1.5x, https:\/\/i0.wp.com\/www.grieta.org.mx\/wp-content\/uploads\/2021\/04\/cedh.jpeg?resize=700%2C400 2x, https:\/\/i0.wp.com\/www.grieta.org.mx\/wp-content\/uploads\/2021\/04\/cedh.jpeg?resize=1050%2C600 3x"},"classes":[]}],"_links":{"self":[{"href":"http:\/\/www.grieta.org.mx\/index.php\/wp-json\/wp\/v2\/posts\/61783","targetHints":{"allow":["GET"]}}],"collection":[{"href":"http:\/\/www.grieta.org.mx\/index.php\/wp-json\/wp\/v2\/posts"}],"about":[{"href":"http:\/\/www.grieta.org.mx\/index.php\/wp-json\/wp\/v2\/types\/post"}],"author":[{"embeddable":true,"href":"http:\/\/www.grieta.org.mx\/index.php\/wp-json\/wp\/v2\/users\/2"}],"replies":[{"embeddable":true,"href":"http:\/\/www.grieta.org.mx\/index.php\/wp-json\/wp\/v2\/comments?post=61783"}],"version-history":[{"count":1,"href":"http:\/\/www.grieta.org.mx\/index.php\/wp-json\/wp\/v2\/posts\/61783\/revisions"}],"predecessor-version":[{"id":61785,"href":"http:\/\/www.grieta.org.mx\/index.php\/wp-json\/wp\/v2\/posts\/61783\/revisions\/61785"}],"wp:featuredmedia":[{"embeddable":true,"href":"http:\/\/www.grieta.org.mx\/index.php\/wp-json\/wp\/v2\/media\/61784"}],"wp:attachment":[{"href":"http:\/\/www.grieta.org.mx\/index.php\/wp-json\/wp\/v2\/media?parent=61783"}],"wp:term":[{"taxonomy":"category","embeddable":true,"href":"http:\/\/www.grieta.org.mx\/index.php\/wp-json\/wp\/v2\/categories?post=61783"},{"taxonomy":"post_tag","embeddable":true,"href":"http:\/\/www.grieta.org.mx\/index.php\/wp-json\/wp\/v2\/tags?post=61783"}],"curies":[{"name":"wp","href":"https:\/\/api.w.org\/{rel}","templated":true}]}}