{"id":617,"date":"2015-10-31T19:49:20","date_gmt":"2015-10-31T19:49:20","guid":{"rendered":"http:\/\/50.22.11.12\/~grietaor\/?p=617"},"modified":"2016-03-01T19:50:50","modified_gmt":"2016-03-01T19:50:50","slug":"spauaz-acuerda-emplazar-a-huelga-y-realizar-paro","status":"publish","type":"post","link":"http:\/\/www.grieta.org.mx\/index.php\/2015\/10\/31\/spauaz-acuerda-emplazar-a-huelga-y-realizar-paro\/","title":{"rendered":"Spauaz acuerda emplazar a huelga y realizar paro"},"content":{"rendered":"<p>La Jornada Zacatecas<br \/>\n31\/10\/2015<\/p>\n<p>? Exigen que directores de Unidades Acad\u00e9micas entreguen la carga laboral del siguiente semestre<\/p>\n<p>? El gremio denuncia violaciones e incumplimientos al Contrato Colectivo de Trabajo<\/p>\n<p>El Sindicato de Personal Acad\u00e9mico de la Universidad Aut\u00f3noma de Zacatecas (Spauaz) acord\u00f3 realizar un paro de labores en la M\u00e1xima Casa de Estudios el pr\u00f3ximo mi\u00e9rcoles, para exigir que los directores entreguen la carga laboral del pr\u00f3ximo semestre, as\u00ed como emplazar a huelga por violaciones e incumplimientos al Contrato Colectivo de Trabajo.<\/p>\n<p>Por tanto, el Comit\u00e9 Ejecutivo, en conjunto con el abogado del sindicato, entregar\u00e1 una propuesta a las delegaciones el martes, mediante la cual se definir\u00e1 el d\u00eda en que se interpondr\u00e1 el emplazamiento.<\/p>\n<p>Mientras tanto, se acord\u00f3 un paro laboral que se realizar\u00e1 el mi\u00e9rcoles para exigir las cargas de trabajo, a la vez que se analizar\u00e1 la posibilidad de llevar a cabo paros dos d\u00edas por semana.<\/p>\n<p>Aunque el problema de las cargas laborales se presenta en mayor medida en ciertas Unidades Acad\u00e9micas, Crescenciano S\u00e1nchez P\u00e9rez, secretario general del Spauaz, afirm\u00f3 que la situaci\u00f3n se presenta en todos los centros.<\/p>\n<p>En Ciencias Qu\u00edmicas, por ejemplo, refiri\u00f3 que el director solicit\u00f3 una pr\u00f3rroga de cinco d\u00edas debido a que recibir\u00e1n a organismos evaluadores, pero \u201cquien hace las cargas es otra persona y las revisan nada m\u00e1s para castigar a los compa\u00f1eros que no son de su grupo\u201d.<\/p>\n<p>Respecto al emplazamiento a huelga, expuso que el Comit\u00e9 Ejecutivo se reunir\u00e1 con el abogado para discutir la situaci\u00f3n y de ser necesario, interponer el emplazamiento en la Junta Local de Conciliaci\u00f3n y Arbitraje, ello con el aval de la Coordinadora de Delegados.<\/p>\n<p>Seg\u00fan explic\u00f3, el motivo del emplazamiento ser\u00e1 por incumplimientos y violaciones al contrato y por adeudos de \u00edndole financiero, entre ellos el dep\u00f3sito de 14 millones de pesos a la cuenta de seguridad social, correspondiente a septiembre y octubre, la prima de antig\u00fcedad de septiembre, gratificaci\u00f3n por jubilaci\u00f3n, gratificaci\u00f3n por 30 a\u00f1os de servicio, gratificaci\u00f3n por 25 a\u00f1os de servicio (6 millones de pesos), u amortizaci\u00f3n de Fovissste, que s\u00f3lo se ha pagado en enero de este a\u00f1o y cuyo adeudo asciende a 30 millones de pesos. \u201cLa suma total nos da 91 millones 257 mil pesos\u201d.<\/p>\n<p>Por otra parte, S\u00e1nchez P\u00e9rez inform\u00f3 que la cuenta bancaria de seguridad social, en la que se han depositado 7 millones de pesos mensuales producto de la huelga de este a\u00f1o, cuenta en este momento con 90 millones de pesos, por lo que manifest\u00f3 la necesidad de solicitar que ese recurso se entere a las instancias correspondientes.<\/p>\n<p><a href=\"http:\/\/ljz.mx\/2015\/10\/31\/spauaz-acuerda-emplazar-a-huelga-y-realizar-paro-el-proximo-miercoles\/\" target=\"_blank\">ljz.mx\/2015\/10\/31\/spauaz-acuerda-emplazar-a-huelga-y-realizar-paro-el-proximo-miercoles\/<\/a><\/p>\n","protected":false},"excerpt":{"rendered":"<p>La Jornada Zacatecas 31\/10\/2015 ? Exigen que directores de Unidades Acad\u00e9micas entreguen la carga laboral del siguiente semestre ? El gremio denuncia violaciones e incumplimientos al Contrato Colectivo de Trabajo &hellip; <a href=\"http:\/\/www.grieta.org.mx\/index.php\/2015\/10\/31\/spauaz-acuerda-emplazar-a-huelga-y-realizar-paro\/\" class=\"more-link\">Leer m\u00e1s<\/a><\/p>\n","protected":false},"author":2,"featured_media":21928,"comment_status":"closed","ping_status":"open","sticky":false,"template":"","format":"standard","meta":{"ngg_post_thumbnail":0,"_jetpack_newsletter_access":"","_jetpack_dont_email_post_to_subs":false,"_jetpack_newsletter_tier_id":0,"_jetpack_memberships_contains_paywalled_content":false,"_jetpack_memberships_contains_paid_content":false,"footnotes":""},"categories":[80,139],"tags":[105,107],"class_list":["post-617","post","type-post","status-publish","format-standard","has-post-thumbnail","hentry","category-cintillo","category-zacatecas","tag-derechos-laborales","tag-educacion","entry"],"jetpack_featured_media_url":"http:\/\/www.grieta.org.mx\/wp-content\/uploads\/2018\/03\/14524434_1106112876131411_958039263622046936_o.jpg","jetpack_sharing_enabled":true,"jetpack_shortlink":"https:\/\/wp.me\/p7ZJR4-9X","jetpack_likes_enabled":false,"jetpack-related-posts":[{"id":587,"url":"http:\/\/www.grieta.org.mx\/index.php\/2016\/02\/15\/otro-paro-en-la-uaz\/","url_meta":{"origin":617,"position":0},"title":"Otro paro en la UAZ","author":"grieta","date":"15 febrero, 2016","format":false,"excerpt":"Zacatecas Lunes, 15 de febrero de 2016 ABIGAIL SALINAS Zacatecas.- Al mediod\u00eda de este lunes, en asamblea general del Sindicato del Personal Acad\u00e9mico de la Universidad Aut\u00f3noma de Zacatecas (SPAUAZ), se decidi\u00f3 realizar un paro general de actividades este martes en todos los planteles de la m\u00e1xima casa de estudios\u2026","rel":"","context":"En &quot;CINTILLO&quot;","block_context":{"text":"CINTILLO","link":"http:\/\/www.grieta.org.mx\/index.php\/category\/cintillo\/"},"img":{"alt_text":"","src":"https:\/\/i0.wp.com\/www.grieta.org.mx\/wp-content\/uploads\/2018\/03\/14524434_1106112876131411_958039263622046936_o.jpg?resize=350%2C200","width":350,"height":200,"srcset":"https:\/\/i0.wp.com\/www.grieta.org.mx\/wp-content\/uploads\/2018\/03\/14524434_1106112876131411_958039263622046936_o.jpg?resize=350%2C200 1x, https:\/\/i0.wp.com\/www.grieta.org.mx\/wp-content\/uploads\/2018\/03\/14524434_1106112876131411_958039263622046936_o.jpg?resize=525%2C300 1.5x, https:\/\/i0.wp.com\/www.grieta.org.mx\/wp-content\/uploads\/2018\/03\/14524434_1106112876131411_958039263622046936_o.jpg?resize=700%2C400 2x"},"classes":[]},{"id":678,"url":"http:\/\/www.grieta.org.mx\/index.php\/2016\/02\/15\/conflictos-en-la-universidad-autonoma-de-zacatecas\/","url_meta":{"origin":617,"position":1},"title":"Conflictos en la Universidad Aut\u00f3noma de Zacatecas","author":"grieta","date":"15 febrero, 2016","format":false,"excerpt":"15\/02\/16. Otro Paro en la UAZ NTR Zacatecas 12\/02\/16. Planta rector a SPAUAZ; STUAZ rechaza huelga NTR Zacatecas 27\/01\/16. Paro general en la UAZ NTR Zacatecas 26\/01\/16. Condicionan a alumnos de medicina de la UAZ NTR Zacatecas 18\/01\/16. Denuncia SPAUAZ a rector por peculado NTR Zacatecas 17\/12\/15. Prestar\u00e1 SPAUAZ dinero\u2026","rel":"","context":"En &quot;Zacatecas&quot;","block_context":{"text":"Zacatecas","link":"http:\/\/www.grieta.org.mx\/index.php\/category\/noticias-nacionales\/zacatecas\/"},"img":{"alt_text":"","src":"https:\/\/i0.wp.com\/www.grieta.org.mx\/wp-content\/uploads\/2018\/03\/14524434_1106112876131411_958039263622046936_o.jpg?resize=350%2C200","width":350,"height":200,"srcset":"https:\/\/i0.wp.com\/www.grieta.org.mx\/wp-content\/uploads\/2018\/03\/14524434_1106112876131411_958039263622046936_o.jpg?resize=350%2C200 1x, https:\/\/i0.wp.com\/www.grieta.org.mx\/wp-content\/uploads\/2018\/03\/14524434_1106112876131411_958039263622046936_o.jpg?resize=525%2C300 1.5x, https:\/\/i0.wp.com\/www.grieta.org.mx\/wp-content\/uploads\/2018\/03\/14524434_1106112876131411_958039263622046936_o.jpg?resize=700%2C400 2x"},"classes":[]},{"id":30734,"url":"http:\/\/www.grieta.org.mx\/index.php\/2019\/03\/14\/paran-labores-docentes-de-la-prepa-iv-y-tacoaleche-zacatecas\/","url_meta":{"origin":617,"position":2},"title":"Paran labores docentes de la Prepa IV y Tacoaleche (Zacatecas)","author":"grieta","date":"14 marzo, 2019","format":false,"excerpt":"Karla Zapata\/El Sol de Zacatecas. Zacatecas, Zac.- Este jueves la Unidad Acad\u00e9mica Preparatoria IV de la Universidad Aut\u00f3noma de Zacatecas (UAZ) inici\u00f3 un paro laboral de 12 horas al igual que la preparatoria 11 en Tacoaleche, la causa es la falta de cargas laborales, exigencia que mantienen los docentes y\u2026","rel":"","context":"En &quot;CINTILLO&quot;","block_context":{"text":"CINTILLO","link":"http:\/\/www.grieta.org.mx\/index.php\/category\/cintillo\/"},"img":{"alt_text":"","src":"https:\/\/i0.wp.com\/www.grieta.org.mx\/wp-content\/uploads\/2019\/03\/2019031401.jpg?resize=350%2C200","width":350,"height":200,"srcset":"https:\/\/i0.wp.com\/www.grieta.org.mx\/wp-content\/uploads\/2019\/03\/2019031401.jpg?resize=350%2C200 1x, https:\/\/i0.wp.com\/www.grieta.org.mx\/wp-content\/uploads\/2019\/03\/2019031401.jpg?resize=525%2C300 1.5x, https:\/\/i0.wp.com\/www.grieta.org.mx\/wp-content\/uploads\/2019\/03\/2019031401.jpg?resize=700%2C400 2x"},"classes":[]},{"id":609,"url":"http:\/\/www.grieta.org.mx\/index.php\/2015\/11\/12\/entrega-spauaz-emplazamiento-a-huelga-a-jlca\/","url_meta":{"origin":617,"position":3},"title":"Entrega SPAUAZ emplazamiento a huelga a JLCA","author":"grieta","date":"12 noviembre, 2015","format":false,"excerpt":"ABIGAIL SALINAS | NTRZACATECAS.COM Jueves, 12 de noviembre de 2015 Zacatecas.- Este jueves, el Sindicato de Personal Acad\u00e9mico de la Universidad Aut\u00f3noma de Zacatecas (SPAUAZ) entreg\u00f3 a la Junta Local de Conciliaci\u00f3n y Arbitraje (JLCA) un emplazamiento a huelga, programado para el 18 de febrero de 2016. El secretario general\u2026","rel":"","context":"En &quot;CINTILLO&quot;","block_context":{"text":"CINTILLO","link":"http:\/\/www.grieta.org.mx\/index.php\/category\/cintillo\/"},"img":{"alt_text":"","src":"https:\/\/i0.wp.com\/www.grieta.org.mx\/wp-content\/uploads\/2018\/03\/14524434_1106112876131411_958039263622046936_o.jpg?resize=350%2C200","width":350,"height":200,"srcset":"https:\/\/i0.wp.com\/www.grieta.org.mx\/wp-content\/uploads\/2018\/03\/14524434_1106112876131411_958039263622046936_o.jpg?resize=350%2C200 1x, https:\/\/i0.wp.com\/www.grieta.org.mx\/wp-content\/uploads\/2018\/03\/14524434_1106112876131411_958039263622046936_o.jpg?resize=525%2C300 1.5x, https:\/\/i0.wp.com\/www.grieta.org.mx\/wp-content\/uploads\/2018\/03\/14524434_1106112876131411_958039263622046936_o.jpg?resize=700%2C400 2x"},"classes":[]},{"id":42657,"url":"http:\/\/www.grieta.org.mx\/index.php\/2019\/12\/26\/sepomex-en-zacatecas-suspendio-labores\/","url_meta":{"origin":617,"position":4},"title":"Sepomex en Zacatecas suspendi\u00f3 labores","author":"grieta","date":"26 diciembre, 2019","format":false,"excerpt":"Exigen la revisi\u00f3n del Contrato Colectivo de Trabajo y pago de prestaciones Rosaura Rinc\u00f3n ? El Sol de Zacatecas, 26 de diciembre de 2019 Zacatecas.- Las oficinas de Correos de M\u00e9xico en Zacatecas est\u00e1n cerradas y sin dar servicios, debido a que amanecieron bloqueadas con una bandera rojinegra y unas\u2026","rel":"","context":"En &quot;CINTILLO&quot;","block_context":{"text":"CINTILLO","link":"http:\/\/www.grieta.org.mx\/index.php\/category\/cintillo\/"},"img":{"alt_text":"","src":"https:\/\/i0.wp.com\/www.grieta.org.mx\/wp-content\/uploads\/2020\/01\/20191226003.jpg?resize=350%2C200","width":350,"height":200,"srcset":"https:\/\/i0.wp.com\/www.grieta.org.mx\/wp-content\/uploads\/2020\/01\/20191226003.jpg?resize=350%2C200 1x, https:\/\/i0.wp.com\/www.grieta.org.mx\/wp-content\/uploads\/2020\/01\/20191226003.jpg?resize=525%2C300 1.5x, https:\/\/i0.wp.com\/www.grieta.org.mx\/wp-content\/uploads\/2020\/01\/20191226003.jpg?resize=700%2C400 2x"},"classes":[]},{"id":675,"url":"http:\/\/www.grieta.org.mx\/index.php\/2015\/02\/16\/docentes-de-zacatecas-activan-paro-de-brazos-caidos\/","url_meta":{"origin":617,"position":5},"title":"Docentes de Zacatecas activan paro de brazos ca\u00eddos","author":"grieta","date":"16 febrero, 2015","format":false,"excerpt":"Sin Embargo Por Redacci\u00f3n \/ Sin Embargo febrero 16, 2015 Zacatecas, 16 Feb (Notimex).- Los docentes de la Universidad Aut\u00f3noma de Zacatecas (UAZ) iniciaron este lunes un paro de \u201cbrazos ca\u00eddos\u201d en esa casa de estudios en demanda de la soluci\u00f3n al problema econ\u00f3mico. En entrevista, el secretario general del\u2026","rel":"","context":"En &quot;CINTILLO&quot;","block_context":{"text":"CINTILLO","link":"http:\/\/www.grieta.org.mx\/index.php\/category\/cintillo\/"},"img":{"alt_text":"","src":"https:\/\/i0.wp.com\/www.grieta.org.mx\/wp-content\/uploads\/2018\/03\/14524434_1106112876131411_958039263622046936_o.jpg?resize=350%2C200","width":350,"height":200,"srcset":"https:\/\/i0.wp.com\/www.grieta.org.mx\/wp-content\/uploads\/2018\/03\/14524434_1106112876131411_958039263622046936_o.jpg?resize=350%2C200 1x, https:\/\/i0.wp.com\/www.grieta.org.mx\/wp-content\/uploads\/2018\/03\/14524434_1106112876131411_958039263622046936_o.jpg?resize=525%2C300 1.5x, https:\/\/i0.wp.com\/www.grieta.org.mx\/wp-content\/uploads\/2018\/03\/14524434_1106112876131411_958039263622046936_o.jpg?resize=700%2C400 2x"},"classes":[]}],"_links":{"self":[{"href":"http:\/\/www.grieta.org.mx\/index.php\/wp-json\/wp\/v2\/posts\/617","targetHints":{"allow":["GET"]}}],"collection":[{"href":"http:\/\/www.grieta.org.mx\/index.php\/wp-json\/wp\/v2\/posts"}],"about":[{"href":"http:\/\/www.grieta.org.mx\/index.php\/wp-json\/wp\/v2\/types\/post"}],"author":[{"embeddable":true,"href":"http:\/\/www.grieta.org.mx\/index.php\/wp-json\/wp\/v2\/users\/2"}],"replies":[{"embeddable":true,"href":"http:\/\/www.grieta.org.mx\/index.php\/wp-json\/wp\/v2\/comments?post=617"}],"version-history":[{"count":1,"href":"http:\/\/www.grieta.org.mx\/index.php\/wp-json\/wp\/v2\/posts\/617\/revisions"}],"predecessor-version":[{"id":618,"href":"http:\/\/www.grieta.org.mx\/index.php\/wp-json\/wp\/v2\/posts\/617\/revisions\/618"}],"wp:featuredmedia":[{"embeddable":true,"href":"http:\/\/www.grieta.org.mx\/index.php\/wp-json\/wp\/v2\/media\/21928"}],"wp:attachment":[{"href":"http:\/\/www.grieta.org.mx\/index.php\/wp-json\/wp\/v2\/media?parent=617"}],"wp:term":[{"taxonomy":"category","embeddable":true,"href":"http:\/\/www.grieta.org.mx\/index.php\/wp-json\/wp\/v2\/categories?post=617"},{"taxonomy":"post_tag","embeddable":true,"href":"http:\/\/www.grieta.org.mx\/index.php\/wp-json\/wp\/v2\/tags?post=617"}],"curies":[{"name":"wp","href":"https:\/\/api.w.org\/{rel}","templated":true}]}}