{"id":61695,"date":"2021-09-02T11:58:29","date_gmt":"2021-09-02T16:58:29","guid":{"rendered":"https:\/\/www.grieta.org.mx\/?p=61695"},"modified":"2021-09-15T12:12:55","modified_gmt":"2021-09-15T17:12:55","slug":"el-teatro-toca-la-vida","status":"publish","type":"post","link":"http:\/\/www.grieta.org.mx\/index.php\/2021\/09\/02\/el-teatro-toca-la-vida\/","title":{"rendered":"\u201cEl teatro toca la vida\u201d"},"content":{"rendered":"<p><strong>Ver\u00f3nica Maldonado hace teatro pol\u00edtico para ni\u00f1os, un teatro que acerca a las personas a facetas oscuras: abuso sexual infantil, violencia del narco, desaparici\u00f3n de personas; lo hace con la convicci\u00f3n de que es posible formar desde el teatro infancias felices y lugares en paz. La dramaturga trabaj\u00f3 recientemente con hijas e hijos de personas desaparecidas de Coatzacoalcos<\/strong><\/p>\n<p>Texto: Jos\u00e9 Ignacio De Alba<\/p>\n<p>Fotos: Mar\u00eda Ruiz<\/p>\n<p>VERACRUZ \/ CIUDAD DE M\u00c9XICO.- Ver\u00f3nica Maldonado, de oficio dramaturga, camina por un campo de poderosos verdes. El sitio, casi id\u00edlico, esconde una tragedia. Bajo las hojarascas y los arbustos, bajo la peque\u00f1a fosa de agua, puede estar el cuerpo de un ni\u00f1o que fue asesinado y enterrado en este lugar.<\/p>\n<p>La mujer, de 58 a\u00f1os, se mantiene atenta al paisaje selv\u00e1tico de Coatzacoalcos, busca indicios que ayuden a dar con el sitio donde pueda estar el cuerpo del chico. Es una tarea ardua, que el calor y los insectos hacen a\u00fan m\u00e1s agotadora. Ella usa una varilla para profundizar su rastreo, tal y como le explicaron: cuando hay un patr\u00f3n extra\u00f1o sobre el piso, clava el metal y lo extrae, con la esperanza de que la punta de su herramienta huela a carne.<\/p>\n<p>Ver\u00f3nica y un grupo de artistas acompa\u00f1an a varios familiares de personas desaparecidas en la b\u00fasqueda de Carlitos, de 12 a\u00f1os, en un rancho cercano al puerto petrolero del sur del estado de Veracruz. Para la dramaturga es una experiencia nueva, nada cercano a lo que ha vivido antes.<\/p>\n<p>Hace pausas en la b\u00fasqueda para anotar en una libreta sus observaciones. Es parad\u00f3jico, pero todos los elementos alrededor de la desaparici\u00f3n le servir\u00e1n para hacer una obra de teatro para ni\u00f1os.<\/p>\n<p>&nbsp;<\/p>\n<figure class=\"wp-block-image size-large\"><img loading=\"lazy\" decoding=\"async\" class=\"wp-image-74599\" src=\"https:\/\/piedepagina.mx\/wp-content\/uploads\/2021\/09\/pdp_narrativasymemorias_teatroinfantil_mariaruiz01-1200x801.jpg\" sizes=\"auto, (max-width: 1200px) 100vw, 1200px\" srcset=\"https:\/\/piedepagina.mx\/wp-content\/uploads\/2021\/09\/pdp_narrativasymemorias_teatroinfantil_mariaruiz01-1200x801.jpg 1200w, https:\/\/piedepagina.mx\/wp-content\/uploads\/2021\/09\/pdp_narrativasymemorias_teatroinfantil_mariaruiz01-450x300.jpg 450w, https:\/\/piedepagina.mx\/wp-content\/uploads\/2021\/09\/pdp_narrativasymemorias_teatroinfantil_mariaruiz01-768x512.jpg 768w, https:\/\/piedepagina.mx\/wp-content\/uploads\/2021\/09\/pdp_narrativasymemorias_teatroinfantil_mariaruiz01.jpg 1280w\" alt=\"\" width=\"1200\" height=\"801\" \/><figcaption>B\u00fasqueda en Coatzacoalcos, Veracruz.<\/figcaption><\/figure>\n<h3><strong>I. los ni\u00f1os<\/strong><\/h3>\n<p>Ver\u00f3nica es, adem\u00e1s de dramaturga, actriz y docente. Estudi\u00f3 literatura y teatro en la Universidad Nacional Aut\u00f3noma de M\u00e9xico y en su larga carrera ha recibido varios premios por su trabajo, que est\u00e1 centrado en la infancia.<\/p>\n<p>Hace teatro para ni\u00f1os. Pero no cualquier tipo de teatro. Lo que ella hace es teatro pol\u00edtico para ni\u00f1os.<\/p>\n<p>En una tertulia entre artistas y periodistas, organizada por el equipo de Pie de P\u00e1gina a finales de 2020, cont\u00f3 algunas de sus impresiones sobre el proceso creativo que tuvo con hijas e hijos de personas desaparecidas que forman parte del colectivo Madres en B\u00fasqueda de Coatzacoalcos:<\/p>\n<blockquote class=\"wp-block-quote\"><p>\u201cEs incre\u00edble que, a pesar de que los adultos cuidan mucho a los ni\u00f1os para que no sepan sobre la desaparici\u00f3n, los ni\u00f1os se dan perfectamente cuenta de lo que est\u00e1 sucediendo\u201d, expuso.<\/p>\n<p>Tambi\u00e9n explic\u00f3 que, a pesar de estar sometidos a situaciones terribles, dif\u00edcilmente se someten al horror: \u201cLos ni\u00f1os con los que habl\u00e9 en Coatzacoalcos tienen un gran deseo de cambiar la realidad\u201d.<\/p>\n<p>Carlitos, el chico desaparecido en el paraje veracruzano, tiene la misma edad que los menores con los que suele trabajar Ver\u00f3nica. La misma edad, tambi\u00e9n, que algunos de los ni\u00f1os con los que trabaj\u00f3 en Coatzacoalcos para construir y contar una historia que hablar\u00e1 sobre las personas ausentes.<\/p>\n<p><em>-\u00bfPor qu\u00e9 utilizar esta experiencia tan fuerte para present\u00e1rsela a ni\u00f1os?\u00a0<\/em><\/p>\n<p>\u201cPorque el arte puede tocar la vida\u201d, dice, en una breve entrevista en medio de la pandemia.<\/p>\n<p>Para la dramaturga el teatro debe ser sensible a estas realidades. Lo que propone, entonces, es llevar el teatro, sobre todo a estos sitios donde hay mucho dolor. Y trabajarlo, sobre todo, con los peque\u00f1os, que son los que pueden cambiar esas realidades.<\/p>\n<p>Lo supo en Coatzacoalcos:<\/p>\n<p>\u201cFue muy luminoso saber que, a pesar del horror, la infancia siempre conecta con la vida\u201d, dice. \u201cLa existencia de estos ni\u00f1os seguramente hace que la ausencia sea mucho menos pesada de llevar para las familias\u201d.<\/p>\n<p>&nbsp;<\/p>\n<h3><strong>II. El teatro<\/strong><\/h3>\n<p>Cuando Ver\u00f3nica se refiere al \u201cteatro que toca la vida\u201d, su teatro, cuenta dos an\u00e9cdotas.<\/p>\n<p>La primera ocurri\u00f3 en Oblatos, Jalisco. La dramaturga present\u00f3 <em>Valentina y la sombra del diablo<\/em>, una obra que trata sobre una ni\u00f1a que tiene miedo de ir a su habitaci\u00f3n, porque cuando no hay nadie cerca, la sombra del diablo se cuela y la obliga a jugar cosas que no le gustan. La sombra obliga a Valentina a no decir nada. El secreto es terrible para la ni\u00f1a, quien solo se logra deshacer del diablo siguiendo un camino de luz que le ayuda a revelar qui\u00e9n est\u00e1 detr\u00e1s de la sombra.<\/p>\n<div class=\"wp-block-image\">\n<figure class=\"alignright size-full is-resized\"><img loading=\"lazy\" decoding=\"async\" class=\"wp-image-74610\" src=\"https:\/\/piedepagina.mx\/wp-content\/uploads\/2021\/09\/villano.png\" sizes=\"auto, (max-width: 428px) 100vw, 428px\" srcset=\"https:\/\/piedepagina.mx\/wp-content\/uploads\/2021\/09\/villano.png 1200w, https:\/\/piedepagina.mx\/wp-content\/uploads\/2021\/09\/villano-450x300.png 450w, https:\/\/piedepagina.mx\/wp-content\/uploads\/2021\/09\/villano-768x512.png 768w\" alt=\"\" width=\"428\" height=\"285\" \/><\/figure>\n<\/div>\n<p>La obra, que es una figuraci\u00f3n sobre el abuso sexual, fue presentada en una comunidad marginada de Jalisco. Despu\u00e9s de algunas presentaciones, dos peque\u00f1as espectadoras se armaron de valor para decir, cada una a sus respectivas madres: \u201cMi pap\u00e1 \/ mi padrastro, me hace lo mismo que la sombra a Valentina\u201d. Las madres denunciaron a sus parejas y los abusadores est\u00e1n en la c\u00e1rcel.<\/p>\n<p>La segunda historia sucedi\u00f3 en la sierra de Sinaloa, una regi\u00f3n abandonada, que durante d\u00e9cadas ha sobrevivido por la producci\u00f3n de drogas, y donde las poblaciones quedaron a expensas de los se\u00f1ores del narco. Ah\u00ed, Ver\u00f3nica present\u00f3 <em>El viaje de Ulises<\/em>, una obra que trata sobre un ni\u00f1o que ha perdido a sus padres por la violencia y que a trav\u00e9s de un viaje trata de encontrar respuestas sobre su propia vida. El mensaje central de esa puesta en escena es la no violencia.<\/p>\n<p>Despu\u00e9s de la presentaci\u00f3n, un ni\u00f1o sugiri\u00f3: \u201cNos podemos deshacer del monstruo. Pero tenemos que ser todos, todos juntos. Si no, no se podr\u00e1\u201d.<\/p>\n<p>La obra, nada inocua, fue censurada por el presidente municipal del lugar.<\/p>\n<p>El teatro de Ver\u00f3nica acerca a las personas tambi\u00e9n a facetas oscuras. Se aleja de lo que ella llama \u201cel teatro sicario\u201d, que evade las cifras de desaparecidos, de asesinatos. Que se transita por territorios c\u00f3modos, los que hablan de los temas de modas: el <em>bullying<\/em>, las adicciones.<\/p>\n<p>Es un teatro duro, acepta, pero tambi\u00e9n resulta liberador. No se ajusta a complicidades.<\/p>\n<p>En un texto que escribi\u00f3 para la revista de la Universidad Nacional Aut\u00f3noma de M\u00e9xico, titulado \u201cTeatro para las infancias\u201d, Ver\u00f3nica hace una dura cr\u00edtica al valor tradicional que normalmente se le hace al teatro. Expone que el entretenimiento se ha usado como una herramienta de evasi\u00f3n, no como un elemento activo que ayude a cambiar las cosas.<\/p>\n<p>Ella, por el contrario, propone el teatro como una confrontaci\u00f3n, un llamado al cambio.<\/p>\n<blockquote class=\"wp-block-quote\"><p>\u201cLa evasi\u00f3n evita confrontar la realidad, y lo hace desde la mentira \u2013 escribe en el art\u00edculo-. La mentira de un teatro que le promete al ni\u00f1o un mundo seguro y feliz (\u2026) pero el problema con esta promesa es que, al terminar la funci\u00f3n, al salir del teatro, la realidad estar\u00e1 afuera, esper\u00e1ndonos a todos, adultos y ni\u00f1os\u201d.<\/p><\/blockquote>\n<p>Por eso, insiste: \u201cel teatro pol\u00edtico no es un teatro de lo est\u00e1tico, es el teatro del cambio y de la pregunta (\u2026) No se puede pensar en un cambio del mundo si se sigue educando a los ni\u00f1os para el sometimiento y el conformismo, para portarse bien sin cuestionar, para seguir los mismos patrones de conducta que nos han llevado al punto en donde estamos como sociedad. No se puede cambiar nada desde la continuidad de sistemas sociales inhumanos y totalitarios. El teatro no puede volverse c\u00f3mplice de esto\u201d.<\/p>\n<p>&nbsp;<\/p>\n<div class=\"wp-block-image\">\n<figure class=\"alignleft size-full is-resized\"><img loading=\"lazy\" decoding=\"async\" class=\"wp-image-74606\" src=\"https:\/\/piedepagina.mx\/wp-content\/uploads\/2021\/09\/titere03.png\" sizes=\"auto, (max-width: 218px) 100vw, 218px\" srcset=\"https:\/\/piedepagina.mx\/wp-content\/uploads\/2021\/09\/titere03.png 469w, https:\/\/piedepagina.mx\/wp-content\/uploads\/2021\/09\/titere03-202x300.png 202w\" alt=\"\" width=\"218\" height=\"323\" \/><\/figure>\n<\/div>\n<h3><strong>III. La esperanza<\/strong><\/h3>\n<p>Durante a\u00f1os, Ver\u00f3nica se ha dedicado a construir un teatro sensible a la realidad, pero tambi\u00e9n resuelto a cambiarla. Para ella, el arte concentra muchas cosas. Sobre todo, para sanar.<\/p>\n<p>\u201cYo estoy convencida de que el arte tiene la capacidad de limpiar, de curar\u201d, explica.<\/p>\n<p>Tambi\u00e9n est\u00e1 segura de que luchar contra sistemas sociales injustos o inhumanos es una forma de vida y de hacer teatro.<\/p>\n<p>Esta parte de la conversaci\u00f3n la remite a una frase del escritor italiano Primo Levi, sobreviviente del holocausto: <em>\u201cen el campo de concentraci\u00f3n, los que obedec\u00edan en todo, los que procuraban pasar desapercibidos, los que no protestaban ni se met\u00edan en problemas, los que aceptaban el estado de cosas sin pesta\u00f1ear\u2026 eran los primeros en morir\u201d.<\/em><\/p>\n<p>Con esa visi\u00f3n trabaja Ver\u00f3nica:<\/p>\n<p>\u201cAspiro a escribir un teatro que le comparta al ni\u00f1o lo que Primo Levy me revel\u00f3: alinearse, conformarse, obedecer sin cuestionar, mata\u201d.<\/p>\n<p>Despu\u00e9s de la b\u00fasqueda de Carlitos, Ver\u00f3nica organiz\u00f3 un taller para las hijas y los hijos del grupo de Madres en B\u00fasqueda de Coatzacoalcos.<\/p>\n<p>Mientras sus familiares trabajaban con los otros artistas, en talleres de escritura, grabado o m\u00fasica, ella y Sandra Reyes, actriz y titiritera, hicieron con los ni\u00f1os un teatro gui\u00f1ol para contar la historia de Mar\u00eda Azucena, <em>Xuxe<\/em>, una ni\u00f1a que vive con su abuela en Veracruz.<\/p>\n<p><em>\u201cXuxe vive con su abuela porque su pap\u00e1 se fue a Estados Unidos a trabajar. Y tambi\u00e9n porque un d\u00eda, su mam\u00e1 y su t\u00eda se fueron por agua al r\u00edo y no volvieron. Dicen que no volvieron porque junto al r\u00edo hay seres misteriosos, hay seres sombr\u00edos. Xuxe no sabe si esto es cierto, pero sabe que su abuela, desde que su mam\u00e1 y su t\u00eda no volvieron, est\u00e1 muy triste\u2026\u201d<\/em><\/p>\n<p>La ni\u00f1a emprende una aventura con su perrito <em>Yolpaquilistli<\/em> para buscar el alma de su abuela, que est\u00e1 junto al r\u00edo.<\/p>\n<div class=\"wp-block-image\">\n<figure class=\"alignright size-full\"><img loading=\"lazy\" decoding=\"async\" class=\"wp-image-74612\" src=\"https:\/\/piedepagina.mx\/wp-content\/uploads\/2021\/09\/titere04.png\" alt=\"\" width=\"214\" height=\"267\" \/><\/figure>\n<\/div>\n<p>Despu\u00e9s de algunas horas de trabajo en la elaboraci\u00f3n de los personajes y la creaci\u00f3n de la historia, los ni\u00f1os mostraron a los adultos su obra, que en un momento de la historia se cuestiona: \u201cSi los polic\u00edas y militares fueron ni\u00f1os, \u00bfqu\u00e9 pas\u00f3 con ellos? \u00bfQu\u00e9 fue lo que les hizo pensar que se pod\u00eda tomar la vida de otro?\u201d<\/p>\n<p>Hay otros elementos destacados de esa historia. Por ejemplo, que a la mitad de la obra el perrito deja de ser <em>Yolpaquilistli<\/em> y se convierte en <em>Yolpaquilistla.<\/em><\/p>\n<p>Ver\u00f3nica est\u00e1 segura de que es posible formar, desde el teatro, \u201cinfancias felices, lugares en paz\u201d.<\/p>\n<p>Por eso, al regresar a Ciudad de M\u00e9xico, Ver\u00f3nica comenz\u00f3 a trabajar en el gui\u00f3n de una obra de teatro basada en la historia de Xuxe.<\/p>\n<p>El resultado es \u201cXuxe entre los Xantiles\u201d, la historia de una ni\u00f1a que usa el amor para sobrevivir a la ausencia de seres queridos y lucha para encontrarlos.<\/p>\n<p><em>\u201cSiempre voy a estar<\/em><\/p>\n<p><em>donde t\u00fa me busques,<\/em><\/p>\n<p><em>si t\u00fa no me olvidas,<\/em><\/p>\n<p><em>me vas a encontrar.<\/em><\/p>\n<p><em>En tu caminar\u2026yo voy a volar,<\/em><\/p>\n<p><em>En tu respirar, voy a suspirar.<\/em><\/p>\n<p><em>Todo lo que veas, eso mirar\u00e9<\/em><\/p>\n<p><em>Y en todos tus sue\u00f1os, all\u00ed vivir\u00e9\u2026<\/em><\/p>\n<p><em>En el br\u00efllo del sol, al env\u00e9s de una hojita,<\/em><\/p>\n<p><em>en lo alto del nido de una pajarita\u2026<\/em><\/p>\n<p><em>All\u00ed voy a estar, esper\u00e1ndote\u2026<\/em><\/p>\n<p><em>me vas a encontrar, esper\u00e1ndote<\/em><\/p>\n<p><em>en la arena del mar, esper\u00e1ndote\u2026<\/em><\/p>\n<p><em>en el agua, en el aire, esper\u00e1ndote\u201d.<\/em><\/p>\n<p>Extracto de \u201cXuxe entre los Xantiles\u201d, gui\u00f3n original de Ver\u00f3nica Maldonado (2021).<\/p>\n<p>&nbsp;<\/p>\n<p>&nbsp;<\/p>\n<h3><strong>Ep\u00edlogo<\/strong><\/h3>\n<p>En la tertulia con periodistas, Ver\u00f3nica explic\u00f3 que sus vivencias en Coatzacoalcos le marcaron profundamente, en un doble sentido: \u201cFue una experiencia fuerte, pero tambi\u00e9n fue una experiencia muy amorosa. Me llen\u00f3 mucho de esperanza\u201d.<\/p>\n<p>Ahora piensa que el acompa\u00f1amiento entre las mujeres que buscan a sus parejas o a sus hijos y la esperanza con la que se realizan las b\u00fasquedas son tambi\u00e9n la otra faceta del horror. Un aspecto poco contado y que contiene una poderosa herramienta de cambio.<\/p><\/blockquote>\n<p>&nbsp;<\/p>\n<p><a href=\"https:\/\/piedepagina.mx\/el-teatro-toca-la-vida\/\" rel=\"noopener\" target=\"_blank\">https:\/\/piedepagina.mx\/el-teatro-toca-la-vida\/<\/a><\/p>\n","protected":false},"excerpt":{"rendered":"<p>Ver\u00f3nica Maldonado hace teatro pol\u00edtico para ni\u00f1os, un teatro que acerca a las personas a facetas oscuras: abuso sexual infantil, violencia del narco, desaparici\u00f3n de personas; lo hace con la &hellip; <a href=\"http:\/\/www.grieta.org.mx\/index.php\/2021\/09\/02\/el-teatro-toca-la-vida\/\" class=\"more-link\">Leer m\u00e1s<\/a><\/p>\n","protected":false},"author":2,"featured_media":61700,"comment_status":"closed","ping_status":"closed","sticky":false,"template":"","format":"standard","meta":{"ngg_post_thumbnail":0,"_jetpack_newsletter_access":"","_jetpack_dont_email_post_to_subs":false,"_jetpack_newsletter_tier_id":0,"_jetpack_memberships_contains_paywalled_content":false,"_jetpack_memberships_contains_paid_content":false,"footnotes":""},"categories":[80,1987,2,2851,35],"tags":[2362,3756],"class_list":["post-61695","post","type-post","status-publish","format-standard","has-post-thumbnail","hentry","category-cintillo","category-la-ninez-en-la-tormenta-en-veracruz","category-noticias-nacionales","category-red-de-resistencia-y-rebeldia-en-veracruz","category-veracruz","tag-la-ninez-en-la-tormenta","tag-teatro","entry"],"jetpack_featured_media_url":"http:\/\/www.grieta.org.mx\/wp-content\/uploads\/2021\/09\/pdp_narrativasymemorias_teatroinfantil_mariaruiz00.jpeg","jetpack_sharing_enabled":true,"jetpack_shortlink":"https:\/\/wp.me\/p7ZJR4-g35","jetpack_likes_enabled":false,"jetpack-related-posts":[{"id":31090,"url":"http:\/\/www.grieta.org.mx\/index.php\/2019\/03\/14\/ninos-migrantes-bajo-amenaza-del-crimen-en-travesia-por-veracruz\/","url_meta":{"origin":61695,"position":0},"title":"Ni\u00f1os migrantes, bajo amenaza del crimen en traves\u00eda por Veracruz","author":"grieta","date":"14 marzo, 2019","format":false,"excerpt":"Redacci\u00f3n \/ Imagen del Golfo En el intento por llegar a los Estados Unidos, los hijos de los indocumentados centroamericanos sufren serias consecuencias durante el viaje, pueden ser blancos de todo tipo de peligros, que podr\u00edan arrebatarles la vida, como son accidentes viales o caer en manos de la delincuencia\u2026","rel":"","context":"En &quot;CINTILLO&quot;","block_context":{"text":"CINTILLO","link":"http:\/\/www.grieta.org.mx\/index.php\/category\/cintillo\/"},"img":{"alt_text":"","src":"https:\/\/i0.wp.com\/www.grieta.org.mx\/wp-content\/uploads\/2019\/03\/560255_d.jpg?resize=350%2C200","width":350,"height":200,"srcset":"https:\/\/i0.wp.com\/www.grieta.org.mx\/wp-content\/uploads\/2019\/03\/560255_d.jpg?resize=350%2C200 1x, https:\/\/i0.wp.com\/www.grieta.org.mx\/wp-content\/uploads\/2019\/03\/560255_d.jpg?resize=525%2C300 1.5x"},"classes":[]},{"id":51040,"url":"http:\/\/www.grieta.org.mx\/index.php\/2020\/06\/18\/justiciaparajoseantonio-matan-a-nino-de-10-anos-en-acayucan-veracruz\/","url_meta":{"origin":61695,"position":1},"title":"#JusticiaParaJos\u00e9Antonio: Matan a ni\u00f1o de 10 a\u00f1os en Acayucan, Veracruz","author":"grieta","date":"18 junio, 2020","format":false,"excerpt":"Redacci\u00f3n \/ Animal Pol\u00edtico Jos\u00e9 Antonio, un ni\u00f1o de 10 a\u00f1os que trabajaba para apoyar a su madre, fue asesinado en el municipio de Acayucan, Veracruz. La Fiscal\u00eda General de Veracruz se\u00f1al\u00f3 que su cuerpo fue localizado la tarde del martes en un terreno bald\u00edo del barrio La Palma, en\u2026","rel":"","context":"En &quot;CINTILLO&quot;","block_context":{"text":"CINTILLO","link":"http:\/\/www.grieta.org.mx\/index.php\/category\/cintillo\/"},"img":{"alt_text":"","src":"https:\/\/i0.wp.com\/www.grieta.org.mx\/wp-content\/uploads\/2020\/06\/Screenshot_2020-06-19-JusticiaParaJos%C3%A9Antonio-Matan-a-ni%C3%B1o-de-10-a%C3%B1os-en-Acayucan-Veracruz.png?resize=350%2C200","width":350,"height":200,"srcset":"https:\/\/i0.wp.com\/www.grieta.org.mx\/wp-content\/uploads\/2020\/06\/Screenshot_2020-06-19-JusticiaParaJos%C3%A9Antonio-Matan-a-ni%C3%B1o-de-10-a%C3%B1os-en-Acayucan-Veracruz.png?resize=350%2C200 1x, https:\/\/i0.wp.com\/www.grieta.org.mx\/wp-content\/uploads\/2020\/06\/Screenshot_2020-06-19-JusticiaParaJos%C3%A9Antonio-Matan-a-ni%C3%B1o-de-10-a%C3%B1os-en-Acayucan-Veracruz.png?resize=525%2C300 1.5x, https:\/\/i0.wp.com\/www.grieta.org.mx\/wp-content\/uploads\/2020\/06\/Screenshot_2020-06-19-JusticiaParaJos%C3%A9Antonio-Matan-a-ni%C3%B1o-de-10-a%C3%B1os-en-Acayucan-Veracruz.png?resize=700%2C400 2x, https:\/\/i0.wp.com\/www.grieta.org.mx\/wp-content\/uploads\/2020\/06\/Screenshot_2020-06-19-JusticiaParaJos%C3%A9Antonio-Matan-a-ni%C3%B1o-de-10-a%C3%B1os-en-Acayucan-Veracruz.png?resize=1050%2C600 3x"},"classes":[]},{"id":53343,"url":"http:\/\/www.grieta.org.mx\/index.php\/2020\/08\/25\/preocupa-aumento-en-desapariciones-de-menores-en-veracruz-solecito\/","url_meta":{"origin":61695,"position":2},"title":"Preocupa aumento en desapariciones de menores en Veracruz: Solecito","author":"grieta","date":"25 agosto, 2020","format":false,"excerpt":"MARCELO L. BERMUDEZ \/ La Silla Rota Por medio de sus redes sociales, integrantes del Colectivo Solecito de b\u00fasqueda de desaparecidos, expresaron su preocupaci\u00f3n por las recientes desapariciones de menores de edad en Veracruz, que en los dos meses anteriores suman al menos 21 casos reportados por la Comisi\u00f3n Estatal\u2026","rel":"","context":"En &quot;CINTILLO&quot;","block_context":{"text":"CINTILLO","link":"http:\/\/www.grieta.org.mx\/index.php\/category\/cintillo\/"},"img":{"alt_text":"","src":"https:\/\/i0.wp.com\/www.grieta.org.mx\/wp-content\/uploads\/2020\/09\/screenshot20200825facebook-focus-0-0-983-557.jpg?resize=350%2C200","width":350,"height":200,"srcset":"https:\/\/i0.wp.com\/www.grieta.org.mx\/wp-content\/uploads\/2020\/09\/screenshot20200825facebook-focus-0-0-983-557.jpg?resize=350%2C200 1x, https:\/\/i0.wp.com\/www.grieta.org.mx\/wp-content\/uploads\/2020\/09\/screenshot20200825facebook-focus-0-0-983-557.jpg?resize=525%2C300 1.5x, https:\/\/i0.wp.com\/www.grieta.org.mx\/wp-content\/uploads\/2020\/09\/screenshot20200825facebook-focus-0-0-983-557.jpg?resize=700%2C400 2x"},"classes":[]},{"id":32687,"url":"http:\/\/www.grieta.org.mx\/index.php\/2019\/04\/27\/guanajuato-tiene-el-mayor-numero-de-asesinatos-de-menores\/","url_meta":{"origin":61695,"position":3},"title":"Guanajuato tiene el mayor n\u00famero de asesinatos de menores","author":"grieta","date":"27 abril, 2019","format":false,"excerpt":"Durante los primeros meses de este a\u00f1o, en el pa\u00eds 285 menores fueron v\u00edctimas de homicidio y Guanajuato cuenta con el mayor n\u00famero de casos, con 35 AM, Le\u00f3n Guanajuato\/ Redacci\u00f3n, 27 de Abril de 2019 Durante el primer trimestre del a\u00f1o, 285 menores de edad fueron asesinados en el\u2026","rel":"","context":"En &quot;Chihuahua&quot;","block_context":{"text":"Chihuahua","link":"http:\/\/www.grieta.org.mx\/index.php\/category\/noticias-nacionales\/chihuahua\/"},"img":{"alt_text":"","src":"https:\/\/i0.wp.com\/www.grieta.org.mx\/wp-content\/uploads\/2018\/03\/14524434_1106112876131411_958039263622046936_o.jpg?resize=350%2C200","width":350,"height":200,"srcset":"https:\/\/i0.wp.com\/www.grieta.org.mx\/wp-content\/uploads\/2018\/03\/14524434_1106112876131411_958039263622046936_o.jpg?resize=350%2C200 1x, https:\/\/i0.wp.com\/www.grieta.org.mx\/wp-content\/uploads\/2018\/03\/14524434_1106112876131411_958039263622046936_o.jpg?resize=525%2C300 1.5x, https:\/\/i0.wp.com\/www.grieta.org.mx\/wp-content\/uploads\/2018\/03\/14524434_1106112876131411_958039263622046936_o.jpg?resize=700%2C400 2x"},"classes":[]},{"id":70837,"url":"http:\/\/www.grieta.org.mx\/index.php\/2025\/01\/10\/ecos-de-la-primera-sesion-de-los-encuentros-de-resistencia-y-rebeldia-diciembre-2024-y-1-2-de-enero-2025-la-tormenta-y-el-dia-despues-teatro-zapatista\/","url_meta":{"origin":61695,"position":4},"title":"Ecos de la Primera Sesi\u00f3n de los Encuentros de Resistencia y Rebeld\u00eda. Diciembre 2024 y 1-2 de enero 2025.  La Tormenta y el D\u00eda Despu\u00e9s. Teatro Zapatista","author":"grieta","date":"10 enero, 2025","format":false,"excerpt":"Ecos de la Primera Sesi\u00f3n de los Encuentros de Resistencia y Rebeld\u00eda. Diciembre 2024 y 1-2 de enero 2025. La Tormenta y el D\u00eda Despu\u00e9s. Teatro Zapatista MARTES 31 DE DICIEMBRE DE 2024 EL CAPITALISMO: CRUEL, INHUMANO Y CRIMINAL OBRAS DE TEATRO Escena 1\u00a0 DESCARGAR VIDEO \u00a0 Escena 2\u00a0 DESCARGAR\u2026","rel":"","context":"En &quot;CINTILLO&quot;","block_context":{"text":"CINTILLO","link":"http:\/\/www.grieta.org.mx\/index.php\/category\/cintillo\/"},"img":{"alt_text":"","src":"https:\/\/i0.wp.com\/www.grieta.org.mx\/wp-content\/uploads\/2025\/01\/cintillo_teatro.jpg?resize=350%2C200","width":350,"height":200,"srcset":"https:\/\/i0.wp.com\/www.grieta.org.mx\/wp-content\/uploads\/2025\/01\/cintillo_teatro.jpg?resize=350%2C200 1x, https:\/\/i0.wp.com\/www.grieta.org.mx\/wp-content\/uploads\/2025\/01\/cintillo_teatro.jpg?resize=525%2C300 1.5x, https:\/\/i0.wp.com\/www.grieta.org.mx\/wp-content\/uploads\/2025\/01\/cintillo_teatro.jpg?resize=700%2C400 2x"},"classes":[]},{"id":29995,"url":"http:\/\/www.grieta.org.mx\/index.php\/2019\/02\/26\/pobreza-engulle-a-65-8-de-ninos-de-veracruz-refieren\/","url_meta":{"origin":61695,"position":5},"title":"Pobreza &#8216;engulle&#8217; a 65.8% de ni\u00f1os de Veracruz, refieren","author":"grieta","date":"26 febrero, 2019","format":false,"excerpt":"Ariadna Garc\u00eda \/ Imagen del Golfo De acuerdo con los \u00faltimos datos del Consejo Nacional de Evaluaci\u00f3n de la Pol\u00edtica de Desarrollo Social, en el estado de Veracruz el 65.8 por ciento de los ni\u00f1os, ni\u00f1as y adolescentes viven en pobreza asever\u00f3 la directora nacional de World Vision, Silvia Novoa\u2026","rel":"","context":"En &quot;CINTILLO&quot;","block_context":{"text":"CINTILLO","link":"http:\/\/www.grieta.org.mx\/index.php\/category\/cintillo\/"},"img":{"alt_text":"","src":"https:\/\/i0.wp.com\/www.grieta.org.mx\/wp-content\/uploads\/2018\/03\/14524434_1106112876131411_958039263622046936_o.jpg?resize=350%2C200","width":350,"height":200,"srcset":"https:\/\/i0.wp.com\/www.grieta.org.mx\/wp-content\/uploads\/2018\/03\/14524434_1106112876131411_958039263622046936_o.jpg?resize=350%2C200 1x, https:\/\/i0.wp.com\/www.grieta.org.mx\/wp-content\/uploads\/2018\/03\/14524434_1106112876131411_958039263622046936_o.jpg?resize=525%2C300 1.5x, https:\/\/i0.wp.com\/www.grieta.org.mx\/wp-content\/uploads\/2018\/03\/14524434_1106112876131411_958039263622046936_o.jpg?resize=700%2C400 2x"},"classes":[]}],"_links":{"self":[{"href":"http:\/\/www.grieta.org.mx\/index.php\/wp-json\/wp\/v2\/posts\/61695","targetHints":{"allow":["GET"]}}],"collection":[{"href":"http:\/\/www.grieta.org.mx\/index.php\/wp-json\/wp\/v2\/posts"}],"about":[{"href":"http:\/\/www.grieta.org.mx\/index.php\/wp-json\/wp\/v2\/types\/post"}],"author":[{"embeddable":true,"href":"http:\/\/www.grieta.org.mx\/index.php\/wp-json\/wp\/v2\/users\/2"}],"replies":[{"embeddable":true,"href":"http:\/\/www.grieta.org.mx\/index.php\/wp-json\/wp\/v2\/comments?post=61695"}],"version-history":[{"count":1,"href":"http:\/\/www.grieta.org.mx\/index.php\/wp-json\/wp\/v2\/posts\/61695\/revisions"}],"predecessor-version":[{"id":61708,"href":"http:\/\/www.grieta.org.mx\/index.php\/wp-json\/wp\/v2\/posts\/61695\/revisions\/61708"}],"wp:featuredmedia":[{"embeddable":true,"href":"http:\/\/www.grieta.org.mx\/index.php\/wp-json\/wp\/v2\/media\/61700"}],"wp:attachment":[{"href":"http:\/\/www.grieta.org.mx\/index.php\/wp-json\/wp\/v2\/media?parent=61695"}],"wp:term":[{"taxonomy":"category","embeddable":true,"href":"http:\/\/www.grieta.org.mx\/index.php\/wp-json\/wp\/v2\/categories?post=61695"},{"taxonomy":"post_tag","embeddable":true,"href":"http:\/\/www.grieta.org.mx\/index.php\/wp-json\/wp\/v2\/tags?post=61695"}],"curies":[{"name":"wp","href":"https:\/\/api.w.org\/{rel}","templated":true}]}}