{"id":61586,"date":"2021-09-08T12:54:44","date_gmt":"2021-09-08T17:54:44","guid":{"rendered":"https:\/\/www.grieta.org.mx\/?p=61586"},"modified":"2021-09-11T13:06:25","modified_gmt":"2021-09-11T18:06:25","slug":"parque-resistencia-huentitan-la-lucha-no-termina-jalisco","status":"publish","type":"post","link":"http:\/\/www.grieta.org.mx\/index.php\/2021\/09\/08\/parque-resistencia-huentitan-la-lucha-no-termina-jalisco\/","title":{"rendered":"Parque Resistencia Huentit\u00e1n: La lucha no termina (Jalisco)"},"content":{"rendered":"<p>Foto: Parque Resistencia Huentit\u00e1n<\/p>\n<p><b>Pese a los actos de represi\u00f3n cometidos contra quienes se encontraban en guardia nocturna en el Parque Resistencia Huentit\u00e1n, el pasado 20 de agosto, la lucha por recuperar este espacio urbano de los intereses inmobiliarios no ha cesado.<\/b><\/p>\n<p><b>Arturo Mendoza Monta\u00f1o, presidente del consejo social de Huentitan El Bajo Secci\u00f3n 2 y miembro del colectivo vecinal \u00danete Huentit\u00e1n, nos cuenta como la resistencia se gesta desde fuera del Parque y mediante diversos procesos legales.<\/b><\/p>\n<p>Josu\u00e9 Ibarra \/ Zona Docs<\/p>\n<p><strong>\u201cNosotros como colectivo vecinal de aqu\u00ed de Huentit\u00e1n tenemos ocho a\u00f1os defendiendo toda esta zona, porque para nosotros toda la zona es una reserva ambiental que ha sido afectada no solo ahorita, sino desde hace 14 a\u00f1os por la pol\u00edtica estatal y por la de los gobiernos municipales se han buscado imponer diversos megaproyectos en la zona\u201d, as\u00ed inici\u00f3 la charla con Arturo Mendoza Monta\u00f1o, vecino de Huentit\u00e1n que rememora que la lucha por esta zona se ha logrado reponer a los intereses inmobiliarios que han sido apoyados por m\u00e1s de una administraci\u00f3n estatal y municipal.<\/strong><\/p>\n<p>Lo ocurrido, el pasado 19 de agosto, es para los vecinos de Huentit\u00e1n una acci\u00f3n represiva que\u00a0<strong>ha dejado muy claro a qui\u00e9n apoyan las autoridades jaliscienses<\/strong>, pues que se haya dado cumplimiento a un mandamiento del Juez D\u00e9cimo de Control, Enjuiciamiento y Justicia Integral para Adolescentes del Primer Distrito Judicial, para que el inmueble fuera restituido a las empresas Hoteles Riviera Deluxe y Hotelera Salamanca,\u00a0<strong>les comprob\u00f3 que no hay inter\u00e9s por escuchar sus exigencias y demandas.<\/strong><\/p>\n<p>Cuestiones que llevan se\u00f1alando en cada uno de los tres megaproyectos que ya se han buscado imponer en la zona<\/p>\n<p><strong>\u201cDesde 2008 se inici\u00f3 la construcci\u00f3n de tres principales megaproyectos que son la base de nuestras afectaciones; uno correspond\u00eda al museo antiguamente llamado Guggenheim, que ahora es Museo de Arte Moderno y Contempor\u00e1neo, el cual est\u00e1 ubicado en la \u00faltima parte del Parque Mirador; ah\u00ed se apropiaron 6,7 hect\u00e1reas y llevan gastados m\u00e1s de 600 millones de pesos\u201d.<\/strong><\/p>\n<p>La realizaci\u00f3n de esta obra privada se est\u00e1 realizando mediante un fideicomiso p\u00fablico en donde se ha favorecido a la asociaci\u00f3n Guadalajara Capital Cultural, la<strong>\u00a0cual es encabezada por\u00a0<\/strong><strong>Aurelio L\u00f3pez Rocha, exsecretario de Turismo en la administraci\u00f3n de Emilio Gonz\u00e1lez M\u00e1rquez.<\/strong><\/p>\n<p><strong>\u201cEl segundo proyecto que lleg\u00f3 a la zona es la Arena Guadalajara que comprend\u00eda de 22 hect\u00e1reas y se construir\u00eda donde antes estaba el antiguo ex planetario, el cual est\u00e1 en la parte trasera del terreno de ICONIA\u201d.<\/strong><\/p>\n<p>Esta Arena hubiese sido la\u00a0segunda m\u00e1s grande del pa\u00eds en capacidad; sin embargo, vecinos de Huentit\u00e1n, entre ellos Arturo Mendoza, lograron que el Juzgado Quinto en Materia Administrativa\u00a0<strong>otorg\u00f3 el amparo 119\/2015 para suspender su construcci\u00f3n.<\/strong><\/p>\n<p>El tercer megaproyecto que se ha buscado imponer en la zona es ICONIA, lugar donde ahora se ubica el Parque Resistencia Huentit\u00e1n.<\/p>\n<p><strong>\u201cEl proyecto de Iconia abarca 13,6 hect\u00e1reas y se ubica en el cruce del Perif\u00e9rico y la Calzada Independencia; ah\u00ed nosotros entramos el 29 de marzo a sembrar 580 \u00e1rboles. De forma pac\u00edfica ah\u00ed duramos 144 d\u00edas en posesi\u00f3n del terreno, en todos esos d\u00edas que estuvimos sembramos mil 980 \u00e1rboles para ser exactos; sin embargo, la autoridad nos fue a desalojar\u201d.<\/strong><\/p>\n<p>El miembro del colectivo vecinal \u00danete Huentit\u00e1n record\u00f3 que esa acci\u00f3n se dio sin una orden judicial v\u00e1lida.<\/p>\n<p><strong>\u201cLa orden de desalojo era totalmente ilegal y ten\u00eda bastantes irregularidades, producto de que fue elaborada al vaporazo, tres horas antes por un juez, que yo me imagino que fue presionado para trabajar tan r\u00e1pido en esos momentos y a esa hora de la noche para sacar esa orden. Ese d\u00eda ellos entraron por la fuerza y en el supuesto de que se promovi\u00f3 esa acci\u00f3n por parte de un privado, as\u00ed que debi\u00f3 haber sido el desalojo sobre el \u00e1rea que estaba destinada de la propiedad privada; sin embargo, lo hicieron de todo el \u00e1rea, incluida la parte que corresponde al gobierno estatal y la parte que corresponde al gobierno municipal, quienes no promovieron ning\u00fan desalojo, pero ah\u00ed se muestran c\u00f3mo est\u00e1n ligados los intereses del gobierno corrupto actual con las mafias inmobiliarias\u201d.<\/strong><\/p>\n<p><b>Acciones legales en torno a la resistencia<\/b><\/p>\n<p>Arturo Mendoza habl\u00f3 de las acciones legales que est\u00e1n tomando actualmente como colectivo \u00danete Huentitan, integrada por vecinos de las colonias: Huentit\u00e1n El Bajo, Panor\u00e1mica Uno y Dos no, Huentit\u00e1n del bajo Uno y Dos; adem\u00e1s de vecinos de Lomas del Para\u00edso, El Planetario, Rancho Nuevo y La Joyita.<\/p>\n<p><strong>\u201cAhorita se est\u00e1 convocando a realizar una denuncia colectiva, estamos recopilando firmas para hacerle llegar esta denuncia a las autoridades tanto locales como estatales, a la Procuradur\u00eda General de la Rep\u00fablica, al Fiscal Anticorrupci\u00f3n del Estado. Tenemos adem\u00e1s tres amparos en proceso por medio de los cuales vamos a trabar esta situaci\u00f3n, porque a todas luces fue un despojo, un fraude y un robo tanto a la comunidad de Huentit\u00e1n, como a toda la ciudadan\u00eda de Jalisco y Guadalajara\u201d.<\/strong><\/p>\n<p>Sobre este punto remarc\u00f3 que pese a lo complicado que es un proceso legal, resistir\u00e1n.<\/p>\n<p><strong>\u201cNosotros no vamos a claudicar, hemos estado luchando desde hace tiempo, primero contra la gente del PAN que estuvo en el gobierno, despu\u00e9s contra la gente del PRI que los secund\u00f3, y ahorita contra la gente de Movimioento Ciudadano, que son los que nos dieron la estocada final en el caso de ICONIA porque renovaron el contrato del fideicomiso y les dieron menos contraprestaciones, o sea menos obligaciones a los empresarios, los cuales no han cumplido y no han pagado nada; pese a ello, el gobierno actual prefiri\u00f3 lanzarnos a nosotros a la calle y ponerse de lado de la mafia inmobiliaria y los depredadores, pero nosotros no vamos a desistir\u201d.<\/strong><\/p>\n<p>Para concluir el presidente consejo social de Huentit\u00e1n El Bajo, Secci\u00f3n 2, mencion\u00f3 las actividades que realizar\u00e1n pr\u00f3ximamente para seguir defendiendo su parque:\u00a0<strong>\u201cTenemos programados varios eventos en septiembre que van a ser efectuados en la entrada del Parque Resistencia Huentit\u00e1n, nosotros seguimos en pie de lucha para recuperar esos terrenos que son del pueblo\u201d.<\/strong><\/p>\n<p>Los eventos ser\u00e1n realizados el d\u00eda 10 y 16 de septiembre en la entrada del Parque Resistencia Huentitan; el d\u00eda 10, se realizar\u00e1 un acto religioso. El 16 de septiembre van a realizar \u201cEl Grito de Resistencia\u201d.<\/p>\n<p><a href=\"https:\/\/www.zonadocs.mx\/2021\/09\/08\/parque-resistencia-huentitan-la-lucha-no-termina\/\">https:\/\/www.zonadocs.mx\/2021\/09\/08\/parque-resistencia-huentitan-la-lucha-no-termina\/<\/a><\/p>\n<p>&nbsp;<\/p>\n","protected":false},"excerpt":{"rendered":"<p>Foto: Parque Resistencia Huentit\u00e1n Pese a los actos de represi\u00f3n cometidos contra quienes se encontraban en guardia nocturna en el Parque Resistencia Huentit\u00e1n, el pasado 20 de agosto, la lucha &hellip; <a href=\"http:\/\/www.grieta.org.mx\/index.php\/2021\/09\/08\/parque-resistencia-huentitan-la-lucha-no-termina-jalisco\/\" class=\"more-link\">Leer m\u00e1s<\/a><\/p>\n","protected":false},"author":2,"featured_media":61587,"comment_status":"closed","ping_status":"closed","sticky":false,"template":"","format":"standard","meta":{"ngg_post_thumbnail":0,"_jetpack_newsletter_access":"","_jetpack_dont_email_post_to_subs":false,"_jetpack_newsletter_tier_id":0,"_jetpack_memberships_contains_paywalled_content":false,"_jetpack_memberships_contains_paid_content":false,"footnotes":""},"categories":[80,2374,1736,1278,20,2,83],"tags":[1046,1210,628,1704,2942],"class_list":["post-61586","post","type-post","status-publish","format-standard","has-post-thumbnail","hentry","category-cintillo","category-conflictos-por-desarrollos-inmobiliarios-en-jalisco","category-despojo-de-territorio-en-jalisco","category-despojo-de-tierras-y-territorios","category-jalisco","category-noticias-nacionales","category-temas-nacionales","tag-cartel-inmobiliario","tag-conflictos-por-desarrollos-inmobiliarios","tag-defensa-del-territorio","tag-desarrollos-inmobiliarios","tag-despojo-de-tierras-por-inmobiliarias","entry"],"jetpack_featured_media_url":"http:\/\/www.grieta.org.mx\/wp-content\/uploads\/2021\/09\/E-tQr3jX0AMVOXb-1068x801-1.jpeg","jetpack_sharing_enabled":true,"jetpack_shortlink":"https:\/\/wp.me\/p7ZJR4-g1k","jetpack_likes_enabled":false,"jetpack-related-posts":[{"id":64875,"url":"http:\/\/www.grieta.org.mx\/index.php\/2022\/08\/19\/parque-resistencia-huentitan-tras-un-ano-del-desalojo-violento-activistas-refrendan-su-lucha-jalisco\/","url_meta":{"origin":61586,"position":0},"title":"Parque Resistencia Huentit\u00e1n: Tras un a\u00f1o del desalojo violento, activistas refrendan su lucha (Jalisco)","author":"grieta","date":"19 agosto, 2022","format":false,"excerpt":"Imagen: Aurelio Maga\u00f1a Elizabeth R\u00edos \/ El Occidental A un a\u00f1o del\u00a0desalojo ilegal y violento que sufrieron vecinos y estudiantes del Parque Resistencia Huentit\u00e1n, defensores de este espacio aseveraron que\u00a0no dejar\u00e1n de luchar hasta recuperar la zona para los ciudadanos. El 19 de agosto del 2021 estudiantes de la Universidad\u2026","rel":"","context":"En &quot;CINTILLO&quot;","block_context":{"text":"CINTILLO","link":"http:\/\/www.grieta.org.mx\/index.php\/category\/cintillo\/"},"img":{"alt_text":"","src":"https:\/\/i0.wp.com\/www.grieta.org.mx\/wp-content\/uploads\/2022\/08\/Parque-Resistencia-Huentita%CC%81n-4.jpg?resize=350%2C200","width":350,"height":200,"srcset":"https:\/\/i0.wp.com\/www.grieta.org.mx\/wp-content\/uploads\/2022\/08\/Parque-Resistencia-Huentita%CC%81n-4.jpg?resize=350%2C200 1x, https:\/\/i0.wp.com\/www.grieta.org.mx\/wp-content\/uploads\/2022\/08\/Parque-Resistencia-Huentita%CC%81n-4.jpg?resize=525%2C300 1.5x, https:\/\/i0.wp.com\/www.grieta.org.mx\/wp-content\/uploads\/2022\/08\/Parque-Resistencia-Huentita%CC%81n-4.jpg?resize=700%2C400 2x"},"classes":[]},{"id":59340,"url":"http:\/\/www.grieta.org.mx\/index.php\/2021\/05\/03\/vecinos-y-activistas-de-huentitan-preparan-explanada-cultural-en-predio-de-iconia-jalisco\/","url_meta":{"origin":61586,"position":1},"title":"Vecinos y activistas de Huentit\u00e1n preparan explanada cultural en predio de Iconia (Jalisco)","author":"grieta","date":"3 mayo, 2021","format":false,"excerpt":"Foto: F\u00e1tima Aguilar F\u00e1tima Aguilar \/ UDGTV A cinco semanas de resistencia contra el proyecto inmobiliario de Iconia,\u00a0los vecinos y activistas de Huentit\u00e1n contin\u00faan con acciones para rehabilitar el predio\u00a0de 13.5 hect\u00e1reas donde se quiere desarrollar un complejo de mil 600 departamentos, y al que los ciudadanos han bautizado como\u2026","rel":"","context":"En &quot;CINTILLO&quot;","block_context":{"text":"CINTILLO","link":"http:\/\/www.grieta.org.mx\/index.php\/category\/cintillo\/"},"img":{"alt_text":"","src":"https:\/\/i0.wp.com\/www.grieta.org.mx\/wp-content\/uploads\/2021\/05\/Hentitan-Fatima-Aguilar-696x522-1-e1620588322877.jpeg?resize=350%2C200","width":350,"height":200,"srcset":"https:\/\/i0.wp.com\/www.grieta.org.mx\/wp-content\/uploads\/2021\/05\/Hentitan-Fatima-Aguilar-696x522-1-e1620588322877.jpeg?resize=350%2C200 1x, https:\/\/i0.wp.com\/www.grieta.org.mx\/wp-content\/uploads\/2021\/05\/Hentitan-Fatima-Aguilar-696x522-1-e1620588322877.jpeg?resize=525%2C300 1.5x"},"classes":[]},{"id":45606,"url":"http:\/\/www.grieta.org.mx\/index.php\/2020\/03\/03\/denuncian-construcciones-irregulares-en-huentitan-jalisco\/","url_meta":{"origin":61586,"position":2},"title":"Denuncian construcciones irregulares en Huentit\u00e1n (Jalisco)","author":"grieta","date":"3 marzo, 2020","format":false,"excerpt":"Foto: Semarnat Jalisco El Colectivo \u00danete Huentit\u00e1n sostuvo que muchas constructoras han iniciado proyectos de casas y departamentos que violan los planes parciales del municipio Rafael Hern\u00e1ndez \/ UDGTV Integrantes del colectivo \u00danete Huentit\u00e1n, advirtieron de lo que ellos consideran el colapso de los servicios p\u00fablicos municipales\u00a0en esta zona de\u2026","rel":"","context":"En &quot;CINTILLO&quot;","block_context":{"text":"CINTILLO","link":"http:\/\/www.grieta.org.mx\/index.php\/category\/cintillo\/"},"img":{"alt_text":"","src":"https:\/\/i0.wp.com\/www.grieta.org.mx\/wp-content\/uploads\/2020\/03\/Barranca-de-Huentit%C3%A1n-Semadet-Jalisco-696x464.jpg?resize=350%2C200","width":350,"height":200,"srcset":"https:\/\/i0.wp.com\/www.grieta.org.mx\/wp-content\/uploads\/2020\/03\/Barranca-de-Huentit%C3%A1n-Semadet-Jalisco-696x464.jpg?resize=350%2C200 1x, https:\/\/i0.wp.com\/www.grieta.org.mx\/wp-content\/uploads\/2020\/03\/Barranca-de-Huentit%C3%A1n-Semadet-Jalisco-696x464.jpg?resize=525%2C300 1.5x"},"classes":[]},{"id":65213,"url":"http:\/\/www.grieta.org.mx\/index.php\/2022\/09\/13\/pese-a-clausura-siguen-trabajos-en-iconia-colectivos-ven-simulacion-jalisco\/","url_meta":{"origin":61586,"position":3},"title":"Pese a clausura, siguen trabajos en Iconia; colectivos ven simulaci\u00f3n (Jalisco)","author":"grieta","date":"13 septiembre, 2022","format":false,"excerpt":"Imagen: Edgar Flores Edgar Flores \/ El Diario NTR Integrantes del colectivo \u00danete Huentit\u00e1n ven como una simulaci\u00f3n la clausura de las obras de Iconia, en el sitio a\u00fan hay trabajadores laborando, constat\u00f3 NTR en un recorrido. Luego de que el Ayuntamiento de Guadalajara clausur\u00f3 las obras de Iconia, desde\u2026","rel":"","context":"En &quot;CINTILLO&quot;","block_context":{"text":"CINTILLO","link":"http:\/\/www.grieta.org.mx\/index.php\/category\/cintillo\/"},"img":{"alt_text":"","src":"https:\/\/i0.wp.com\/www.grieta.org.mx\/wp-content\/uploads\/2022\/09\/2022-09-13_12-09-53___4492.jpg?resize=350%2C200","width":350,"height":200,"srcset":"https:\/\/i0.wp.com\/www.grieta.org.mx\/wp-content\/uploads\/2022\/09\/2022-09-13_12-09-53___4492.jpg?resize=350%2C200 1x, https:\/\/i0.wp.com\/www.grieta.org.mx\/wp-content\/uploads\/2022\/09\/2022-09-13_12-09-53___4492.jpg?resize=525%2C300 1.5x, https:\/\/i0.wp.com\/www.grieta.org.mx\/wp-content\/uploads\/2022\/09\/2022-09-13_12-09-53___4492.jpg?resize=700%2C400 2x"},"classes":[]},{"id":66041,"url":"http:\/\/www.grieta.org.mx\/index.php\/2023\/01\/11\/parque-resistencia-huentitan-una-lucha-que-seguira-firme-a-pesar-de-la-represion-y-la-criminalizacion-jalisco\/","url_meta":{"origin":61586,"position":4},"title":"\u201cParque Resistencia Huentit\u00e1n\u201d: una lucha que seguir\u00e1 firme a pesar de la represi\u00f3n y la criminalizaci\u00f3n (Jalisco)","author":"grieta","date":"11 enero, 2023","format":false,"excerpt":"Imagen: Parque Resistencia Huentit\u00e1n Javier Armenta, Iv\u00e1n Cisneros y Alexis Rojas, estudiantes de la Universidad de Guadalajara, fueron vinculados a proceso por los delitos de despojo de inmuebles y aguas, esto producto de su defensa del Parque Resistencia Huentit\u00e1n, espacio p\u00fablico donde las empresa Operadora Hotelera Salamanca y\u00a0Hoteles Riviera Deluxe\u2026","rel":"","context":"En &quot;CINTILLO&quot;","block_context":{"text":"CINTILLO","link":"http:\/\/www.grieta.org.mx\/index.php\/category\/cintillo\/"},"img":{"alt_text":"","src":"https:\/\/i0.wp.com\/www.grieta.org.mx\/wp-content\/uploads\/2023\/01\/Fl708C-XwAENGgU-1068x803-1.jpeg?resize=350%2C200","width":350,"height":200,"srcset":"https:\/\/i0.wp.com\/www.grieta.org.mx\/wp-content\/uploads\/2023\/01\/Fl708C-XwAENGgU-1068x803-1.jpeg?resize=350%2C200 1x, https:\/\/i0.wp.com\/www.grieta.org.mx\/wp-content\/uploads\/2023\/01\/Fl708C-XwAENGgU-1068x803-1.jpeg?resize=525%2C300 1.5x, https:\/\/i0.wp.com\/www.grieta.org.mx\/wp-content\/uploads\/2023\/01\/Fl708C-XwAENGgU-1068x803-1.jpeg?resize=700%2C400 2x, https:\/\/i0.wp.com\/www.grieta.org.mx\/wp-content\/uploads\/2023\/01\/Fl708C-XwAENGgU-1068x803-1.jpeg?resize=1050%2C600 3x"},"classes":[]},{"id":62670,"url":"http:\/\/www.grieta.org.mx\/index.php\/2021\/11\/12\/iconia-mantiene-en-vilo-a-huentitan-jalisco\/","url_meta":{"origin":61586,"position":5},"title":"Iconia mantiene en vilo a Huentit\u00e1n (Jalisco)","author":"grieta","date":"12 noviembre, 2021","format":false,"excerpt":"Foto: Jorge Albert Mendoza Lauro Rodr\u00edguez \/ El Diario NTR Pobladores de Huentit\u00e1n se\u00f1alaron ayer que el gobierno municipal de Guadalajara, actualmente encabezado por Pablo Lemus Navarro, contin\u00faa con una actitud complaciente hacia el proyecto inmobiliario\u00a0Iconia, lo cual lamentaron, pues el alcalde ha declarado a medios de comunicaci\u00f3n que tiene\u2026","rel":"","context":"En &quot;CINTILLO&quot;","block_context":{"text":"CINTILLO","link":"http:\/\/www.grieta.org.mx\/index.php\/category\/cintillo\/"},"img":{"alt_text":"","src":"https:\/\/i0.wp.com\/www.grieta.org.mx\/wp-content\/uploads\/2021\/11\/2021-11-11_11-11-25___7588.jpg?resize=350%2C200","width":350,"height":200,"srcset":"https:\/\/i0.wp.com\/www.grieta.org.mx\/wp-content\/uploads\/2021\/11\/2021-11-11_11-11-25___7588.jpg?resize=350%2C200 1x, https:\/\/i0.wp.com\/www.grieta.org.mx\/wp-content\/uploads\/2021\/11\/2021-11-11_11-11-25___7588.jpg?resize=525%2C300 1.5x, https:\/\/i0.wp.com\/www.grieta.org.mx\/wp-content\/uploads\/2021\/11\/2021-11-11_11-11-25___7588.jpg?resize=700%2C400 2x"},"classes":[]}],"_links":{"self":[{"href":"http:\/\/www.grieta.org.mx\/index.php\/wp-json\/wp\/v2\/posts\/61586","targetHints":{"allow":["GET"]}}],"collection":[{"href":"http:\/\/www.grieta.org.mx\/index.php\/wp-json\/wp\/v2\/posts"}],"about":[{"href":"http:\/\/www.grieta.org.mx\/index.php\/wp-json\/wp\/v2\/types\/post"}],"author":[{"embeddable":true,"href":"http:\/\/www.grieta.org.mx\/index.php\/wp-json\/wp\/v2\/users\/2"}],"replies":[{"embeddable":true,"href":"http:\/\/www.grieta.org.mx\/index.php\/wp-json\/wp\/v2\/comments?post=61586"}],"version-history":[{"count":1,"href":"http:\/\/www.grieta.org.mx\/index.php\/wp-json\/wp\/v2\/posts\/61586\/revisions"}],"predecessor-version":[{"id":61589,"href":"http:\/\/www.grieta.org.mx\/index.php\/wp-json\/wp\/v2\/posts\/61586\/revisions\/61589"}],"wp:featuredmedia":[{"embeddable":true,"href":"http:\/\/www.grieta.org.mx\/index.php\/wp-json\/wp\/v2\/media\/61587"}],"wp:attachment":[{"href":"http:\/\/www.grieta.org.mx\/index.php\/wp-json\/wp\/v2\/media?parent=61586"}],"wp:term":[{"taxonomy":"category","embeddable":true,"href":"http:\/\/www.grieta.org.mx\/index.php\/wp-json\/wp\/v2\/categories?post=61586"},{"taxonomy":"post_tag","embeddable":true,"href":"http:\/\/www.grieta.org.mx\/index.php\/wp-json\/wp\/v2\/tags?post=61586"}],"curies":[{"name":"wp","href":"https:\/\/api.w.org\/{rel}","templated":true}]}}