{"id":61550,"date":"2021-09-05T10:54:11","date_gmt":"2021-09-05T15:54:11","guid":{"rendered":"http:\/\/www.grieta.org.mx\/?p=61550"},"modified":"2021-09-10T12:48:58","modified_gmt":"2021-09-10T17:48:58","slug":"se-oponen-al-estadio-yucatan","status":"publish","type":"post","link":"http:\/\/www.grieta.org.mx\/index.php\/2021\/09\/05\/se-oponen-al-estadio-yucatan\/","title":{"rendered":"Se oponen al estadio (Yucat\u00e1n)"},"content":{"rendered":"<p>Diario de Yucat\u00e1n<\/p>\n<blockquote><p>No al tr\u00e1fico, el ruido y p\u00e9rdida de \u00e1reas verdes<\/p><\/blockquote>\n<p>Vecinos de Cordemex y Sodzil Norte est\u00e1n inconformes con el anuncio de que el Estadio Sostenible de Yucat\u00e1n se construir\u00e1 a unos metros de sus hogares y piden a los responsables del proyecto que reconsideren el espacio donde se har\u00eda la obra.<\/p>\n<p>Reunidos en el Parque del Maestro, externaron que har\u00e1n todo lo que est\u00e9 en sus manos para evitar que el estadio se haga en el terreno que hasta hace unos meses ocup\u00f3 la Normal \u201cRodolfo Men\u00e9ndez de la Pe\u00f1a\u201d.<\/p>\n<p>Sergio Garc\u00eda Ortiz, uno de los habitantes del sector inconformes, indic\u00f3 a los vecinos que independientemente de los actos que realicen, como caminatas, poner lonas de protesta, etc, lo m\u00e1s importante es la v\u00eda legal.<\/p>\n<p>\u201cCaminando con mantas, lonas, gritando consignas no va a funcionar. Lo que va a funcionar es la v\u00eda legal. Hay que formar un comit\u00e9 de personas que est\u00e9n interesadas y tengan conocimiento para tratar con los abogados el tema\u201d, indic\u00f3.<\/p>\n<p>Comparti\u00f3 que atacar\u00e1n desde Transparencia para conocer todos los avances y permisos que se requieren para levantar una obra de ese tipo.<\/p>\n<p>\u201cHay cosas b\u00e1sicas como el tema del estacionamiento, que es un punto violatorio al reglamento porque por un proyecto de una sala de cine el Ayuntamiento de M\u00e9rida pide un lugar de estacionamiento por cada cuatro butacas; este estadio est\u00e1 planeado, en teor\u00eda, para conciertos de 32,000 personas, por tanto, requiere cuando menos 8 mil lugares de estacionamiento, y en su interior solo est\u00e1n proyectando 1,600\u201d, afirm\u00f3.<\/p>\n<p>\u201cEs imposible un permiso si se viola el reglamento municipal, porque el decir que Costco, Chedraui, Galer\u00edas\u2026 van a ser parte del estacionamiento, no cuenta; es como si yo quisiera poner un negocio, una placita, y cuando el ayuntamiento me diga: \u2018oye no tiene estacionamiento\u2019, le respondo: \u2018s\u00ed tengo, est\u00e1 el de Costco\u2019 No me lo van a aceptar. Hay que cumplir los reglamentos, y eso es lo que podemos aprovechar para trabajar la v\u00eda legal, el amparo o lo que el abogado recomiende\u201d.<\/p>\n<p>Por su parte, Giovanna Campos expres\u00f3 que los vecinos ya se est\u00e1n organizando con la intenci\u00f3n de entablar un di\u00e1logo con las autoridades para que les expliquen todo lo relacionado con el proyecto que ya se da como un hecho.<\/p>\n<p>Resalt\u00f3 que para un proyecto de tal magnitud un terreno de 4 mil metros no es el adecuado.<\/p>\n<p>\u201cDe acuerdo a las medidas que la FIFA pide para que un estadio de 30 mil personas pueda estar en un espacio f\u00edsico se requieren 15 hect\u00e1reas. Ac\u00e1 hay cuatro nada m\u00e1s; adem\u00e1s, estamos rodeados de escuelas, parques, casas habitaci\u00f3n, hay suficientes negocios comerciales. Comercialmente, no tenemos necesidad\u201d.<\/p>\n<p>Giovanna aclar\u00f3 que no est\u00e1n en contra de un proyecto como el Estadio Sostenible.<\/p>\n<p>\u201cEstamos muy contentos de que como ciudad estemos contemplados para un proyecto de esta naturaleza, nos encantar\u00eda que se realice, pero este no es el espacio para poder hospedar un plan de tales caracter\u00edsticas y magnitud\u201d, dijo.<\/p>\n<p>Entre los problemas que los vecinos avizoran est\u00e1n el tr\u00e1fico, el ruido y la disminuci\u00f3n de \u00e1reas verdes, pero sobre todo el estacionamiento.<\/p>\n<p>\u201c\u00bfQu\u00e9 pasar\u00e1 con los estacionamientos? El proyecto habla de 1,600 espacios de estacionamiento para 30 mil personas, y se est\u00e1 contemplando que hay un parque de 9 mil, empezando desde la Gran Plaza y terminando en las entradas de nuestras casas\u201d, se\u00f1al\u00f3 Giovanna.<\/p>\n<p>\u201cQue se lleve a cabo de esta manera nos parece que es inaceptable. Por eso queremos pedirles a las personas que lo van a llevar al cabo, a las autoridades, al gobierno del estado, que un terreno que es del gobierno del estado, por ende de todos nosotros, sea utilizado para un proyecto deportivo para todos nosotros, no de espect\u00e1culos deportivos, que es una gran diferencia\u201d.<\/p>\n<p>Claudia Rodr\u00edguez, otra vecina afectada, remarc\u00f3 que no quiere tr\u00e1fico y contaminaci\u00f3n auditiva y ambiental. \u201cEl tr\u00e1fico que ahora se genera ya es importante y no hay estacionamiento adecuado\u201d.<\/p>\n<p>Miguel Ram\u00edrez, quien vive en el fraccionamiento desde la d\u00e9cada de 1970, reafirm\u00f3 que los desarrolladores y las autoridades debieron haber escogido un lugar m\u00e1s amplio.<\/p>\n<p>\u201cEl impacto de los veh\u00edculos ser\u00e1 terrible para la colonia\u201d, asever\u00f3.\u2014 Iv\u00e1n Canul Ek<br \/>\nOposici\u00f3n vecinal Estadio Sostenible<\/p>\n<p>M\u00e1s de las manifestaciones de inconformidad de los vecinos por la construcci\u00f3n del estadio<br \/>\nTr\u00e1fico<\/p>\n<p>Miguel Ram\u00edrez, vecino de Cordemex, tambi\u00e9n dijo que \u201cel impacto de los veh\u00edculos ser\u00e1 terrible para la colonia, que se preparen todos porque se van a parar autos en sus puertas y por todos lados porque no hay estacionamiento\u201d.<br \/>\n\u201cEl billete es lo que cuenta\u201d<\/p>\n<p>\u201cDicen que habr\u00e1 1,600 cubos de estacionamiento, pero si ser\u00e1 un estadio para 30 mil personas, con 3 mil autos que vengan \u00bfd\u00f3nde diablos los van a poner? No hay sitio, o como dec\u00edan: tirar el parque del maestro y construir un edificio de 5 pisos para estacionamiento; pero como aqu\u00ed lo que cuenta es el billete, vamos a ver qu\u00e9 sucede\u201d,<\/p>\n<p><a href=\"https:\/\/www.yucatan.com.mx\/merida\/se-oponen-al-estadio\" rel=\"noopener\" target=\"_blank\">https:\/\/www.yucatan.com.mx\/merida\/se-oponen-al-estadio<\/a><\/p>\n","protected":false},"excerpt":{"rendered":"<p>Diario de Yucat\u00e1n No al tr\u00e1fico, el ruido y p\u00e9rdida de \u00e1reas verdes Vecinos de Cordemex y Sodzil Norte est\u00e1n inconformes con el anuncio de que el Estadio Sostenible de &hellip; <a href=\"http:\/\/www.grieta.org.mx\/index.php\/2021\/09\/05\/se-oponen-al-estadio-yucatan\/\" class=\"more-link\">Leer m\u00e1s<\/a><\/p>\n","protected":false},"author":2,"featured_media":61551,"comment_status":"closed","ping_status":"closed","sticky":false,"template":"","format":"standard","meta":{"ngg_post_thumbnail":0,"_jetpack_newsletter_access":"","_jetpack_dont_email_post_to_subs":false,"_jetpack_newsletter_tier_id":0,"_jetpack_memberships_contains_paywalled_content":false,"_jetpack_memberships_contains_paid_content":false,"footnotes":""},"categories":[80,2,36],"tags":[4014,96,853],"class_list":["post-61550","post","type-post","status-publish","format-standard","has-post-thumbnail","hentry","category-cintillo","category-noticias-nacionales","category-yucatan","tag-estadio","tag-megaproyectos","tag-proyectos-inmobiliarios","entry"],"jetpack_featured_media_url":"http:\/\/www.grieta.org.mx\/wp-content\/uploads\/2021\/09\/Estadio.png","jetpack_sharing_enabled":true,"jetpack_shortlink":"https:\/\/wp.me\/p7ZJR4-g0K","jetpack_likes_enabled":false,"jetpack-related-posts":[{"id":67824,"url":"http:\/\/www.grieta.org.mx\/index.php\/2023\/10\/01\/bloquean-acceso-a-ejido-en-piste-yucatan\/","url_meta":{"origin":61550,"position":0},"title":"Bloquean acceso a ejido en Pist\u00e9 (Yucat\u00e1n)","author":"grieta","date":"1 octubre, 2023","format":false,"excerpt":"Juan Osorio Osorno \/ Diario de Yucat\u00e1n PIST\u00c9.\u2014 Aumentan los n\u00facleos ejidales inconformes debido a que no les cumplieron algunos ofrecimientos por el trazo de la l\u00ednea del Tren Maya, pues ayer por la tarde unos 30 ejidatarios de Pist\u00e9 bloquearon el acceso a sus tierras y retuvieron cuatro veh\u00edculos\u2026","rel":"","context":"En &quot;CINTILLO&quot;","block_context":{"text":"CINTILLO","link":"http:\/\/www.grieta.org.mx\/index.php\/category\/cintillo\/"},"img":{"alt_text":"","src":"https:\/\/i0.wp.com\/www.grieta.org.mx\/wp-content\/uploads\/2023\/10\/Piste-e1696296612524.jpg?resize=350%2C200","width":350,"height":200,"srcset":"https:\/\/i0.wp.com\/www.grieta.org.mx\/wp-content\/uploads\/2023\/10\/Piste-e1696296612524.jpg?resize=350%2C200 1x, https:\/\/i0.wp.com\/www.grieta.org.mx\/wp-content\/uploads\/2023\/10\/Piste-e1696296612524.jpg?resize=525%2C300 1.5x, https:\/\/i0.wp.com\/www.grieta.org.mx\/wp-content\/uploads\/2023\/10\/Piste-e1696296612524.jpg?resize=700%2C400 2x"},"classes":[]},{"id":38412,"url":"http:\/\/www.grieta.org.mx\/index.php\/2019\/08\/27\/vecinos-cierran-circulacion-como-protesta-por-servicio-de-la-cfe-yucatan\/","url_meta":{"origin":61550,"position":1},"title":"Vecinos cierran circulaci\u00f3n como protesta por servicio de la CFE (Yucat\u00e1n)","author":"grieta","date":"27 agosto, 2019","format":false,"excerpt":"Ernesto Pinz\u00f3n Franco\/Diario de Yucat\u00e1n M\u00c9RIDA.- Vecinos de los fraccionamientos San Jos\u00e9 Tzal, Bellavista y Las Perlas del Sur, cerraron la circulaci\u00f3n sobre la avenida 50, en protesta por el mal servicio que, dijeron, reciben de la Comisi\u00f3n Federal de Electricidad (CFE). La noche del lunes, los vecinos cerraron la\u2026","rel":"","context":"En &quot;CINTILLO&quot;","block_context":{"text":"CINTILLO","link":"http:\/\/www.grieta.org.mx\/index.php\/category\/cintillo\/"},"img":{"alt_text":"","src":"https:\/\/i0.wp.com\/www.grieta.org.mx\/wp-content\/uploads\/2019\/08\/CfeMerida.png?resize=350%2C200","width":350,"height":200,"srcset":"https:\/\/i0.wp.com\/www.grieta.org.mx\/wp-content\/uploads\/2019\/08\/CfeMerida.png?resize=350%2C200 1x, https:\/\/i0.wp.com\/www.grieta.org.mx\/wp-content\/uploads\/2019\/08\/CfeMerida.png?resize=525%2C300 1.5x, https:\/\/i0.wp.com\/www.grieta.org.mx\/wp-content\/uploads\/2019\/08\/CfeMerida.png?resize=700%2C400 2x"},"classes":[]},{"id":66859,"url":"http:\/\/www.grieta.org.mx\/index.php\/2023\/04\/24\/bloquean-periferico-por-adolescente-desaparecida-yucatan\/","url_meta":{"origin":61550,"position":2},"title":"Bloquean perif\u00e9rico por adolescente desaparecida (Yucat\u00e1n)","author":"grieta","date":"24 abril, 2023","format":false,"excerpt":"Haz Ruido Familiares y vecinos exigen a las autoridades de seguridad que contin\u00faen con la b\u00fasqueda de Frida, quien se encontrar\u00eda en Quintana Roo. M\u00e9rida, Yucat\u00e1n, 24 de abril de 2023.- Aproximadamente 50 personas vestidas de blanco bloquearon perif\u00e9rico poniente, a la salida de Chuburn\u00e1 por la calle 21, para\u2026","rel":"","context":"En &quot;CINTILLO&quot;","block_context":{"text":"CINTILLO","link":"http:\/\/www.grieta.org.mx\/index.php\/category\/cintillo\/"},"img":{"alt_text":"","src":"https:\/\/i0.wp.com\/www.grieta.org.mx\/wp-content\/uploads\/2023\/04\/BoqueoMerida-e1682450996206.jpg?resize=350%2C200","width":350,"height":200,"srcset":"https:\/\/i0.wp.com\/www.grieta.org.mx\/wp-content\/uploads\/2023\/04\/BoqueoMerida-e1682450996206.jpg?resize=350%2C200 1x, https:\/\/i0.wp.com\/www.grieta.org.mx\/wp-content\/uploads\/2023\/04\/BoqueoMerida-e1682450996206.jpg?resize=525%2C300 1.5x, https:\/\/i0.wp.com\/www.grieta.org.mx\/wp-content\/uploads\/2023\/04\/BoqueoMerida-e1682450996206.jpg?resize=700%2C400 2x"},"classes":[]},{"id":70009,"url":"http:\/\/www.grieta.org.mx\/index.php\/2024\/09\/30\/retienen-dos-autobuses-y-cierran-calles-en-chuburna-yucatan\/","url_meta":{"origin":61550,"position":3},"title":"Retienen dos autobuses y cierran calles en Chuburn\u00e1 (Yucat\u00e1n)","author":"grieta","date":"30 septiembre, 2024","format":false,"excerpt":"Por Herbeth Escalante \/ Fotos de Lorenzo Hern\u00e1ndez \/ Haz Ruido Las y los vecinos intensificaron sus protestas porque llevan cuatro d\u00edas sin energ\u00eda el\u00e9ctrica M\u00e9rida, Yucat\u00e1n, 30 de septiembre de 2024.- Vecinas y vecinos de la colonia Chuburn\u00e1 Inn bloquearon diversas calles de acceso y retuvieron dos camiones de\u2026","rel":"","context":"En &quot;CINTILLO&quot;","block_context":{"text":"CINTILLO","link":"http:\/\/www.grieta.org.mx\/index.php\/category\/cintillo\/"},"img":{"alt_text":"","src":"https:\/\/i0.wp.com\/www.grieta.org.mx\/wp-content\/uploads\/2024\/10\/Retienen-e1728168664844.jpg?resize=350%2C200","width":350,"height":200,"srcset":"https:\/\/i0.wp.com\/www.grieta.org.mx\/wp-content\/uploads\/2024\/10\/Retienen-e1728168664844.jpg?resize=350%2C200 1x, https:\/\/i0.wp.com\/www.grieta.org.mx\/wp-content\/uploads\/2024\/10\/Retienen-e1728168664844.jpg?resize=525%2C300 1.5x, https:\/\/i0.wp.com\/www.grieta.org.mx\/wp-content\/uploads\/2024\/10\/Retienen-e1728168664844.jpg?resize=700%2C400 2x"},"classes":[]},{"id":69783,"url":"http:\/\/www.grieta.org.mx\/index.php\/2024\/09\/19\/bloqueo-en-la-carretera-merida-cancun-por-corte-de-electricidad-yucatan\/","url_meta":{"origin":61550,"position":4},"title":"Bloqueo en la carretera M\u00e9rida-Canc\u00fan por corte de electricidad (Yucat\u00e1n)","author":"grieta","date":"19 septiembre, 2024","format":false,"excerpt":"Haz Ruido Automovilistas y manifestantes llegaron a los golpes, debido a que los inconformes aseguraron que no liberar\u00e1n la v\u00eda hasta que la CFE restablezca el servicio. Kanas\u00edn, Yucat\u00e1n, 19 de septiembre de 2024.-Vecinos del fraccionamiento Portal San Pedro ubicado en Kanas\u00edn bloquearon la carretera federal M\u00e9rida-Canc\u00fan para manifestarse debido\u2026","rel":"","context":"En &quot;CINTILLO&quot;","block_context":{"text":"CINTILLO","link":"http:\/\/www.grieta.org.mx\/index.php\/category\/cintillo\/"},"img":{"alt_text":"","src":"https:\/\/i0.wp.com\/www.grieta.org.mx\/wp-content\/uploads\/2024\/09\/BloqueoMerida-e1727141467253.jpg?resize=350%2C200","width":350,"height":200,"srcset":"https:\/\/i0.wp.com\/www.grieta.org.mx\/wp-content\/uploads\/2024\/09\/BloqueoMerida-e1727141467253.jpg?resize=350%2C200 1x, https:\/\/i0.wp.com\/www.grieta.org.mx\/wp-content\/uploads\/2024\/09\/BloqueoMerida-e1727141467253.jpg?resize=525%2C300 1.5x, https:\/\/i0.wp.com\/www.grieta.org.mx\/wp-content\/uploads\/2024\/09\/BloqueoMerida-e1727141467253.jpg?resize=700%2C400 2x"},"classes":[]},{"id":38689,"url":"http:\/\/www.grieta.org.mx\/index.php\/2019\/08\/30\/continua-conflicto-en-una-secundaria-yucatan\/","url_meta":{"origin":61550,"position":5},"title":"Contin\u00faa conflicto en una secundaria (Yucat\u00e1n)","author":"grieta","date":"30 agosto, 2019","format":false,"excerpt":"Maestros hacen guardia en la secundaria \u201cEmiliano Zapata\u201d de Tekax A.P.R.\/Diario de Yucat\u00e1n Maestros acusan a la Segey de no cumplir acuerdos TEKAX.\u2014 Luego de unos 15 d\u00edas de conflicto, sigue sin resolverse el problema en la secundaria \u201cEmiliano Zapata\u201d, pues los profesores inconformes no dan su brazo a torcer\u2026","rel":"","context":"En &quot;CINTILLO&quot;","block_context":{"text":"CINTILLO","link":"http:\/\/www.grieta.org.mx\/index.php\/category\/cintillo\/"},"img":{"alt_text":"","src":"https:\/\/i0.wp.com\/www.grieta.org.mx\/wp-content\/uploads\/2019\/09\/MaestrosTekax6-e1567475593776.jpg?resize=350%2C200","width":350,"height":200,"srcset":"https:\/\/i0.wp.com\/www.grieta.org.mx\/wp-content\/uploads\/2019\/09\/MaestrosTekax6-e1567475593776.jpg?resize=350%2C200 1x, https:\/\/i0.wp.com\/www.grieta.org.mx\/wp-content\/uploads\/2019\/09\/MaestrosTekax6-e1567475593776.jpg?resize=525%2C300 1.5x, https:\/\/i0.wp.com\/www.grieta.org.mx\/wp-content\/uploads\/2019\/09\/MaestrosTekax6-e1567475593776.jpg?resize=700%2C400 2x"},"classes":[]}],"_links":{"self":[{"href":"http:\/\/www.grieta.org.mx\/index.php\/wp-json\/wp\/v2\/posts\/61550","targetHints":{"allow":["GET"]}}],"collection":[{"href":"http:\/\/www.grieta.org.mx\/index.php\/wp-json\/wp\/v2\/posts"}],"about":[{"href":"http:\/\/www.grieta.org.mx\/index.php\/wp-json\/wp\/v2\/types\/post"}],"author":[{"embeddable":true,"href":"http:\/\/www.grieta.org.mx\/index.php\/wp-json\/wp\/v2\/users\/2"}],"replies":[{"embeddable":true,"href":"http:\/\/www.grieta.org.mx\/index.php\/wp-json\/wp\/v2\/comments?post=61550"}],"version-history":[{"count":1,"href":"http:\/\/www.grieta.org.mx\/index.php\/wp-json\/wp\/v2\/posts\/61550\/revisions"}],"predecessor-version":[{"id":61552,"href":"http:\/\/www.grieta.org.mx\/index.php\/wp-json\/wp\/v2\/posts\/61550\/revisions\/61552"}],"wp:featuredmedia":[{"embeddable":true,"href":"http:\/\/www.grieta.org.mx\/index.php\/wp-json\/wp\/v2\/media\/61551"}],"wp:attachment":[{"href":"http:\/\/www.grieta.org.mx\/index.php\/wp-json\/wp\/v2\/media?parent=61550"}],"wp:term":[{"taxonomy":"category","embeddable":true,"href":"http:\/\/www.grieta.org.mx\/index.php\/wp-json\/wp\/v2\/categories?post=61550"},{"taxonomy":"post_tag","embeddable":true,"href":"http:\/\/www.grieta.org.mx\/index.php\/wp-json\/wp\/v2\/tags?post=61550"}],"curies":[{"name":"wp","href":"https:\/\/api.w.org\/{rel}","templated":true}]}}