{"id":615,"date":"2015-11-04T19:47:33","date_gmt":"2015-11-04T19:47:33","guid":{"rendered":"http:\/\/50.22.11.12\/~grietaor\/?p=615"},"modified":"2016-03-01T19:48:58","modified_gmt":"2016-03-01T19:48:58","slug":"realizan-paro-de-12-horas-en-universidad-de-zacatecas","status":"publish","type":"post","link":"http:\/\/www.grieta.org.mx\/index.php\/2015\/11\/04\/realizan-paro-de-12-horas-en-universidad-de-zacatecas\/","title":{"rendered":"Realizan paro de 12 horas en Universidad de Zacatecas"},"content":{"rendered":"<p>Notimex<br \/>\n04\/11\/15<\/p>\n<p>Sindicato de Personal Acad\u00e9mico de la Universidad Aut\u00f3noma de Zacatecas (SPAUAZ)realiza un paro de 12 horas en la casa de estudios, en demanda de que le sean asignadas las cargas laborales del pr\u00f3ximo ciclo escolar.<br \/>\nEll\u00edder del SPAUAZ, Crescenciano S\u00e1nchez, confirm\u00f3 que el paro de actividades se desarrollar\u00e1 en demanda del cumplimiento de los compromisos de la rector\u00eda. Adem\u00e1s, indic\u00f3 que la rector\u00eda, encabezada por Armando Silva, no ha efectuado los dep\u00f3sitos mensuales de siete millones de pesos que se deben al Instituto de Seguridad y Servicios Sociales de los Trabajadores del Estado (ISSSTE). \u201cLa rector\u00eda se comprometi\u00f3 a efectuar los pagos de manera puntual y hasta ahora no ha cumplido\u201d, dijo.\u201dIndic\u00f3 que la administraci\u00f3n de la Universidad Aut\u00f3noma de Zacatecas (UAZ) tampoco ha pagado las primas de antig\u00fcedad de septiembre y octubre. Ante esa situaci\u00f3n, coment\u00f3 Crescenciano S\u00e1nchez, las y los agremiados decidieron parar actividades este mi\u00e9rcoles a manera de presi\u00f3n.<\/p>\n<p><a href=\"http:\/\/www.unotv.com\/noticias\/estados\/zacatecas\/detalle\/maestros-realizan-paro-en-universidad-autonoma-de-zacatecas-644645\/\" target=\"_blank\">www.unotv.com\/noticias\/estados\/zacatecas\/detalle\/maestros-realizan-paro-en-universidad-autonoma-de-zacatecas-644645\/<\/a><\/p>\n","protected":false},"excerpt":{"rendered":"<p>Notimex 04\/11\/15 Sindicato de Personal Acad\u00e9mico de la Universidad Aut\u00f3noma de Zacatecas (SPAUAZ)realiza un paro de 12 horas en la casa de estudios, en demanda de que le sean asignadas &hellip; <a href=\"http:\/\/www.grieta.org.mx\/index.php\/2015\/11\/04\/realizan-paro-de-12-horas-en-universidad-de-zacatecas\/\" class=\"more-link\">Leer m\u00e1s<\/a><\/p>\n","protected":false},"author":2,"featured_media":21928,"comment_status":"closed","ping_status":"open","sticky":false,"template":"","format":"standard","meta":{"ngg_post_thumbnail":0,"_jetpack_newsletter_access":"","_jetpack_dont_email_post_to_subs":false,"_jetpack_newsletter_tier_id":0,"_jetpack_memberships_contains_paywalled_content":false,"_jetpack_memberships_contains_paid_content":false,"footnotes":""},"categories":[80,139],"tags":[105,107],"class_list":["post-615","post","type-post","status-publish","format-standard","has-post-thumbnail","hentry","category-cintillo","category-zacatecas","tag-derechos-laborales","tag-educacion","entry"],"jetpack_featured_media_url":"http:\/\/www.grieta.org.mx\/wp-content\/uploads\/2018\/03\/14524434_1106112876131411_958039263622046936_o.jpg","jetpack_sharing_enabled":true,"jetpack_shortlink":"https:\/\/wp.me\/p7ZJR4-9V","jetpack_likes_enabled":false,"jetpack-related-posts":[{"id":678,"url":"http:\/\/www.grieta.org.mx\/index.php\/2016\/02\/15\/conflictos-en-la-universidad-autonoma-de-zacatecas\/","url_meta":{"origin":615,"position":0},"title":"Conflictos en la Universidad Aut\u00f3noma de Zacatecas","author":"grieta","date":"15 febrero, 2016","format":false,"excerpt":"15\/02\/16. Otro Paro en la UAZ NTR Zacatecas 12\/02\/16. Planta rector a SPAUAZ; STUAZ rechaza huelga NTR Zacatecas 27\/01\/16. Paro general en la UAZ NTR Zacatecas 26\/01\/16. Condicionan a alumnos de medicina de la UAZ NTR Zacatecas 18\/01\/16. Denuncia SPAUAZ a rector por peculado NTR Zacatecas 17\/12\/15. Prestar\u00e1 SPAUAZ dinero\u2026","rel":"","context":"En &quot;Zacatecas&quot;","block_context":{"text":"Zacatecas","link":"http:\/\/www.grieta.org.mx\/index.php\/category\/noticias-nacionales\/zacatecas\/"},"img":{"alt_text":"","src":"https:\/\/i0.wp.com\/www.grieta.org.mx\/wp-content\/uploads\/2018\/03\/14524434_1106112876131411_958039263622046936_o.jpg?resize=350%2C200","width":350,"height":200,"srcset":"https:\/\/i0.wp.com\/www.grieta.org.mx\/wp-content\/uploads\/2018\/03\/14524434_1106112876131411_958039263622046936_o.jpg?resize=350%2C200 1x, https:\/\/i0.wp.com\/www.grieta.org.mx\/wp-content\/uploads\/2018\/03\/14524434_1106112876131411_958039263622046936_o.jpg?resize=525%2C300 1.5x, https:\/\/i0.wp.com\/www.grieta.org.mx\/wp-content\/uploads\/2018\/03\/14524434_1106112876131411_958039263622046936_o.jpg?resize=700%2C400 2x"},"classes":[]},{"id":675,"url":"http:\/\/www.grieta.org.mx\/index.php\/2015\/02\/16\/docentes-de-zacatecas-activan-paro-de-brazos-caidos\/","url_meta":{"origin":615,"position":1},"title":"Docentes de Zacatecas activan paro de brazos ca\u00eddos","author":"grieta","date":"16 febrero, 2015","format":false,"excerpt":"Sin Embargo Por Redacci\u00f3n \/ Sin Embargo febrero 16, 2015 Zacatecas, 16 Feb (Notimex).- Los docentes de la Universidad Aut\u00f3noma de Zacatecas (UAZ) iniciaron este lunes un paro de \u201cbrazos ca\u00eddos\u201d en esa casa de estudios en demanda de la soluci\u00f3n al problema econ\u00f3mico. En entrevista, el secretario general del\u2026","rel":"","context":"En &quot;CINTILLO&quot;","block_context":{"text":"CINTILLO","link":"http:\/\/www.grieta.org.mx\/index.php\/category\/cintillo\/"},"img":{"alt_text":"","src":"https:\/\/i0.wp.com\/www.grieta.org.mx\/wp-content\/uploads\/2018\/03\/14524434_1106112876131411_958039263622046936_o.jpg?resize=350%2C200","width":350,"height":200,"srcset":"https:\/\/i0.wp.com\/www.grieta.org.mx\/wp-content\/uploads\/2018\/03\/14524434_1106112876131411_958039263622046936_o.jpg?resize=350%2C200 1x, https:\/\/i0.wp.com\/www.grieta.org.mx\/wp-content\/uploads\/2018\/03\/14524434_1106112876131411_958039263622046936_o.jpg?resize=525%2C300 1.5x, https:\/\/i0.wp.com\/www.grieta.org.mx\/wp-content\/uploads\/2018\/03\/14524434_1106112876131411_958039263622046936_o.jpg?resize=700%2C400 2x"},"classes":[]},{"id":592,"url":"http:\/\/www.grieta.org.mx\/index.php\/2016\/01\/27\/paro-general-en-la-uaz\/","url_meta":{"origin":615,"position":2},"title":"Paro general en la UAZ","author":"grieta","date":"27 enero, 2016","format":false,"excerpt":"Mi\u00e9rcoles, 27 de enero de 2016 ABIGAIL SALINAS Zacatecas.- De las 7 a las 19 horas de este mi\u00e9rcoles, Sindicato de Personal Acad\u00e9mico de la Universidad Aut\u00f3noma de Zacatecas (SPAUAZ) mantendr\u00e1 un paro general en la universidad, debido a que a\u00fan queda pendiente el pago de 70 millones de pesos\u2026","rel":"","context":"En &quot;CINTILLO&quot;","block_context":{"text":"CINTILLO","link":"http:\/\/www.grieta.org.mx\/index.php\/category\/cintillo\/"},"img":{"alt_text":"","src":"https:\/\/i0.wp.com\/www.grieta.org.mx\/wp-content\/uploads\/2018\/03\/14524434_1106112876131411_958039263622046936_o.jpg?resize=350%2C200","width":350,"height":200,"srcset":"https:\/\/i0.wp.com\/www.grieta.org.mx\/wp-content\/uploads\/2018\/03\/14524434_1106112876131411_958039263622046936_o.jpg?resize=350%2C200 1x, https:\/\/i0.wp.com\/www.grieta.org.mx\/wp-content\/uploads\/2018\/03\/14524434_1106112876131411_958039263622046936_o.jpg?resize=525%2C300 1.5x, https:\/\/i0.wp.com\/www.grieta.org.mx\/wp-content\/uploads\/2018\/03\/14524434_1106112876131411_958039263622046936_o.jpg?resize=700%2C400 2x"},"classes":[]},{"id":611,"url":"http:\/\/www.grieta.org.mx\/index.php\/2015\/11\/11\/maestros-toman-rectoria-de-universidad-autonoma-de-zacatecas\/","url_meta":{"origin":615,"position":3},"title":"Maestros toman rector\u00eda de Universidad Aut\u00f3noma de Zacatecas","author":"grieta","date":"11 noviembre, 2015","format":false,"excerpt":"Omar Hern\u00e1ndez y Karla M\u00e9ndez \/ Corresponsales 11\/11\/2015 La rector\u00eda de la Universidad Aut\u00f3noma de Zacatecas fue tomada por docentes ante la falta de pago y adeudos millonarios; el paro que inicialmente contemplaba la par\u00e1lisis de clases finalmente no afect\u00f3 a cerca de 40 mil alumnos. Algunos de los docentes\u2026","rel":"","context":"En &quot;CINTILLO&quot;","block_context":{"text":"CINTILLO","link":"http:\/\/www.grieta.org.mx\/index.php\/category\/cintillo\/"},"img":{"alt_text":"","src":"https:\/\/i0.wp.com\/www.grieta.org.mx\/wp-content\/uploads\/2018\/03\/14524434_1106112876131411_958039263622046936_o.jpg?resize=350%2C200","width":350,"height":200,"srcset":"https:\/\/i0.wp.com\/www.grieta.org.mx\/wp-content\/uploads\/2018\/03\/14524434_1106112876131411_958039263622046936_o.jpg?resize=350%2C200 1x, https:\/\/i0.wp.com\/www.grieta.org.mx\/wp-content\/uploads\/2018\/03\/14524434_1106112876131411_958039263622046936_o.jpg?resize=525%2C300 1.5x, https:\/\/i0.wp.com\/www.grieta.org.mx\/wp-content\/uploads\/2018\/03\/14524434_1106112876131411_958039263622046936_o.jpg?resize=700%2C400 2x"},"classes":[]},{"id":587,"url":"http:\/\/www.grieta.org.mx\/index.php\/2016\/02\/15\/otro-paro-en-la-uaz\/","url_meta":{"origin":615,"position":4},"title":"Otro paro en la UAZ","author":"grieta","date":"15 febrero, 2016","format":false,"excerpt":"Zacatecas Lunes, 15 de febrero de 2016 ABIGAIL SALINAS Zacatecas.- Al mediod\u00eda de este lunes, en asamblea general del Sindicato del Personal Acad\u00e9mico de la Universidad Aut\u00f3noma de Zacatecas (SPAUAZ), se decidi\u00f3 realizar un paro general de actividades este martes en todos los planteles de la m\u00e1xima casa de estudios\u2026","rel":"","context":"En &quot;CINTILLO&quot;","block_context":{"text":"CINTILLO","link":"http:\/\/www.grieta.org.mx\/index.php\/category\/cintillo\/"},"img":{"alt_text":"","src":"https:\/\/i0.wp.com\/www.grieta.org.mx\/wp-content\/uploads\/2018\/03\/14524434_1106112876131411_958039263622046936_o.jpg?resize=350%2C200","width":350,"height":200,"srcset":"https:\/\/i0.wp.com\/www.grieta.org.mx\/wp-content\/uploads\/2018\/03\/14524434_1106112876131411_958039263622046936_o.jpg?resize=350%2C200 1x, https:\/\/i0.wp.com\/www.grieta.org.mx\/wp-content\/uploads\/2018\/03\/14524434_1106112876131411_958039263622046936_o.jpg?resize=525%2C300 1.5x, https:\/\/i0.wp.com\/www.grieta.org.mx\/wp-content\/uploads\/2018\/03\/14524434_1106112876131411_958039263622046936_o.jpg?resize=700%2C400 2x"},"classes":[]},{"id":14801,"url":"http:\/\/www.grieta.org.mx\/index.php\/2016\/06\/22\/realiza-spauaz-paro-contra-reforma-a-la-salud\/","url_meta":{"origin":615,"position":5},"title":"Realiza SPAUAZ paro contra reforma a la salud","author":"grieta","date":"22 junio, 2016","format":false,"excerpt":"Mi\u00e9rcoles, 22 de junio de 2016 STAFF | NTRZACATECAS.COM Zacatecas.- Agremiados del Sindicato de Personal Acad\u00e9mico de la Universidad Aut\u00f3noma de Zacatecas (SPAUAZ), realiz\u00f3 un paro en las instalaciones de Rector\u00eda y el Campus Siglo XXI contra la reforma a la salud del gobierno federal. Jos\u00e9 Crescenciano S\u00e1nchez P\u00e9rez, dirigente\u2026","rel":"","context":"En &quot;CINTILLO&quot;","block_context":{"text":"CINTILLO","link":"http:\/\/www.grieta.org.mx\/index.php\/category\/cintillo\/"},"img":{"alt_text":"","src":"https:\/\/i0.wp.com\/www.grieta.org.mx\/wp-content\/uploads\/2018\/03\/14524434_1106112876131411_958039263622046936_o.jpg?resize=350%2C200","width":350,"height":200,"srcset":"https:\/\/i0.wp.com\/www.grieta.org.mx\/wp-content\/uploads\/2018\/03\/14524434_1106112876131411_958039263622046936_o.jpg?resize=350%2C200 1x, https:\/\/i0.wp.com\/www.grieta.org.mx\/wp-content\/uploads\/2018\/03\/14524434_1106112876131411_958039263622046936_o.jpg?resize=525%2C300 1.5x, https:\/\/i0.wp.com\/www.grieta.org.mx\/wp-content\/uploads\/2018\/03\/14524434_1106112876131411_958039263622046936_o.jpg?resize=700%2C400 2x"},"classes":[]}],"_links":{"self":[{"href":"http:\/\/www.grieta.org.mx\/index.php\/wp-json\/wp\/v2\/posts\/615","targetHints":{"allow":["GET"]}}],"collection":[{"href":"http:\/\/www.grieta.org.mx\/index.php\/wp-json\/wp\/v2\/posts"}],"about":[{"href":"http:\/\/www.grieta.org.mx\/index.php\/wp-json\/wp\/v2\/types\/post"}],"author":[{"embeddable":true,"href":"http:\/\/www.grieta.org.mx\/index.php\/wp-json\/wp\/v2\/users\/2"}],"replies":[{"embeddable":true,"href":"http:\/\/www.grieta.org.mx\/index.php\/wp-json\/wp\/v2\/comments?post=615"}],"version-history":[{"count":1,"href":"http:\/\/www.grieta.org.mx\/index.php\/wp-json\/wp\/v2\/posts\/615\/revisions"}],"predecessor-version":[{"id":616,"href":"http:\/\/www.grieta.org.mx\/index.php\/wp-json\/wp\/v2\/posts\/615\/revisions\/616"}],"wp:featuredmedia":[{"embeddable":true,"href":"http:\/\/www.grieta.org.mx\/index.php\/wp-json\/wp\/v2\/media\/21928"}],"wp:attachment":[{"href":"http:\/\/www.grieta.org.mx\/index.php\/wp-json\/wp\/v2\/media?parent=615"}],"wp:term":[{"taxonomy":"category","embeddable":true,"href":"http:\/\/www.grieta.org.mx\/index.php\/wp-json\/wp\/v2\/categories?post=615"},{"taxonomy":"post_tag","embeddable":true,"href":"http:\/\/www.grieta.org.mx\/index.php\/wp-json\/wp\/v2\/tags?post=615"}],"curies":[{"name":"wp","href":"https:\/\/api.w.org\/{rel}","templated":true}]}}