{"id":61299,"date":"2021-08-19T16:04:37","date_gmt":"2021-08-19T21:04:37","guid":{"rendered":"https:\/\/www.grieta.org.mx\/?p=61299"},"modified":"2021-08-21T16:35:29","modified_gmt":"2021-08-21T21:35:29","slug":"no-vamos-a-dar-un-paso-atras-la-consigna-tras-el-desalojo-violento-e-ilegal-del-parque-resistencia-huentitan-jalisco","status":"publish","type":"post","link":"http:\/\/www.grieta.org.mx\/index.php\/2021\/08\/19\/no-vamos-a-dar-un-paso-atras-la-consigna-tras-el-desalojo-violento-e-ilegal-del-parque-resistencia-huentitan-jalisco\/","title":{"rendered":"\u201cNo vamos a dar un paso atr\u00e1s\u201d: la consigna tras el desalojo violento e ilegal del Parque Resistencia Huentit\u00e1n (Jalisco)"},"content":{"rendered":"<p>Foto: Zona Docs<br \/>\n<strong>Alrededor de la tres de la ma\u00f1ana del 19 de agosto, vecinos y estudiantes de la Universidad de Guadalajara que se encontraban en guardia en el \u201cParque Resistencia Huentitan\u201d fueron sacados por la fuerza por personal armado que lleg\u00f3 sin identificarse y que despu\u00e9s se present\u00f3 como personal de la Fiscal\u00eda del Estado de Jalisco.<\/strong><\/p>\n<p><strong>Con amenazas como \u201cYa valieron verga\u201d, los polic\u00edas retuvieron por la fuerza dentro del predio a cerca de 15 j\u00f3venes por m\u00e1s de dos horas, a quienes incomunicaron y amenazaron con desaparecerles, luego de la presi\u00f3n medi\u00e1tica y pol\u00edtica ejercida por la comunidad de la universitaria, los j\u00f3venes recuperaron su libertad y pertenencias.<\/strong><\/p>\n<p><strong>En rueda de prensa, luego del acto que calificaron como violento y represivo, la Federaci\u00f3n de Estudiantes Universitarios (FEU) y vecinos de la zona reafirmaron su posici\u00f3n y anunciaron que la defensa de este parque continuar\u00e1, esto pese a que el Gobierno de Jalisco ya demostr\u00f3 que est\u00e1 de lado de las inmobiliarias que pretenden adue\u00f1arse de este espacio p\u00fablico.<\/strong><\/p>\n<p>Josu\u00e9 Ibarra \/ Zona Docs<\/p>\n<p><strong>\u201cEst\u00e1bamos dormidas cuando escuchamos ruido afuera, entr\u00f3 un hombre vestido de civil con un arma larga a la fuerza, nos grit\u00f3 \u201cya valieron verga, s\u00e1lganse\u201d, tomamos r\u00e1pidamente nuestras pertenencias de valor (solo art\u00edculos electr\u00f3nicos)\u201d, as\u00ed inicia Abi, estudiante universitaria, su narraci\u00f3n sobre lo que esta madrugada le toc\u00f3 vivir mientras formaba parte de la guardia nocturna dentro de las acciones de resistencia del Parque Huentit\u00e1n.<\/strong><\/p>\n<p><strong>Lugar al que arribaron con uso excesivo de la fuerza integrantes de la Fiscal\u00eda del Estado de Jalisco, algunos uniformados y otros de vestidos de civil,<\/strong>\u00a0para hacer valer, aunque no presentaron una orden formal de desalojo,\u00a0<strong>un mandamiento judicial a favor de \u201cHoteles Riviera Deluxe y Hotelera Salamanca\u201d,<\/strong>\u00a0quienes se presentan como los leg\u00edtimos due\u00f1os de un predio que est\u00e1 dentro de un fideicomiso p\u00fablico del Gobierno Municipal de Guadalajara.<\/p>\n<p><strong>\u201cNos pusimos r\u00e1pidamente los zapatos y nos sacaron, dividi\u00e9ndonos en dos grupos en diferentes cuartos, conmigo en una sola \u00e9ramos 7, tres hombres y cuatro mujeres, no sab\u00edamos que suced\u00eda y al tenernos sentados en el suelo realmente cre\u00ed que disparar\u00edan\u201d.<\/strong><\/p>\n<p>Este relato contrasta ampliamente con lo que horas m\u00e1s tarde, la Fiscal\u00eda del Estado comunic\u00f3 en un bolet\u00edn de prensa\u00a0<strong>donde asegura que la acci\u00f3n no fue un desalojo, sino una restituci\u00f3n legal de un predio que ocurri\u00f3 en apego a derecho y respetando los derechos humanos de todas las personas presentes<\/strong>\u00a0en un campamento pac\u00edfico\u00a0<strong>que llevaba m\u00e1s de 140 d\u00edas activo para defender un espacio de la ciudad de los intereses inmobiliarios<\/strong>\u00a0que, desde hace a\u00f1os, acechan la zona de Huentit\u00e1n.<\/p>\n<p><strong>\u201cFueron casi 30 min sin saber que suced\u00eda, sin tener comunicaci\u00f3n con nadie ni saber si los dem\u00e1s estaban bien, despu\u00e9s de una hora aproximadamente nos mencionaron que eran de la fiscal\u00eda, que tomar\u00edan nuestros datos para hacer p\u00fablico quienes estaban adentro. Tomaron datos como nombre, tel\u00e9fono, edad y domicilio de cada uno de nosotros, poco a poco se calmaron m\u00e1s y nos permitieron ir al ba\u00f1o, de una por una y s\u00f3lo las mujeres acompa\u00f1adas por una oficial\u201d.<\/strong><\/p>\n<p>A estas actitudes tambi\u00e9n se sumaron amenazas de desaparecerlos, actitudes que cambiaron cuando al lugar llegaron integrantes de la Comisi\u00f3n Estatal de Derechos Humanos de Jalisco (CEDHJ),\u00a0<strong>quienes exigieron se les regresara a los j\u00f3venes sus pertenencias y se detuviera el operativo que se hizo de manera irregular<\/strong>\u00a0y con una orden que no ten\u00eda ninguna autorizaci\u00f3n judicial.<\/p>\n<p>Despu\u00e9s de ello, a las y los estudiantes les permitieron ir por sus cosas como; maletas y cobijas, para despu\u00e9s llevarlos a todos al \u00e1rea com\u00fan donde estuvieron cerca de dos horas.\u00a0<strong>Ah\u00ed ya se les permiti\u00f3 despu\u00e9s hacer llamadas y avisar a familiares, y fue cuando lo ocurrido se hizo p\u00fablico.<\/strong><\/p>\n<p><strong>\u201cUna vez en el \u00e1rea com\u00fan, pero a\u00fan dentro del parque todos los miembros de la fiscal\u00eda guardaron sus armas, dejando sin evidencia que hab\u00edan portado las mismas, nos mencionaron que nos har\u00edan una entrevista a cada uno un miembro de la fiscal\u00eda, a todos al mismo tiempo, fue hasta que llegaron de la comisi\u00f3n de derechos humanos que se nos pregunt\u00f3 si est\u00e1bamos bien\u201d.<\/strong><\/p>\n<p>La CEDHJ no permiti\u00f3 que se les entrevistar\u00e1 en lo individual. Al final por su intervenci\u00f3n, les permitieron sacar sus cosas y salir del Parque; en la narraci\u00f3n final de la estudiante est\u00e1 es clara al se\u00f1alar que:<\/p>\n<p><strong>\u201cDurante todo el proceso nos estuvieron haciendo preguntas sobre qui\u00e9nes \u00e9ramos, a qu\u00e9 pertenec\u00edamos, qu\u00e9 hac\u00edamos en el lugar, dici\u00e9ndonos que era un delito, al principio del operativo le preguntaron su edad a la menor de edad, le dijeron que pod\u00eda ser ni\u00f1a \u201cdesaparecida\u201d, las autoridades acudieron a estas conductas de intimidaci\u00f3n emocional, cuando no estamos haciendo nada malo, defendemos algo que es del pueblo y para el pueblo\u201d.<\/strong><\/p>\n<p>Horas m\u00e1s tarde, el presidente de la FEU, Javier Armenta, en una rueda de prensa en la que tambi\u00e9n participaron vecinos y organizaciones que conforman las resistencia pac\u00edfica por el Parque Huentit\u00e1n, coment\u00f3:<\/p>\n<p><strong>\u201cDespu\u00e9s de m\u00e1s de diez meses de investigaci\u00f3n vecinos, acad\u00e9micos y estudiantes documentamos una serie de actos il\u00edcitos por parte de las autoridades municipales y tambi\u00e9n omisiones que tambi\u00e9n son de car\u00e1cter il\u00edcito que demuestran que han estado en complicidad con la mafia inmobiliaria, mafia que no s\u00f3lo opera en el Parque Resistencia Huentitan, opera tambi\u00e9n en el Parque San Rafael, opera tambi\u00e9n en el cerro de Mixticuil, en los Colomos y en muchos otros espacios, no s\u00f3lo en Guadalajara si no en el Estado\u201d.<\/strong><\/p>\n<p>El presidente de la FEU, adem\u00e1s mencion\u00f3 que, desde el 29 de marzo que entraron al predio,\u00a0<strong>se dio un proceso de recuperaci\u00f3n del espacio p\u00fablico, pues ah\u00ed han plantado m\u00e1s de mil \u00e1rboles<\/strong>, han rehabilitado la explanada entre avenida Perif\u00e9rico y la Calzada Independencia, lugar donde se impart\u00edan clases de salsa e impulsaron cursos de verano.<\/p>\n<p><strong>\u201cYo le ped\u00ed a Ministerio P\u00fablico que me mostrara la \u00f3rden del Juez que motivaba este acto, me la mostr\u00f3 hasta las 5 y media de la ma\u00f1ana (dos horas y media despu\u00e9s del desalojo)\u201d.<\/strong><\/p>\n<p>Igualmente record\u00f3 lo que les hizo apropiarse pac\u00edficamente de un predio del que los desalojan de manera violenta e ilegal:<\/p>\n<p><strong>\u201cEstamos actualmente en este predio porque el Gobierno de Estado no tuvo los pantalones para promover las acciones jur\u00eddicas para despojarnos de un parque, yo me hago una pregunta: \u00bfQu\u00e9 pueden esperar los estudiantes y los j\u00f3venes en Jalisco de un fiscal que se atreve a levantar m\u00e1s de cincuenta estudiantes el 5 de junio y s\u00f3lo cuatro fueron procesados por abuso de violencia sin autoridad de ejercer el derecho? As\u00ed nos tratan, \u00bfese es el trato que merecemos?\u201d<\/strong><\/p>\n<p>Hace unas semanas el alcalde de Guadalajara, Eduardo Mart\u00ednez Lomel\u00ed, hab\u00eda acudido al predio para dialogar con los vecinos y quienes forman parte de esta acci\u00f3n, algo que cuestion\u00f3 el l\u00edder estudiantil, tras lo hechos ocurridos la madrugada del 19 de agosto:<\/p>\n<p><strong>\u201c\u00bfEste es tu dialogo Alcalde? No has dicho nada al respecto, quiero decirles aqu\u00ed como vecino y como estudiante, no les tenemos miedo porque los pelos de la burra en la mano para documentar su mal actuar los tenemos, no es ning\u00fan delito lo que hemos hecho aqu\u00ed, hemos re habitado este espacio en nombre de la vida, aqu\u00ed van a venir mis hijos a caminar, tenemos que luchar hoy porque no nos arrebaten estos espacios porque sino no va haber agua para ma\u00f1ana, a mi si me preocupa que en Huentitan el crimen organizado recluten ni\u00f1os y ni\u00f1as, en lugar de que sean reclutados por el maestro de futbol o el maestro de pintura aqu\u00ed en el para que, eso s\u00ed me preocupa\u201d.<\/strong><\/p>\n<p>Para concluir, el presidente de la FEU puntualiz\u00f3:<\/p>\n<p><strong>\u201cEl gobierno entiende el lenguaje del dinero, pero no el lenguaje de la vida, pero no vamos a dar un paso atr\u00e1s y si creen que vamos a guardar silencio est\u00e1n equivocados, ya que no s\u00f3lo es Huentitan, tambi\u00e9n son los vecinos de San Rafael y de muchos otros espacios porque estamos cansados de que crean que el espacio p\u00fablico les pertenece, no les pertenece, les pertenece a todos, vamos a recuperar los derechos que nos pertenecen.\u201d<\/strong><\/p>\n<p><a href=\"https:\/\/www.zonadocs.mx\/2021\/08\/19\/no-vamos-a-dar-un-paso-atras-la-consigna-tras-el-desalojo-violento-e-ilegal-del-parque-resistencia-huentitan\/\">https:\/\/www.zonadocs.mx\/2021\/08\/19\/no-vamos-a-dar-un-paso-atras-la-consigna-tras-el-desalojo-violento-e-ilegal-del-parque-resistencia-huentitan\/<\/a><\/p>\n","protected":false},"excerpt":{"rendered":"<p>Foto: Zona Docs Alrededor de la tres de la ma\u00f1ana del 19 de agosto, vecinos y estudiantes de la Universidad de Guadalajara que se encontraban en guardia en el \u201cParque &hellip; <a href=\"http:\/\/www.grieta.org.mx\/index.php\/2021\/08\/19\/no-vamos-a-dar-un-paso-atras-la-consigna-tras-el-desalojo-violento-e-ilegal-del-parque-resistencia-huentitan-jalisco\/\" class=\"more-link\">Leer m\u00e1s<\/a><\/p>\n","protected":false},"author":2,"featured_media":61300,"comment_status":"closed","ping_status":"closed","sticky":false,"template":"","format":"standard","meta":{"ngg_post_thumbnail":0,"_jetpack_newsletter_access":"","_jetpack_dont_email_post_to_subs":false,"_jetpack_newsletter_tier_id":0,"_jetpack_memberships_contains_paywalled_content":false,"_jetpack_memberships_contains_paid_content":false,"footnotes":""},"categories":[80,2374,1278,20,2,83],"tags":[2870,3486,1046,1210,2942],"class_list":["post-61299","post","type-post","status-publish","format-standard","has-post-thumbnail","hentry","category-cintillo","category-conflictos-por-desarrollos-inmobiliarios-en-jalisco","category-despojo-de-tierras-y-territorios","category-jalisco","category-noticias-nacionales","category-temas-nacionales","tag-abuso-policial","tag-brutalidad-policiaca","tag-cartel-inmobiliario","tag-conflictos-por-desarrollos-inmobiliarios","tag-despojo-de-tierras-por-inmobiliarias","entry"],"jetpack_featured_media_url":"http:\/\/www.grieta.org.mx\/wp-content\/uploads\/2021\/08\/rueda-de-prensa-FEU.jpeg","jetpack_sharing_enabled":true,"jetpack_shortlink":"https:\/\/wp.me\/p7ZJR4-fWH","jetpack_likes_enabled":false,"jetpack-related-posts":[{"id":64875,"url":"http:\/\/www.grieta.org.mx\/index.php\/2022\/08\/19\/parque-resistencia-huentitan-tras-un-ano-del-desalojo-violento-activistas-refrendan-su-lucha-jalisco\/","url_meta":{"origin":61299,"position":0},"title":"Parque Resistencia Huentit\u00e1n: Tras un a\u00f1o del desalojo violento, activistas refrendan su lucha (Jalisco)","author":"grieta","date":"19 agosto, 2022","format":false,"excerpt":"Imagen: Aurelio Maga\u00f1a Elizabeth R\u00edos \/ El Occidental A un a\u00f1o del\u00a0desalojo ilegal y violento que sufrieron vecinos y estudiantes del Parque Resistencia Huentit\u00e1n, defensores de este espacio aseveraron que\u00a0no dejar\u00e1n de luchar hasta recuperar la zona para los ciudadanos. El 19 de agosto del 2021 estudiantes de la Universidad\u2026","rel":"","context":"En &quot;CINTILLO&quot;","block_context":{"text":"CINTILLO","link":"http:\/\/www.grieta.org.mx\/index.php\/category\/cintillo\/"},"img":{"alt_text":"","src":"https:\/\/i0.wp.com\/www.grieta.org.mx\/wp-content\/uploads\/2022\/08\/Parque-Resistencia-Huentita%CC%81n-4.jpg?resize=350%2C200","width":350,"height":200,"srcset":"https:\/\/i0.wp.com\/www.grieta.org.mx\/wp-content\/uploads\/2022\/08\/Parque-Resistencia-Huentita%CC%81n-4.jpg?resize=350%2C200 1x, https:\/\/i0.wp.com\/www.grieta.org.mx\/wp-content\/uploads\/2022\/08\/Parque-Resistencia-Huentita%CC%81n-4.jpg?resize=525%2C300 1.5x, https:\/\/i0.wp.com\/www.grieta.org.mx\/wp-content\/uploads\/2022\/08\/Parque-Resistencia-Huentita%CC%81n-4.jpg?resize=700%2C400 2x"},"classes":[]},{"id":61586,"url":"http:\/\/www.grieta.org.mx\/index.php\/2021\/09\/08\/parque-resistencia-huentitan-la-lucha-no-termina-jalisco\/","url_meta":{"origin":61299,"position":1},"title":"Parque Resistencia Huentit\u00e1n: La lucha no termina (Jalisco)","author":"grieta","date":"8 septiembre, 2021","format":false,"excerpt":"Foto: Parque Resistencia Huentit\u00e1n Pese a los actos de represi\u00f3n cometidos contra quienes se encontraban en guardia nocturna en el Parque Resistencia Huentit\u00e1n, el pasado 20 de agosto, la lucha por recuperar este espacio urbano de los intereses inmobiliarios no ha cesado. Arturo Mendoza Monta\u00f1o, presidente del consejo social de\u2026","rel":"","context":"En &quot;CINTILLO&quot;","block_context":{"text":"CINTILLO","link":"http:\/\/www.grieta.org.mx\/index.php\/category\/cintillo\/"},"img":{"alt_text":"","src":"https:\/\/i0.wp.com\/www.grieta.org.mx\/wp-content\/uploads\/2021\/09\/E-tQr3jX0AMVOXb-1068x801-1.jpeg?resize=350%2C200","width":350,"height":200,"srcset":"https:\/\/i0.wp.com\/www.grieta.org.mx\/wp-content\/uploads\/2021\/09\/E-tQr3jX0AMVOXb-1068x801-1.jpeg?resize=350%2C200 1x, https:\/\/i0.wp.com\/www.grieta.org.mx\/wp-content\/uploads\/2021\/09\/E-tQr3jX0AMVOXb-1068x801-1.jpeg?resize=525%2C300 1.5x, https:\/\/i0.wp.com\/www.grieta.org.mx\/wp-content\/uploads\/2021\/09\/E-tQr3jX0AMVOXb-1068x801-1.jpeg?resize=700%2C400 2x, https:\/\/i0.wp.com\/www.grieta.org.mx\/wp-content\/uploads\/2021\/09\/E-tQr3jX0AMVOXb-1068x801-1.jpeg?resize=1050%2C600 3x"},"classes":[]},{"id":59340,"url":"http:\/\/www.grieta.org.mx\/index.php\/2021\/05\/03\/vecinos-y-activistas-de-huentitan-preparan-explanada-cultural-en-predio-de-iconia-jalisco\/","url_meta":{"origin":61299,"position":2},"title":"Vecinos y activistas de Huentit\u00e1n preparan explanada cultural en predio de Iconia (Jalisco)","author":"grieta","date":"3 mayo, 2021","format":false,"excerpt":"Foto: F\u00e1tima Aguilar F\u00e1tima Aguilar \/ UDGTV A cinco semanas de resistencia contra el proyecto inmobiliario de Iconia,\u00a0los vecinos y activistas de Huentit\u00e1n contin\u00faan con acciones para rehabilitar el predio\u00a0de 13.5 hect\u00e1reas donde se quiere desarrollar un complejo de mil 600 departamentos, y al que los ciudadanos han bautizado como\u2026","rel":"","context":"En &quot;CINTILLO&quot;","block_context":{"text":"CINTILLO","link":"http:\/\/www.grieta.org.mx\/index.php\/category\/cintillo\/"},"img":{"alt_text":"","src":"https:\/\/i0.wp.com\/www.grieta.org.mx\/wp-content\/uploads\/2021\/05\/Hentitan-Fatima-Aguilar-696x522-1-e1620588322877.jpeg?resize=350%2C200","width":350,"height":200,"srcset":"https:\/\/i0.wp.com\/www.grieta.org.mx\/wp-content\/uploads\/2021\/05\/Hentitan-Fatima-Aguilar-696x522-1-e1620588322877.jpeg?resize=350%2C200 1x, https:\/\/i0.wp.com\/www.grieta.org.mx\/wp-content\/uploads\/2021\/05\/Hentitan-Fatima-Aguilar-696x522-1-e1620588322877.jpeg?resize=525%2C300 1.5x"},"classes":[]},{"id":45606,"url":"http:\/\/www.grieta.org.mx\/index.php\/2020\/03\/03\/denuncian-construcciones-irregulares-en-huentitan-jalisco\/","url_meta":{"origin":61299,"position":3},"title":"Denuncian construcciones irregulares en Huentit\u00e1n (Jalisco)","author":"grieta","date":"3 marzo, 2020","format":false,"excerpt":"Foto: Semarnat Jalisco El Colectivo \u00danete Huentit\u00e1n sostuvo que muchas constructoras han iniciado proyectos de casas y departamentos que violan los planes parciales del municipio Rafael Hern\u00e1ndez \/ UDGTV Integrantes del colectivo \u00danete Huentit\u00e1n, advirtieron de lo que ellos consideran el colapso de los servicios p\u00fablicos municipales\u00a0en esta zona de\u2026","rel":"","context":"En &quot;CINTILLO&quot;","block_context":{"text":"CINTILLO","link":"http:\/\/www.grieta.org.mx\/index.php\/category\/cintillo\/"},"img":{"alt_text":"","src":"https:\/\/i0.wp.com\/www.grieta.org.mx\/wp-content\/uploads\/2020\/03\/Barranca-de-Huentit%C3%A1n-Semadet-Jalisco-696x464.jpg?resize=350%2C200","width":350,"height":200,"srcset":"https:\/\/i0.wp.com\/www.grieta.org.mx\/wp-content\/uploads\/2020\/03\/Barranca-de-Huentit%C3%A1n-Semadet-Jalisco-696x464.jpg?resize=350%2C200 1x, https:\/\/i0.wp.com\/www.grieta.org.mx\/wp-content\/uploads\/2020\/03\/Barranca-de-Huentit%C3%A1n-Semadet-Jalisco-696x464.jpg?resize=525%2C300 1.5x"},"classes":[]},{"id":65213,"url":"http:\/\/www.grieta.org.mx\/index.php\/2022\/09\/13\/pese-a-clausura-siguen-trabajos-en-iconia-colectivos-ven-simulacion-jalisco\/","url_meta":{"origin":61299,"position":4},"title":"Pese a clausura, siguen trabajos en Iconia; colectivos ven simulaci\u00f3n (Jalisco)","author":"grieta","date":"13 septiembre, 2022","format":false,"excerpt":"Imagen: Edgar Flores Edgar Flores \/ El Diario NTR Integrantes del colectivo \u00danete Huentit\u00e1n ven como una simulaci\u00f3n la clausura de las obras de Iconia, en el sitio a\u00fan hay trabajadores laborando, constat\u00f3 NTR en un recorrido. Luego de que el Ayuntamiento de Guadalajara clausur\u00f3 las obras de Iconia, desde\u2026","rel":"","context":"En &quot;CINTILLO&quot;","block_context":{"text":"CINTILLO","link":"http:\/\/www.grieta.org.mx\/index.php\/category\/cintillo\/"},"img":{"alt_text":"","src":"https:\/\/i0.wp.com\/www.grieta.org.mx\/wp-content\/uploads\/2022\/09\/2022-09-13_12-09-53___4492.jpg?resize=350%2C200","width":350,"height":200,"srcset":"https:\/\/i0.wp.com\/www.grieta.org.mx\/wp-content\/uploads\/2022\/09\/2022-09-13_12-09-53___4492.jpg?resize=350%2C200 1x, https:\/\/i0.wp.com\/www.grieta.org.mx\/wp-content\/uploads\/2022\/09\/2022-09-13_12-09-53___4492.jpg?resize=525%2C300 1.5x, https:\/\/i0.wp.com\/www.grieta.org.mx\/wp-content\/uploads\/2022\/09\/2022-09-13_12-09-53___4492.jpg?resize=700%2C400 2x"},"classes":[]},{"id":65132,"url":"http:\/\/www.grieta.org.mx\/index.php\/2022\/09\/05\/vecinos-de-el-refugio-se-oponen-a-desarrollos-inmobiliarios-en-ciudad-creativa-jalisco\/","url_meta":{"origin":61299,"position":5},"title":"Vecinos de El Refugio se oponen a desarrollos inmobiliarios en Ciudad Creativa (Jalisco)","author":"grieta","date":"5 septiembre, 2022","format":false,"excerpt":"Imagen: Lauro Rodr\u00edguez Lauro Rodr\u00edguez \/ EL Diario NTR Un grupo de vecinos representantes de la colonia El Refugio, de la zona Centro de Guadalajara, se manifestaron durante el inicio de los proyectos de vivienda en Distrito Creativo. Los vecinos precisaron que no quieren el desarrollo inmobiliario porque llegar\u00e1 a\u2026","rel":"","context":"En &quot;CINTILLO&quot;","block_context":{"text":"CINTILLO","link":"http:\/\/www.grieta.org.mx\/index.php\/category\/cintillo\/"},"img":{"alt_text":"","src":"https:\/\/i0.wp.com\/www.grieta.org.mx\/wp-content\/uploads\/2022\/09\/2022-09-05_11-09-08___5232.jpg?resize=350%2C200","width":350,"height":200,"srcset":"https:\/\/i0.wp.com\/www.grieta.org.mx\/wp-content\/uploads\/2022\/09\/2022-09-05_11-09-08___5232.jpg?resize=350%2C200 1x, https:\/\/i0.wp.com\/www.grieta.org.mx\/wp-content\/uploads\/2022\/09\/2022-09-05_11-09-08___5232.jpg?resize=525%2C300 1.5x, https:\/\/i0.wp.com\/www.grieta.org.mx\/wp-content\/uploads\/2022\/09\/2022-09-05_11-09-08___5232.jpg?resize=700%2C400 2x"},"classes":[]}],"_links":{"self":[{"href":"http:\/\/www.grieta.org.mx\/index.php\/wp-json\/wp\/v2\/posts\/61299","targetHints":{"allow":["GET"]}}],"collection":[{"href":"http:\/\/www.grieta.org.mx\/index.php\/wp-json\/wp\/v2\/posts"}],"about":[{"href":"http:\/\/www.grieta.org.mx\/index.php\/wp-json\/wp\/v2\/types\/post"}],"author":[{"embeddable":true,"href":"http:\/\/www.grieta.org.mx\/index.php\/wp-json\/wp\/v2\/users\/2"}],"replies":[{"embeddable":true,"href":"http:\/\/www.grieta.org.mx\/index.php\/wp-json\/wp\/v2\/comments?post=61299"}],"version-history":[{"count":1,"href":"http:\/\/www.grieta.org.mx\/index.php\/wp-json\/wp\/v2\/posts\/61299\/revisions"}],"predecessor-version":[{"id":61301,"href":"http:\/\/www.grieta.org.mx\/index.php\/wp-json\/wp\/v2\/posts\/61299\/revisions\/61301"}],"wp:featuredmedia":[{"embeddable":true,"href":"http:\/\/www.grieta.org.mx\/index.php\/wp-json\/wp\/v2\/media\/61300"}],"wp:attachment":[{"href":"http:\/\/www.grieta.org.mx\/index.php\/wp-json\/wp\/v2\/media?parent=61299"}],"wp:term":[{"taxonomy":"category","embeddable":true,"href":"http:\/\/www.grieta.org.mx\/index.php\/wp-json\/wp\/v2\/categories?post=61299"},{"taxonomy":"post_tag","embeddable":true,"href":"http:\/\/www.grieta.org.mx\/index.php\/wp-json\/wp\/v2\/tags?post=61299"}],"curies":[{"name":"wp","href":"https:\/\/api.w.org\/{rel}","templated":true}]}}