{"id":61257,"date":"2021-08-11T18:26:28","date_gmt":"2021-08-11T23:26:28","guid":{"rendered":"http:\/\/www.grieta.org.mx\/?p=61257"},"modified":"2021-08-20T01:42:08","modified_gmt":"2021-08-20T06:42:08","slug":"mujeres-mazatecas-sostienen-resistencia-por-libertad-de-presos-politicos-oaxaca","status":"publish","type":"post","link":"http:\/\/www.grieta.org.mx\/index.php\/2021\/08\/11\/mujeres-mazatecas-sostienen-resistencia-por-libertad-de-presos-politicos-oaxaca\/","title":{"rendered":"Mujeres mazatecas sostienen resistencia por libertad de presos pol\u00edticos (Oaxaca)"},"content":{"rendered":"<p>Avispa Midia \/ \u00c1ngel Huerta.<\/p>\n<p>*Desde el a\u00f1o 2010, en Eloxochitl\u00e1n de Flores Mag\u00f3n se vive un ambiente represivo. Caciques y pol\u00edticos locales, bajo la mirada de las instituciones y desde ellas, han desatado una persecuci\u00f3n pol\u00edtica y jur\u00eddica contra l@s representantes de la Asamblea Comunitaria. A continuaci\u00f3n, presentamos un texto en dos partes. La primera aborda la lucha actual de las mujeres Mazatecas y, la segunda, hace un repaso en el conflicto y la violencia desatada por el grupo encabezado por Manuel Zepeda y su hija Eliza Zepeda.<\/p>\n<p><img loading=\"lazy\" decoding=\"async\" data-attachment-id=\"61258\" data-permalink=\"http:\/\/www.grieta.org.mx\/index.php\/2021\/08\/11\/mujeres-mazatecas-sostienen-resistencia-por-libertad-de-presos-politicos-oaxaca\/a-94\/\" data-orig-file=\"http:\/\/www.grieta.org.mx\/wp-content\/uploads\/2021\/08\/a-3.jpg\" data-orig-size=\"1280,853\" data-comments-opened=\"0\" data-image-meta=\"{&quot;aperture&quot;:&quot;0&quot;,&quot;credit&quot;:&quot;&quot;,&quot;camera&quot;:&quot;&quot;,&quot;caption&quot;:&quot;&quot;,&quot;created_timestamp&quot;:&quot;0&quot;,&quot;copyright&quot;:&quot;&quot;,&quot;focal_length&quot;:&quot;0&quot;,&quot;iso&quot;:&quot;0&quot;,&quot;shutter_speed&quot;:&quot;0&quot;,&quot;title&quot;:&quot;&quot;,&quot;orientation&quot;:&quot;0&quot;}\" data-image-title=\"a\" data-image-description=\"\" data-image-caption=\"\" data-medium-file=\"http:\/\/www.grieta.org.mx\/wp-content\/uploads\/2021\/08\/a-3-300x200.jpg\" data-large-file=\"http:\/\/www.grieta.org.mx\/wp-content\/uploads\/2021\/08\/a-3-1024x682.jpg\" class=\"alignnone wp-image-61258\" src=\"http:\/\/www.grieta.org.mx\/wp-content\/uploads\/2021\/08\/a-3.jpg\" alt=\"\" width=\"800\" height=\"533\" srcset=\"http:\/\/www.grieta.org.mx\/wp-content\/uploads\/2021\/08\/a-3.jpg 1280w, http:\/\/www.grieta.org.mx\/wp-content\/uploads\/2021\/08\/a-3-300x200.jpg 300w, http:\/\/www.grieta.org.mx\/wp-content\/uploads\/2021\/08\/a-3-1024x682.jpg 1024w, http:\/\/www.grieta.org.mx\/wp-content\/uploads\/2021\/08\/a-3-768x512.jpg 768w\" sizes=\"auto, (max-width: 800px) 100vw, 800px\" \/><\/p>\n<p>El pasado 26 de julio, mujeres Mazatecas de Eloxochitl\u00e1n de Flores Mag\u00f3n, Oaxaca, cumplieron dos meses en plant\u00f3n afuera del Consejo de la Judicatura Federal (CJF) en la Ciudad de M\u00e9xico.<\/p>\n<p>Ellas se encuentran ah\u00ed para exigir la libertad de los presos pol\u00edticos: Herminio Bonfil, Isa\u00edas Gallardo, Fernando Gavito, Omar Hugo Morales, Francisco Dur\u00e1n, Alfredo Bola\u00f1os y Jaime Betanzos, recluidos hace siete a\u00f1os en el \u00e1rea de m\u00e1xima seguridad del Centro de Reinserci\u00f3n Social Varonil, en San Francisco Tanivet, Tlacolula de Matamoros, acusados del asesinato de dos personas.<\/p>\n<p>El plant\u00f3n se encuentra al sur de la Ciudad de M\u00e9xico. Este campamento lo componen varias casas de campa\u00f1a, una cocina improvisada, adem\u00e1s de un espacio donde un par de mesas y sillas son utilizadas lo mismo como comedor, sala de prensa, multiforo y sal\u00f3n, donde las mujeres mazatecas y algunos varones comparten talleres con organizaciones solidarias, resistiendo fr\u00edo, lluvias y el hostigamiento de personas que se acercan a tomar fotos sin identificarse.<\/p>\n<p><img loading=\"lazy\" decoding=\"async\" data-attachment-id=\"61259\" data-permalink=\"http:\/\/www.grieta.org.mx\/index.php\/2021\/08\/11\/mujeres-mazatecas-sostienen-resistencia-por-libertad-de-presos-politicos-oaxaca\/b-33\/\" data-orig-file=\"http:\/\/www.grieta.org.mx\/wp-content\/uploads\/2021\/08\/b-2.jpg\" data-orig-size=\"1280,854\" data-comments-opened=\"0\" data-image-meta=\"{&quot;aperture&quot;:&quot;0&quot;,&quot;credit&quot;:&quot;&quot;,&quot;camera&quot;:&quot;&quot;,&quot;caption&quot;:&quot;&quot;,&quot;created_timestamp&quot;:&quot;0&quot;,&quot;copyright&quot;:&quot;&quot;,&quot;focal_length&quot;:&quot;0&quot;,&quot;iso&quot;:&quot;0&quot;,&quot;shutter_speed&quot;:&quot;0&quot;,&quot;title&quot;:&quot;&quot;,&quot;orientation&quot;:&quot;0&quot;}\" data-image-title=\"b\" data-image-description=\"\" data-image-caption=\"\" data-medium-file=\"http:\/\/www.grieta.org.mx\/wp-content\/uploads\/2021\/08\/b-2-300x200.jpg\" data-large-file=\"http:\/\/www.grieta.org.mx\/wp-content\/uploads\/2021\/08\/b-2-1024x683.jpg\" class=\"alignnone wp-image-61259\" src=\"http:\/\/www.grieta.org.mx\/wp-content\/uploads\/2021\/08\/b-2.jpg\" alt=\"\" width=\"800\" height=\"534\" srcset=\"http:\/\/www.grieta.org.mx\/wp-content\/uploads\/2021\/08\/b-2.jpg 1280w, http:\/\/www.grieta.org.mx\/wp-content\/uploads\/2021\/08\/b-2-300x200.jpg 300w, http:\/\/www.grieta.org.mx\/wp-content\/uploads\/2021\/08\/b-2-1024x683.jpg 1024w, http:\/\/www.grieta.org.mx\/wp-content\/uploads\/2021\/08\/b-2-768x512.jpg 768w\" sizes=\"auto, (max-width: 800px) 100vw, 800px\" \/><br \/>\nOrganizaciones sociales han acudido en apoyo al plant\u00f3n que sostienen las mujeres mazatecas.<\/p>\n<p>Su problem\u00e1tica, como as\u00ed lo menciona Argelia Betanzos, hija de Jaime Betanzos, en entrevista para Avispa Midia se\u00f1ala: \u201cHemos venido a partir de la negaci\u00f3n de la justicia en los tribunales del estado de Oaxaca por un lado y, por otro lado, el asunto de la dilaci\u00f3n sistem\u00e1tica practicada por el juzgado mixto de Huautla, el tribunal de Oaxaca y la fiscal\u00eda del estado de Oaxaca\u201d.<\/p>\n<p>Estas situaciones, de acuerdo a Argelia, hicieron que los casos brincaran en una l\u00ednea de defensa, a la que llama \u201cvertical\u201d al dirigirse hacia el \u00e1mbito federal. De esta manera, seis de los siete presos, aunque residen en Oaxaca, tienen sus casos en manos de jueces y magistrados federales.<\/p>\n<p>Por eso han decidido venir al CJF, porque all\u00ed est\u00e1n los consejeros encargados de coadyuvar a que la sociedad reciba justicia. Las mujeres mazatecas iniciaron en mayo el plant\u00f3n debido a las irregularidades en los casos de seis de los presos de Eloxochitl\u00e1n.<\/p>\n<p>Entre las presentes se encuentra Viviana Gavito, quien abandon\u00f3 su milpa, su casa y sus animalitos, para exigir la libertad de su hijo Fernando Gavito. Ella se\u00f1ala que, desde muy peque\u00f1o, Fernando se traslad\u00f3 a la ciudad de M\u00e9xico para trabajar y ten\u00eda muy poco de haber regresado a su casa cuando lo arrestaron. Viviana tard\u00f3 cuatro d\u00edas en saber el paradero de su hijo, pues nunca le dijeron la raz\u00f3n de su detenci\u00f3n.<\/p>\n<p>Fernando ayudaba en las labores del campo a do\u00f1a Vivi, como le dicen de cari\u00f1o en el plant\u00f3n. Ahora, ella levanta la siembra, cuida a los animalitos y levanta la cosecha sola. \u201cQuiero ver libre a mi hijo, no le ense\u00f1\u00e9 eso de las mentiras (\u2026) le ense\u00f1\u00e9 el trabajo del campo, soy madre soltera, yo crec\u00ed a mi \u00fanico hijo, es el \u00fanico hijo que tengo, quiero ver libre a mi hijo, estoy harta de que no avancen sus papeles, es muy duro estar aqu\u00ed (en el plant\u00f3n)\u201d, se\u00f1ala Viviana Gavito.<\/p>\n<p>Yadira Morales Zaragoza es otra de las mujeres mazatecas de Eloxochitl\u00e1n presentes en el campamento. Ella tambi\u00e9n es parte de la organizaci\u00f3n a trav\u00e9s de la Asamblea Comunitaria. Sin embargo, despu\u00e9s de que sus integrantes fueran objetivo de reiteradas agresiones, decidieron no continuar con el esfuerzo por temor a la violencia en su contra. \u201cAhorita que estamos en la lucha de los presos pol\u00edticos, volvimos a retomar la Asamblea, yo me un\u00ed a la lucha porque estoy harta de ver y sentir tanta injusticia, tanta corrupci\u00f3n en el estado y en el pa\u00eds. Yo creo que lleg\u00f3 el momento de que ya nuestros compa\u00f1eros salgan, nosotras como mujeres mazatecas, retomamos esa lucha\u201d, enfatiza Morales.<\/p>\n<p>A\u00fan con pruebas, negaci\u00f3n de libertad.<\/p>\n<p><img loading=\"lazy\" decoding=\"async\" data-attachment-id=\"61260\" data-permalink=\"http:\/\/www.grieta.org.mx\/index.php\/2021\/08\/11\/mujeres-mazatecas-sostienen-resistencia-por-libertad-de-presos-politicos-oaxaca\/c-24\/\" data-orig-file=\"http:\/\/www.grieta.org.mx\/wp-content\/uploads\/2021\/08\/c-1.jpg\" data-orig-size=\"1280,853\" data-comments-opened=\"0\" data-image-meta=\"{&quot;aperture&quot;:&quot;0&quot;,&quot;credit&quot;:&quot;&quot;,&quot;camera&quot;:&quot;&quot;,&quot;caption&quot;:&quot;&quot;,&quot;created_timestamp&quot;:&quot;0&quot;,&quot;copyright&quot;:&quot;&quot;,&quot;focal_length&quot;:&quot;0&quot;,&quot;iso&quot;:&quot;0&quot;,&quot;shutter_speed&quot;:&quot;0&quot;,&quot;title&quot;:&quot;&quot;,&quot;orientation&quot;:&quot;0&quot;}\" data-image-title=\"c\" data-image-description=\"\" data-image-caption=\"\" data-medium-file=\"http:\/\/www.grieta.org.mx\/wp-content\/uploads\/2021\/08\/c-1-300x200.jpg\" data-large-file=\"http:\/\/www.grieta.org.mx\/wp-content\/uploads\/2021\/08\/c-1-1024x682.jpg\" class=\"alignnone wp-image-61260\" src=\"http:\/\/www.grieta.org.mx\/wp-content\/uploads\/2021\/08\/c-1.jpg\" alt=\"\" width=\"800\" height=\"533\" srcset=\"http:\/\/www.grieta.org.mx\/wp-content\/uploads\/2021\/08\/c-1.jpg 1280w, http:\/\/www.grieta.org.mx\/wp-content\/uploads\/2021\/08\/c-1-300x200.jpg 300w, http:\/\/www.grieta.org.mx\/wp-content\/uploads\/2021\/08\/c-1-1024x682.jpg 1024w, http:\/\/www.grieta.org.mx\/wp-content\/uploads\/2021\/08\/c-1-768x512.jpg 768w\" sizes=\"auto, (max-width: 800px) 100vw, 800px\" \/><br \/>\nAspectos del plant\u00f3n para exigir la libertad de los presos de Eloxochitl\u00e1n.<\/p>\n<p>En el a\u00f1o 2017, los presos pol\u00edticos y sus representantes legales promovieron un recurso llamado \u201cincidente de libertad\u201d al considerar que todos los datos de prueba acusatorios estaban desvanecidos.<\/p>\n<p>Despu\u00e9s de la reticente demora del juez de Huautla y la apelaci\u00f3n de los presos ante ello, en marzo del 2019, el juez local, bajo orden del Tribunal Superior del Estado de Oaxaca, resolvi\u00f3 a favor de cuatro de los siete presos. El 1 de marzo de 2019 fueron absueltos y liberados, Herminio Bonfil Avenda\u00f1o, Jaime Betanzos Fuentes y Fernando Gavito Mart\u00ednez. Pese a ello, Omar Hugo Morales \u00c1lvarez continu\u00f3 preso, acusado de la muerte de Gustavo Estrada. Sin embargo, al salir de la pluma del penal de Ixcotel, los dem\u00e1s absueltos fueron nuevamente aprehendidos para aplicarles una nueva orden de aprehensi\u00f3n, esta vez por el supuesto delito de tentativa de homicidio, pero ahora contra Elisa Zepeda Lagunes.<\/p>\n<p>A pesar de que desde noviembre y diciembre del 2020 se realizaron las audiencias de los casos, fue hasta marzo de este 2021 cuando les comunicaron a los familiares el resultado que negaba su liberaci\u00f3n. A la llegada de las mujeres Mazatecas al plant\u00f3n en mayo de este a\u00f1o, los casos eran considerados irregulares. Por ejemplo, la fiscal\u00eda de Oaxaca no hab\u00eda notificado a la parte demandante, pese a que es un requisito esencial para que puedan luego desarrollar las audiencias. En junio, el Tribunal regulariz\u00f3 los tr\u00e1mites y quedaron listos para el dictado de audiencia del Tribunal Colegiado, que es lo que se espera que suceda en los pr\u00f3ximos d\u00edas.<\/p>\n<p>Argelia Betanzos se\u00f1ala que entre los a\u00f1os de 2017 al 2019 les hab\u00eda sido otorgada la libertad en casos id\u00e9nticos, inclusive con menores pruebas y ahora con mas material probatorio de inocencia les fueron negadas. Por ejemplo, el caso de Miguel Peralta, quien fue detenido en abril de 2015 en la Ciudad de M\u00e9xico, sin orden de aprehensi\u00f3n. Peralta estuvo en calidad de desaparecido varias horas tras su arresto y fue liberado por el juzgado mixto de Huatla en octubre del 2019, tras cuatro a\u00f1os, cinco meses y 14 d\u00edas de estar en prisi\u00f3n tras ser acusado por los delitos de homicidio y tentativa de homicidio contra Elisa Zepeda Lagunas.<\/p>\n<p><img loading=\"lazy\" decoding=\"async\" data-attachment-id=\"61261\" data-permalink=\"http:\/\/www.grieta.org.mx\/index.php\/2021\/08\/11\/mujeres-mazatecas-sostienen-resistencia-por-libertad-de-presos-politicos-oaxaca\/d-19\/\" data-orig-file=\"http:\/\/www.grieta.org.mx\/wp-content\/uploads\/2021\/08\/d-1.jpg\" data-orig-size=\"1280,854\" data-comments-opened=\"0\" data-image-meta=\"{&quot;aperture&quot;:&quot;0&quot;,&quot;credit&quot;:&quot;&quot;,&quot;camera&quot;:&quot;&quot;,&quot;caption&quot;:&quot;&quot;,&quot;created_timestamp&quot;:&quot;0&quot;,&quot;copyright&quot;:&quot;&quot;,&quot;focal_length&quot;:&quot;0&quot;,&quot;iso&quot;:&quot;0&quot;,&quot;shutter_speed&quot;:&quot;0&quot;,&quot;title&quot;:&quot;&quot;,&quot;orientation&quot;:&quot;0&quot;}\" data-image-title=\"d\" data-image-description=\"\" data-image-caption=\"\" data-medium-file=\"http:\/\/www.grieta.org.mx\/wp-content\/uploads\/2021\/08\/d-1-300x200.jpg\" data-large-file=\"http:\/\/www.grieta.org.mx\/wp-content\/uploads\/2021\/08\/d-1-1024x683.jpg\" class=\"alignnone wp-image-61261\" src=\"http:\/\/www.grieta.org.mx\/wp-content\/uploads\/2021\/08\/d-1.jpg\" alt=\"\" width=\"800\" height=\"534\" srcset=\"http:\/\/www.grieta.org.mx\/wp-content\/uploads\/2021\/08\/d-1.jpg 1280w, http:\/\/www.grieta.org.mx\/wp-content\/uploads\/2021\/08\/d-1-300x200.jpg 300w, http:\/\/www.grieta.org.mx\/wp-content\/uploads\/2021\/08\/d-1-1024x683.jpg 1024w, http:\/\/www.grieta.org.mx\/wp-content\/uploads\/2021\/08\/d-1-768x512.jpg 768w\" sizes=\"auto, (max-width: 800px) 100vw, 800px\" \/><br \/>\nMujeres mazatecas en protesta afuera del CJF.<\/p>\n<p>Otros ejemplos, de acuerdo a Argelia Betanzos, son los 18 autos de libertad, las dos sentencias absolutorias y un incidente de libertad por desvanecimiento de datos, todos ganados entre 2015 y 2019 y que fueron negados por el juez de Huautla. En todos los casos se interpusieron o apelaciones o amparos para que una autoridad superior, estatal o federal revisara la actuaci\u00f3n del juez local. De ese modo, el an\u00e1lisis de las autoridades superiores favoreci\u00f3 la obtenci\u00f3n de las libertades cuando declaraban ilegal la actuaci\u00f3n del primer juez.<\/p>\n<p>Desde el plant\u00f3n, Betanzos espera la resoluci\u00f3n de los amparos en revisi\u00f3n. En estricto sentido, una vez que pasa al ponente, no deber\u00eda de tardar m\u00e1s de un mes para que el tribunal enliste el asunto. A partir de ah\u00ed, se anunciar\u00e1 la fecha que dar\u00e1n el resultado a la defensa, pero al momento no han notificado a la defensa la fecha.<\/p>\n<p>\u201cNo significaba, tampoco, que cuando nos fueron otorgadas, la cosa fue tan f\u00e1cil, no, siempre fue una cuesti\u00f3n de insistencia y de mucha pulcritud jur\u00eddica. Cuando entonces en el 2020 se nos niega todo, pues fue un mensaje muy claro en el que nosotros pudimos concluir que la corrupci\u00f3n hab\u00eda alcanzado escalones muy altos. Ya no solo el juez local que desde inicio estuvo corrompido, ahora las salas del Tribunal, todas las salas del Tribunal y el primer escal\u00f3n federal, que son los jueces de amparo\u201d, acusa Argelia Betanzos.<\/p>\n<p>Para ejercer presi\u00f3n, desde el 26 de mayo pasado, Argelia Betanzos y despu\u00e9s Fernando Gavito se declararon en huelga de hambre. Argelia desde el plant\u00f3n y Fernando desde el penal, ambos se mantuvieron 50 d\u00edas en huelga, sin embargo, debido al riesgo en la salud de Fernando Gavito, decidieron detener la acci\u00f3n de protesta el 20 de julio pasado.<\/p>\n<p>N \u0301guixo: bajo la neblina<\/p>\n<p><img loading=\"lazy\" decoding=\"async\" data-attachment-id=\"61262\" data-permalink=\"http:\/\/www.grieta.org.mx\/index.php\/2021\/08\/11\/mujeres-mazatecas-sostienen-resistencia-por-libertad-de-presos-politicos-oaxaca\/e-13\/\" data-orig-file=\"http:\/\/www.grieta.org.mx\/wp-content\/uploads\/2021\/08\/e-1.jpg\" data-orig-size=\"1280,853\" data-comments-opened=\"0\" data-image-meta=\"{&quot;aperture&quot;:&quot;0&quot;,&quot;credit&quot;:&quot;&quot;,&quot;camera&quot;:&quot;&quot;,&quot;caption&quot;:&quot;&quot;,&quot;created_timestamp&quot;:&quot;0&quot;,&quot;copyright&quot;:&quot;&quot;,&quot;focal_length&quot;:&quot;0&quot;,&quot;iso&quot;:&quot;0&quot;,&quot;shutter_speed&quot;:&quot;0&quot;,&quot;title&quot;:&quot;&quot;,&quot;orientation&quot;:&quot;0&quot;}\" data-image-title=\"e\" data-image-description=\"\" data-image-caption=\"\" data-medium-file=\"http:\/\/www.grieta.org.mx\/wp-content\/uploads\/2021\/08\/e-1-300x200.jpg\" data-large-file=\"http:\/\/www.grieta.org.mx\/wp-content\/uploads\/2021\/08\/e-1-1024x682.jpg\" class=\"alignnone wp-image-61262\" src=\"http:\/\/www.grieta.org.mx\/wp-content\/uploads\/2021\/08\/e-1.jpg\" alt=\"\" width=\"800\" height=\"533\" srcset=\"http:\/\/www.grieta.org.mx\/wp-content\/uploads\/2021\/08\/e-1.jpg 1280w, http:\/\/www.grieta.org.mx\/wp-content\/uploads\/2021\/08\/e-1-300x200.jpg 300w, http:\/\/www.grieta.org.mx\/wp-content\/uploads\/2021\/08\/e-1-1024x682.jpg 1024w, http:\/\/www.grieta.org.mx\/wp-content\/uploads\/2021\/08\/e-1-768x512.jpg 768w\" sizes=\"auto, (max-width: 800px) 100vw, 800px\" \/><br \/>\nArgelia Betanzos durante entrevista desde el plant\u00f3n en la ciudad de M\u00e9xico.<\/p>\n<p>Eloxochitl\u00e1n es un municipio ind\u00edgena mazateco, cuna de Ricardo, uno de los tres hermanos anarquistas Flores Mag\u00f3n. Colinda al norte con Santa Anta Ateixtlahuaca, al sur con Santa Cruz Acatepec, al oriente con Santa Mar\u00eda Chilchotla, y al poniente con San Pedro Ocopetatillo. Para sus habitantes, es conocido en la lengua mazateca como N \u0301guixo que significa \u201cEntre nubes o bajo lo espumoso, bajo la neblina\u201d.<\/p>\n<p>\u201cNuestro pueblo es en el que naci\u00f3 Ricardo Flores Mag\u00f3n, a parte de su exuberancia natural, hay una exuberancia hist\u00f3rica, as\u00ed que no dudo que grupos caciquiles del estado o del pa\u00eds de pronto quieran adue\u00f1arse por completo, dejar a los habitantes m\u00e1s sumisos quiz\u00e1, que no respinguen por si hay un despojo masivo o una destrucci\u00f3n total\u201d, apunta Argelia Betanzos.<\/p>\n<p>De acuerdo a integrantes de la Asamblea Comunitaria de Eloxochitl\u00e1n, fue aproximadamente a inicios del 2010, cuando los partidos pol\u00edticos comenzaron a operar encaminados a las elecciones de aquel a\u00f1o en noviembre, intentando con ello deslegitimar las tradicionales elecciones realizadas por medio de usos y costumbres.<\/p>\n<p>Ese mismo a\u00f1o, en Oaxaca ocurri\u00f3 el fin de 80 a\u00f1os de gobierno bajo el Partido de la Revoluci\u00f3n Institucional (PRI), lo que llev\u00f3 a la gubernatura del estado a una coalici\u00f3n de cuatro partidos pol\u00edticos. Uno de ellos, Convergencia, cobij\u00f3 a ManuelZepeda, expri\u00edsta originario de Eloxochitl\u00e1n, para contender por la alcald\u00eda del municipio mazateco.<\/p>\n<p>As\u00ed, en medio de una serie de irregularidades tales como el reparto de despensas, la compra de votos, y la introducci\u00f3n de maquinaria antes de anunciarse su victoria el 14 de noviembre de 2010, Manuel Zepeda Cort\u00e9s consigui\u00f3 ocupar la presidencia municipal de Eloxochitl\u00e1n.<br \/>\nLas costumbres tradicionales de elegir representantes contra los partidos pol\u00edticos<\/p>\n<p>A partir de aquel momento ocurrieron una serie de abusos de poder por parte del nuevo alcalde, adem\u00e1s de reiteradas agresiones violentas contra quienes se organizaban a trav\u00e9s de la Asamblea Comunitaria de Eloxochitl\u00e1n.<\/p>\n<p>Ya en el cabildo, Zepeda se neg\u00f3 a reconocer como regidores electos a Eladio Rocete Guerrero, Bernardo Barbosa Hern\u00e1ndez, Fernando Palacios Ch\u00e1zares y Alonso Nieto Guerrero. De acuerdo a Argelia Betanzos, el 26 de enero del 2011, una comisi\u00f3n de la asamblea incluyendo a Jaime Betanzos, se reunieron en la oficina de la gubernatura donde fueron amenazados por Benjam\u00edn Robles Montoya, secretario de gobernaci\u00f3n. La intenci\u00f3n era sofocar el movimiento de la Asamblea Comunitaria que buscaba la integraci\u00f3n de los regidores.<\/p>\n<p>Pero, sobre todo, contin\u00faa Betanzos, la presi\u00f3n era para que Manuel Zepeda \u201ctuviera manga ancha en el desempe\u00f1o de sus funciones y la tuvo, tan es as\u00ed, que a pesar que los regidores ganaron el juicio en el Tribunal Electoral del Estado, les tom\u00f3 protesta hasta el final de su trienio, a finales del 2014\u201d.<\/p>\n<p>Tras esta amenaza, la noche del 27 de enero del 2011, Jaime fue detenido por la polic\u00eda ministerial en el centro de Oaxaca. La polic\u00eda lo mantuvo incomunicado por m\u00e1s de 12 horas para despu\u00e9s trasladarlo al reclusorio de Miahuatl\u00e1n, donde permaneci\u00f3 recluido cerca de dos meses, es considerado el primer preso politico del gobierno de Gabino Cu\u00e9. En este contexto violento, el 10 de septiembre de 2011, los regidores afectados promovieron un juicio para la protecci\u00f3n de sus derechos pol\u00edtico-electorales ante el Tribunal Estatal Electoral del Poder Judicial del Estado de Oaxaca, cuyo juicio qued\u00f3 radicado con la clave de expediente JDC\/80\/2012.<\/p>\n<p>Sin embargo, los hechos violentos continuaron. El domingo 20 de marzo de 2011, en el corredor municipal de Eloxochitl\u00e1n, Vicente, Vidal y Venancio Zepeda Cort\u00e9s, hermanos del presidente municipal, junto a David Tello Delgado, su yerno, aparecieron armados con palos, tubos y gases lacrim\u00f3genos, mismos que utilizaron en contra de l@s integrantes de la Asamblea Comunitaria, quienes se encontraban en reuni\u00f3n en espera de los representantes que ten\u00edan audiencia con Manuel Zepeda para abordar la toma de protesta de los regidores electos y desconocidos por el alcalde.<\/p>\n<p>Tiempo despu\u00e9s, el 14 de agosto del 2012, fue detenido Pedro Peralta Carrillo, integrante de la Asamblea Comunitaria de Eloxochitl\u00e1n, supuestamente por los delitos de lesiones, da\u00f1os y portaci\u00f3n de arma de fuego sin licencia, inici\u00e1ndose en su contra la averiguaci\u00f3n previa 154\/TFM\/2012. Sin embargo, de acuerdo a sus familiares, en espec\u00edfico de su hijo Mart\u00edn Peralta Betanzos, los dos, Pedro y Mart\u00edn se dirig\u00edan a una faena cuando fueron interceptados por Manuel Zepeda, quien, de acuerdo a los testimonios, orquest\u00f3 el ataque, la persecuci\u00f3n y la posterior detenci\u00f3n de Peralta. \u00c9l fue entregado a las autoridades estatales 20 horas despu\u00e9s de su detenci\u00f3n y durante ese lapso fue torturado f\u00edsica y psicol\u00f3gicamente, e incluso por la gravedad de las lesiones, tuvo que ser hospitalizado.<\/p>\n<p><img loading=\"lazy\" decoding=\"async\" data-attachment-id=\"61263\" data-permalink=\"http:\/\/www.grieta.org.mx\/index.php\/2021\/08\/11\/mujeres-mazatecas-sostienen-resistencia-por-libertad-de-presos-politicos-oaxaca\/f-9\/\" data-orig-file=\"http:\/\/www.grieta.org.mx\/wp-content\/uploads\/2021\/08\/f.png\" data-orig-size=\"797,613\" data-comments-opened=\"0\" data-image-meta=\"{&quot;aperture&quot;:&quot;0&quot;,&quot;credit&quot;:&quot;&quot;,&quot;camera&quot;:&quot;&quot;,&quot;caption&quot;:&quot;&quot;,&quot;created_timestamp&quot;:&quot;0&quot;,&quot;copyright&quot;:&quot;&quot;,&quot;focal_length&quot;:&quot;0&quot;,&quot;iso&quot;:&quot;0&quot;,&quot;shutter_speed&quot;:&quot;0&quot;,&quot;title&quot;:&quot;&quot;,&quot;orientation&quot;:&quot;0&quot;}\" data-image-title=\"f\" data-image-description=\"\" data-image-caption=\"\" data-medium-file=\"http:\/\/www.grieta.org.mx\/wp-content\/uploads\/2021\/08\/f-300x231.png\" data-large-file=\"http:\/\/www.grieta.org.mx\/wp-content\/uploads\/2021\/08\/f.png\" class=\"alignnone wp-image-61263\" src=\"http:\/\/www.grieta.org.mx\/wp-content\/uploads\/2021\/08\/f.png\" alt=\"\" width=\"800\" height=\"615\" srcset=\"http:\/\/www.grieta.org.mx\/wp-content\/uploads\/2021\/08\/f.png 797w, http:\/\/www.grieta.org.mx\/wp-content\/uploads\/2021\/08\/f-300x231.png 300w, http:\/\/www.grieta.org.mx\/wp-content\/uploads\/2021\/08\/f-768x591.png 768w\" sizes=\"auto, (max-width: 800px) 100vw, 800px\" \/><\/p>\n<p>En una carta desde prisi\u00f3n, Pedro se\u00f1ala que: \u201ctras haber sido torturado f\u00edsica y psicol\u00f3gicamente por Manuel Zepeda Cort\u00e9s (personaje que contin\u00faa reprimiendo a la gente de mi comunidad) y sus simpatizantes, d\u00eda a d\u00eda me pregunt\u00f3 qu\u00e9 es lo que pasa con la justicia en el Estado de Oaxaca.\u201d Respecto a esto, la organizaci\u00f3n C\u00f3digo DH reconoci\u00f3 en su informe \u201cLa situaci\u00f3n de los Derechos Humanos en Oaxaca, Grandes pendientes\u201d que Pedro Peralta podr\u00eda haber sido v\u00edctima de tortura.<\/p>\n<p>Peralta fue liberado tres a\u00f1os despu\u00e9s, luego de que sus denunciantes no continuaran con el proceso. Adem\u00e1s, fue absuelto de los delitos de agresi\u00f3n contra el hijo de Zepeda, Manuel Zepeda Lagunes.<\/p>\n<p>Para el 20 de noviembre del 2012 tambi\u00e9n sucedi\u00f3 otra agresi\u00f3n, esta vez contra alrededor de 37 personas, entre ellas hombres, mujeres y ni\u00f1os quienes se encontraban a bordo de un autob\u00fas con direcci\u00f3n a la ciudad de M\u00e9xico. De acuerdo a Miguel Peralta, liberado en el a\u00f1o 2019, \u201csubieron al autob\u00fas 20 personas encapuchadas quienes portaban armas de fuego, eran polic\u00edas encapuchados, dirigidos y comandados por Manuel Zepeda Cort\u00e9s\u201d.<\/p>\n<p>Aquella misma noche, relata Argelia Betanzos, \u201cfueron tirados por muertos, como el periodista Fernando Ch\u00e1zares que de hecho lo encontraron en un barranco. Lo dieron por muerto, literalmente, esos actos tambi\u00e9n quedaron impunes. El tema del 20 del noviembre se redujo a lesiones, no a tortura, aunque hay protocolo de Estambul positivo y ahorita firman Manuel y sus compa\u00f1eros cada mes\u201d.<\/p>\n<p>De acuerdo a la alerta de Art\u00edculo 19, \u201cFernando Palacios Ch\u00e1zares, director de la revista regional Ruta 135, se encontraba documentando la caravana que part\u00eda a la Ciudad de M\u00e9xico, cuando fue agredido y despojado de su equipo de trabajo por presuntos elementos de la Polic\u00eda Municipal de Eloxochitl\u00e1n\u201d. Durante la agresi\u00f3n, el periodista reconoci\u00f3 tanto al presidente municipal como a varios efectivos municipales, quienes la ma\u00f1ana del mismo martes ya hab\u00edan intentado despojarlo de su equipo.<\/p>\n<p>Los Zepeda se niegan a dejar el poder<\/p>\n<p>En el a\u00f1o 2013, despu\u00e9s de tres a\u00f1os gobernados por un r\u00e9gimen policial y represivo, sostenido por un cabildo ilegal comandado por Zepeda Cort\u00e9s, la Asamblea Comunitaria de Eloxochitl\u00e1n decidi\u00f3 participar en el proceso para la elecci\u00f3n de los nuevos cargos en la presidencia municipal.<\/p>\n<p>En Eloxochitl\u00e1n, explica Betanzos, las elecciones se realizan cada tres a\u00f1os. En el mes de noviembre se anuncia por la bocina comunitaria, y es cuando las personas originarias de los diversos barrios se congregan en la cancha principal. Es ah\u00ed cuando se elige al presidente y a la mesa que dirigir\u00e1 las din\u00e1micas de las elecciones. Tambi\u00e9n se eligen escrutadores, que son las personas que cuentan las manos alzadas. Antes de votar se proponen personas para el puesto y estos perfiles generalmente son de personas reconocidas por su trabajo comunitario. Las personas propuestas pueden aceptar o no el cargo y generalmente antes de las votaciones las personas mayores realizan una reflexi\u00f3n sobre la importancia de la vida comunitaria para despu\u00e9s pasar a la votaci\u00f3n.<\/p>\n<p><img loading=\"lazy\" decoding=\"async\" data-attachment-id=\"61264\" data-permalink=\"http:\/\/www.grieta.org.mx\/index.php\/2021\/08\/11\/mujeres-mazatecas-sostienen-resistencia-por-libertad-de-presos-politicos-oaxaca\/g-5\/\" data-orig-file=\"http:\/\/www.grieta.org.mx\/wp-content\/uploads\/2021\/08\/g.jpg\" data-orig-size=\"1280,854\" data-comments-opened=\"0\" data-image-meta=\"{&quot;aperture&quot;:&quot;0&quot;,&quot;credit&quot;:&quot;&quot;,&quot;camera&quot;:&quot;&quot;,&quot;caption&quot;:&quot;&quot;,&quot;created_timestamp&quot;:&quot;0&quot;,&quot;copyright&quot;:&quot;&quot;,&quot;focal_length&quot;:&quot;0&quot;,&quot;iso&quot;:&quot;0&quot;,&quot;shutter_speed&quot;:&quot;0&quot;,&quot;title&quot;:&quot;&quot;,&quot;orientation&quot;:&quot;0&quot;}\" data-image-title=\"g\" data-image-description=\"\" data-image-caption=\"\" data-medium-file=\"http:\/\/www.grieta.org.mx\/wp-content\/uploads\/2021\/08\/g-300x200.jpg\" data-large-file=\"http:\/\/www.grieta.org.mx\/wp-content\/uploads\/2021\/08\/g-1024x683.jpg\" class=\"alignnone wp-image-61264\" src=\"http:\/\/www.grieta.org.mx\/wp-content\/uploads\/2021\/08\/g.jpg\" alt=\"\" width=\"800\" height=\"534\" srcset=\"http:\/\/www.grieta.org.mx\/wp-content\/uploads\/2021\/08\/g.jpg 1280w, http:\/\/www.grieta.org.mx\/wp-content\/uploads\/2021\/08\/g-300x200.jpg 300w, http:\/\/www.grieta.org.mx\/wp-content\/uploads\/2021\/08\/g-1024x683.jpg 1024w, http:\/\/www.grieta.org.mx\/wp-content\/uploads\/2021\/08\/g-768x512.jpg 768w\" sizes=\"auto, (max-width: 800px) 100vw, 800px\" \/><br \/>\nArgelia Betanzos y su madre en el planto\u0301n durante una transmisio\u0301n radiof\u00f3nica a cargo de medios libres.<\/p>\n<p>Sin embargo, en noviembre del 2013, Manuel Zepeda trat\u00f3 de arrebatar la elecci\u00f3n, emitiendo por primera vez en el municipio un estatuto que conten\u00eda \u201clas reglas\u201d para el nombramiento del cabildo municipal. As\u00ed, cuando lleg\u00f3 el d\u00eda de las elecciones Zepeda anunci\u00f3 que, de acuerdo al estatuto, s\u00f3lo una planilla ten\u00eda el derecho a participar.<\/p>\n<p>\u201cEl estatuto nunca fue consultado, ni votado, ni mucho menos publicado. La asamblea \u00e9ramos tantos que logramos desconocer el estatuto de Manuel Zepeda y no nos ce\u00f1imos a su famosa planilla que ya estaba inscrita, con acuerdo del gobierno. Dijimos \u2018aqu\u00ed se va a nombrar el presidente\u2019, \u2018diremos porqu\u00e9 y nombraremos\u2019 y as\u00ed fue como se nombr\u00f3 a Alfredo Bola\u00f1os Pacheco\u201d, recuerda Argelia.<\/p>\n<p>Electo Bola\u00f1os por la Asamblea Comunitaria, busc\u00f3 la integraci\u00f3n entre los grupos antag\u00f3nicos. La idea era que personas del grupo de Manuel se sumaran al gobierno de Alfredo para pacificar la comunidad y recobrar un ambiente de paz, sin confrontaci\u00f3n.<br \/>\nIrregularidades en la gesti\u00f3n de Manuel Zepeda<\/p>\n<p>Zepeda, junto con su hija y actual diputada estatal por el partido Movimiento de Regeneraci\u00f3n Nacional (MORENA), Elisa Zepeda, comenz\u00f3 desde el a\u00f1o 2010 a extraer recursos naturales del municipio para la empresa que mantuvo como principal proveedora de materiales p\u00e9treos a diversos municipios mazatecos, la cual \u00e9l benefici\u00f3 de manera empresarial y personal.<\/p>\n<p>\u201cManuel Zepeda empez\u00f3 su empresa de materiales a costa de la sobreexplotaci\u00f3n de los recursos naturales de nuestro pueblo, de hecho, en alg\u00fan momento comenz\u00f3 a desazolvar el r\u00edo, cambiando sus caracter\u00edsticas m\u00e1s sobresalientes, se llev\u00f3 el material que le daba la vitalidad y el r\u00edo dej\u00f3 de ser lo que era\u201d, se\u00f1ala Argelia Betanzos.<\/p>\n<p>De acuerdo a la asamblea, durante la nueva administraci\u00f3n, Zepeda se acerc\u00f3 al cabildo en distintas ocasiones, principalmente para presionar al gobierno de Bola\u00f1os para continuar con las compras de material p\u00e9treo a su compa\u00f1\u00eda, pues estas acciones de autocompra las realiz\u00f3 durante su gesti\u00f3n. No obstante, Alfredo se neg\u00f3 rotundamente y para octubre fue la \u00faltima vez que Manuel insisti\u00f3 en el asunto.<\/p>\n<p>Al respecto, en un mensaje enviado desde su reclusi\u00f3n, Alfredo Bola\u00f1os se\u00f1al\u00f3 que Manuel Zepeda Cort\u00e9s se present\u00f3 en las oficinas de la presidencia municipal con el prop\u00f3sito de ofrecer los productos de su empresa, productos p\u00e9treos, espec\u00edficamente de grava y arena en gran cantidad para obras de infraestructura.<\/p>\n<p>Tambi\u00e9n, propon\u00eda la introducci\u00f3n y negociaci\u00f3n con varios constructores de obras p\u00fablicas con los que \u00e9l hab\u00eda pactado en el trienio pasado siendo el presidente de Eloxochitl\u00e1n. Una vez que se someti\u00f3 a cabildo la propuesta de Zepeda, se acord\u00f3 cumplir con los ciudadanos con el prop\u00f3sito de beneficiar a las familias de bajos recursos, tras lo cual Manuel Zepeda Elisa y sus familiares empezaron a parar las obras p\u00fablicas, porque la presidencia no le estaba comprando a su empresa.<\/p>\n<p><iframe loading=\"lazy\" title=\"Testimonio De Alfredo Bola\u00f1os preso politico de Eloxochiltl\u00e1n De Flores Mag\u00f3n by angel espa\" width=\"1170\" height=\"400\" scrolling=\"no\" frameborder=\"no\" src=\"https:\/\/w.soundcloud.com\/player\/?visual=true&#038;url=https%3A%2F%2Fapi.soundcloud.com%2Ftracks%2F1103142016&#038;show_artwork=true&#038;maxwidth=1170&#038;maxheight=1000&#038;dnt=1&#038;utm_campaign=wtshare&#038;utm_medium=widget&#038;utm_content=https%25253A%25252F%25252Fsoundcloud.com%25252Fangel-espa%25252Ftestimonio-de-alfredo-bolanos-preso-politico-de-eloxochiltlan-de-flores-magon&#038;utm_source=avispa.org\"><\/iframe><\/p>\n<p>A principios de noviembre de 2014, notificaron al nuevo cabildo la orden de auditor\u00eda ASE\/OAS\/SAF\/DACF\/2079\/2014 emitida por la Auditor\u00eda Superior del Estado de Oaxaca (ASE), por la cual Manuel Zepeda deb\u00eda rendir cuentas a m\u00e1s tardar el d\u00eda 28 de noviembre de 2014 y justificar el gasto p\u00fablico del a\u00f1o fiscal 2013, que ascendi\u00f3 a 21 millones de pesos. Alfredo tom\u00f3 el documento y lo notific\u00f3 a Manuel, quien en represalia desat\u00f3 la violencia en d\u00edas posteriores.<\/p>\n<p>En la segunda parte abordaremos el conflicto desatado por Manuel Zepeda Cort\u00e9s y la importancia en la b\u00fasqueda de justicia y verdad, as\u00ed como un repaso de la resistencia ante los abusos caciquiles y del Estado.<\/p>\n<p><a href=\"https:\/\/avispa.org\/mazatecas-en-resistencia-por-la-libertad-de-presos-politicos\/\" target=\"_blank\" rel=\"noopener\">https:\/\/avispa.org\/mazatecas-en-resistencia-por-la-libertad-de-presos-politicos\/<\/a><\/p>\n","protected":false},"excerpt":{"rendered":"<p>Avispa Midia \/ \u00c1ngel Huerta. *Desde el a\u00f1o 2010, en Eloxochitl\u00e1n de Flores Mag\u00f3n se vive un ambiente represivo. Caciques y pol\u00edticos locales, bajo la mirada de las instituciones y &hellip; <a href=\"http:\/\/www.grieta.org.mx\/index.php\/2021\/08\/11\/mujeres-mazatecas-sostienen-resistencia-por-libertad-de-presos-politicos-oaxaca\/\" class=\"more-link\">Leer m\u00e1s<\/a><\/p>\n","protected":false},"author":2,"featured_media":61258,"comment_status":"closed","ping_status":"closed","sticky":false,"template":"","format":"standard","meta":{"ngg_post_thumbnail":0,"_jetpack_newsletter_access":"","_jetpack_dont_email_post_to_subs":false,"_jetpack_newsletter_tier_id":0,"_jetpack_memberships_contains_paywalled_content":false,"_jetpack_memberships_contains_paid_content":false,"footnotes":""},"categories":[80,25,3798,1496,2909,83],"tags":[],"class_list":["post-61257","post","type-post","status-publish","format-standard","has-post-thumbnail","hentry","category-cintillo","category-oaxaca","category-presas-y-presos-politicps-en-oaxaca","category-represion-en-oaxaca","category-resistencias-y-rebeldias-en-oaxaca","category-temas-nacionales","entry"],"jetpack_featured_media_url":"http:\/\/www.grieta.org.mx\/wp-content\/uploads\/2021\/08\/a-3.jpg","jetpack_sharing_enabled":true,"jetpack_shortlink":"https:\/\/wp.me\/p7ZJR4-fW1","jetpack_likes_enabled":false,"jetpack-related-posts":[{"id":71996,"url":"http:\/\/www.grieta.org.mx\/index.php\/2025\/06\/24\/mujeres-mazatecas-por-la-libertad-denuncian-la-reactivacion-de-ordenes-de-aprehension-como-una-maniobra-politica-para-criminalizar-a-la-poblacion-nueve-anos-despues-oaxaca\/","url_meta":{"origin":61257,"position":0},"title":"Mujeres Mazatecas por la Libertad denuncian la reactivaci\u00f3n de \u00f3rdenes de aprehensi\u00f3n como una \u2018maniobra pol\u00edtica\u2019 para criminalizar a la poblaci\u00f3n, nueve a\u00f1os despu\u00e9s (Oaxaca)","author":"grieta","date":"24 junio, 2025","format":false,"excerpt":"Imagen: Somos El Medio Redacci\u00f3n \/ Somos El Medio Ciudad de M\u00e9xico, 24 de junio 2025.- Este 24 de junio, la\u00a0Segunda Sala Penal del Tribunal de Justicia de Oaxaca\u00a0confirm\u00f3 la existencia de\u00a0200 \u00f3rdenes de aprehensi\u00f3n\u00a0contra miembros de la comunidad mazateca de\u00a0Eloxochitl\u00e1n de Flores Mag\u00f3n, incluyendo a\u00a08 mujeres defensoras\u00a0de derechos humanos,\u2026","rel":"","context":"En &quot;CINTILLO&quot;","block_context":{"text":"CINTILLO","link":"http:\/\/www.grieta.org.mx\/index.php\/category\/cintillo\/"},"img":{"alt_text":"","src":"https:\/\/i0.wp.com\/www.grieta.org.mx\/wp-content\/uploads\/2025\/07\/509628555_17969673878863848_832171058551084938_n-e1750808759826.webp?resize=350%2C200","width":350,"height":200,"srcset":"https:\/\/i0.wp.com\/www.grieta.org.mx\/wp-content\/uploads\/2025\/07\/509628555_17969673878863848_832171058551084938_n-e1750808759826.webp?resize=350%2C200 1x, https:\/\/i0.wp.com\/www.grieta.org.mx\/wp-content\/uploads\/2025\/07\/509628555_17969673878863848_832171058551084938_n-e1750808759826.webp?resize=525%2C300 1.5x, https:\/\/i0.wp.com\/www.grieta.org.mx\/wp-content\/uploads\/2025\/07\/509628555_17969673878863848_832171058551084938_n-e1750808759826.webp?resize=700%2C400 2x, https:\/\/i0.wp.com\/www.grieta.org.mx\/wp-content\/uploads\/2025\/07\/509628555_17969673878863848_832171058551084938_n-e1750808759826.webp?resize=1050%2C600 3x"},"classes":[]},{"id":65585,"url":"http:\/\/www.grieta.org.mx\/index.php\/2022\/08\/23\/ex-preso-politico-de-eloxochitlan-enfrenta-nueva-orden-de-aprehension-oaxaca\/","url_meta":{"origin":61257,"position":1},"title":"Ex preso pol\u00edtico de Eloxochitl\u00e1n enfrenta nueva orden de aprehensi\u00f3n (Oaxaca)","author":"grieta","date":"23 agosto, 2022","format":false,"excerpt":"Imagen: Avispa Media \u00d1ani Pinto \/ Avispa Media Miguel Peralta Betanzos, ex preso pol\u00edtico originario de Eloxochitl\u00e1n de Flores Mag\u00f3n, Oaxaca, quien en 2019 consigui\u00f3 su libertad despu\u00e9s de cuatro a\u00f1os de prisi\u00f3n pol\u00edtica debido a su labor de denuncia de los abusos de poder por grupos caciquiles en la\u2026","rel":"","context":"En &quot;CINTILLO&quot;","block_context":{"text":"CINTILLO","link":"http:\/\/www.grieta.org.mx\/index.php\/category\/cintillo\/"},"img":{"alt_text":"","src":"https:\/\/i0.wp.com\/www.grieta.org.mx\/wp-content\/uploads\/2022\/10\/Protesta-en-exigencia-de-libertad-de-Miguel-Peralta_2019.jpg?resize=350%2C200","width":350,"height":200,"srcset":"https:\/\/i0.wp.com\/www.grieta.org.mx\/wp-content\/uploads\/2022\/10\/Protesta-en-exigencia-de-libertad-de-Miguel-Peralta_2019.jpg?resize=350%2C200 1x, https:\/\/i0.wp.com\/www.grieta.org.mx\/wp-content\/uploads\/2022\/10\/Protesta-en-exigencia-de-libertad-de-Miguel-Peralta_2019.jpg?resize=525%2C300 1.5x, https:\/\/i0.wp.com\/www.grieta.org.mx\/wp-content\/uploads\/2022\/10\/Protesta-en-exigencia-de-libertad-de-Miguel-Peralta_2019.jpg?resize=700%2C400 2x"},"classes":[]},{"id":61266,"url":"http:\/\/www.grieta.org.mx\/index.php\/2021\/08\/15\/resistir-ante-el-estado-los-caciques-viejos-y-nuevos-en-la-mazateca-oaxaca\/","url_meta":{"origin":61257,"position":2},"title":"Resistir ante el Estado, los caciques viejos y nuevos en la mazateca (Oaxaca)","author":"grieta","date":"15 agosto, 2021","format":false,"excerpt":"Avispa Midia \/ \u00c1ngel Huerta. *Desde el a\u00f1o 2010, en Eloxochitl\u00e1n de Flores Mag\u00f3n se vive un ambiente represivo. Caciques y pol\u00edticos locales, bajo la mirada de las instituciones y desde ellas, han desatado una persecuci\u00f3n pol\u00edtica y jur\u00eddica contra l@s representantes de la Asamblea Comunitaria. A continuaci\u00f3n, presentamos la\u2026","rel":"","context":"En &quot;CINTILLO&quot;","block_context":{"text":"CINTILLO","link":"http:\/\/www.grieta.org.mx\/index.php\/category\/cintillo\/"},"img":{"alt_text":"","src":"https:\/\/i0.wp.com\/www.grieta.org.mx\/wp-content\/uploads\/2021\/08\/1-3.jpg?resize=350%2C200","width":350,"height":200,"srcset":"https:\/\/i0.wp.com\/www.grieta.org.mx\/wp-content\/uploads\/2021\/08\/1-3.jpg?resize=350%2C200 1x, https:\/\/i0.wp.com\/www.grieta.org.mx\/wp-content\/uploads\/2021\/08\/1-3.jpg?resize=525%2C300 1.5x, https:\/\/i0.wp.com\/www.grieta.org.mx\/wp-content\/uploads\/2021\/08\/1-3.jpg?resize=700%2C400 2x"},"classes":[]},{"id":71552,"url":"http:\/\/www.grieta.org.mx\/index.php\/2025\/04\/06\/denuncian-atentado-y-robo-de-equipo-de-fotoperiodista-mazateco-david-peralta-betanzos-oaxaca\/","url_meta":{"origin":61257,"position":3},"title":"Denuncian atentado y robo de equipo de fotoperiodista mazateco, David Peralta Betanzos (Oaxaca)","author":"grieta","date":"6 abril, 2025","format":false,"excerpt":"Imagen: Istmo Press Istmo Press \/ Diana Manzo Oaxaca, Oax.- David Peralta, fotoperiodista y comunicador mazateco, de la comunidad de Eloxochitl\u00e1n de Flores Mag\u00f3n, Oaxaca vivi\u00f3 un atentado y el robo de su equipo de documentaci\u00f3n, el pasado 3 de abril denunci\u00f3 en redes sociales el Observatorio Memoria y Libertad.\u2026","rel":"","context":"En &quot;CINTILLO&quot;","block_context":{"text":"CINTILLO","link":"http:\/\/www.grieta.org.mx\/index.php\/category\/cintillo\/"},"img":{"alt_text":"","src":"https:\/\/i0.wp.com\/www.grieta.org.mx\/wp-content\/uploads\/2025\/04\/IMG_5034-800x445-1.jpeg?resize=350%2C200","width":350,"height":200,"srcset":"https:\/\/i0.wp.com\/www.grieta.org.mx\/wp-content\/uploads\/2025\/04\/IMG_5034-800x445-1.jpeg?resize=350%2C200 1x, https:\/\/i0.wp.com\/www.grieta.org.mx\/wp-content\/uploads\/2025\/04\/IMG_5034-800x445-1.jpeg?resize=525%2C300 1.5x, https:\/\/i0.wp.com\/www.grieta.org.mx\/wp-content\/uploads\/2025\/04\/IMG_5034-800x445-1.jpeg?resize=700%2C400 2x"},"classes":[]},{"id":40074,"url":"http:\/\/www.grieta.org.mx\/index.php\/2019\/10\/08\/resistencias-en-oaxaca-se-suman-a-jornada-global-samir-flores-vive\/","url_meta":{"origin":61257,"position":4},"title":"Resistencias en Oaxaca se suman a jornada global Samir Flores Vive","author":"grieta","date":"8 octubre, 2019","format":false,"excerpt":"Avispa Midia \/ Rafael E. Lozano Conferencia de prensa Oaxaca, 7 de oct. Foto: Rafael E Lozano\/Avispa Midia Autoridades de los pueblos ind\u00edgenas de Santa Catarina Lachatao y de Magdalena Teitipac junto a organizaciones y colectivos de Oaxaca anunciaron este lunes 7 de octubre, en conferencia de prensa, que se\u2026","rel":"","context":"En &quot;CINTILLO&quot;","block_context":{"text":"CINTILLO","link":"http:\/\/www.grieta.org.mx\/index.php\/category\/cintillo\/"},"img":{"alt_text":"","src":"https:\/\/i0.wp.com\/www.grieta.org.mx\/wp-content\/uploads\/2019\/10\/Jornada-Samir-Flores-Vive-Oaxaca.jpg?resize=350%2C200","width":350,"height":200,"srcset":"https:\/\/i0.wp.com\/www.grieta.org.mx\/wp-content\/uploads\/2019\/10\/Jornada-Samir-Flores-Vive-Oaxaca.jpg?resize=350%2C200 1x, https:\/\/i0.wp.com\/www.grieta.org.mx\/wp-content\/uploads\/2019\/10\/Jornada-Samir-Flores-Vive-Oaxaca.jpg?resize=525%2C300 1.5x, https:\/\/i0.wp.com\/www.grieta.org.mx\/wp-content\/uploads\/2019\/10\/Jornada-Samir-Flores-Vive-Oaxaca.jpg?resize=700%2C400 2x"},"classes":[]},{"id":56572,"url":"http:\/\/www.grieta.org.mx\/index.php\/2021\/01\/20\/asesinan-a-una-estudiante-de-16-anos-en-oaxaca\/","url_meta":{"origin":61257,"position":5},"title":"Asesinan a una estudiante de 16 a\u00f1os en Oaxaca","author":"grieta","date":"20 enero, 2021","format":false,"excerpt":"Proceso \/ Pedro Mat\u00edas. La menor sali\u00f3 de su comunidad, en Buena Vista Zoquiapam, para pagar la luz en San Isidro Zoquiapam, pero no regres\u00f3. Este mi\u00e9rcoles se encontr\u00f3 su cuerpo en un arroyo con visibles huellas de violencia. OAXACA, Oax. (apro).- Una estudiante de 16 a\u00f1os del Instituto de\u2026","rel":"","context":"En &quot;CINTILLO&quot;","block_context":{"text":"CINTILLO","link":"http:\/\/www.grieta.org.mx\/index.php\/category\/cintillo\/"},"img":{"alt_text":"","src":"https:\/\/i0.wp.com\/www.grieta.org.mx\/wp-content\/uploads\/2021\/01\/1-12.jpg?resize=350%2C200","width":350,"height":200,"srcset":"https:\/\/i0.wp.com\/www.grieta.org.mx\/wp-content\/uploads\/2021\/01\/1-12.jpg?resize=350%2C200 1x, https:\/\/i0.wp.com\/www.grieta.org.mx\/wp-content\/uploads\/2021\/01\/1-12.jpg?resize=525%2C300 1.5x, https:\/\/i0.wp.com\/www.grieta.org.mx\/wp-content\/uploads\/2021\/01\/1-12.jpg?resize=700%2C400 2x"},"classes":[]}],"_links":{"self":[{"href":"http:\/\/www.grieta.org.mx\/index.php\/wp-json\/wp\/v2\/posts\/61257","targetHints":{"allow":["GET"]}}],"collection":[{"href":"http:\/\/www.grieta.org.mx\/index.php\/wp-json\/wp\/v2\/posts"}],"about":[{"href":"http:\/\/www.grieta.org.mx\/index.php\/wp-json\/wp\/v2\/types\/post"}],"author":[{"embeddable":true,"href":"http:\/\/www.grieta.org.mx\/index.php\/wp-json\/wp\/v2\/users\/2"}],"replies":[{"embeddable":true,"href":"http:\/\/www.grieta.org.mx\/index.php\/wp-json\/wp\/v2\/comments?post=61257"}],"version-history":[{"count":1,"href":"http:\/\/www.grieta.org.mx\/index.php\/wp-json\/wp\/v2\/posts\/61257\/revisions"}],"predecessor-version":[{"id":61265,"href":"http:\/\/www.grieta.org.mx\/index.php\/wp-json\/wp\/v2\/posts\/61257\/revisions\/61265"}],"wp:featuredmedia":[{"embeddable":true,"href":"http:\/\/www.grieta.org.mx\/index.php\/wp-json\/wp\/v2\/media\/61258"}],"wp:attachment":[{"href":"http:\/\/www.grieta.org.mx\/index.php\/wp-json\/wp\/v2\/media?parent=61257"}],"wp:term":[{"taxonomy":"category","embeddable":true,"href":"http:\/\/www.grieta.org.mx\/index.php\/wp-json\/wp\/v2\/categories?post=61257"},{"taxonomy":"post_tag","embeddable":true,"href":"http:\/\/www.grieta.org.mx\/index.php\/wp-json\/wp\/v2\/tags?post=61257"}],"curies":[{"name":"wp","href":"https:\/\/api.w.org\/{rel}","templated":true}]}}