{"id":61215,"date":"2021-08-18T23:32:31","date_gmt":"2021-08-19T04:32:31","guid":{"rendered":"https:\/\/www.grieta.org.mx\/?p=61215"},"modified":"2021-08-18T23:32:31","modified_gmt":"2021-08-19T04:32:31","slug":"no-es-una-ocurrencia-de-las-zapatistas","status":"publish","type":"post","link":"http:\/\/www.grieta.org.mx\/index.php\/2021\/08\/18\/no-es-una-ocurrencia-de-las-zapatistas\/","title":{"rendered":"No es una ocurrencia de las Zapatistas"},"content":{"rendered":"<p>Daliri OROPEZA\/ PIE DE P\u00c1GINA<\/p>\n<p>Los bordados de las zapatistas dan cuenta de las ideas, propuestas de autonom\u00eda, luchas y sue\u00f1os que tienen desde su cotidianidad en las comunidades y en sus recorridos. No hay ocurrencias, el viaje en barco del Escuadr\u00f3n 421 a Europa lo hab\u00edan bordado con anterioridad<\/p>\n<blockquote class=\"twitter-tweet\">\n<p dir=\"ltr\" lang=\"es\">Despu\u00e9s de 52 d\u00edas a bordo de La Monta\u00f1a que cruz\u00f3 el oc\u00e9ano Atl\u00e1ntico, bajamos a tierra con el coraz\u00f3n encendido, cuatro gruesas libretas llenas de apuntes y m\u00e1s de cien horas de registro cinematogr\u00e1fico. <a href=\"https:\/\/t.co\/YP7fG9e2q4\">pic.twitter.com\/YP7fG9e2q4<\/a><\/p>\n<p>\u2014 Diego Enrique Osorno (@DiegoEOsorno) <a href=\"https:\/\/twitter.com\/DiegoEOsorno\/status\/1408049242468462594?ref_src=twsrc%5Etfw\">June 24, 2021<\/a><\/p><\/blockquote>\n<p><script async src=\"https:\/\/platform.twitter.com\/widgets.js\" charset=\"utf-8\"><\/script><\/p>\n<p>Los colores de este bordado son los de las diferentes capas de la tierra de una monta\u00f1a. Los bordaron mientras navegaban m\u00e1s de 52 d\u00edas en la mar para cruzar el Atl\u00e1ntico. \u00bfA qu\u00e9 fueron los zapatistas a Europa?, se preguntan por todos lados ahora que el Escuadr\u00f3n 421 recorre el territorio de la antes Europa: Slumil K\u2019ajxemk\u2019op.<\/p>\n<p>Paulina Dominguez, experta en bordado del colectivo Texthilo, describe esta paleta de colores: \u201cEsos son los tonos de la tierra de los territorios zapatistas. Es plasmar a partir de lo que ven en su cotidianidad otra realidad. Es como una monta\u00f1a, un barco. Y c\u00f3mo esta monta\u00f1a se mueve por el mar. Pens\u00e9 que al inicio todo era metaf\u00f3rico. Despu\u00e9s vi que no, que s\u00ed hay barco y monta\u00f1a\u201d.<\/p>\n<p>Hay registros de bordados zapatistas que realizaron desde tiempos de La Otra Campa\u00f1a que dan cuenta de un sue\u00f1o: viajar en barco para aprender de todas las luchas. Y ahora la primera parada es Europa.<\/p>\n<p>\u201cLas zapatistas est\u00e1n bordando su propia lucha e historia. Es bordar no s\u00f3lo la lucha, sino tambi\u00e9n los sue\u00f1os, las expectativas, qu\u00e9 es lo que quieren construir. El bordado es una forma de expresi\u00f3n, y las y los zapatistas han sabido c\u00f3mo aprovecharla\u201d, asegura Paulina.<\/p>\n<p>Paulina piensa en cu\u00e1ntas preguntas les surgieron en el mar, como \u201c\u00bfY as\u00ed como nosotros defendemos la tierra, \u00bfhay quien lo defiende al mar?\u201d, dijo el Escuadr\u00f3n 421 en alta mar.<\/p>\n<p>\u201c\u00bfQu\u00e9 piensan cuando bordan, cuando hacen esos pu\u00f1os cerrados arriba de mujeres zapatistas?, \u00bfqu\u00e9 pasa cuando se reflejan a ellas mismas?, \u00bfqu\u00e9 pasa cuando hablan de esta lucecita?, \u00bfqu\u00e9 pasa en sus cabezas cuando hacen estos bordados? Y al verlos. Es un proceso creativo y reflexivo que conlleva much\u00edsimas actividades sensoriales\u201d, reflexiona la integrante de Texthilo y de la RUA el modo en que ellas mismas se ven y se plasman, por ejemplo con el pu\u00f1o arriba, fuertes.<\/p>\n<p>Hay un tejido que muestra una realidad, una intenci\u00f3n, pero tambi\u00e9n hay un tejido que es invisible, que se hace mediante el intercambio de la lengua, la cultura propia, la vestimenta y los di\u00e1logos.<\/p>\n<p>Una de las mejores tejedoras de lo visible y lo invisible fue la Comandanta Ramona, una de las dos mujeres que formaban parte de la delegaci\u00f3n zapatista en las conversaciones de paz de 1994 en la Catedral de San Crist\u00f3bal. Peque\u00f1a, de mirada profunda, de huipil blanco con bordados rojos a la usanza tsotsil. Tejedora de textiles, Ramona desempe\u00f1\u00f3 un papel clave en la preparaci\u00f3n del levantamiento armado en el 94 en Jovel (San Crist\u00f3bal de las Casas).<\/p>\n<p>Ramona rompi\u00f3 el cerco impuesto a los zapatistas por el gobierno de Ernesto Zedillo, asisti\u00f3 al Z\u00f3calo y a la Asamblea constitutiva del Congreso Nacional Ind\u00edgena de octubre de 1996, despu\u00e9s de encabezar una marcha para entrar al Z\u00f3calo. Sus manos fueron capaces de bordar el tejido invisible de la esperanza de la liberaci\u00f3n de los pueblos.<\/p>\n<p>\u201cHe visto m\u00e1s mujeres zapatistas bordar pero tambi\u00e9n hay hombres, como vemos en el Escuadr\u00f3n. Estas tareas son las que refuerzan, la colectividad le da forma a una comunidad, y estas surgen de distintas maneras, cocina, milpas, talleres, en las escuelas. Una de estas es el bordado\u201d, dice Paulina con una sonrisa.<\/p>\n<p><img loading=\"lazy\" decoding=\"async\" data-attachment-id=\"61217\" data-permalink=\"http:\/\/www.grieta.org.mx\/index.php\/2021\/08\/18\/no-es-una-ocurrencia-de-las-zapatistas\/microfilme-zapatistas-barco-travesia-por-la-vida\/\" data-orig-file=\"http:\/\/www.grieta.org.mx\/wp-content\/uploads\/2021\/08\/microfilme-zapatistas-barco-travesi\u0301a-por-la-vida.jpg\" data-orig-size=\"645,570\" data-comments-opened=\"0\" data-image-meta=\"{&quot;aperture&quot;:&quot;0&quot;,&quot;credit&quot;:&quot;&quot;,&quot;camera&quot;:&quot;&quot;,&quot;caption&quot;:&quot;&quot;,&quot;created_timestamp&quot;:&quot;0&quot;,&quot;copyright&quot;:&quot;&quot;,&quot;focal_length&quot;:&quot;0&quot;,&quot;iso&quot;:&quot;0&quot;,&quot;shutter_speed&quot;:&quot;0&quot;,&quot;title&quot;:&quot;&quot;,&quot;orientation&quot;:&quot;1&quot;}\" data-image-title=\"microfilme-zapatistas-barco-travesi\u0301a-por-la-vida\" data-image-description=\"\" data-image-caption=\"\" data-medium-file=\"http:\/\/www.grieta.org.mx\/wp-content\/uploads\/2021\/08\/microfilme-zapatistas-barco-travesi\u0301a-por-la-vida-300x265.jpg\" data-large-file=\"http:\/\/www.grieta.org.mx\/wp-content\/uploads\/2021\/08\/microfilme-zapatistas-barco-travesi\u0301a-por-la-vida.jpg\" class=\"alignnone wp-image-61217\" src=\"http:\/\/www.grieta.org.mx\/wp-content\/uploads\/2021\/08\/microfilme-zapatistas-barco-travesi\u0301a-por-la-vida.jpg\" alt=\"\" width=\"800\" height=\"707\" srcset=\"http:\/\/www.grieta.org.mx\/wp-content\/uploads\/2021\/08\/microfilme-zapatistas-barco-travesi\u0301a-por-la-vida.jpg 645w, http:\/\/www.grieta.org.mx\/wp-content\/uploads\/2021\/08\/microfilme-zapatistas-barco-travesi\u0301a-por-la-vida-300x265.jpg 300w\" sizes=\"auto, (max-width: 800px) 100vw, 800px\" \/><\/p>\n<p>El bordado tambi\u00e9n puede ser la palabra colectiva.<\/p>\n<p>\u201cA la hora del bordado, puede haber una mejor reflexi\u00f3n, y fomentar valores como la paciencia, ver puntos de vista, la tolerancia para escuchar puntos de vista contrarios. En estos momentos de bordado la palabra es preciada y enriquecedora. Con un pensamiento m\u00e1s cr\u00edtico, m\u00e1s ampliado. Abre el espacio a la escucha, la reflexi\u00f3n y la palabra. Es importante la colectividad para el bordado y el bordado para la colectividad, es un vaiv\u00e9n\u201d, asegura Paulina, quien conoce de cerca las t\u00e9cnicas de bordado, la simbolog\u00eda y los tipos de estilos que han explorado las zapatistas.<\/p>\n<p>Resalta que es de suma importancia la colectividad para el bordado, ya que se trata desde qui\u00e9n va por los hilos, quien corta la tela, quien cose, hasta qui\u00e9nes realizan el bordado o qui\u00e9n organiza la cooperativa, hasta decidir por qu\u00e9 usar los tonos caf\u00e9s para el barco que bordaron durante el viaje en la mar.<\/p>\n<p>Deportes como el f\u00fatbol, cuestiones cient\u00edficas con la tierra, te\u00f3ricas como los postulados de la hidra capitalista, universos completos en torno al ma\u00edz, o c\u00f3mo no los conquistaron. Bordar un viaje en barco, con pulpos y sirenas zapatistas como lo hicieron en tiempos de la Otra Campa\u00f1a parec\u00eda, m\u00e1s que una intenci\u00f3n de conquistar el mundo, una voluntad de tejer lo invisible, el devenir de la inspiraci\u00f3n del recorrido que hizo el Comit\u00e9 Clandestino Revolucionario Ind\u00edgena. Conocer todas las luchas para entrelazarlas.<\/p>\n<p>Y ahora ese tejido invisible es una fuerza en el coraz\u00f3n de las, los, loas europeas insumisas. En los dolores, en las rabias, encuentran el hilo y en ese hilo la posibilidad de pasar a la acci\u00f3n, a la organizaci\u00f3n.<\/p>\n<p>\u00bfQu\u00e9 tan lejos llega la palabra o el bordado?<\/p>\n<figure id=\"attachment_61218\" aria-describedby=\"caption-attachment-61218\" style=\"width: 992px\" class=\"wp-caption alignnone\"><img loading=\"lazy\" decoding=\"async\" data-attachment-id=\"61218\" data-permalink=\"http:\/\/www.grieta.org.mx\/index.php\/2021\/08\/18\/no-es-una-ocurrencia-de-las-zapatistas\/pdp_fatou_zapatistas_montreuil_paris_francia_escuadron421_daliri_oropeza-2-1\/\" data-orig-file=\"http:\/\/www.grieta.org.mx\/wp-content\/uploads\/2021\/08\/pdp_fatou_zapatistas_montreuil_paris_francia_escuadron421_daliri_oropeza-2-1.jpg\" data-orig-size=\"992,661\" data-comments-opened=\"0\" data-image-meta=\"{&quot;aperture&quot;:&quot;2.8&quot;,&quot;credit&quot;:&quot;&quot;,&quot;camera&quot;:&quot;Canon EOS 5DS&quot;,&quot;caption&quot;:&quot;&quot;,&quot;created_timestamp&quot;:&quot;1625855937&quot;,&quot;copyright&quot;:&quot;&quot;,&quot;focal_length&quot;:&quot;16&quot;,&quot;iso&quot;:&quot;125&quot;,&quot;shutter_speed&quot;:&quot;0.033333333333333&quot;,&quot;title&quot;:&quot;&quot;,&quot;orientation&quot;:&quot;1&quot;}\" data-image-title=\"pdp_fatou_zapatistas_montreuil_paris_francia_escuadron421_daliri_oropeza-2 (1)\" data-image-description=\"\" data-image-caption=\"&lt;p&gt;Originalmente publicada en La orilla de Par\u00eds saluda al escuadr\u00f3n zapatista.&lt;\/p&gt;\n\" data-medium-file=\"http:\/\/www.grieta.org.mx\/wp-content\/uploads\/2021\/08\/pdp_fatou_zapatistas_montreuil_paris_francia_escuadron421_daliri_oropeza-2-1-300x200.jpg\" data-large-file=\"http:\/\/www.grieta.org.mx\/wp-content\/uploads\/2021\/08\/pdp_fatou_zapatistas_montreuil_paris_francia_escuadron421_daliri_oropeza-2-1.jpg\" class=\"size-full wp-image-61218\" src=\"http:\/\/www.grieta.org.mx\/wp-content\/uploads\/2021\/08\/pdp_fatou_zapatistas_montreuil_paris_francia_escuadron421_daliri_oropeza-2-1.jpg\" alt=\"\" width=\"992\" height=\"661\" srcset=\"http:\/\/www.grieta.org.mx\/wp-content\/uploads\/2021\/08\/pdp_fatou_zapatistas_montreuil_paris_francia_escuadron421_daliri_oropeza-2-1.jpg 992w, http:\/\/www.grieta.org.mx\/wp-content\/uploads\/2021\/08\/pdp_fatou_zapatistas_montreuil_paris_francia_escuadron421_daliri_oropeza-2-1-300x200.jpg 300w, http:\/\/www.grieta.org.mx\/wp-content\/uploads\/2021\/08\/pdp_fatou_zapatistas_montreuil_paris_francia_escuadron421_daliri_oropeza-2-1-768x512.jpg 768w\" sizes=\"auto, (max-width: 992px) 100vw, 992px\" \/><figcaption id=\"caption-attachment-61218\" class=\"wp-caption-text\">Originalmente publicada en La orilla de Par\u00eds saluda al escuadr\u00f3n zapatista.<\/figcaption><\/figure>\n<p><a href=\"https:\/\/piedepagina.mx\/no-es-una-ocurrencia-de-las-zapatistas\/?utm_source=pocket_mylist\" target=\"_blank\" rel=\"noopener\">https:\/\/piedepagina.mx\/no-es-una-ocurrencia-de-las-zapatistas\/?utm_source=pocket_mylist<\/a><\/p>\n","protected":false},"excerpt":{"rendered":"<p>Daliri OROPEZA\/ PIE DE P\u00c1GINA Los bordados de las zapatistas dan cuenta de las ideas, propuestas de autonom\u00eda, luchas y sue\u00f1os que tienen desde su cotidianidad en las comunidades y &hellip; <a href=\"http:\/\/www.grieta.org.mx\/index.php\/2021\/08\/18\/no-es-una-ocurrencia-de-las-zapatistas\/\" class=\"more-link\">Leer m\u00e1s<\/a><\/p>\n","protected":false},"author":2,"featured_media":61216,"comment_status":"closed","ping_status":"closed","sticky":false,"template":"","format":"standard","meta":{"ngg_post_thumbnail":0,"_jetpack_newsletter_access":"","_jetpack_dont_email_post_to_subs":false,"_jetpack_newsletter_tier_id":0,"_jetpack_memberships_contains_paywalled_content":false,"_jetpack_memberships_contains_paid_content":false,"footnotes":""},"categories":[80,2,2661,3916],"tags":[3996,3934,3995,3917],"class_list":["post-61215","post","type-post","status-publish","format-standard","has-post-thumbnail","hentry","category-cintillo","category-noticias-nacionales","category-redes-de-resistencia-y-rebeldia","category-travesia-por-la-vida","tag-bordado","tag-europa","tag-gira-zapatista","tag-travesia-por-la-vida","entry"],"jetpack_featured_media_url":"http:\/\/www.grieta.org.mx\/wp-content\/uploads\/2021\/08\/microfilme-viaje-zapatista-1.jpg","jetpack_sharing_enabled":true,"jetpack_shortlink":"https:\/\/wp.me\/p7ZJR4-fVl","jetpack_likes_enabled":false,"jetpack-related-posts":[{"id":59916,"url":"http:\/\/www.grieta.org.mx\/index.php\/2021\/06\/23\/travesia-por-la-vida-indigenas-mayas-del-ezln-desembarcan-en-europa-galeria-de-videos-y-fotos\/","url_meta":{"origin":61215,"position":0},"title":"Traves\u00eda por la vida: Ind\u00edgenas mayas del EZLN desembarcan en Europa (galer\u00eda de videos y fotos)","author":"grieta","date":"23 junio, 2021","format":false,"excerpt":"COLECTIVO GRIETA\/ con informaci\u00f3n, fotos y videos de la COORDINACI\u00d3N EUROPEA PARA El \"Viaje por la vida\" y COLECTIVOS DE LA OTRA EUROPA ayer rebautizada SLUMIL K\u00b4AJXEMK\u00b4OP (\u201cTierra Insumisa\u201d, \u201cTierra que no se resigna, que no desmaya\u201d). Al grito de \u00a1Zapata vive! y \u00a1Viva el EZLN!, despu\u00e9s de tres lluviosas\u00a0\u2026","rel":"","context":"En &quot;CINTILLO&quot;","block_context":{"text":"CINTILLO","link":"http:\/\/www.grieta.org.mx\/index.php\/category\/cintillo\/"},"img":{"alt_text":"","src":"https:\/\/i0.wp.com\/www.grieta.org.mx\/wp-content\/uploads\/2021\/06\/photo_2021-05-19_23-45-27.jpg?resize=350%2C200","width":350,"height":200,"srcset":"https:\/\/i0.wp.com\/www.grieta.org.mx\/wp-content\/uploads\/2021\/06\/photo_2021-05-19_23-45-27.jpg?resize=350%2C200 1x, https:\/\/i0.wp.com\/www.grieta.org.mx\/wp-content\/uploads\/2021\/06\/photo_2021-05-19_23-45-27.jpg?resize=525%2C300 1.5x, https:\/\/i0.wp.com\/www.grieta.org.mx\/wp-content\/uploads\/2021\/06\/photo_2021-05-19_23-45-27.jpg?resize=700%2C400 2x, https:\/\/i0.wp.com\/www.grieta.org.mx\/wp-content\/uploads\/2021\/06\/photo_2021-05-19_23-45-27.jpg?resize=1050%2C600 3x"},"classes":[]},{"id":59140,"url":"http:\/\/www.grieta.org.mx\/index.php\/2021\/05\/03\/saludan-en-la-ciudad-de-mexico-el-inicio-de-la-travesia-maritima-zapatista-a-europa\/","url_meta":{"origin":61215,"position":1},"title":"Saludan en la Ciudad de M\u00e9xico el inicio de la traves\u00eda mar\u00edtima zapatista a Europa","author":"grieta","date":"3 mayo, 2021","format":false,"excerpt":"COLECTIVO GRIETA, Ciudad de M\u00e9xico, 2 de mayo.- Para hacer p\u00fablica su adhesi\u00f3n a la reciente iniciativa del Ej\u00e9rcito Zapatista de Liberaci\u00f3n Nacional (EZLN), \"Zapatistas. Una traves\u00eda por la vida\", y desearles buen viaje a los siete ind\u00edgenas mayas (tzotziles, tzeltales, choles y tojolabales) \u00a0integrantes del Escuadr\u00f3n 421 \u00a0que hoy\u2026","rel":"","context":"En &quot;CINTILLO&quot;","block_context":{"text":"CINTILLO","link":"http:\/\/www.grieta.org.mx\/index.php\/category\/cintillo\/"},"img":{"alt_text":"","src":"https:\/\/i0.wp.com\/www.grieta.org.mx\/wp-content\/uploads\/2021\/05\/Screenshot_2021-05-03-Saludan-en-la-Ciudad-de-Mexico-el-inicio-de-la-travesia-maritima-zapatista-a-Europa.png?resize=350%2C200","width":350,"height":200,"srcset":"https:\/\/i0.wp.com\/www.grieta.org.mx\/wp-content\/uploads\/2021\/05\/Screenshot_2021-05-03-Saludan-en-la-Ciudad-de-Mexico-el-inicio-de-la-travesia-maritima-zapatista-a-Europa.png?resize=350%2C200 1x, https:\/\/i0.wp.com\/www.grieta.org.mx\/wp-content\/uploads\/2021\/05\/Screenshot_2021-05-03-Saludan-en-la-Ciudad-de-Mexico-el-inicio-de-la-travesia-maritima-zapatista-a-Europa.png?resize=525%2C300 1.5x, https:\/\/i0.wp.com\/www.grieta.org.mx\/wp-content\/uploads\/2021\/05\/Screenshot_2021-05-03-Saludan-en-la-Ciudad-de-Mexico-el-inicio-de-la-travesia-maritima-zapatista-a-Europa.png?resize=700%2C400 2x"},"classes":[]},{"id":61431,"url":"http:\/\/www.grieta.org.mx\/index.php\/2021\/08\/31\/zapatistas-anuncian-salida-de-delegacion-aerea-la-extemporanea-llegara-a-austria\/","url_meta":{"origin":61215,"position":2},"title":"Zapatistas anuncian salida de delegaci\u00f3n a\u00e9rea; \u201cLa Extempor\u00e1nea\u201d llegar\u00e1 a Austria","author":"grieta","date":"31 agosto, 2021","format":false,"excerpt":"Texto y foto: Daliri Oropeza\/ PIE DE P\u00c1GINA El EZLN anuncia la salida de la compa\u00f1\u00eda zapatista aerotransportada nombrada \u201cLa Extempor\u00e1nea\u201d la cual prev\u00e9 llegar a Viena el 14 de septiembre. Colectivas y organizaciones se congratulan. Zapatistas dedican el esfuerzo del viaje a las personas desaparecidas y sus familias que\u2026","rel":"","context":"En &quot;CINTILLO&quot;","block_context":{"text":"CINTILLO","link":"http:\/\/www.grieta.org.mx\/index.php\/category\/cintillo\/"},"img":{"alt_text":"","src":"https:\/\/i0.wp.com\/www.grieta.org.mx\/wp-content\/uploads\/2021\/08\/pdp_zapatistas_madrid_nonosconquistaron_madrid_escuadron421_dalirioropeza.jpg?resize=350%2C200","width":350,"height":200,"srcset":"https:\/\/i0.wp.com\/www.grieta.org.mx\/wp-content\/uploads\/2021\/08\/pdp_zapatistas_madrid_nonosconquistaron_madrid_escuadron421_dalirioropeza.jpg?resize=350%2C200 1x, https:\/\/i0.wp.com\/www.grieta.org.mx\/wp-content\/uploads\/2021\/08\/pdp_zapatistas_madrid_nonosconquistaron_madrid_escuadron421_dalirioropeza.jpg?resize=525%2C300 1.5x, https:\/\/i0.wp.com\/www.grieta.org.mx\/wp-content\/uploads\/2021\/08\/pdp_zapatistas_madrid_nonosconquistaron_madrid_escuadron421_dalirioropeza.jpg?resize=700%2C400 2x, https:\/\/i0.wp.com\/www.grieta.org.mx\/wp-content\/uploads\/2021\/08\/pdp_zapatistas_madrid_nonosconquistaron_madrid_escuadron421_dalirioropeza.jpg?resize=1050%2C600 3x"},"classes":[]},{"id":61915,"url":"http:\/\/www.grieta.org.mx\/index.php\/2021\/09\/25\/colectivos-organizaciones-e-individuos-marchan-en-la-cdmx-para-decirle-a-los-pueblos-zapatistas-que-no-estan-solos\/","url_meta":{"origin":61215,"position":3},"title":"Colectivos, organizaciones e individuos marchan en la CDMX para decirle a los pueblos zapatistas que \u00a1No est\u00e1n solos!","author":"grieta","date":"25 septiembre, 2021","format":false,"excerpt":"Colectivo Grieta Ciudad de M\u00e9xico, 24 de septiembre.- El viernes 24 de septiembre m\u00e1s de un millar de manifestantes pertenecientes a diferentes colectivos, organizaciones y personas a t\u00edtulo individual marcharon por avenida Reforma hasta la Secretar\u00eda de Gobernaci\u00f3n para exigir el cese de las agresiones en contra de las comunidades\u2026","rel":"","context":"En &quot;CINTILLO&quot;","block_context":{"text":"CINTILLO","link":"http:\/\/www.grieta.org.mx\/index.php\/category\/cintillo\/"},"img":{"alt_text":"","src":"https:\/\/i0.wp.com\/www.grieta.org.mx\/wp-content\/uploads\/2021\/09\/IMG_0433.jpg?resize=350%2C200","width":350,"height":200,"srcset":"https:\/\/i0.wp.com\/www.grieta.org.mx\/wp-content\/uploads\/2021\/09\/IMG_0433.jpg?resize=350%2C200 1x, https:\/\/i0.wp.com\/www.grieta.org.mx\/wp-content\/uploads\/2021\/09\/IMG_0433.jpg?resize=525%2C300 1.5x, https:\/\/i0.wp.com\/www.grieta.org.mx\/wp-content\/uploads\/2021\/09\/IMG_0433.jpg?resize=700%2C400 2x, https:\/\/i0.wp.com\/www.grieta.org.mx\/wp-content\/uploads\/2021\/09\/IMG_0433.jpg?resize=1050%2C600 3x"},"classes":[]},{"id":61740,"url":"http:\/\/www.grieta.org.mx\/index.php\/2021\/09\/17\/inician-protestas-en-europa-para-exigir-la-presentacion-con-vida-de-zapatistas-secuestrados-en-chiapas\/","url_meta":{"origin":61215,"position":4},"title":"Inician protestas en Europa para exigir la presentaci\u00f3n con vida de zapatistas secuestrados en Chiapas","author":"grieta","date":"17 septiembre, 2021","format":false,"excerpt":"POZOL COLECTIVO FOTOS: Compas Arriba y Colectivo de Acci\u00f3n Solidaria 17 de septiembre. Bases de Apoyo del EZLN en Viena se unieron a protesta europea ante la embajada de M\u00e9xico en Austria para exigir la reaparici\u00f3n con vida de dos compa\u00f1eros del Caracol 10 secuestrados por la ORCAO cerca de\u2026","rel":"","context":"En &quot;Alto a la Guerra contra los pueblos zapatistas&quot;","block_context":{"text":"Alto a la Guerra contra los pueblos zapatistas","link":"http:\/\/www.grieta.org.mx\/index.php\/category\/redes-de-resistencia-y-rebeldia\/contra-la-guerra-al-ezln\/"},"img":{"alt_text":"","src":"https:\/\/i0.wp.com\/www.grieta.org.mx\/wp-content\/uploads\/2021\/09\/inbound827260503439738100-660x330-1.jpg?resize=350%2C200","width":350,"height":200,"srcset":"https:\/\/i0.wp.com\/www.grieta.org.mx\/wp-content\/uploads\/2021\/09\/inbound827260503439738100-660x330-1.jpg?resize=350%2C200 1x, https:\/\/i0.wp.com\/www.grieta.org.mx\/wp-content\/uploads\/2021\/09\/inbound827260503439738100-660x330-1.jpg?resize=525%2C300 1.5x"},"classes":[]},{"id":60587,"url":"http:\/\/www.grieta.org.mx\/index.php\/2021\/05\/18\/numerosas-ciudades-europeas-muestran-su-apoyo-a-la-gira-por-la-vida-zapatista\/","url_meta":{"origin":61215,"position":5},"title":"Numerosas ciudades europeas muestran su apoyo a la \u2018Gira por la vida\u2019 Zapatista","author":"grieta","date":"18 mayo, 2021","format":false,"excerpt":"Se han celebrado diversas acciones ante la inminente llegada a Europa del \u201cvirus\u201d de la resistencia y rebeld\u00eda zapatistas. Redacci\u00f3n LA TERCERA Este fin de semana, varias decenas de ciudades europeas se han manifestado de manera simult\u00e1nea en apoyo a la \u2018Gira por la vida\u2019, como han bautizado las comunidades\u2026","rel":"","context":"En &quot;CINTILLO&quot;","block_context":{"text":"CINTILLO","link":"http:\/\/www.grieta.org.mx\/index.php\/category\/cintillo\/"},"img":{"alt_text":"","src":"https:\/\/i0.wp.com\/www.grieta.org.mx\/wp-content\/uploads\/2021\/07\/4096-2731-max..-1-950x0-c-default.jpg?resize=350%2C200","width":350,"height":200,"srcset":"https:\/\/i0.wp.com\/www.grieta.org.mx\/wp-content\/uploads\/2021\/07\/4096-2731-max..-1-950x0-c-default.jpg?resize=350%2C200 1x, https:\/\/i0.wp.com\/www.grieta.org.mx\/wp-content\/uploads\/2021\/07\/4096-2731-max..-1-950x0-c-default.jpg?resize=525%2C300 1.5x, https:\/\/i0.wp.com\/www.grieta.org.mx\/wp-content\/uploads\/2021\/07\/4096-2731-max..-1-950x0-c-default.jpg?resize=700%2C400 2x"},"classes":[]}],"_links":{"self":[{"href":"http:\/\/www.grieta.org.mx\/index.php\/wp-json\/wp\/v2\/posts\/61215","targetHints":{"allow":["GET"]}}],"collection":[{"href":"http:\/\/www.grieta.org.mx\/index.php\/wp-json\/wp\/v2\/posts"}],"about":[{"href":"http:\/\/www.grieta.org.mx\/index.php\/wp-json\/wp\/v2\/types\/post"}],"author":[{"embeddable":true,"href":"http:\/\/www.grieta.org.mx\/index.php\/wp-json\/wp\/v2\/users\/2"}],"replies":[{"embeddable":true,"href":"http:\/\/www.grieta.org.mx\/index.php\/wp-json\/wp\/v2\/comments?post=61215"}],"version-history":[{"count":1,"href":"http:\/\/www.grieta.org.mx\/index.php\/wp-json\/wp\/v2\/posts\/61215\/revisions"}],"predecessor-version":[{"id":61219,"href":"http:\/\/www.grieta.org.mx\/index.php\/wp-json\/wp\/v2\/posts\/61215\/revisions\/61219"}],"wp:featuredmedia":[{"embeddable":true,"href":"http:\/\/www.grieta.org.mx\/index.php\/wp-json\/wp\/v2\/media\/61216"}],"wp:attachment":[{"href":"http:\/\/www.grieta.org.mx\/index.php\/wp-json\/wp\/v2\/media?parent=61215"}],"wp:term":[{"taxonomy":"category","embeddable":true,"href":"http:\/\/www.grieta.org.mx\/index.php\/wp-json\/wp\/v2\/categories?post=61215"},{"taxonomy":"post_tag","embeddable":true,"href":"http:\/\/www.grieta.org.mx\/index.php\/wp-json\/wp\/v2\/tags?post=61215"}],"curies":[{"name":"wp","href":"https:\/\/api.w.org\/{rel}","templated":true}]}}