{"id":60906,"date":"2021-08-03T10:52:03","date_gmt":"2021-08-03T15:52:03","guid":{"rendered":"http:\/\/www.grieta.org.mx\/?p=60906"},"modified":"2021-08-04T11:06:29","modified_gmt":"2021-08-04T16:06:29","slug":"con-marcha-reclaman-a-vila-dosal-por-apoyar-a-empresa-porcina-suspendida-en-homun-yucatan","status":"publish","type":"post","link":"http:\/\/www.grieta.org.mx\/index.php\/2021\/08\/03\/con-marcha-reclaman-a-vila-dosal-por-apoyar-a-empresa-porcina-suspendida-en-homun-yucatan\/","title":{"rendered":"Con marcha, reclaman a Vila Dosal por apoyar a empresa porcina suspendida en Hom\u00fan (Yucat\u00e1n)"},"content":{"rendered":"<p>Rosa Santana \/ Proceso<\/p>\n<p>M\u00c9RIDA, Yuc. (apro).- Pobladores de Hom\u00fan e integrantes de organizaciones civiles marcharon hoy por el centro de esta capital para reclamar al gobernador Mauricio Vila Dosal que su gobierno se prestara a las maniobras legaloides con que la empresa PAPO busca revertir la suspensi\u00f3n judicial que en 2018 se impuso a su mega granja porcina en esa localidad.<\/p>\n<p>Asimismo, exigieron al mandatario que fije una postura p\u00fablica respecto a ese problema.<\/p>\n<p>Durante el plant\u00f3n frente al palacio de gobierno, Doroteo Hau Kuuk, dirigente de Kanan Ts\u2019ono\u2019ot (Guardianes de los cenotes), la asociaci\u00f3n civil que se constituy\u00f3 en el pueblo de Hom\u00fan para defender sus recursos naturales afectados por la mega granja, advirti\u00f3 que continuar\u00e1n su lucha por sus derechos al agua, a la salud, al medioambiente sano y a la libre autodeterminaci\u00f3n.<\/p>\n<p>En su mensaje dirigido directamente al gobernador, expuso que reci\u00e9n se enteraron de que el gobierno estatal de Yucat\u00e1n aval\u00f3 las maniobras de la mega f\u00e1brica de cerdos para levantar la suspensi\u00f3n ordenada en 2018 por la jueza Miriam C\u00e1mara Patr\u00f3n, quien falleci\u00f3 a principios de julio pasado.<\/p>\n<p>Record\u00f3 que esa suspensi\u00f3n detuvo hasta ahora las operaciones de la granja, con capacidad para 49 mil cerdos, y que de manera irregular se instal\u00f3 en ese territorio, en plena reserva hidrol\u00f3gica Anillo de los Cenotes, por lo que infantes de Hom\u00fan promovieron un juicio de amparo en contra de esa industria y en reclamo de sus derechos a la salud y al medioambiente sano.<\/p>\n<p><iframe loading=\"lazy\" src=\"https:\/\/www.facebook.com\/plugins\/video.php?href=https%3A%2F%2Fwww.facebook.com%2F339814451000%2Fvideos%2F858338068437204%2F&#038;show_text=0&#038;width=560\" width=\"560\" height=\"286\" style=\"border:none;overflow:hidden\" scrolling=\"no\" frameborder=\"0\" allowfullscreen=\"true\" allow=\"autoplay; clipboard-write; encrypted-media; picture-in-picture; web-share\" allowFullScreen=\"true\"><\/iframe><\/p>\n<p>Kanan Ts\u2019ono\u2019ot culp\u00f3 del problema al gobierno del estado, \u201ccuyas instituciones que supuestamente cuidan el medioambiente dieron permiso a la granja de operar\u201d.<\/p>\n<p>\u201cNo olvidamos que la entonces Secretar\u00eda de Desarrollo Urbano y Medio Ambiente (Seduma), encabezada por Eduardo Batllori, dio el permiso a la granja porc\u00edcola sin tomar en cuenta el derecho a la consulta y el consentimiento del pueblo maya de Hom\u00fan\u201d, recrimin\u00f3.<\/p>\n<p>Hau Kuuk destac\u00f3 en su mensaje que Kanan Ts\u2019ono\u2019ot acompa\u00f1\u00f3 el mes pasado el ejercicio del derecho de los pueblos mayas de Kinchil, San Fernando y Celest\u00fan a la libre determinaci\u00f3n y a la consulta. Ante la omisi\u00f3n del Estado, dichas poblaciones se autoconvocaron a la consulta ind\u00edgena respecto a las mega granjas que operan en sus respectivos territorios.<\/p>\n<p>Tambi\u00e9n reclam\u00f3 que, como cuando Hom\u00fan organiz\u00f3 su consulta, en 2017, en la que el pueblo rechaz\u00f3 la instalaci\u00f3n de la mega granja en su territorio, esta vez la Secretar\u00eda de Desarrollo Sustentable (SDS), dependencia que reemplaz\u00f3 a Seduma y que encabeza Sayda Rodr\u00edguez, estuvo ausente.<\/p>\n<p>\u201cNo se present\u00f3 ni en Kinchil, ni en San Fernando, ni en Celest\u00fan para brindar la informaci\u00f3n a los pobladores sobre por qu\u00e9 se dieron los permisos sin consultar a los pueblos mayas y sobre las afectaciones al medioambiente que tienen este tipo de f\u00e1bricas de cerdos\u201d, a\u00f1adi\u00f3.<\/p>\n<p>Dadas las circunstancias, emplaz\u00f3 al gobernador: \u201cva siendo hora de que el gobierno de Yucat\u00e1n que usted encabeza se posicione frente a los atropellos que las mega f\u00e1bricas de cerdos han estado haciendo en los \u00faltimos a\u00f1os, pisoteando los derechos de los mayas de Hom\u00fan y de otros pueblos\u201d.<\/p>\n<p>\u201cQue diga su palabra sobre si el gobierno estatal de Yucat\u00e1n reconocer\u00e1 los resultados de las consultas y si seguir\u00e1 avalando los permisos para que las mega f\u00e1bricas de cerdos contin\u00faen imponi\u00e9ndose en nuestros territorios\u201d, insisti\u00f3.<\/p>\n<p>Por su parte, en representaci\u00f3n del Equipo Indignaci\u00f3n, la asociaci\u00f3n civil que acompa\u00f1a la lucha jur\u00eddica de Hom\u00fan, Jorge Fern\u00e1ndez Mendiburu dijo que el pr\u00f3ximo jueves 5 el Juzgado Segundo de Distrito definir\u00e1 si mantiene o levanta la suspensi\u00f3n a la granja.<\/p>\n<p>El pasado 6 de julio la empresa PAPO present\u00f3 en los juzgados de Distrito en Yucat\u00e1n un documento emitido por la SDS, en el que su directora Jur\u00eddica, Karen Aguirre Bates, afirma que \u201cla planta de tratamiento de la granja en Hom\u00fan fue analizada y cuenta con los elementos suficientes para alcanzar el cumplimiento de los l\u00edmites m\u00e1ximos permisibles de descargas contaminantes\u201d.<\/p>\n<p>Dicho recurso, dijeron los denunciantes, constituye un \u201checho superveniente\u201d, es decir, un elemento nuevo para solicitar de nueva cuenta la revocaci\u00f3n de la suspensi\u00f3n otorgada en Tribunales a la ni\u00f1ez de Hom\u00fan.<\/p>\n<p><a href=\"https:\/\/www.proceso.com.mx\/nacional\/estados\/2021\/8\/3\/con-marcha-reclaman-vila-dosal-por-apoyar-empresa-porcina-suspendida-en-homun-269163.html\" rel=\"noopener\" target=\"_blank\">https:\/\/www.proceso.com.mx\/nacional\/estados\/2021\/8\/3\/con-marcha-reclaman-vila-dosal-por-apoyar-empresa-porcina-suspendida-en-homun-269163.html<\/a><\/p>\n","protected":false},"excerpt":{"rendered":"<p>Rosa Santana \/ Proceso M\u00c9RIDA, Yuc. (apro).- Pobladores de Hom\u00fan e integrantes de organizaciones civiles marcharon hoy por el centro de esta capital para reclamar al gobernador Mauricio Vila Dosal &hellip; <a href=\"http:\/\/www.grieta.org.mx\/index.php\/2021\/08\/03\/con-marcha-reclaman-a-vila-dosal-por-apoyar-a-empresa-porcina-suspendida-en-homun-yucatan\/\" class=\"more-link\">Leer m\u00e1s<\/a><\/p>\n","protected":false},"author":2,"featured_media":60907,"comment_status":"closed","ping_status":"closed","sticky":false,"template":"","format":"standard","meta":{"ngg_post_thumbnail":0,"_jetpack_newsletter_access":"","_jetpack_dont_email_post_to_subs":false,"_jetpack_newsletter_tier_id":0,"_jetpack_memberships_contains_paywalled_content":false,"_jetpack_memberships_contains_paid_content":false,"footnotes":""},"categories":[60,42,80,2943,984,1,954,1020,1023,3,922,952,2,36],"tags":[281,3964,219,2177,1022,3785],"class_list":["post-60906","post","type-post","status-publish","format-standard","has-post-thumbnail","hentry","category-16-pueblo-maya","category-agroindustria","category-cintillo","category-destruccion-y-contaminacion-ambiental-en-yucatan","category-esp-yucatan","category-espejos-de-la-resistencia","category-espejos-estados","category-granja-porcicola","category-lucha-contra-granja-porcicola","category-megaproyectos","category-megaproyectos-estados","category-mp-yucatan","category-noticias-nacionales","category-yucatan","tag-agroindustria","tag-autoconsulta","tag-consulta","tag-contaminacion-de-acuiferos","tag-granja-porcicola","tag-megagranja","entry"],"jetpack_featured_media_url":"http:\/\/www.grieta.org.mx\/wp-content\/uploads\/2021\/08\/f800x450-140139_191585_5050.jpg","jetpack_sharing_enabled":true,"jetpack_shortlink":"https:\/\/wp.me\/p7ZJR4-fQm","jetpack_likes_enabled":false,"jetpack-related-posts":[{"id":61342,"url":"http:\/\/www.grieta.org.mx\/index.php\/2021\/08\/24\/ninas-y-ninos-inician-campana-contra-granja-porcina-en-homun-yucatan\/","url_meta":{"origin":60906,"position":0},"title":"Ni\u00f1as y ni\u00f1os inician campa\u00f1a contra granja porcina en Hom\u00fan, Yucat\u00e1n","author":"grieta","date":"24 agosto, 2021","format":false,"excerpt":"Redacci\u00f3n La-Lista Un grupo de ni\u00f1as y ni\u00f1os mayas, denominado Guardianes de los Cenotes, iniciaron una campa\u00f1a en contra de una granja porcina en el municipio de Hom\u00fan, Yucat\u00e1n, la cual afectar\u00eda los cenotes de la regi\u00f3n y con ello da\u00f1ar\u00eda el bienestar y econom\u00eda del la comunidad. Esto debido\u2026","rel":"","context":"En &quot;16. Pueblo Maya&quot;","block_context":{"text":"16. Pueblo Maya","link":"http:\/\/www.grieta.org.mx\/index.php\/category\/espejos-de-la-resistencia\/16-pueblo-maya\/"},"img":{"alt_text":"","src":"https:\/\/i0.wp.com\/www.grieta.org.mx\/wp-content\/uploads\/2021\/08\/Homu%CC%81n-1-e1630261887135.jpg?resize=350%2C200","width":350,"height":200,"srcset":"https:\/\/i0.wp.com\/www.grieta.org.mx\/wp-content\/uploads\/2021\/08\/Homu%CC%81n-1-e1630261887135.jpg?resize=350%2C200 1x, https:\/\/i0.wp.com\/www.grieta.org.mx\/wp-content\/uploads\/2021\/08\/Homu%CC%81n-1-e1630261887135.jpg?resize=525%2C300 1.5x, https:\/\/i0.wp.com\/www.grieta.org.mx\/wp-content\/uploads\/2021\/08\/Homu%CC%81n-1-e1630261887135.jpg?resize=700%2C400 2x"},"classes":[]},{"id":30673,"url":"http:\/\/www.grieta.org.mx\/index.php\/2019\/03\/08\/pierde-un-fallo-la-empresa-que-opera-granja-porcina-de-homun-yucatan\/","url_meta":{"origin":60906,"position":1},"title":"Pierde un fallo la empresa que opera granja porcina de Hom\u00fan (Yucat\u00e1n)","author":"grieta","date":"8 marzo, 2019","format":false,"excerpt":"Reporteros Hoy M\u00e9rida, Yucat\u00e1n, (ACOM).- La recusaci\u00f3n promovida por la empresa Producci\u00f3n Alimentaria Porc\u00edcola (PAPO), que opera una granja porc\u00edcola que se instal\u00f3 en Hom\u00fan, fue declarada infundada por el Tribunal Colegiado que conoci\u00f3 el recurso que se present\u00f3 en contra de la juez Cuarta de Distrito, Miriam de Jes\u00fas\u2026","rel":"","context":"En &quot;16. Pueblo Maya&quot;","block_context":{"text":"16. Pueblo Maya","link":"http:\/\/www.grieta.org.mx\/index.php\/category\/espejos-de-la-resistencia\/16-pueblo-maya\/"},"img":{"alt_text":"","src":"https:\/\/i0.wp.com\/www.grieta.org.mx\/wp-content\/uploads\/2019\/03\/GranjaHomun.jpeg?resize=350%2C200","width":350,"height":200,"srcset":"https:\/\/i0.wp.com\/www.grieta.org.mx\/wp-content\/uploads\/2019\/03\/GranjaHomun.jpeg?resize=350%2C200 1x, https:\/\/i0.wp.com\/www.grieta.org.mx\/wp-content\/uploads\/2019\/03\/GranjaHomun.jpeg?resize=525%2C300 1.5x, https:\/\/i0.wp.com\/www.grieta.org.mx\/wp-content\/uploads\/2019\/03\/GranjaHomun.jpeg?resize=700%2C400 2x"},"classes":[]},{"id":61314,"url":"http:\/\/www.grieta.org.mx\/index.php\/2021\/06\/19\/yucatan-keken-disfraza-monopolio-de-granjas-porcicolas-en-pequenos-criaderos\/","url_meta":{"origin":60906,"position":2},"title":"Yucat\u00e1n: Kek\u00e9n disfraza monopolio de granjas porc\u00edcolas en peque\u00f1os criaderos","author":"grieta","date":"19 junio, 2021","format":false,"excerpt":"Leandro Chac\u00f3n \/ PorEsto! Con tal de no mostrar el impacto ambiental que produce la porcicultura en el Estado de Yucat\u00e1n, Grupo Porc\u00edcola Mexicano ha creado un modelo de negocio en el que no cuenta con muchas granjas de cerdos con su nombre comercial, as\u00ed lo revel\u00f3 Alexia Dosal Audirac,\u2026","rel":"","context":"En &quot;Agroindustria&quot;","block_context":{"text":"Agroindustria","link":"http:\/\/www.grieta.org.mx\/index.php\/category\/megaproyectos\/agroindustria\/"},"img":{"alt_text":"","src":"https:\/\/i0.wp.com\/www.grieta.org.mx\/wp-content\/uploads\/2021\/08\/KekenAparceria-e1629914737856.png?resize=350%2C200","width":350,"height":200,"srcset":"https:\/\/i0.wp.com\/www.grieta.org.mx\/wp-content\/uploads\/2021\/08\/KekenAparceria-e1629914737856.png?resize=350%2C200 1x, https:\/\/i0.wp.com\/www.grieta.org.mx\/wp-content\/uploads\/2021\/08\/KekenAparceria-e1629914737856.png?resize=525%2C300 1.5x, https:\/\/i0.wp.com\/www.grieta.org.mx\/wp-content\/uploads\/2021\/08\/KekenAparceria-e1629914737856.png?resize=700%2C400 2x"},"classes":[]},{"id":34345,"url":"http:\/\/www.grieta.org.mx\/index.php\/2019\/06\/06\/video-rechazan-de-nueva-cuenta-mega-granja-de-cerdos-en-homun-y-mega-granjas-de-cerdos-en-yucatan\/","url_meta":{"origin":60906,"position":3},"title":"V\u00eddeo Rechazan de nueva cuenta mega granja de cerdos en Hom\u00fan y mega granjas de cerdos en Yucat\u00e1n","author":"grieta","date":"6 junio, 2019","format":false,"excerpt":"https:\/\/youtu.be\/zdEdOUWzmvs Redacci\u00f3n\/Infolliteras Integrantes de la organizaci\u00f3n Indignaci\u00f3n A.C. y cenotres de Hom\u00fan entre otras personas rechazaron con un plant\u00f3 la mega granja de cerdos de la empresa Papo y en general a la industria a gran escala de cerdos a trav\u00e9s de megagranjas. Afirmaron que es un proyecto que extrae,\u2026","rel":"","context":"En &quot;16. Pueblo Maya&quot;","block_context":{"text":"16. Pueblo Maya","link":"http:\/\/www.grieta.org.mx\/index.php\/category\/espejos-de-la-resistencia\/16-pueblo-maya\/"},"img":{"alt_text":"","src":"https:\/\/i0.wp.com\/www.grieta.org.mx\/wp-content\/uploads\/2019\/06\/KekenSocialIrresponsable.png?resize=350%2C200","width":350,"height":200,"srcset":"https:\/\/i0.wp.com\/www.grieta.org.mx\/wp-content\/uploads\/2019\/06\/KekenSocialIrresponsable.png?resize=350%2C200 1x, https:\/\/i0.wp.com\/www.grieta.org.mx\/wp-content\/uploads\/2019\/06\/KekenSocialIrresponsable.png?resize=525%2C300 1.5x, https:\/\/i0.wp.com\/www.grieta.org.mx\/wp-content\/uploads\/2019\/06\/KekenSocialIrresponsable.png?resize=700%2C400 2x, https:\/\/i0.wp.com\/www.grieta.org.mx\/wp-content\/uploads\/2019\/06\/KekenSocialIrresponsable.png?resize=1050%2C600 3x"},"classes":[]},{"id":64282,"url":"http:\/\/www.grieta.org.mx\/index.php\/2022\/05\/17\/habitantes-de-sitilpech-exigen-cerrar-granjas-porcicolas-en-yucatan-afuera-del-poder-judicial\/","url_meta":{"origin":60906,"position":4},"title":"Habitantes de Sitilpech exigen cerrar granjas porc\u00edcolas en Yucat\u00e1n afuera del Poder Judicial","author":"grieta","date":"17 mayo, 2022","format":false,"excerpt":"Ruben Dar\u00edo Hau \/ Por Esto! Habitantes de Sitilpech, comisar\u00eda de Izamal, se manifiestan frente a la sede del Poder Judicial de la Federal, en M\u00e9rida, para insistir en que el Juez Primero de Distrito conceda la suspensi\u00f3n definitiva de la granja porc\u00edcola, Kancabch\u00e9n II, aparcera de Kek\u00e9n. El pasado\u2026","rel":"","context":"En &quot;16. Pueblo Maya&quot;","block_context":{"text":"16. Pueblo Maya","link":"http:\/\/www.grieta.org.mx\/index.php\/category\/espejos-de-la-resistencia\/16-pueblo-maya\/"},"img":{"alt_text":"","src":"https:\/\/i0.wp.com\/www.grieta.org.mx\/wp-content\/uploads\/2022\/05\/Sitilpech-e1653577169242.png?resize=350%2C200","width":350,"height":200,"srcset":"https:\/\/i0.wp.com\/www.grieta.org.mx\/wp-content\/uploads\/2022\/05\/Sitilpech-e1653577169242.png?resize=350%2C200 1x, https:\/\/i0.wp.com\/www.grieta.org.mx\/wp-content\/uploads\/2022\/05\/Sitilpech-e1653577169242.png?resize=525%2C300 1.5x, https:\/\/i0.wp.com\/www.grieta.org.mx\/wp-content\/uploads\/2022\/05\/Sitilpech-e1653577169242.png?resize=700%2C400 2x"},"classes":[]},{"id":63923,"url":"http:\/\/www.grieta.org.mx\/index.php\/2022\/04\/07\/amenazan-a-infancia-que-defiende-los-cenotes-en-homun-yucatan\/","url_meta":{"origin":60906,"position":5},"title":"Amenazan a infancia que defiende los cenotes en Hom\u00fan (Yucat\u00e1n)","author":"grieta","date":"7 abril, 2022","format":false,"excerpt":"Sare Frabes \/ Avispa Midia Este mi\u00e9rcoles (6) fue amenazada una de las representantes de las ni\u00f1as y ni\u00f1os de Hom\u00fan, quienes presentaron un amparo contra la mega granja porc\u00edcola de la empresa Producci\u00f3n Alimentaria y Porc\u00edcola (PAPO), aparcera de Kek\u00e9n. As\u00ed lo denuncio el Equipo Indignaci\u00f3n, quien destac\u00f3 que\u2026","rel":"","context":"En &quot;16. Pueblo Maya&quot;","block_context":{"text":"16. Pueblo Maya","link":"http:\/\/www.grieta.org.mx\/index.php\/category\/espejos-de-la-resistencia\/16-pueblo-maya\/"},"img":{"alt_text":"","src":"https:\/\/i0.wp.com\/www.grieta.org.mx\/wp-content\/uploads\/2022\/04\/AmenazanInfanciaHomun-e1649351378993.png?resize=350%2C200","width":350,"height":200,"srcset":"https:\/\/i0.wp.com\/www.grieta.org.mx\/wp-content\/uploads\/2022\/04\/AmenazanInfanciaHomun-e1649351378993.png?resize=350%2C200 1x, https:\/\/i0.wp.com\/www.grieta.org.mx\/wp-content\/uploads\/2022\/04\/AmenazanInfanciaHomun-e1649351378993.png?resize=525%2C300 1.5x, https:\/\/i0.wp.com\/www.grieta.org.mx\/wp-content\/uploads\/2022\/04\/AmenazanInfanciaHomun-e1649351378993.png?resize=700%2C400 2x"},"classes":[]}],"_links":{"self":[{"href":"http:\/\/www.grieta.org.mx\/index.php\/wp-json\/wp\/v2\/posts\/60906","targetHints":{"allow":["GET"]}}],"collection":[{"href":"http:\/\/www.grieta.org.mx\/index.php\/wp-json\/wp\/v2\/posts"}],"about":[{"href":"http:\/\/www.grieta.org.mx\/index.php\/wp-json\/wp\/v2\/types\/post"}],"author":[{"embeddable":true,"href":"http:\/\/www.grieta.org.mx\/index.php\/wp-json\/wp\/v2\/users\/2"}],"replies":[{"embeddable":true,"href":"http:\/\/www.grieta.org.mx\/index.php\/wp-json\/wp\/v2\/comments?post=60906"}],"version-history":[{"count":1,"href":"http:\/\/www.grieta.org.mx\/index.php\/wp-json\/wp\/v2\/posts\/60906\/revisions"}],"predecessor-version":[{"id":60908,"href":"http:\/\/www.grieta.org.mx\/index.php\/wp-json\/wp\/v2\/posts\/60906\/revisions\/60908"}],"wp:featuredmedia":[{"embeddable":true,"href":"http:\/\/www.grieta.org.mx\/index.php\/wp-json\/wp\/v2\/media\/60907"}],"wp:attachment":[{"href":"http:\/\/www.grieta.org.mx\/index.php\/wp-json\/wp\/v2\/media?parent=60906"}],"wp:term":[{"taxonomy":"category","embeddable":true,"href":"http:\/\/www.grieta.org.mx\/index.php\/wp-json\/wp\/v2\/categories?post=60906"},{"taxonomy":"post_tag","embeddable":true,"href":"http:\/\/www.grieta.org.mx\/index.php\/wp-json\/wp\/v2\/tags?post=60906"}],"curies":[{"name":"wp","href":"https:\/\/api.w.org\/{rel}","templated":true}]}}