{"id":60894,"date":"2021-08-03T21:05:39","date_gmt":"2021-08-04T02:05:39","guid":{"rendered":"https:\/\/www.grieta.org.mx\/?p=60894"},"modified":"2021-08-03T21:05:39","modified_gmt":"2021-08-04T02:05:39","slug":"colectivas-feministas-convocan-panuelazo-virtual-por-despenalizacion-del-aborto-en-edomex","status":"publish","type":"post","link":"http:\/\/www.grieta.org.mx\/index.php\/2021\/08\/03\/colectivas-feministas-convocan-panuelazo-virtual-por-despenalizacion-del-aborto-en-edomex\/","title":{"rendered":"Colectivas feministas convocan \u2018pa\u00f1uelazo\u2019 virtual por despenalizaci\u00f3n del aborto en EdoMex"},"content":{"rendered":"<p>Foto: Cuartoscuro<br \/>\nAnimal Pol\u00edtico<\/p>\n<p><strong>Las colectivas se pronunciaron a favor de la petici\u00f3n que emprendi\u00f3 la Asociaci\u00f3n de Mujeres Abrazando a M\u00e9xico por la despenalizaci\u00f3n del aborto; y exigieron a los diputados y diputadas de la LX Legislatura de la entidad a impulsar y aprobar el documento.<\/strong><\/p>\n<p>Colectivas feministas aut\u00f3nomas y mujeres independientes del Estado de M\u00e9xico convocaron a un pa\u00f1uelazo virtual este 3 de agosto por la despenalizaci\u00f3n del aborto en la entidad.<\/p>\n<p>Con los hashtags #AbortoLegalEdomex y #Ser\u00e1LeyEdomex, se invit\u00f3 a subir fotos a las redes sociales para visibilizar \u2018este derecho humano de las mujeres\u2019.<\/p>\n<p>En d\u00edas previos, colectivas y mujeres activistas del Valle de Toluca firmaron un pronunciamiento en el cual hicieron un llamado a todas las mujeres a organizase desde sus espacios digitales y p\u00fablicos para exigir la despenalizaci\u00f3n del aborto en el Estado de M\u00e9xico.<\/p>\n<p>A trav\u00e9s del documento denunciaron que la entidad es donde ocurren 11.8% de los embarazos adolescentes en todo el pa\u00eds \u2013 con base en cifras del 2020 \u2013 y que adem\u00e1s, \u2018la criminalizaci\u00f3n y el estigma\u2019 hacia la interrupci\u00f3n del embarazo ha orillado a m\u00e1s 63 mil mujeres a recurrir a los servicios de salud de la capital.<\/p>\n<p dir=\"ltr\" lang=\"es\">\u00a1Alerta Estado de M\u00e9xico!\ud83d\udca5<br \/>\nEs momento de que <a href=\"https:\/\/twitter.com\/hashtag\/EdoMex?src=hash&amp;ref_src=twsrc%5Etfw\" target=\"_blank\" rel=\"noopener\">#EdoMex<\/a> garantice la salud de las mujeres y personas con capacidad de gestar.\ud83d\udc9a\ud83d\udc9a\ud83d\udc9a<\/p>\n<p>\u00a1\u00danete hoy al pa\u00f1uelazo virtual por el<a href=\"https:\/\/twitter.com\/hashtag\/AbortoLegalEdoMex?src=hash&amp;ref_src=twsrc%5Etfw\" target=\"_blank\" rel=\"noopener\">#AbortoLegalEdoMex<\/a>!<a href=\"https:\/\/twitter.com\/hashtag\/Ser%C3%A1LeyEdoMex?src=hash&amp;ref_src=twsrc%5Etfw\" target=\"_blank\" rel=\"noopener\">#Ser\u00e1LeyEdoMex<\/a><a href=\"https:\/\/twitter.com\/hashtag\/QueSubaLaMarea?src=hash&amp;ref_src=twsrc%5Etfw\" target=\"_blank\" rel=\"noopener\">#QueSubaLaMarea<\/a><a href=\"https:\/\/t.co\/Spcc3qh1RO\" target=\"_blank\" rel=\"noopener\">pic.twitter.com\/Spcc3qh1RO<\/a><\/p>\n<p>\u2014 MareaVerdeMx (@MxMareaVerde)<a href=\"https:\/\/twitter.com\/MxMareaVerde\/status\/1422578962203660289?ref_src=twsrc%5Etfw\" target=\"_blank\" rel=\"noopener\">August 3, 2021<\/a><\/p>\n<p>\u201cLa criminalizaci\u00f3n y el estigma que existe alrededor del derecho a decidir sobre nuestra maternidad <b>ha obligado a m\u00e1s de 63 mil mujeres<\/b> a recurrir a servicios de salud que se ofrecen en la Ciudad de M\u00e9xico, o en su defecto, a<b>acudir a cl\u00ednicas clandestinas<\/b> que no garantizan la seguridad de quienes deciden abortar, arriesgando muchas veces su salud, su libertad, <b>e incluso su vida<\/b>, cuando hay desinformaci\u00f3n sobre el procedimiento\u201d.<\/p>\n<p>Sostienen que actualmente 101 ni\u00f1as, mujeres y personas gestantes originarias del Estado de M\u00e9xico son v\u00edctimas de procesos de criminalizaci\u00f3n por aborto. Adem\u00e1s de que el 98% de las denuncias existentes afectan a mujeres que habitan en zonas rurales y la zona metropolitana.<\/p>\n<p>Es por ello que en el pronunciamiento se\u00f1alan a la educaci\u00f3n sexual como un asunto de suma importancia, que debe estar garantizada por el gobierno mexiquense para que las mujeres y las personas gestantes puedan decidir sobre sus cuerpos y \u201ctengamos el derecho de <b>ser madres cuando lo deseemos<\/b>\u201d.<\/p>\n<p>Tambi\u00e9n se pronunciaron a favor de la petici\u00f3n que emprendi\u00f3 la Asociaci\u00f3n de Mujeres Abrazando a M\u00e9xico (AMAM) por la despenalizaci\u00f3n del aborto y exigieron a<b>los diputados y diputadas de la LX Legislatura <\/b>de la entidad a <b>impulsar y aprobar el documento<\/b>.<\/p>\n<p>Cabe destacar que en 2019 hubo una iniciativa presentada ante la C\u00e1mara Local de Diputados, en la que se hizo hincapi\u00e9 en que la despenalizaci\u00f3n del aborto y la creaci\u00f3n de pol\u00edticas p\u00fablicas que lo garantizara.<\/p>\n<blockquote class=\"twitter-tweet\" data-width=\"550\" data-dnt=\"true\">\n<p lang=\"es\" dir=\"ltr\">Desde el Valle de Toluca, las mujeres activistas aut\u00f3nomas e independientes y colectivas que integran este documento, nos pronunciamos para que las y los diputados que conforman la <a href=\"https:\/\/twitter.com\/Legismex?ref_src=twsrc%5Etfw\">@Legismex<\/a> voten y aprueben la Ley de Despenalizaci\u00f3n del Aborto en el Estado de M\u00e9xico. <a href=\"https:\/\/t.co\/m13736z3o1\">pic.twitter.com\/m13736z3o1<\/a><\/p>\n<p>&mdash; Aborto Seguro EDOMEX (@AbortoSeguroEmx) <a href=\"https:\/\/twitter.com\/AbortoSeguroEmx\/status\/1422184444237123595?ref_src=twsrc%5Etfw\">August 2, 2021<\/a><\/p><\/blockquote>\n<p><script async src=\"https:\/\/platform.twitter.com\/widgets.js\" charset=\"utf-8\"><\/script><\/p>\n<p>Lo cual, enunciaron en el pronunciamiento \u201cayudar\u00eda a cumplir con acuerdos internacionales que llaman a nuestro pa\u00eds a reconocer y procurar los derechos humanos de las mujeres, as\u00ed como la protecci\u00f3n a las infancias\u201d.<\/p>\n<p>Sin embargo, hasta ahora <b>esta iniciativa no ha procedido y tampoco es tema en la agenda <\/b>del Congreso del Estado de M\u00e9xico.<\/p>\n<p>\u201cConsideramos que la prohibici\u00f3n del aborto en el Estado de M\u00e9xico, que se rige por el actual C\u00f3digo Penal, <b>es obsoleta, mis\u00f3gina, sexista<\/b> y niega la existencia del aborto como una pr\u00e1ctica com\u00fan y en ocasiones necesaria\u201d, denunciaron las colectivas y activistas.<\/p>\n<p>De la misma forma, insistieron en la eliminaci\u00f3n de argumentos fundamentados en ideolog\u00edas religiosas que \u2018dificultan la aprobaci\u00f3n de esta iniciativa de ley\u2019.<\/p>\n<p>\u201cLa legalizaci\u00f3n del aborto <b>no lo convierte en una obligaci\u00f3n<\/b>, sino en una opci\u00f3n que salvaguarda y defiende la integridad y los derechos humanos de las mujeres, ni\u00f1as, adolescentes y personas con capacidad de gestar en general\u201d.<\/p>\n<p>Actualmente, solo cuatro estados del pa\u00eds tienen permitida la Interrupci\u00f3n Legal del Embarazo (ILE): CDMX, Oaxaca, Hidalgo, y el m\u00e1s reciente, Veracruz.<\/p>\n<p><a href=\"https:\/\/www.animalpolitico.com\/2021\/08\/colectivas-feministas-panuelazo-despenalizacion-aborto-edomex\/\" target=\"_blank\" rel=\"noopener\">https:\/\/www.animalpolitico.com\/2021\/08\/colectivas-feministas-panuelazo-despenalizacion-aborto-edomex\/<\/a><\/p>\n","protected":false},"excerpt":{"rendered":"<p>Foto: Cuartoscuro Animal Pol\u00edtico Las colectivas se pronunciaron a favor de la petici\u00f3n que emprendi\u00f3 la Asociaci\u00f3n de Mujeres Abrazando a M\u00e9xico por la despenalizaci\u00f3n del aborto; y exigieron a &hellip; <a href=\"http:\/\/www.grieta.org.mx\/index.php\/2021\/08\/03\/colectivas-feministas-convocan-panuelazo-virtual-por-despenalizacion-del-aborto-en-edomex\/\" class=\"more-link\">Leer m\u00e1s<\/a><\/p>\n","protected":false},"author":2,"featured_media":60895,"comment_status":"closed","ping_status":"closed","sticky":false,"template":"","format":"standard","meta":{"ngg_post_thumbnail":0,"_jetpack_newsletter_access":"","_jetpack_dont_email_post_to_subs":false,"_jetpack_newsletter_tier_id":0,"_jetpack_memberships_contains_paywalled_content":false,"_jetpack_memberships_contains_paid_content":false,"footnotes":""},"categories":[80,16,3035,2,2720],"tags":[2248,1630],"class_list":["post-60894","post","type-post","status-publish","format-standard","has-post-thumbnail","hentry","category-cintillo","category-estado-de-mexico","category-movilizaciones-y-protestas-de-habitantes-en-el-estado-de-mexico","category-noticias-nacionales","category-violencia-contra-las-mujeres-en-el-estado-de-mexico","tag-luchas-de-las-mujeres","tag-violencia-contra-las-mujeres","entry"],"jetpack_featured_media_url":"http:\/\/www.grieta.org.mx\/wp-content\/uploads\/2021\/08\/Colectivas-feministas-convocan-\u2018panuelazo-virtual-por-despenalizacion-del-aborto-en-edomex-ago.jpeg","jetpack_sharing_enabled":true,"jetpack_shortlink":"https:\/\/wp.me\/p7ZJR4-fQa","jetpack_likes_enabled":false,"jetpack-related-posts":[{"id":62100,"url":"http:\/\/www.grieta.org.mx\/index.php\/2021\/09\/27\/ahora-es-cuando-marchan-por-la-despenalizacion-del-aborto-en-jalisco\/","url_meta":{"origin":60894,"position":0},"title":"\u00a1Ahora es cuando! Marchan por la despenalizaci\u00f3n del aborto en Jalisco","author":"grieta","date":"27 septiembre, 2021","format":false,"excerpt":"Foto: Dalia Souza - Ximena Torres En medio de una fuerte tormenta, la marea verde en Guadalajara march\u00f3 este domingo 26 de septiembre recorriendo las calles del centro de la capital de Jalisco para decirle a las y los legisladores que el momento de despenalizar el aborto en el estado\u2026","rel":"","context":"En &quot;CINTILLO&quot;","block_context":{"text":"CINTILLO","link":"http:\/\/www.grieta.org.mx\/index.php\/category\/cintillo\/"},"img":{"alt_text":"","src":"https:\/\/i0.wp.com\/www.grieta.org.mx\/wp-content\/uploads\/2021\/10\/photo5082717964159003119-1068x801-1.jpg?resize=350%2C200","width":350,"height":200,"srcset":"https:\/\/i0.wp.com\/www.grieta.org.mx\/wp-content\/uploads\/2021\/10\/photo5082717964159003119-1068x801-1.jpg?resize=350%2C200 1x, https:\/\/i0.wp.com\/www.grieta.org.mx\/wp-content\/uploads\/2021\/10\/photo5082717964159003119-1068x801-1.jpg?resize=525%2C300 1.5x, https:\/\/i0.wp.com\/www.grieta.org.mx\/wp-content\/uploads\/2021\/10\/photo5082717964159003119-1068x801-1.jpg?resize=700%2C400 2x, https:\/\/i0.wp.com\/www.grieta.org.mx\/wp-content\/uploads\/2021\/10\/photo5082717964159003119-1068x801-1.jpg?resize=1050%2C600 3x"},"classes":[]},{"id":46322,"url":"http:\/\/www.grieta.org.mx\/index.php\/2020\/03\/18\/colectivas-de-queretaro-repudian-que-despenalizacion-de-causales-de-aborto-se-discutan-en-lo-oscurito\/","url_meta":{"origin":60894,"position":1},"title":"Colectivas de Quer\u00e9taro repudian que despenalizaci\u00f3n de causales de aborto se discutan \u2018en lo oscurito\u2019","author":"grieta","date":"18 marzo, 2020","format":false,"excerpt":"Foto tomada del portal: adninformativo.mx ADN Informativo Quer\u00e9taro, Qro., 18 de marzo de 2020.- Diversas colectivas de Quer\u00e9taro repudiaron la manera en que las distintas fuerzas pol\u00edticas han manejado un tema tan importante para la protecci\u00f3n de la vida de las mujeres y ni\u00f1as de Quer\u00e9taro. A trav\u00e9s de un\u2026","rel":"","context":"En &quot;CINTILLO&quot;","block_context":{"text":"CINTILLO","link":"http:\/\/www.grieta.org.mx\/index.php\/category\/cintillo\/"},"img":{"alt_text":"","src":"https:\/\/i0.wp.com\/www.grieta.org.mx\/wp-content\/uploads\/2020\/03\/Colectivas-de-Quer%C3%A9taro-repudian-que-despenalizaci%C3%B3n-de-causales-de-aborto-se-discutan-en-lo-oscurito-qro-mzo.jpg?resize=350%2C200","width":350,"height":200,"srcset":"https:\/\/i0.wp.com\/www.grieta.org.mx\/wp-content\/uploads\/2020\/03\/Colectivas-de-Quer%C3%A9taro-repudian-que-despenalizaci%C3%B3n-de-causales-de-aborto-se-discutan-en-lo-oscurito-qro-mzo.jpg?resize=350%2C200 1x, https:\/\/i0.wp.com\/www.grieta.org.mx\/wp-content\/uploads\/2020\/03\/Colectivas-de-Quer%C3%A9taro-repudian-que-despenalizaci%C3%B3n-de-causales-de-aborto-se-discutan-en-lo-oscurito-qro-mzo.jpg?resize=525%2C300 1.5x, https:\/\/i0.wp.com\/www.grieta.org.mx\/wp-content\/uploads\/2020\/03\/Colectivas-de-Quer%C3%A9taro-repudian-que-despenalizaci%C3%B3n-de-causales-de-aborto-se-discutan-en-lo-oscurito-qro-mzo.jpg?resize=700%2C400 2x"},"classes":[]},{"id":49926,"url":"http:\/\/www.grieta.org.mx\/index.php\/2020\/05\/29\/busqueda-de-despenalizacion-del-aborto-seguira-en-san-lazaro-advierten-feministas-guanajuato\/","url_meta":{"origin":60894,"position":2},"title":"B\u00fasqueda de despenalizaci\u00f3n del aborto seguir\u00e1 en San L\u00e1zaro, advierten feministas (Guanajuato)","author":"grieta","date":"29 mayo, 2020","format":false,"excerpt":"El 28 de septiembre es el d\u00eda de acci\u00f3n Global por el Acceso al Aborto Legal y Seguro, fecha en la que esperan poder salir a la calle y continuar la lucha. Por Vania Jaramillo Le\u00f3n, Gto. No hay marcha atr\u00e1s\u2026 por ahora. Es la sentencia colectivos no solo guanajuatenses\u2026","rel":"","context":"En &quot;CINTILLO&quot;","block_context":{"text":"CINTILLO","link":"http:\/\/www.grieta.org.mx\/index.php\/category\/cintillo\/"},"img":{"alt_text":"","src":"https:\/\/i0.wp.com\/www.grieta.org.mx\/wp-content\/uploads\/2020\/05\/99299854_2709805612572805_5845587026866339840_n.jpg?resize=350%2C200","width":350,"height":200,"srcset":"https:\/\/i0.wp.com\/www.grieta.org.mx\/wp-content\/uploads\/2020\/05\/99299854_2709805612572805_5845587026866339840_n.jpg?resize=350%2C200 1x, https:\/\/i0.wp.com\/www.grieta.org.mx\/wp-content\/uploads\/2020\/05\/99299854_2709805612572805_5845587026866339840_n.jpg?resize=525%2C300 1.5x, https:\/\/i0.wp.com\/www.grieta.org.mx\/wp-content\/uploads\/2020\/05\/99299854_2709805612572805_5845587026866339840_n.jpg?resize=700%2C400 2x"},"classes":[]},{"id":53872,"url":"http:\/\/www.grieta.org.mx\/index.php\/2020\/09\/28\/feministas-marchan-a-un-ano-de-la-despenalizacion-del-aborto-en-oaxaca\/","url_meta":{"origin":60894,"position":3},"title":"Feministas marchan a un a\u00f1o de la despenalizaci\u00f3n del aborto en Oaxaca","author":"grieta","date":"28 septiembre, 2020","format":false,"excerpt":"P\u00e1gina 3 \/ Pedro Mat\u00edas. OAXACA, Oax.- A un a\u00f1o de la despenalizaci\u00f3n del aborto en Oaxaca, el colectivo de feministas Marea Verde realiz\u00f3 una marcha separatista. Partieron de la fuente de las Ocho Regiones y caminaron la calzada Porfirio D\u00edaz para exigir que \u201cnuestro derecho a decidir sea respetado\u201d.\u2026","rel":"","context":"En &quot;CINTILLO&quot;","block_context":{"text":"CINTILLO","link":"http:\/\/www.grieta.org.mx\/index.php\/category\/cintillo\/"},"img":{"alt_text":"","src":"https:\/\/i0.wp.com\/www.grieta.org.mx\/wp-content\/uploads\/2020\/09\/x.jpeg?resize=350%2C200","width":350,"height":200,"srcset":"https:\/\/i0.wp.com\/www.grieta.org.mx\/wp-content\/uploads\/2020\/09\/x.jpeg?resize=350%2C200 1x, https:\/\/i0.wp.com\/www.grieta.org.mx\/wp-content\/uploads\/2020\/09\/x.jpeg?resize=525%2C300 1.5x, https:\/\/i0.wp.com\/www.grieta.org.mx\/wp-content\/uploads\/2020\/09\/x.jpeg?resize=700%2C400 2x"},"classes":[]},{"id":52442,"url":"http:\/\/www.grieta.org.mx\/index.php\/2020\/07\/31\/mujeres-marcharon-en-cdmx-para-exigir-despenalizacion-del-aborto-colectivas-acusan-abuso-policial\/","url_meta":{"origin":60894,"position":4},"title":"Mujeres marcharon en CDMX para exigir despenalizaci\u00f3n del aborto; colectivas acusan abuso policial","author":"grieta","date":"31 julio, 2020","format":false,"excerpt":"Foto: Cuartoscuro Animal Pol\u00edtico La mayor\u00eda de las manifestantes portaban una pa\u00f1oleta verde a favor de la despenalizaci\u00f3n del aborto; la SSC-CDMX report\u00f3 a una oficial herida. Un grupo de mujeres march\u00f3 este viernes hacia el Z\u00f3calo de la Ciudad de M\u00e9xico, para protestar por la decisi\u00f3n de la Primera\u2026","rel":"","context":"En &quot;Abuso policiaco y tortura en la Ciudad de M\u00e9xico&quot;","block_context":{"text":"Abuso policiaco y tortura en la Ciudad de M\u00e9xico","link":"http:\/\/www.grieta.org.mx\/index.php\/category\/noticias-nacionales\/ciudad-de-mexico\/abuso-policiaco-y-tortura-en-la-ciudad-de-mexico\/"},"img":{"alt_text":"","src":"https:\/\/i0.wp.com\/www.grieta.org.mx\/wp-content\/uploads\/2020\/08\/Mujeres-marcharon-en-CDMX-para-exigir-despenalizaci%C3%B3n-del-aborto-colectivas-acusan-abuso-policial-cdmx-ago.jpeg?resize=350%2C200","width":350,"height":200,"srcset":"https:\/\/i0.wp.com\/www.grieta.org.mx\/wp-content\/uploads\/2020\/08\/Mujeres-marcharon-en-CDMX-para-exigir-despenalizaci%C3%B3n-del-aborto-colectivas-acusan-abuso-policial-cdmx-ago.jpeg?resize=350%2C200 1x, https:\/\/i0.wp.com\/www.grieta.org.mx\/wp-content\/uploads\/2020\/08\/Mujeres-marcharon-en-CDMX-para-exigir-despenalizaci%C3%B3n-del-aborto-colectivas-acusan-abuso-policial-cdmx-ago.jpeg?resize=525%2C300 1.5x, https:\/\/i0.wp.com\/www.grieta.org.mx\/wp-content\/uploads\/2020\/08\/Mujeres-marcharon-en-CDMX-para-exigir-despenalizaci%C3%B3n-del-aborto-colectivas-acusan-abuso-policial-cdmx-ago.jpeg?resize=700%2C400 2x, https:\/\/i0.wp.com\/www.grieta.org.mx\/wp-content\/uploads\/2020\/08\/Mujeres-marcharon-en-CDMX-para-exigir-despenalizaci%C3%B3n-del-aborto-colectivas-acusan-abuso-policial-cdmx-ago.jpeg?resize=1050%2C600 3x, https:\/\/i0.wp.com\/www.grieta.org.mx\/wp-content\/uploads\/2020\/08\/Mujeres-marcharon-en-CDMX-para-exigir-despenalizaci%C3%B3n-del-aborto-colectivas-acusan-abuso-policial-cdmx-ago.jpeg?resize=1400%2C800 4x"},"classes":[]},{"id":69955,"url":"http:\/\/www.grieta.org.mx\/index.php\/2024\/09\/29\/fuera-el-aborto-del-codigo-penal-de-jalisco-es-el-reclamo-de-quienes-tomaron-el-congreso-del-estado-este-28s\/","url_meta":{"origin":60894,"position":5},"title":"\u201cFuera el aborto del C\u00f3digo Penal de Jalisco\u201d es el reclamo de quienes tomaron el Congreso del Estado este #28S","author":"grieta","date":"29 septiembre, 2024","format":false,"excerpt":"Imagen: Dalia Souza \/ Zona Docs Con la consigna \u201cFuera el aborto del C\u00f3digo Penal\u201d colectivas, mujeres y disidencias accionaron a las afueras del Congreso de Jalisco este s\u00e1bado para reclamar la despenalizaci\u00f3n del aborto en el estado.En el marco del\u00a0D\u00eda de Acci\u00f3n Global por un Aborto Legal y Seguro,\u2026","rel":"","context":"En &quot;CINTILLO&quot;","block_context":{"text":"CINTILLO","link":"http:\/\/www.grieta.org.mx\/index.php\/category\/cintillo\/"},"img":{"alt_text":"","src":"https:\/\/i0.wp.com\/www.grieta.org.mx\/wp-content\/uploads\/2024\/10\/photo_5174790092911389973_y.jpg?resize=350%2C200","width":350,"height":200,"srcset":"https:\/\/i0.wp.com\/www.grieta.org.mx\/wp-content\/uploads\/2024\/10\/photo_5174790092911389973_y.jpg?resize=350%2C200 1x, https:\/\/i0.wp.com\/www.grieta.org.mx\/wp-content\/uploads\/2024\/10\/photo_5174790092911389973_y.jpg?resize=525%2C300 1.5x, https:\/\/i0.wp.com\/www.grieta.org.mx\/wp-content\/uploads\/2024\/10\/photo_5174790092911389973_y.jpg?resize=700%2C400 2x, https:\/\/i0.wp.com\/www.grieta.org.mx\/wp-content\/uploads\/2024\/10\/photo_5174790092911389973_y.jpg?resize=1050%2C600 3x"},"classes":[]}],"_links":{"self":[{"href":"http:\/\/www.grieta.org.mx\/index.php\/wp-json\/wp\/v2\/posts\/60894","targetHints":{"allow":["GET"]}}],"collection":[{"href":"http:\/\/www.grieta.org.mx\/index.php\/wp-json\/wp\/v2\/posts"}],"about":[{"href":"http:\/\/www.grieta.org.mx\/index.php\/wp-json\/wp\/v2\/types\/post"}],"author":[{"embeddable":true,"href":"http:\/\/www.grieta.org.mx\/index.php\/wp-json\/wp\/v2\/users\/2"}],"replies":[{"embeddable":true,"href":"http:\/\/www.grieta.org.mx\/index.php\/wp-json\/wp\/v2\/comments?post=60894"}],"version-history":[{"count":1,"href":"http:\/\/www.grieta.org.mx\/index.php\/wp-json\/wp\/v2\/posts\/60894\/revisions"}],"predecessor-version":[{"id":60896,"href":"http:\/\/www.grieta.org.mx\/index.php\/wp-json\/wp\/v2\/posts\/60894\/revisions\/60896"}],"wp:featuredmedia":[{"embeddable":true,"href":"http:\/\/www.grieta.org.mx\/index.php\/wp-json\/wp\/v2\/media\/60895"}],"wp:attachment":[{"href":"http:\/\/www.grieta.org.mx\/index.php\/wp-json\/wp\/v2\/media?parent=60894"}],"wp:term":[{"taxonomy":"category","embeddable":true,"href":"http:\/\/www.grieta.org.mx\/index.php\/wp-json\/wp\/v2\/categories?post=60894"},{"taxonomy":"post_tag","embeddable":true,"href":"http:\/\/www.grieta.org.mx\/index.php\/wp-json\/wp\/v2\/tags?post=60894"}],"curies":[{"name":"wp","href":"https:\/\/api.w.org\/{rel}","templated":true}]}}