{"id":60862,"date":"2021-07-31T10:51:20","date_gmt":"2021-07-31T15:51:20","guid":{"rendered":"https:\/\/www.grieta.org.mx\/?p=60862"},"modified":"2021-08-02T10:56:14","modified_gmt":"2021-08-02T15:56:14","slug":"colectivo-de-busqueda-de-desaparecidos-halla-los-cuerpos-de-2-personas-en-culiacan","status":"publish","type":"post","link":"http:\/\/www.grieta.org.mx\/index.php\/2021\/07\/31\/colectivo-de-busqueda-de-desaparecidos-halla-los-cuerpos-de-2-personas-en-culiacan\/","title":{"rendered":"Colectivo de b\u00fasqueda de desaparecidos halla los cuerpos de 2 personas en Culiac\u00e1n"},"content":{"rendered":"<h3><strong>El colectivo de b\u00fasqueda de personas desaparecidas Sabuesos Guerreras encontr\u00f3 dos cuerpos en Culiac\u00e1n.<\/strong><\/h3>\n<p>Culiac\u00e1n, 29 de julio (EFE).- Un<strong>\u00a0colectivo de b\u00fasqueda de personas desaparecidas<\/strong>\u00a0de la ciudad sinaloense de\u00a0<strong>Culiac\u00e1n<\/strong>\u00a0hall\u00f3 este jueves dos cuerpos con signos de haber sido ejecutados, indicaron autoridades locales.<\/p>\n<p>Los cuerpos estaban boca abajo y presentaban impactos de bala en la cabeza y junto a los cuerpos agentes de la Polic\u00eda localizaron tres casquillos percutidos por arma corta, se\u00f1alaron agentes de la\u00a0<strong>Secretar\u00eda de Seguridad P\u00fablica (SSP)<\/strong>\u00a0de Culiac\u00e1n.<\/p>\n<p>Mientras que los peritos del Servicio M\u00e9dico Forense de la ciudad indicaron que los cuerpos correspond\u00edan a personas del sexo masculino, de entre 25 y 35 a\u00f1os, complexi\u00f3n regular y estatura mediana, de pelo negro y corto.<\/p>\n<p>Adem\u00e1s, calcularon que las v\u00edctimas ten\u00edan entre 10 y 15 d\u00edas de haber sido asesinados.<\/p>\n<div id=\"hybs-mslot-7989-1\" class=\"hybs-mslot\"><\/div>\n<div class=\"container-fluid pb-4 bg-gray1 my-md-5\">\n<div class=\"row pt-4\">\n<div class=\"col-12 col-md-6 col-lg-12 text-center px-0 px-md-3\">\n<div id=\"div-gpt-ad-1625603196126-4007778\" style=\"min-width: 300px; min-height: 250px;\" data-google-query-id=\"CIXLhe3YkvICFRmBpgQd6_UP3Q\">\n<p>En un primer reporte se\u00f1alaron que una de las v\u00edctimas vest\u00eda pantalones cortos y playera deportiva de color negro y la otra pantalones de mezclilla negro, playera roja y tenis de color negro.<\/p>\n<p>El colectivo\u00a0<strong>Sabuesos Guerreras<\/strong>, integrado principalmente por mujeres que buscan a sus familiares desaparecidos en los \u00faltimos a\u00f1os, llev\u00f3 a cabo desde temprana hora un despliegue en una zona que se ubica a unos 500 metros del complejo habitacional llamado La Primavera.<\/p>\n<div id=\"video-inteligente\" class=\"video-inteligente\">\n<div id=\"div-gpt-ad-1625765671943-4007778\" data-google-query-id=\"COyjs-zYkvICFdVLAQodR9QOQg\">\n<div id=\"google_ads_iframe_\/19719473\/video_inteligente_0__container__\"><iframe id=\"google_ads_iframe_\/19719473\/video_inteligente_0\" title=\"3rd party ad content\" name=\"google_ads_iframe_\/19719473\/video_inteligente_0\" width=\"1\" height=\"1\" frameborder=\"0\" marginwidth=\"0\" marginheight=\"0\" scrolling=\"no\" data-google-container-id=\"9\" data-load-complete=\"true\" data-mce-fragment=\"1\"><\/iframe><\/div>\n<\/div>\n<\/div>\n<div class=\"fb-post fb_iframe_widget\" data-href=\"https:\/\/www.facebook.com\/1234sabuesosguerreras\/posts\/1246027439144653\" data-width=\"552\"><iframe loading=\"lazy\" class=\"\" title=\"fb:post Facebook Social Plugin\" src=\"https:\/\/www.facebook.com\/v2.3\/plugins\/post.php?app_id=249643311490&amp;channel=https%3A%2F%2Fstaticxx.facebook.com%2Fx%2Fconnect%2Fxd_arbiter%2F%3Fversion%3D46%23cb%3Df22f7a7e3500548%26domain%3Dwww.sinembargo.mx%26origin%3Dhttps%253A%252F%252Fwww.sinembargo.mx%252Ff36a68d5e4ee8d%26relation%3Dparent.parent&amp;container_width=0&amp;href=https%3A%2F%2Fwww.facebook.com%2F1234sabuesosguerreras%2Fposts%2F1246027439144653&amp;locale=es_LA&amp;sdk=joey&amp;width=552\" name=\"f3c8cc25f7a6f6c\" width=\"552px\" height=\"1000px\" frameborder=\"0\" scrolling=\"no\" allowfullscreen=\"allowfullscreen\" data-testid=\"fb:post Facebook Social Plugin\" data-mce-fragment=\"1\"><\/iframe><\/div>\n<p>Durante a\u00f1os, esa zona, dominada por el<strong>\u00a0C\u00e1rtel de Sinaloa<\/strong>, se ha convertido en un tiradero de cuerpos y es donde los grupos de b\u00fasqueda han localizado decenas de cad\u00e1veres y restos de personas ejecutadas.<\/p>\n<p>Cuando las mujeres del colectivo realizaban un recorrido a pie, observaron dos cad\u00e1veres tirados en un paraje cercano a una brecha y dieron aviso a la SSP de Culiac\u00e1n.<\/p>\n<p>En junio, el Gobierno de M\u00e9xico registr\u00f3 dos mil 660 v\u00edctimas de homicidio doloso, una ca\u00edda de 7.57 por ciento anual frente a junio de 2020 y un decremento mensual de 11.24 por ciento respecto a mayo, el mes m\u00e1s violento de lo que va de 2021 con dos mil 997 asesinatos.<\/p>\n<p>M\u00e9xico ha registrado los dos a\u00f1os m\u00e1s violentos de su historia en los primeros dos a\u00f1os del Gobierno de Andr\u00e9s Manuel L\u00f3pez Obrador con 34 mil 681 v\u00edctimas de asesinato en 2019 y 34 mil 554 en 2020.<\/p>\n<div class=\"container-fluid pb-4 bg-gray1 my-md-5\">\n<div class=\"row pt-4\">\n<div class=\"col-12 col-md-6 col-lg-12 text-center px-0 px-md-3\">\n<div id=\"div-gpt-ad-1625604366244-4007778\" data-google-query-id=\"CKrX6ezYkvICFYYDPwodys8EhQ\"><a href=\"https:\/\/www.sinembargo.mx\/29-07-2021\/4007778\">https:\/\/www.sinembargo.mx\/29-07-2021\/4007778<\/a><\/div>\n<\/div>\n<\/div>\n<\/div>\n<\/div>\n<\/div>\n<\/div>\n<\/div>\n","protected":false},"excerpt":{"rendered":"<p>El colectivo de b\u00fasqueda de personas desaparecidas Sabuesos Guerreras encontr\u00f3 dos cuerpos en Culiac\u00e1n. Culiac\u00e1n, 29 de julio (EFE).- Un\u00a0colectivo de b\u00fasqueda de personas desaparecidas\u00a0de la ciudad sinaloense de\u00a0Culiac\u00e1n\u00a0hall\u00f3 este &hellip; <a href=\"http:\/\/www.grieta.org.mx\/index.php\/2021\/07\/31\/colectivo-de-busqueda-de-desaparecidos-halla-los-cuerpos-de-2-personas-en-culiacan\/\" class=\"more-link\">Leer m\u00e1s<\/a><\/p>\n","protected":false},"author":2,"featured_media":60863,"comment_status":"closed","ping_status":"closed","sticky":false,"template":"","format":"standard","meta":{"ngg_post_thumbnail":0,"_jetpack_newsletter_access":"","_jetpack_dont_email_post_to_subs":false,"_jetpack_newsletter_tier_id":0,"_jetpack_memberships_contains_paywalled_content":false,"_jetpack_memberships_contains_paid_content":false,"footnotes":""},"categories":[1203,1132,30],"tags":[3791,3018,2220,1494],"class_list":["post-60862","post","type-post","status-publish","format-standard","has-post-thumbnail","hentry","category-desaparecidos-en-sinaloa","category-feminicidios-en-sinaloa","category-sinaloa","tag-acciones-por-desaparecidos","tag-colectivos-de-busqueda-de-desaparecidos","tag-colectivos-rastreadores-de-desaparecidos","tag-las-rastreadoras","entry"],"jetpack_featured_media_url":"http:\/\/www.grieta.org.mx\/wp-content\/uploads\/2021\/08\/descarga.jpg","jetpack_sharing_enabled":true,"jetpack_shortlink":"https:\/\/wp.me\/p7ZJR4-fPE","jetpack_likes_enabled":false,"jetpack-related-posts":[{"id":59738,"url":"http:\/\/www.grieta.org.mx\/index.php\/2021\/06\/09\/podria-haber-dos-cuerpos-en-la-zona-del-horno-crematorio-clandestino-en-culiacan-sonora\/","url_meta":{"origin":60862,"position":0},"title":"Podr\u00eda haber dos cuerpos en la zona del horno crematorio clandestino en Culiac\u00e1n (Sonora)","author":"grieta","date":"9 junio, 2021","format":false,"excerpt":"\u00a0 El Debate \u00a0 Sinaloa.-\u00a0Hoy por la ma\u00f1ana, el colectivo de b\u00fasqueda Sabuesos Guerreras se traslad\u00f3 al fraccionamiento Alameda, en Culiac\u00e1n, donde hicieron el hallazgo de un supuesto horno crematorio\u00a0clandestino\u00a0y en el lugar se presume que hay al menos\u00a0dos cuerpos enterrados en el predio. El colectivo hizo una b\u00fasqueda por\u2026","rel":"","context":"En &quot;CINTILLO&quot;","block_context":{"text":"CINTILLO","link":"http:\/\/www.grieta.org.mx\/index.php\/category\/cintillo\/"},"img":{"alt_text":"","src":"https:\/\/i0.wp.com\/www.grieta.org.mx\/wp-content\/uploads\/2021\/06\/policiaca-tematica-3_2.jpg_2134087089.jpg?resize=350%2C200","width":350,"height":200,"srcset":"https:\/\/i0.wp.com\/www.grieta.org.mx\/wp-content\/uploads\/2021\/06\/policiaca-tematica-3_2.jpg_2134087089.jpg?resize=350%2C200 1x, https:\/\/i0.wp.com\/www.grieta.org.mx\/wp-content\/uploads\/2021\/06\/policiaca-tematica-3_2.jpg_2134087089.jpg?resize=525%2C300 1.5x, https:\/\/i0.wp.com\/www.grieta.org.mx\/wp-content\/uploads\/2021\/06\/policiaca-tematica-3_2.jpg_2134087089.jpg?resize=700%2C400 2x, https:\/\/i0.wp.com\/www.grieta.org.mx\/wp-content\/uploads\/2021\/06\/policiaca-tematica-3_2.jpg_2134087089.jpg?resize=1050%2C600 3x"},"classes":[]},{"id":66707,"url":"http:\/\/www.grieta.org.mx\/index.php\/2023\/03\/26\/colectivo-de-busqueda-tapiza-el-centro-de-culiacan-con-fichas-de-desaparecidos\/","url_meta":{"origin":60862,"position":1},"title":"Colectivo de b\u00fasqueda tapiza el centro de Culiac\u00e1n con fichas de desaparecidos","author":"grieta","date":"26 marzo, 2023","format":false,"excerpt":"Miembros del colectivo de b\u00fasqueda Sabuesos Guerreras en compa\u00f1\u00eda de la Comisi\u00f3n Estatal de B\u00fasqueda y la Polic\u00eda Municipal realizaron la pega de fichas El colectivo Sabuesos Guerreras peg\u00f3 las fichas de sus familiares desaparecidos en el centro de la ciudad. Foto: Manuela Bustamante | El Sol de Sinaloa Manuela\u2026","rel":"","context":"En &quot;Desaparecidos en Sinaloa&quot;","block_context":{"text":"Desaparecidos en Sinaloa","link":"http:\/\/www.grieta.org.mx\/index.php\/category\/noticias-nacionales\/sinaloa\/desaparecidos-en-sinaloa\/"},"img":{"alt_text":"","src":"https:\/\/i0.wp.com\/www.grieta.org.mx\/wp-content\/uploads\/2023\/03\/crearan-registro-de-desaparecidos-en-sonora-sinaloa-y-durango-172202-1.jpeg?resize=350%2C200","width":350,"height":200,"srcset":"https:\/\/i0.wp.com\/www.grieta.org.mx\/wp-content\/uploads\/2023\/03\/crearan-registro-de-desaparecidos-en-sonora-sinaloa-y-durango-172202-1.jpeg?resize=350%2C200 1x, https:\/\/i0.wp.com\/www.grieta.org.mx\/wp-content\/uploads\/2023\/03\/crearan-registro-de-desaparecidos-en-sonora-sinaloa-y-durango-172202-1.jpeg?resize=525%2C300 1.5x, https:\/\/i0.wp.com\/www.grieta.org.mx\/wp-content\/uploads\/2023\/03\/crearan-registro-de-desaparecidos-en-sonora-sinaloa-y-durango-172202-1.jpeg?resize=700%2C400 2x"},"classes":[]},{"id":70202,"url":"http:\/\/www.grieta.org.mx\/index.php\/2024\/10\/17\/marchan-familiares-y-colectivos-para-exigir-la-busqueda-de-sus-desaparecidos-en-culiacan\/","url_meta":{"origin":60862,"position":2},"title":"Marchan familiares y colectivos para exigir la b\u00fasqueda de sus desaparecidos, en Culiac\u00e1n","author":"grieta","date":"17 octubre, 2024","format":false,"excerpt":"RioDoce\/Jos\u00e9 Almaguer Familiares de personas desaparecidas, y colectivos de b\u00fasqueda marcharon este mi\u00e9rcoles, en Culiac\u00e1n, para reclamar que la Fiscal\u00eda General del Estado realice acciones de b\u00fasqueda y exigir un alto a las desapariciones en Sinaloa. Marcharon desde la Lomita hasta catedral bajo la consigna \u201c\u00fanete, \u00fanete que tu hijo\u2026","rel":"","context":"En &quot;Desaparecidos&quot;","block_context":{"text":"Desaparecidos","link":"http:\/\/www.grieta.org.mx\/index.php\/category\/temas-nacionales\/desaparecidos\/"},"img":{"alt_text":"","src":"https:\/\/i0.wp.com\/www.grieta.org.mx\/wp-content\/uploads\/2024\/10\/Diseno-sin-titulo-78.png?resize=350%2C200","width":350,"height":200,"srcset":"https:\/\/i0.wp.com\/www.grieta.org.mx\/wp-content\/uploads\/2024\/10\/Diseno-sin-titulo-78.png?resize=350%2C200 1x, https:\/\/i0.wp.com\/www.grieta.org.mx\/wp-content\/uploads\/2024\/10\/Diseno-sin-titulo-78.png?resize=525%2C300 1.5x, https:\/\/i0.wp.com\/www.grieta.org.mx\/wp-content\/uploads\/2024\/10\/Diseno-sin-titulo-78.png?resize=700%2C400 2x"},"classes":[]},{"id":56492,"url":"http:\/\/www.grieta.org.mx\/index.php\/2021\/01\/28\/agredieron-a-balazos-a-un-grupo-de-madres-que-busca-a-sus-hijos-desaparecidos-sinaloa\/","url_meta":{"origin":60862,"position":3},"title":"Agredieron a balazos a un grupo de madres que busca a sus hijos desaparecidos (Sinaloa)","author":"grieta","date":"28 enero, 2021","format":false,"excerpt":"INFOBAE CULIAC\u00c1N, SINALOA, 25ENERO2021.- El colectivo de buscadoras de desaparecidos en Sinaloa, Sabuesos Guerreras, fue agredida a balazos, despu\u00e9s de hallar restos humanos en una hacienda abandonada FOTO: JUAN CARLOS CRUZ\/CUARTOSCURO Un colectivo de madres rastreadoras de desaparecidos llamado \u201cSabuesos Guerreras\u201d fueron atacadas a balazos en\u00a0los alrededores de Culiacancito, en\u2026","rel":"","context":"En &quot;CINTILLO&quot;","block_context":{"text":"CINTILLO","link":"http:\/\/www.grieta.org.mx\/index.php\/category\/cintillo\/"},"img":{"alt_text":"","src":"https:\/\/i0.wp.com\/www.grieta.org.mx\/wp-content\/uploads\/2021\/01\/KACM34KTVVAVJIYFXFHVZ7UF7I.jpg?resize=350%2C200","width":350,"height":200,"srcset":"https:\/\/i0.wp.com\/www.grieta.org.mx\/wp-content\/uploads\/2021\/01\/KACM34KTVVAVJIYFXFHVZ7UF7I.jpg?resize=350%2C200 1x, https:\/\/i0.wp.com\/www.grieta.org.mx\/wp-content\/uploads\/2021\/01\/KACM34KTVVAVJIYFXFHVZ7UF7I.jpg?resize=525%2C300 1.5x, https:\/\/i0.wp.com\/www.grieta.org.mx\/wp-content\/uploads\/2021\/01\/KACM34KTVVAVJIYFXFHVZ7UF7I.jpg?resize=700%2C400 2x"},"classes":[]},{"id":34915,"url":"http:\/\/www.grieta.org.mx\/index.php\/2019\/06\/14\/ni-a-colectivos-informan-sobre-las-osamentas-en-sinaloa\/","url_meta":{"origin":60862,"position":4},"title":"Ni a colectivos informan sobre las osamentas en Sinaloa","author":"grieta","date":"14 junio, 2019","format":false,"excerpt":"Angelina Corral \/ El Debate Culiac\u00e1n, Sinaloa.- A las rastreadoras Sabuesos Guerreras las autoridades no les han informado c\u00f3mo van a contabilizar las osamentas de las fosas clandestinas, dijo Mar\u00eda Isabel Cruz. La presidenta de este colectivo indic\u00f3 que mediante amparos est\u00e1n buscando hacer visibles a las v\u00edctimas del delito\u2026","rel":"","context":"En &quot;CINTILLO&quot;","block_context":{"text":"CINTILLO","link":"http:\/\/www.grieta.org.mx\/index.php\/category\/cintillo\/"},"img":{"alt_text":"","src":"https:\/\/i0.wp.com\/www.grieta.org.mx\/wp-content\/uploads\/2018\/03\/14524434_1106112876131411_958039263622046936_o.jpg?resize=350%2C200","width":350,"height":200,"srcset":"https:\/\/i0.wp.com\/www.grieta.org.mx\/wp-content\/uploads\/2018\/03\/14524434_1106112876131411_958039263622046936_o.jpg?resize=350%2C200 1x, https:\/\/i0.wp.com\/www.grieta.org.mx\/wp-content\/uploads\/2018\/03\/14524434_1106112876131411_958039263622046936_o.jpg?resize=525%2C300 1.5x, https:\/\/i0.wp.com\/www.grieta.org.mx\/wp-content\/uploads\/2018\/03\/14524434_1106112876131411_958039263622046936_o.jpg?resize=700%2C400 2x"},"classes":[]},{"id":32266,"url":"http:\/\/www.grieta.org.mx\/index.php\/2019\/04\/13\/hallan-en-fosas-clandestinas-a-15-ejecutados-en-juan-jose-rios-sinaloa\/","url_meta":{"origin":60862,"position":5},"title":"Hallan en fosas clandestinas a 15 ejecutados en Juan Jos\u00e9 R\u00edos (Sinaloa)","author":"grieta","date":"13 abril, 2019","format":false,"excerpt":"Rastreadoras de El Fuerte hallaron el pante\u00f3n clandestino donde estaban los restos entre el viernes y hoy s\u00e1bado Redacci\u00f3n \/ El Sol de Sinaloa Culiac\u00e1n, Sin. - Un total de 15 cuerpos de personas ejecutadas han sido localizados enterrados hasta el momento en fosas clandestinas, por familiares de personas desaparecidas\u2026","rel":"","context":"En &quot;CINTILLO&quot;","block_context":{"text":"CINTILLO","link":"http:\/\/www.grieta.org.mx\/index.php\/category\/cintillo\/"},"img":{"alt_text":"","src":"https:\/\/i0.wp.com\/www.grieta.org.mx\/wp-content\/uploads\/2019\/04\/desasin.jpg?resize=350%2C200","width":350,"height":200,"srcset":"https:\/\/i0.wp.com\/www.grieta.org.mx\/wp-content\/uploads\/2019\/04\/desasin.jpg?resize=350%2C200 1x, https:\/\/i0.wp.com\/www.grieta.org.mx\/wp-content\/uploads\/2019\/04\/desasin.jpg?resize=525%2C300 1.5x, https:\/\/i0.wp.com\/www.grieta.org.mx\/wp-content\/uploads\/2019\/04\/desasin.jpg?resize=700%2C400 2x"},"classes":[]}],"_links":{"self":[{"href":"http:\/\/www.grieta.org.mx\/index.php\/wp-json\/wp\/v2\/posts\/60862","targetHints":{"allow":["GET"]}}],"collection":[{"href":"http:\/\/www.grieta.org.mx\/index.php\/wp-json\/wp\/v2\/posts"}],"about":[{"href":"http:\/\/www.grieta.org.mx\/index.php\/wp-json\/wp\/v2\/types\/post"}],"author":[{"embeddable":true,"href":"http:\/\/www.grieta.org.mx\/index.php\/wp-json\/wp\/v2\/users\/2"}],"replies":[{"embeddable":true,"href":"http:\/\/www.grieta.org.mx\/index.php\/wp-json\/wp\/v2\/comments?post=60862"}],"version-history":[{"count":1,"href":"http:\/\/www.grieta.org.mx\/index.php\/wp-json\/wp\/v2\/posts\/60862\/revisions"}],"predecessor-version":[{"id":60864,"href":"http:\/\/www.grieta.org.mx\/index.php\/wp-json\/wp\/v2\/posts\/60862\/revisions\/60864"}],"wp:featuredmedia":[{"embeddable":true,"href":"http:\/\/www.grieta.org.mx\/index.php\/wp-json\/wp\/v2\/media\/60863"}],"wp:attachment":[{"href":"http:\/\/www.grieta.org.mx\/index.php\/wp-json\/wp\/v2\/media?parent=60862"}],"wp:term":[{"taxonomy":"category","embeddable":true,"href":"http:\/\/www.grieta.org.mx\/index.php\/wp-json\/wp\/v2\/categories?post=60862"},{"taxonomy":"post_tag","embeddable":true,"href":"http:\/\/www.grieta.org.mx\/index.php\/wp-json\/wp\/v2\/tags?post=60862"}],"curies":[{"name":"wp","href":"https:\/\/api.w.org\/{rel}","templated":true}]}}