{"id":60813,"date":"2021-07-27T14:56:18","date_gmt":"2021-07-27T19:56:18","guid":{"rendered":"https:\/\/www.grieta.org.mx\/?p=60813"},"modified":"2021-07-28T21:38:15","modified_gmt":"2021-07-29T02:38:15","slug":"colectivos-de-familias-han-localizado-57-cementerios-clandestinos-en-tamaulipas","status":"publish","type":"post","link":"http:\/\/www.grieta.org.mx\/index.php\/2021\/07\/27\/colectivos-de-familias-han-localizado-57-cementerios-clandestinos-en-tamaulipas\/","title":{"rendered":"Colectivos de familias han localizado 57 cementerios clandestinos en Tamaulipas"},"content":{"rendered":"<p>Carlos Manuel Ju\u00e1rez\/Sinembargo<br \/>\n27 julio 2021<\/p>\n<p>Buscadoras de personas desaparecidas detectaron el primer centro de exterminio en 2012. Hasta ahora han localizado estos sitios en el suroeste, centro y norte del estado. Los colectivos reclaman que estos lugares no est\u00e1n resguardados por las autoridades federales o estatales, por lo que existe el riesgo de que los fragmentos \u00f3seos e indicios sean removidos y se pierda la posibilidad de identificar a personas desaparecidas.<br \/>\n*Este texto es elaborado por Elefante Blanco en colaboraci\u00f3n con A d\u00f3nde van los desaparecidos.<\/p>\n<p>Ciudad de M\u00e9xico, 27 de julio (Elefante Blanco).\u2013 Colectivos de familiares de personas desaparecidas en Tamaulipas han documentado la existencia de, por lo menos, 57 campos de exterminio en donde los grupos criminales asesinaron a personas, incineraron sus cuerpos, destruyeron y ocultaron fragmentos \u00f3seos. Sitios en donde, adem\u00e1s, enterraron cad\u00e1veres en fosas clandestinas.<\/p>\n<p>En el suroeste tamaulipeco, los colectivos han identificado 53 sitios en los municipios de Mante, Xicot\u00e9ncatl, Llera de Canales, G\u00f3mez Far\u00edas y Ocampo; en el centro de la entidad, uno de gran tama\u00f1o en la localidad de Abasolo y dos en Victoria, y en la frontera con Estados Unidos, uno en Matamoros. Las autoridades federales y estatales han intervenido, en forma parcial, con b\u00fasquedas o levantamientos de restos en 56 de esos lugares.<\/p>\n<p>El pasado 12 de julio, Elefante Blanco y A d\u00f3nde van los desaparecidos dieron a conocer que los gobiernos federal y estatal ocultaron durante cinco a\u00f1os la existencia de un campo de exterminio en La Bartolina, ya que a inicios de abril de 2016 este lugar hab\u00eda sido descubierto por soldados. Personal de la entonces Procuradur\u00eda General de Justicia (PGJ) de Tamaulipas recolect\u00f3 huesos que, posteriormente, se\u00f1al\u00f3 que podr\u00edan ser de animales.<\/p>\n<p>En conferencia de prensa, realizada el pasado 7 de julio, la Comisi\u00f3n Nacional de B\u00fasqueda acept\u00f3 la existencia del sitio e inform\u00f3 que en el lugar se han recolectado m\u00e1s de media tonelada de huesos. Familiares de personas desaparecidas y la Fiscal\u00eda General de la Rep\u00fablica (FGR) han buscado en La Bartolina entre 2019 y 2021.<\/p>\n<p>A tres semanas del anuncio de reconocimiento, el colectivo Madres Unidas por Nuestros Hijos San Fernando, quien encontr\u00f3 y lidera la b\u00fasqueda en La Bartolina, inform\u00f3 que han recibido amenazas a trav\u00e9s de llamadas telef\u00f3nicas y que la FGR no ha agendado nuevas b\u00fasquedas en el centro de destrucci\u00f3n de cuerpos localizado en la franja fronteriza.<\/p>\n<p>Integrantes de los colectivos Milynali Red, Madres Unidas por Nuestros Hijos San Fernando y Red de Desaparecidos en Tamaulipas \u2014que piden proteger sus identidades al temer por su seguridad\u2014, aseguran que ninguno de los 57 sitios de exterminio que han localizado se encuentra resguardado por las autoridades, por lo que se corre el riesgo de que los restos e indicios sean removidos de los lugares por las personas que cometieron las atrocidades o por quienes tengan inter\u00e9s en borrar evidencias.<\/p>\n<p><img decoding=\"async\" data-attachment-id=\"60814\" data-permalink=\"http:\/\/www.grieta.org.mx\/index.php\/2021\/07\/27\/colectivos-de-familias-han-localizado-57-cementerios-clandestinos-en-tamaulipas\/foto-2-3\/\" data-orig-file=\"http:\/\/www.grieta.org.mx\/wp-content\/uploads\/2021\/07\/foto-2.jpg\" data-orig-size=\"700,525\" data-comments-opened=\"0\" data-image-meta=\"{&quot;aperture&quot;:&quot;0&quot;,&quot;credit&quot;:&quot;&quot;,&quot;camera&quot;:&quot;&quot;,&quot;caption&quot;:&quot;&quot;,&quot;created_timestamp&quot;:&quot;0&quot;,&quot;copyright&quot;:&quot;&quot;,&quot;focal_length&quot;:&quot;0&quot;,&quot;iso&quot;:&quot;0&quot;,&quot;shutter_speed&quot;:&quot;0&quot;,&quot;title&quot;:&quot;&quot;,&quot;orientation&quot;:&quot;0&quot;}\" data-image-title=\"foto-2\" data-image-description=\"\" data-image-caption=\"\" data-medium-file=\"http:\/\/www.grieta.org.mx\/wp-content\/uploads\/2021\/07\/foto-2-300x225.jpg\" data-large-file=\"http:\/\/www.grieta.org.mx\/wp-content\/uploads\/2021\/07\/foto-2.jpg\" src=\"http:\/\/www.grieta.org.mx\/wp-content\/uploads\/2021\/07\/foto-2.jpg\" alt=\"\" width=\"100%\" class=\"alignnone size-full wp-image-60814\" srcset=\"http:\/\/www.grieta.org.mx\/wp-content\/uploads\/2021\/07\/foto-2.jpg 700w, http:\/\/www.grieta.org.mx\/wp-content\/uploads\/2021\/07\/foto-2-300x225.jpg 300w\" sizes=\"(max-width: 700px) 100vw, 700px\" \/><br \/>\nUna b\u00fasqueda en un sitio entre ca\u00f1averales. Foto: Carlos Manuel Ju\u00e1rez.<\/p>\n<p>\u201cNO SE LES PUEDE LLAMAR S\u00d3LO FOSAS\u201d<\/p>\n<p>Elefante Blanco consult\u00f3 a la Comisi\u00f3n Nacional de B\u00fasqueda (CNB) sobre si existe una definici\u00f3n o una descripci\u00f3n precisa de lo que es un centro de exterminio en M\u00e9xico, pero respondieron que no cuenta con una. Jacobo Day\u00e1n, especialista en Derecho Penal Internacional, Justicia Transicional y Derechos Humanos y acad\u00e9mico de la Universidad Iberoamericana, explic\u00f3 que el concepto est\u00e1 vinculado a los campos de la Alemania nazi. La ONU afirma que un sitio de exterminio es el lugar donde se aniquila masivamente a personas.<\/p>\n<p>La doctora May-ek Querales, integrante del Grupo de Investigaci\u00f3n en Antropolog\u00eda Social y Forense (GIASF), menciona que el concepto de sitio de exterminio ha sido planteado por las buscadores y los buscadores de la regi\u00f3n noreste. \u201cEl primer impacto que esto tuvo para las familias buscadoras es pensar que ya ni siquiera era la posibilidad de recuperar un cuerpo, ya ni siquiera se habla de fragmentos, sino kilos de restos\u201d.<\/p>\n<p>Aunque no hay un acuerdo com\u00fan, los grupos de b\u00fasqueda consideran un centro de exterminio al lugar que re\u00fane, por lo menos, hallazgos de fosas clandestinas, tambos de 200 litros usados como incineradores ilegales de cuerpos, campamentos de la delincuencia, \u00e1reas de privaci\u00f3n ilegal de la libertad de personas y las evidencias \u2014restos \u00f3seos, ropa y otros objetos\u2014 se ocultan bajo tierra o debajo de la hojarasca o ramas de \u00e1rboles.<\/p>\n<p>En Tamaulipas, Milynali Red ha detectado, analizado, documentado y nombrado 53 sitios de exterminio. Durante los primeros recorridos de b\u00fasqueda que realizaron por el suroeste tamaulipeco, integrantes del colectivo los hallaron:<\/p>\n<p>\u201cLos primeros que encontramos fueron en septiembre de 2012 \u2014recuerda un integrante del colectivo\u2014, cuando una persona que fue detenida se\u00f1al\u00f3 un lugar en el que encontramos fosas clandestinas\u201d.<\/p>\n<p>En ese momento, explica, se registr\u00f3 que seis personas fueron exhumadas en ese lugar, \u201cpero cuando fui al municipio donde ocurri\u00f3 esto, el Ministerio P\u00fablico que estaba de guardia en ese fin de semana me dijo que hab\u00edan sido como 12 \u00f3 13 cuerpos\u201d.<\/p>\n<p>Tiempo despu\u00e9s, la persona buscadora volvi\u00f3 al mismo paraje y encontr\u00f3 mont\u00edculos de tierra, pero tambi\u00e9n ropa, autos desmantelados, un \u00e1rea adaptada como dormitorios y otra para cocinar alimentos. Todo eso en un terreno de gran superficie a la intemperie, en medio de la nada.<\/p>\n<p>\u201cDe ah\u00ed fue que empezamos a darnos cuenta que a esos lugares no se le pod\u00eda llamar solo fosa clandestina\u2026 Recorrimos m\u00e1s de 300 ranchos en cinco municipios alrededor de la zona ca\u00f1era. Nuestro comienzo fue en 2012. Ah\u00ed empezamos a documentar los lugares que nosotros, ahora puedo dec\u00edrtelo, desde hace algunos a\u00f1os hemos llamado: sitios de exterminio\u201d.<\/p>\n<p><img decoding=\"async\" data-attachment-id=\"60815\" data-permalink=\"http:\/\/www.grieta.org.mx\/index.php\/2021\/07\/27\/colectivos-de-familias-han-localizado-57-cementerios-clandestinos-en-tamaulipas\/foto-3-3\/\" data-orig-file=\"http:\/\/www.grieta.org.mx\/wp-content\/uploads\/2021\/07\/foto-3.jpg\" data-orig-size=\"700,525\" data-comments-opened=\"0\" data-image-meta=\"{&quot;aperture&quot;:&quot;0&quot;,&quot;credit&quot;:&quot;&quot;,&quot;camera&quot;:&quot;&quot;,&quot;caption&quot;:&quot;&quot;,&quot;created_timestamp&quot;:&quot;0&quot;,&quot;copyright&quot;:&quot;&quot;,&quot;focal_length&quot;:&quot;0&quot;,&quot;iso&quot;:&quot;0&quot;,&quot;shutter_speed&quot;:&quot;0&quot;,&quot;title&quot;:&quot;&quot;,&quot;orientation&quot;:&quot;0&quot;}\" data-image-title=\"foto-3\" data-image-description=\"\" data-image-caption=\"\" data-medium-file=\"http:\/\/www.grieta.org.mx\/wp-content\/uploads\/2021\/07\/foto-3-300x225.jpg\" data-large-file=\"http:\/\/www.grieta.org.mx\/wp-content\/uploads\/2021\/07\/foto-3.jpg\" src=\"http:\/\/www.grieta.org.mx\/wp-content\/uploads\/2021\/07\/foto-3.jpg\" alt=\"\" width=\"100%\" class=\"alignnone size-full wp-image-60815\" srcset=\"http:\/\/www.grieta.org.mx\/wp-content\/uploads\/2021\/07\/foto-3.jpg 700w, http:\/\/www.grieta.org.mx\/wp-content\/uploads\/2021\/07\/foto-3-300x225.jpg 300w\" sizes=\"(max-width: 700px) 100vw, 700px\" \/><br \/>\nUna zona de alimentaci\u00f3n en un sitio de exterminio. Foto: Carlos Manuel Ju\u00e1rez.<\/p>\n<p>ANTE AUTORIDADES OMISAS, B\u00daSQUEDA CIUDADANA<\/p>\n<p>Los integrantes del colectivo Milynali Red han localizado y documentado 53 sitios de exterminio, todos ya fueron intervenidos parcialmente por las Fiscal\u00edas federal y local, en conjunto con la Comisi\u00f3n Estatal de B\u00fasqueda. \u201cHemos ido y las autoridades recolectaron lo que estaba a la vista como osamentas y armas\u201d, explica la persona entrevistada.<\/p>\n<p>\u201cLa ubicaci\u00f3n de un centro de exterminio implica lo que hemos llamado la b\u00fasqueda prospectiva ciudadana, que es volver a un lugar las veces que sean necesarias hasta dar con los puntos con indicios, porque puedes tener una coordenada y no encontrar el sitio, por eso hay que caminar entre el monte hasta encontrar\u201d, detalla la persona buscadora.<\/p>\n<p>En la actualidad, Milynali Red realiza b\u00fasquedas en tres sitios de exterminio, en coordinaci\u00f3n con la Fiscal\u00eda General de Justicia de Tamaulipas. En el m\u00e1s grande, llevan tres a\u00f1os trabajando; el segundo se ubica detr\u00e1s de una casa habitada, donde incineraron cuerpos junto con ramas de \u00e1rboles: \u201cLa dificultad para poder distinguir entre un cabr\u00f3n y un resto \u00f3seo calcinado ha sido un reto\u201d. El tercer sitio est\u00e1 en medio de una zona de sembrad\u00edos de ca\u00f1a. En ese lugar, primero se detect\u00f3 un peque\u00f1o mont\u00edculo de huesos; pero al observar con m\u00e1s detalle, se descubrieron m\u00e1s restos.<\/p>\n<p>El colectivo junto con la Fiscal\u00eda est\u00e1 en espera de poder intervenir en un cuarto sitio, ubicado dentro del potrero de un rancho. Las lluvias no han permitido realizar los trabajos de exploraci\u00f3n, comenta la buscadora.<\/p>\n<p>Milynali Red ha tomado la decisi\u00f3n de no solicitar la intervenci\u00f3n en nuevos sitios hasta no concluir el recorrido, la  localizaci\u00f3n de posibles \u00e1reas y recolectar los restos \u00f3seos calcinados en los cuatro sitios.<\/p>\n<p>\u201cAntes \u2014comenta la persona del colectivo\u2014 no nos prestaban los peritos expertos en arqueolog\u00eda y antropolog\u00eda, eran solamente el crimin\u00f3logo, el fot\u00f3grafo y el Ministerio P\u00fablico, tampoco hab\u00eda agendas de visitas y se cuestionaba el gasto y el por qu\u00e9 regresar tantas veces, pero es lo necesario en un sitio de exterminio\u201d.<\/p>\n<p><img decoding=\"async\" data-attachment-id=\"60816\" data-permalink=\"http:\/\/www.grieta.org.mx\/index.php\/2021\/07\/27\/colectivos-de-familias-han-localizado-57-cementerios-clandestinos-en-tamaulipas\/foto-4-2\/\" data-orig-file=\"http:\/\/www.grieta.org.mx\/wp-content\/uploads\/2021\/07\/foto-4.jpg\" data-orig-size=\"700,394\" data-comments-opened=\"0\" data-image-meta=\"{&quot;aperture&quot;:&quot;0&quot;,&quot;credit&quot;:&quot;&quot;,&quot;camera&quot;:&quot;&quot;,&quot;caption&quot;:&quot;&quot;,&quot;created_timestamp&quot;:&quot;0&quot;,&quot;copyright&quot;:&quot;&quot;,&quot;focal_length&quot;:&quot;0&quot;,&quot;iso&quot;:&quot;0&quot;,&quot;shutter_speed&quot;:&quot;0&quot;,&quot;title&quot;:&quot;&quot;,&quot;orientation&quot;:&quot;0&quot;}\" data-image-title=\"foto-4\" data-image-description=\"\" data-image-caption=\"\" data-medium-file=\"http:\/\/www.grieta.org.mx\/wp-content\/uploads\/2021\/07\/foto-4-300x169.jpg\" data-large-file=\"http:\/\/www.grieta.org.mx\/wp-content\/uploads\/2021\/07\/foto-4.jpg\" src=\"http:\/\/www.grieta.org.mx\/wp-content\/uploads\/2021\/07\/foto-4.jpg\" alt=\"\" width=\"100%\" class=\"alignnone size-full wp-image-60816\" srcset=\"http:\/\/www.grieta.org.mx\/wp-content\/uploads\/2021\/07\/foto-4.jpg 700w, http:\/\/www.grieta.org.mx\/wp-content\/uploads\/2021\/07\/foto-4-300x169.jpg 300w\" sizes=\"(max-width: 700px) 100vw, 700px\" \/><br \/>\nLos restos recolectados en una mesa de indicios. Foto: Carlos Manuel Ju\u00e1rez.<\/p>\n<p>RANCHO EL PAPALOTE, TRABAJOS DESDE 2013<\/p>\n<p>Uno de los sitios en donde las mismas autoridades hicieron p\u00fablica su ubicaci\u00f3n es el rancho El Papalote, localizado por elementos de la entonces Procuradur\u00eda General de Justicia de Tamaulipas en 2013. Al a\u00f1o siguiente, los colectivos Voz y Dignidad por los Nuestros y Milynali Red encontraron en ese mismo lugar tambos con combustible, pedazos de cuerpos, ceniza y ropa.<\/p>\n<p>El centro de exterminio El Papalote se encuentra en las faldas de la sierra de Cucharas y tiene una extensi\u00f3n de dos campos de futbol, de acuerdo con el colectivo Milynali Red.<\/p>\n<p>A partir de septiembre de 2017, en el sitio se realizaron diligencias de 10 d\u00edas continuos por mes, para recolectar fragmentos de huesos. En febrero de 2019, el subsecretario de Gobernaci\u00f3n, Alejandro Encinas, recorri\u00f3 el lugar y observ\u00f3 c\u00f3mo las buscadoras se concentraban en cribar la tierra. Hace dos a\u00f1os, el funcionario federal se\u00f1al\u00f3 que ese era el centro de exterminio m\u00e1s grande de Tamaulipas.<\/p>\n<p><img decoding=\"async\" data-attachment-id=\"60817\" data-permalink=\"http:\/\/www.grieta.org.mx\/index.php\/2021\/07\/27\/colectivos-de-familias-han-localizado-57-cementerios-clandestinos-en-tamaulipas\/foto-5-2\/\" data-orig-file=\"http:\/\/www.grieta.org.mx\/wp-content\/uploads\/2021\/07\/foto-5.jpeg\" data-orig-size=\"700,467\" data-comments-opened=\"0\" data-image-meta=\"{&quot;aperture&quot;:&quot;0&quot;,&quot;credit&quot;:&quot;&quot;,&quot;camera&quot;:&quot;&quot;,&quot;caption&quot;:&quot;&quot;,&quot;created_timestamp&quot;:&quot;0&quot;,&quot;copyright&quot;:&quot;&quot;,&quot;focal_length&quot;:&quot;0&quot;,&quot;iso&quot;:&quot;0&quot;,&quot;shutter_speed&quot;:&quot;0&quot;,&quot;title&quot;:&quot;&quot;,&quot;orientation&quot;:&quot;0&quot;}\" data-image-title=\"foto-5\" data-image-description=\"\" data-image-caption=\"\" data-medium-file=\"http:\/\/www.grieta.org.mx\/wp-content\/uploads\/2021\/07\/foto-5-300x200.jpeg\" data-large-file=\"http:\/\/www.grieta.org.mx\/wp-content\/uploads\/2021\/07\/foto-5.jpeg\" src=\"http:\/\/www.grieta.org.mx\/wp-content\/uploads\/2021\/07\/foto-5.jpeg\" alt=\"\" width=\"100%\" class=\"alignnone size-full wp-image-60817\" srcset=\"http:\/\/www.grieta.org.mx\/wp-content\/uploads\/2021\/07\/foto-5.jpeg 700w, http:\/\/www.grieta.org.mx\/wp-content\/uploads\/2021\/07\/foto-5-300x200.jpeg 300w\" sizes=\"(max-width: 700px) 100vw, 700px\" \/><br \/>\nUna buscadora identifica restos \u00f3seos calcinados tras cribar la tierra. Foto: Carlos Manuel Ju\u00e1rez.<\/p>\n<p>Sin embargo, en entrevista, la comisionada nacional de b\u00fasqueda Karla Quintana Osuna asegur\u00f3 que La Bartolina es la zona de exterminio m\u00e1s grande del pa\u00eds que hasta ahora se tenga registrada. El colectivo Madres Unidas por Nuestros Hijos asegur\u00f3 que se han recolectado, por lo menos, 750 kilogramos de huesos, de acuerdo con la informaci\u00f3n que registraron en tres de las cinco b\u00fasquedas realizadas por la FGR de 2019 a 2021.<\/p>\n<p>La funcionaria federal mencion\u00f3 que la comisi\u00f3n tiene registro de m\u00e1s centros de exterminio en lugares como Abasolo, El Mante, El Papalote, en Tamaulipas; as\u00ed como en Moctezuma, en San Luis Potos\u00ed; en Patrocinio, Coahuila; y en Estaci\u00f3n Claudio, en la Comarca Lagunera y en La Mano y Las Abejas, en Nuevo Le\u00f3n.<\/p>\n<p>En un comunicado difundido el lunes 26 de julio, integrantes de Fuerzas Unidas por Nuestros Desaparecidos en Nuevo Le\u00f3n aseguraron que en la entidad se han identificado cinco sitios de exterminio: \u201cGrutas de Garc\u00eda\u201d, \u201cLas Abejas\u201d, \u201cCarboneras\u201d,  \u201cLos Arcos\u201d, \u201cVallecillo\u201d y \u201cLa Mano\u201d. Adem\u00e1s, solicitaron a la Comisi\u00f3n Nacional de B\u00fasqueda y la Fiscal\u00eda General de Justicia del estado que definan un plan de intervenci\u00f3n detallado para estos lugares.<\/p>\n<p>En la entrevista para este reportaje, Quintana Osuna explic\u00f3 que en el noroeste del pa\u00eds \u201cel modus operandi parece ser el mismo\u201d. El an\u00e1lisis de contexto, coment\u00f3, apunta a la probable participaci\u00f3n del C\u00e1rtel del Golfo o Los Zetas. Adem\u00e1s, por la informaci\u00f3n preliminar que tiene la comisi\u00f3n, \u201cla mayor\u00eda de los hechos que dieron origen a estos sitios se dieron entre 2009 y 2012; esto se tiene que corroborar por fuentes y ciencia, con el an\u00e1lisis de los restos\u201d.<\/p>\n<p>La comisionada asegur\u00f3 que decidieron hacer p\u00fablica la existencia de La Bartolina  \u201cpor la dimensi\u00f3n\u201d que tiene el lugar.<\/p>\n<p><img decoding=\"async\" data-attachment-id=\"60818\" data-permalink=\"http:\/\/www.grieta.org.mx\/index.php\/2021\/07\/27\/colectivos-de-familias-han-localizado-57-cementerios-clandestinos-en-tamaulipas\/foto-6-2\/\" data-orig-file=\"http:\/\/www.grieta.org.mx\/wp-content\/uploads\/2021\/07\/foto-6.jpg\" data-orig-size=\"700,573\" data-comments-opened=\"0\" data-image-meta=\"{&quot;aperture&quot;:&quot;0&quot;,&quot;credit&quot;:&quot;&quot;,&quot;camera&quot;:&quot;&quot;,&quot;caption&quot;:&quot;&quot;,&quot;created_timestamp&quot;:&quot;0&quot;,&quot;copyright&quot;:&quot;&quot;,&quot;focal_length&quot;:&quot;0&quot;,&quot;iso&quot;:&quot;0&quot;,&quot;shutter_speed&quot;:&quot;0&quot;,&quot;title&quot;:&quot;&quot;,&quot;orientation&quot;:&quot;0&quot;}\" data-image-title=\"foto-6\" data-image-description=\"\" data-image-caption=\"\" data-medium-file=\"http:\/\/www.grieta.org.mx\/wp-content\/uploads\/2021\/07\/foto-6-300x246.jpg\" data-large-file=\"http:\/\/www.grieta.org.mx\/wp-content\/uploads\/2021\/07\/foto-6.jpg\" src=\"http:\/\/www.grieta.org.mx\/wp-content\/uploads\/2021\/07\/foto-6.jpg\" alt=\"\" width=\"100%\" class=\"alignnone size-full wp-image-60818\" srcset=\"http:\/\/www.grieta.org.mx\/wp-content\/uploads\/2021\/07\/foto-6.jpg 700w, http:\/\/www.grieta.org.mx\/wp-content\/uploads\/2021\/07\/foto-6-300x246.jpg 300w\" sizes=\"(max-width: 700px) 100vw, 700px\" \/><br \/>\nA mediados de julio de 2021, familiares de personas desaparecidas, integrantes de diferentes dependencias federales y estatales participaron en acciones de b\u00fasqueda en Tamaulipas. Foto: Comisi\u00f3n Nacional de B\u00fasqueda de Personas.<\/p>\n<p>PRIORITARIO ACELERAR TRABAJOS EN LA BARTOLINA<\/p>\n<p>En dos a\u00f1os y medio, la Fiscal\u00eda General de la Rep\u00fablica ha acudido en cinco ocasiones a La Bartolina. Esta dependencia federal tom\u00f3 el caso a petici\u00f3n de Madres Unidas por Nuestros Hijos. El colectivo solicit\u00f3 el resguardo permanente del terreno y un plan de intervenci\u00f3n urgente y extraordinario para levantar los restos esparcidos por los 600 metros cuadrados del terreno.<\/p>\n<p>\u201cEs prioritario que se aceleren los trabajos por la Fiscal\u00eda, quien es la \u00fanica que tiene legalmente la posibilidad de hacerlo. Nosotros colaboraremos si se nos solicita. En segundo t\u00e9rmino, tiene que ser uno de los sitios, entre otros muchos, a revisar por el Mecanismo de Identificaci\u00f3n Forense para que determine lo que corresponda\u201d, explic\u00f3 la comisionada.<\/p>\n<p>El martes 13 de julio, la Comisi\u00f3n Nacional de B\u00fasqueda envi\u00f3 dos solicitudes a las fiscal\u00edas estatal y federal para conocer los trabajos que cada una realiz\u00f3 en el lugar, los resultados en materia de identificaci\u00f3n de restos y si hay hip\u00f3tesis del modus operandi, junto con los posibles responsables de los delitos cometidos en el centro de exterminio.<\/p>\n<p>A finales de mayo de 2021, Quintana Osuna recorri\u00f3 una parte del terreno de 600 metros cuadrados, ubicado en Matamoros, Tamaulipas. Sobre la visita, dijo que a diferencia con zonas similares en Tamaulipas, San Luis Potos\u00ed, Nuevo Le\u00f3n y Coahuila, en La Bartolina los restos est\u00e1n en la superficie y enterrados, incluso debajo del agua.<\/p>\n<p>\u201cSiempre est\u00e1s viendo restos calcinados y no todos est\u00e1n enterrados, muchos est\u00e1n a ras de suelo\u2026 Uno puede ir caminando en este sitio que est\u00e1 cerca del mar y vas detectando d\u00f3nde puede haber restos para hacer pozos de sondeo. Incluso, bajo del agua; el d\u00eda que fui hab\u00eda 20 cent\u00edmetros de profundidad y se pod\u00edan ver los huesos bajo el agua. Falta mucho por trabajar en este lugar\u201d, cont\u00f3 la comisionada nacional.<\/p>\n<p>Adem\u00e1s, confirm\u00f3 que hubo recolecci\u00f3n e identificaci\u00f3n de huesos \u2014como piezas dentales\u2014 que son importantes para los an\u00e1lisis gen\u00e9ticos, aunado a la recolecci\u00f3n de monedas, prendas, relojes y cadenas. Todos los objetos y restos humanos, recalc\u00f3, est\u00e1n en poder de la Fiscal\u00eda General de la Rep\u00fablica.<\/p>\n<p><img decoding=\"async\" data-attachment-id=\"60819\" data-permalink=\"http:\/\/www.grieta.org.mx\/index.php\/2021\/07\/27\/colectivos-de-familias-han-localizado-57-cementerios-clandestinos-en-tamaulipas\/foto-7-2\/\" data-orig-file=\"http:\/\/www.grieta.org.mx\/wp-content\/uploads\/2021\/07\/foto-7.jpeg\" data-orig-size=\"700,467\" data-comments-opened=\"0\" data-image-meta=\"{&quot;aperture&quot;:&quot;0&quot;,&quot;credit&quot;:&quot;&quot;,&quot;camera&quot;:&quot;&quot;,&quot;caption&quot;:&quot;&quot;,&quot;created_timestamp&quot;:&quot;0&quot;,&quot;copyright&quot;:&quot;&quot;,&quot;focal_length&quot;:&quot;0&quot;,&quot;iso&quot;:&quot;0&quot;,&quot;shutter_speed&quot;:&quot;0&quot;,&quot;title&quot;:&quot;&quot;,&quot;orientation&quot;:&quot;0&quot;}\" data-image-title=\"foto-7\" data-image-description=\"\" data-image-caption=\"\" data-medium-file=\"http:\/\/www.grieta.org.mx\/wp-content\/uploads\/2021\/07\/foto-7-300x200.jpeg\" data-large-file=\"http:\/\/www.grieta.org.mx\/wp-content\/uploads\/2021\/07\/foto-7.jpeg\" src=\"http:\/\/www.grieta.org.mx\/wp-content\/uploads\/2021\/07\/foto-7.jpeg\" alt=\"\" width=\"100%\" class=\"alignnone size-full wp-image-60819\" srcset=\"http:\/\/www.grieta.org.mx\/wp-content\/uploads\/2021\/07\/foto-7.jpeg 700w, http:\/\/www.grieta.org.mx\/wp-content\/uploads\/2021\/07\/foto-7-300x200.jpeg 300w\" sizes=\"(max-width: 700px) 100vw, 700px\" \/><br \/>\nFamilias y personal de la FGR trabajan durante la visita del subsecretario Alejandro Encinas al centro de exterminio en la zona de El Mante en febrero de 2019. Foto: Carlos Manuel Ju\u00e1rez.<\/p>\n<p>\u201cTAMAULIPAS SIGUE ESTANDO SOLO\u201d<\/p>\n<p>Los colectivos Madres Unidas por Nuestros Hijos San Fernando y Red de Desaparecidos en Tamaulipas (RedTam) han identificado cuatro sitios de exterminio, entre ellos el localizado en La Bartolina. Sin embargo, se\u00f1alan que a casi tres semanas de que se reconoci\u00f3 oficialmente la existencia del lugar, las autoridades federales y estatales no han regresado al terreno para resguardarlo, buscar m\u00e1s restos y recolectarlos.<\/p>\n<p>\u201cQu\u00e9 bueno que lo reconocen, pero nos hace ruido que las familias vayan a estar en un riesgo o que el sitio vaya a estar en un riesgo. Si las familias no lo hab\u00edan hecho p\u00fablico es por algo, tienen a\u00f1os trabajando all\u00ed y no acaban; en un momento dado, cualquiera puede llegar y destruir lo que todav\u00eda queda\u201d, destac\u00f3 un integrante de  la RedTam. El colectivo lamenta que no existan acciones m\u00e1s contundentes para agilizar los trabajos de identificaci\u00f3n.<\/p>\n<p>\u201cTamaulipas sigue estando solo. No hemos visto que la ONU se haya pronunciado, tampoco las organizaciones de ning\u00fan tipo. Nadie ha dicho nada. Y mucho menos habr\u00e1 recursos para identificar cada uno de esos fragmentos. No hemos visto a nadie que, desde el momento en que la comisionada dijo \u2018sitios de exterminio\u2019, venga y apoye a las familias, a nadie. Entonces para nosotros es un show lamentable, porque las familias han trabajado mucho y se han jugado el pellejo all\u00ed y se lo van a seguir jugando, y (ahora) peor porque est\u00e1n en la mira de todo el mundo\u201d.<\/p>\n<p>La RedTam, organizaci\u00f3n de la sociedad civil con sede en la capital tamaulipeca, ha documentado que en la entidad la desaparici\u00f3n de personas se dio en centros de exterminio, fosas clandestinas y en cuerpos de agua, como lagunas y presas. Por ejemplo, en la presa Vicente Guerrero, ubicada en el municipio de Padilla, desde 2019 y a partir de informaci\u00f3n derivada de investigaciones judiciales, se han realizado b\u00fasquedas con c\u00e1maras submarinas.<\/p>\n<p>Recientemente, esta organizaci\u00f3n tambi\u00e9n registr\u00f3 la recolecci\u00f3n de mil 900 piezas dentales en un predio que se localiza a medio camino por carretera, entre Victoria y San Fernando, del municipio de Abasolo, al norte del estado. En el sitio, adem\u00e1s, se encontraron crematorios ilegales y  fosas clandestinas.<\/p>\n<p><img decoding=\"async\" data-attachment-id=\"60820\" data-permalink=\"http:\/\/www.grieta.org.mx\/index.php\/2021\/07\/27\/colectivos-de-familias-han-localizado-57-cementerios-clandestinos-en-tamaulipas\/foto-8-2\/\" data-orig-file=\"http:\/\/www.grieta.org.mx\/wp-content\/uploads\/2021\/07\/foto-8.jpg\" data-orig-size=\"700,451\" data-comments-opened=\"0\" data-image-meta=\"{&quot;aperture&quot;:&quot;0&quot;,&quot;credit&quot;:&quot;&quot;,&quot;camera&quot;:&quot;&quot;,&quot;caption&quot;:&quot;&quot;,&quot;created_timestamp&quot;:&quot;0&quot;,&quot;copyright&quot;:&quot;&quot;,&quot;focal_length&quot;:&quot;0&quot;,&quot;iso&quot;:&quot;0&quot;,&quot;shutter_speed&quot;:&quot;0&quot;,&quot;title&quot;:&quot;&quot;,&quot;orientation&quot;:&quot;0&quot;}\" data-image-title=\"foto-8\" data-image-description=\"\" data-image-caption=\"\" data-medium-file=\"http:\/\/www.grieta.org.mx\/wp-content\/uploads\/2021\/07\/foto-8-300x193.jpg\" data-large-file=\"http:\/\/www.grieta.org.mx\/wp-content\/uploads\/2021\/07\/foto-8.jpg\" src=\"http:\/\/www.grieta.org.mx\/wp-content\/uploads\/2021\/07\/foto-8.jpg\" alt=\"\" width=\"100%\" class=\"alignnone size-full wp-image-60820\" srcset=\"http:\/\/www.grieta.org.mx\/wp-content\/uploads\/2021\/07\/foto-8.jpg 700w, http:\/\/www.grieta.org.mx\/wp-content\/uploads\/2021\/07\/foto-8-300x193.jpg 300w\" sizes=\"(max-width: 700px) 100vw, 700px\" \/><br \/>\nAcciones de b\u00fasqueda en Tamaulipas realizadas a mediados de julio de 2021. Foto: Comisi\u00f3n Nacional de Personas Desaparecidas.<\/p>\n<p>El colectivo Madres Unidas por Nuestros Hijos San Fernando, quien encontr\u00f3 y lidera la b\u00fasqueda en La Bartolina, inform\u00f3 que han recibido amenazas a trav\u00e9s de llamadas telef\u00f3nicas. Aunque no quisieron abundar en esto, las y los integrantes relacionan las llamadas con el anuncio del centro de exterminio. Esta situaci\u00f3n la reportaron a la Secretar\u00eda de Gobernaci\u00f3n. Actualmente, algunos de sus integrantes son parte del Mecanismo de Protecci\u00f3n para Personas Defensoras de Derechos Humanos y Periodistas, sin embargo, al cierre del reportaje no se les hab\u00eda notificado si tendr\u00e1n m\u00e1s protecci\u00f3n que el bot\u00f3n de p\u00e1nico.<\/p>\n<p>Integrantes de este colectivo informaron que la Fiscal\u00eda General de la Rep\u00fablica no ha agendado nuevas fechas de b\u00fasqueda en La Bartolina. Ellas, por su parte, estudian la posibilidad de solicitar que se realicen reformas legales para incluir al exterminio como un nuevo delito dentro del C\u00f3digo Penal o presentar una denuncia por cr\u00edmenes de lesa humanidad relacionados con lugares como La Bartolina.<\/p>\n<p>Mientras tanto, las integrantes del colectivo Madres Unidas por Nuestros Hijos realizaron tomas de ADN a familiares de personas desaparecidas. Con ayuda de personal de la Fiscal\u00eda estatal, durante la semana del 13 al 16 de julio, recolectaron 211 muestras gen\u00e9ticas vinculadas con casos denunciados, aunque recriminaron que las autoridades no permitieron tomar muestras de sangre a familiares de personas secuestradas.<\/p>\n<p><img decoding=\"async\" data-attachment-id=\"60821\" data-permalink=\"http:\/\/www.grieta.org.mx\/index.php\/2021\/07\/27\/colectivos-de-familias-han-localizado-57-cementerios-clandestinos-en-tamaulipas\/foto-9-2\/\" data-orig-file=\"http:\/\/www.grieta.org.mx\/wp-content\/uploads\/2021\/07\/foto-9.jpeg\" data-orig-size=\"700,467\" data-comments-opened=\"0\" data-image-meta=\"{&quot;aperture&quot;:&quot;0&quot;,&quot;credit&quot;:&quot;&quot;,&quot;camera&quot;:&quot;&quot;,&quot;caption&quot;:&quot;&quot;,&quot;created_timestamp&quot;:&quot;0&quot;,&quot;copyright&quot;:&quot;&quot;,&quot;focal_length&quot;:&quot;0&quot;,&quot;iso&quot;:&quot;0&quot;,&quot;shutter_speed&quot;:&quot;0&quot;,&quot;title&quot;:&quot;&quot;,&quot;orientation&quot;:&quot;0&quot;}\" data-image-title=\"foto-9\" data-image-description=\"\" data-image-caption=\"\" data-medium-file=\"http:\/\/www.grieta.org.mx\/wp-content\/uploads\/2021\/07\/foto-9-300x200.jpeg\" data-large-file=\"http:\/\/www.grieta.org.mx\/wp-content\/uploads\/2021\/07\/foto-9.jpeg\" src=\"http:\/\/www.grieta.org.mx\/wp-content\/uploads\/2021\/07\/foto-9.jpeg\" alt=\"\" width=\"100%\" class=\"alignnone size-full wp-image-60821\" srcset=\"http:\/\/www.grieta.org.mx\/wp-content\/uploads\/2021\/07\/foto-9.jpeg 700w, http:\/\/www.grieta.org.mx\/wp-content\/uploads\/2021\/07\/foto-9-300x200.jpeg 300w\" sizes=\"(max-width: 700px) 100vw, 700px\" \/><br \/>\nUn familiar carga una cubeta con tierra y restos mezclados, al fondo personal de la FGR estudia la zona del hallazgo. Foto: Carlos Manuel Ju\u00e1rez.<\/p>\n<p>CREAN PROTOCOLO ESPECIAL<\/p>\n<p>Ante el alto n\u00famero de sitios de exterminio que han localizado, personas buscadoras en Tamaulipas elaboraron el primer protocolo estandarizado de b\u00fasqueda en estos lugares, el cual ya se implement\u00f3 en seis sitios ubicados en la zona de El Mante.<\/p>\n<p>El protocolo es el primero en su tipo en M\u00e9xico y apunta a la especializaci\u00f3n en el reconocimiento, recolecci\u00f3n, tratamiento e identificaci\u00f3n de restos humanos. El documento fue compartido con los integrantes de 14 colectivos de b\u00fasqueda en el Segundo encuentro de buscador@s M\u00e9xico, realizado en marzo de 2020, en Tlaxcala.<\/p>\n<p>\u201cLa localizaci\u00f3n de los sitios de exterminio implica replantear los retos de la b\u00fasqueda e identificaci\u00f3n de personas; redimensionar el escenario de terror y horror con que se infunde el miedo para paralizar a nuestra sociedad; y, sobre todo, repensar nuestras instituciones y procesos para acceder a la verdad y a la justicia en el tenor de la seguridad p\u00fablica\u201d, se explica en el documento \u201cProtocolo Estandarizado de B\u00fasqueda Ciudadana en Sitios de Exterminio\u201d, que tiene como autores a  Graciela P\u00e9rez, Sara L\u00f3pez y Evencio P\u00e9rez.<\/p>\n<p>El protocolo se\u00f1ala que la cadena de custodia de los restos recolectados en los sitios de exterminio es el proceso m\u00e1s importante para garantizar y dar continuidad a los trabajos en dichas zonas de inhumaci\u00f3n de cad\u00e1veres.<\/p>\n<p>\u201cQuiz\u00e1s muchos dir\u00e1n que para qu\u00e9 un resto \u00f3seo calcinado sino vamos a poder sacar alg\u00fan ADN, pero para las madres que estamos buscando a nuestros familiares, yo lo pongo as\u00ed, si es un familiar suyo imag\u00ednate que es un pedazo de la persona que est\u00e1s buscando no quisieras que se quedara all\u00ed\u201d, refiere una de las personas que aport\u00f3 informaci\u00f3n para el protocolo.<\/p>\n<p>En el documento se destaca que un obst\u00e1culo es la falta de personal t\u00e9cnico y especializado. Eso, reconocen, no permite agilizar los procesos de identificaci\u00f3n.<\/p>\n<p>El protocolo tambi\u00e9n subraya que las autoridades federales y estatales deben clasificar y contabilizar de forma distinta las fosas clandestinas y los sitios de exterminio, ya que en estos \u00faltimos lo que se busca es destruir los cuerpos e imposibilitar su identificaci\u00f3n.<\/p>\n<p>Se plantea, adem\u00e1s, la necesidad del reconocimiento de las t\u00e9cnicas del cribado o tamizado, como parte de los procesos t\u00e9cnicos espec\u00edficos para el levantamiento de indicios vinculados con el an\u00e1lisis geol\u00f3gico y arqueol\u00f3gico de los sitios.<\/p>\n<p><a href=\"https:\/\/www.sinembargo.mx\/27-07-2021\/4006447\" rel=\"noopener\" target=\"_blank\">https:\/\/www.sinembargo.mx\/27-07-2021\/4006447<\/a><\/p>\n","protected":false},"excerpt":{"rendered":"<p>Carlos Manuel Ju\u00e1rez\/Sinembargo 27 julio 2021 Buscadoras de personas desaparecidas detectaron el primer centro de exterminio en 2012. Hasta ahora han localizado estos sitios en el suroeste, centro y norte &hellip; <a href=\"http:\/\/www.grieta.org.mx\/index.php\/2021\/07\/27\/colectivos-de-familias-han-localizado-57-cementerios-clandestinos-en-tamaulipas\/\" class=\"more-link\">Leer m\u00e1s<\/a><\/p>\n","protected":false},"author":2,"featured_media":60823,"comment_status":"closed","ping_status":"closed","sticky":false,"template":"","format":"standard","meta":{"ngg_post_thumbnail":0,"_jetpack_newsletter_access":"","_jetpack_dont_email_post_to_subs":false,"_jetpack_newsletter_tier_id":0,"_jetpack_memberships_contains_paywalled_content":false,"_jetpack_memberships_contains_paid_content":false,"footnotes":""},"categories":[80,87,1197,2,33,83],"tags":[3983,3018,2220,121,1668,856],"class_list":["post-60813","post","type-post","status-publish","format-standard","has-post-thumbnail","hentry","category-cintillo","category-desaparecidos","category-desaparecidos-en-tamaulipas","category-noticias-nacionales","category-tamaulipas","category-temas-nacionales","tag-centros-de-exterminio","tag-colectivos-de-busqueda-de-desaparecidos","tag-colectivos-rastreadores-de-desaparecidos","tag-desaparecidos","tag-familiares-de-desaparecidos","tag-fosas-clandestinas","entry"],"jetpack_featured_media_url":"http:\/\/www.grieta.org.mx\/wp-content\/uploads\/2021\/07\/foto-1-1-1.jpg","jetpack_sharing_enabled":true,"jetpack_shortlink":"https:\/\/wp.me\/p7ZJR4-fOR","jetpack_likes_enabled":true,"jetpack-related-posts":[{"id":61639,"url":"http:\/\/www.grieta.org.mx\/index.php\/2021\/09\/12\/localizan-en-tamaulipas-mas-campos-de-exterminio\/","url_meta":{"origin":60813,"position":0},"title":"Localizan en Tamaulipas m\u00e1s campos de exterminio","author":"grieta","date":"12 septiembre, 2021","format":false,"excerpt":"Agencia Reforma\/El Heraldo 12 septiembre 2021 CIUDAD VICTORIA, Tamaulipas.-Adem\u00e1s del campo de exterminio localizado en un predio del ejido La Bartolina, en Matamoros, Tamaulipas, de donde se han extra\u00eddo m\u00e1s de media tonelada de restos \u00f3seos de desaparecidos, colectivos de b\u00fasqueda afirman que han hallado m\u00e1s. Los hallazgos han sido\u2026","rel":"","context":"En &quot;CINTILLO&quot;","block_context":{"text":"CINTILLO","link":"http:\/\/www.grieta.org.mx\/index.php\/category\/cintillo\/"},"img":{"alt_text":"","src":"https:\/\/i0.wp.com\/www.grieta.org.mx\/wp-content\/uploads\/2021\/09\/Localizan-en-Tamaulipas-mas-ca_1432604-696x464-1.jpg?resize=350%2C200","width":350,"height":200,"srcset":"https:\/\/i0.wp.com\/www.grieta.org.mx\/wp-content\/uploads\/2021\/09\/Localizan-en-Tamaulipas-mas-ca_1432604-696x464-1.jpg?resize=350%2C200 1x, https:\/\/i0.wp.com\/www.grieta.org.mx\/wp-content\/uploads\/2021\/09\/Localizan-en-Tamaulipas-mas-ca_1432604-696x464-1.jpg?resize=525%2C300 1.5x"},"classes":[]},{"id":33367,"url":"http:\/\/www.grieta.org.mx\/index.php\/2019\/05\/11\/recuerdan-madres-a-sus-hijos-desaparecidos-tamaulipas\/","url_meta":{"origin":60813,"position":1},"title":"Recuerdan madres a sus hijos desaparecidos (Tamaulipas)","author":"grieta","date":"11 mayo, 2019","format":false,"excerpt":"El Ma\u00f1ana Un contingente de casi 100 personas comenz\u00f3 la marcha por los desaparecidos de Tamaulipas CIUDAD VICTORIA, TAMAULIPAS.- Al grito de \u201cVivos se los llevaron, vivos los queremos\u201d, un contingente de casi 100 personas march\u00f3 por los desaparecidos de Tamaulipas. Cerca de las 6:00 de la tarde, familiares de\u2026","rel":"","context":"En &quot;CINTILLO&quot;","block_context":{"text":"CINTILLO","link":"http:\/\/www.grieta.org.mx\/index.php\/category\/cintillo\/"},"img":{"alt_text":"","src":"https:\/\/i0.wp.com\/www.grieta.org.mx\/wp-content\/uploads\/2019\/05\/Recuerdan-madres-a-sus-hijos-desaparecidos-tama-may.jpg?resize=350%2C200","width":350,"height":200,"srcset":"https:\/\/i0.wp.com\/www.grieta.org.mx\/wp-content\/uploads\/2019\/05\/Recuerdan-madres-a-sus-hijos-desaparecidos-tama-may.jpg?resize=350%2C200 1x, https:\/\/i0.wp.com\/www.grieta.org.mx\/wp-content\/uploads\/2019\/05\/Recuerdan-madres-a-sus-hijos-desaparecidos-tama-may.jpg?resize=525%2C300 1.5x, https:\/\/i0.wp.com\/www.grieta.org.mx\/wp-content\/uploads\/2019\/05\/Recuerdan-madres-a-sus-hijos-desaparecidos-tama-may.jpg?resize=700%2C400 2x"},"classes":[]},{"id":65070,"url":"http:\/\/www.grieta.org.mx\/index.php\/2022\/08\/30\/con-protestas-recuerdan-a-personas-desaparecidas-en-tamaulipas\/","url_meta":{"origin":60813,"position":2},"title":"Con protestas recuerdan a personas desaparecidas en Tamaulipas","author":"grieta","date":"30 agosto, 2022","format":false,"excerpt":"Jaime Jim\u00e9nez\/El Sol de Tampico 30 agosto 2022 Recuerdan a personas desaparecidas en Reynosa y en Ciudad Madero mediante protestas pac\u00edficas en Tamaulipas Reynosa, Tamps., Agosto 30 (OEM-Informex).- Familias en Reynosa y Ciudad Madero que tienen a uno de sus parientes reportados como personas desaparecidas realizaron protestas pac\u00edficas para conmemorar\u2026","rel":"","context":"En &quot;CINTILLO&quot;","block_context":{"text":"CINTILLO","link":"http:\/\/www.grieta.org.mx\/index.php\/category\/cintillo\/"},"img":{"alt_text":"","src":"https:\/\/i0.wp.com\/www.grieta.org.mx\/wp-content\/uploads\/2022\/09\/Con-protestas-pacificas-recuerdan-a-las-personas-desaparecidas-en-Tamaulipas.jpg?resize=350%2C200","width":350,"height":200,"srcset":"https:\/\/i0.wp.com\/www.grieta.org.mx\/wp-content\/uploads\/2022\/09\/Con-protestas-pacificas-recuerdan-a-las-personas-desaparecidas-en-Tamaulipas.jpg?resize=350%2C200 1x, https:\/\/i0.wp.com\/www.grieta.org.mx\/wp-content\/uploads\/2022\/09\/Con-protestas-pacificas-recuerdan-a-las-personas-desaparecidas-en-Tamaulipas.jpg?resize=525%2C300 1.5x, https:\/\/i0.wp.com\/www.grieta.org.mx\/wp-content\/uploads\/2022\/09\/Con-protestas-pacificas-recuerdan-a-las-personas-desaparecidas-en-Tamaulipas.jpg?resize=700%2C400 2x"},"classes":[]},{"id":33162,"url":"http:\/\/www.grieta.org.mx\/index.php\/2019\/05\/08\/desfilaran-colectivos-por-los-desaparecidos-tamaulipas\/","url_meta":{"origin":60813,"position":3},"title":"Desfilar\u00e1n colectivos por los desaparecidos (Tamaulipas)","author":"grieta","date":"8 mayo, 2019","format":false,"excerpt":"Alejandro Echartea \/ El Ma\u00f1ana MARCHAS. Este viernes habr\u00e1 caminatas de colectivos en las ciudades de Victoria y Reynosa. Cd. Victoria, Tam.- El Colectivo de Familiares y Amigos de Personas Desaparecidas realizar\u00e1 una caminata este viernes 10 de mayo, en conmemoraci\u00f3n de los miles de desaparecidos y en recuerdo del\u2026","rel":"","context":"En &quot;CINTILLO&quot;","block_context":{"text":"CINTILLO","link":"http:\/\/www.grieta.org.mx\/index.php\/category\/cintillo\/"},"img":{"alt_text":"","src":"https:\/\/i0.wp.com\/www.grieta.org.mx\/wp-content\/uploads\/2019\/05\/Desfilar%C3%A1n-colectivos-por-los-desaparecidos-tama-may.jpg?resize=350%2C200","width":350,"height":200,"srcset":"https:\/\/i0.wp.com\/www.grieta.org.mx\/wp-content\/uploads\/2019\/05\/Desfilar%C3%A1n-colectivos-por-los-desaparecidos-tama-may.jpg?resize=350%2C200 1x, https:\/\/i0.wp.com\/www.grieta.org.mx\/wp-content\/uploads\/2019\/05\/Desfilar%C3%A1n-colectivos-por-los-desaparecidos-tama-may.jpg?resize=525%2C300 1.5x"},"classes":[]},{"id":60830,"url":"http:\/\/www.grieta.org.mx\/index.php\/2021\/07\/31\/colectivos-piden-tregua-al-narco-en-tamaulipas-para-buscar-a-desaparecidos\/","url_meta":{"origin":60813,"position":4},"title":"Colectivos piden tregua al &#8216;narco&#8217; en Tamaulipas para buscar a desaparecidos","author":"grieta","date":"31 julio, 2021","format":false,"excerpt":"Mar\u00eda L\u00f3pez\/Milenio 31 julio 2021 Enviaron una carta al l\u00edder del c\u00e1rtel del Golfo en la comunidad para tener acceso al campo de exterminio La Bartolina; \u201capelamos a su compasi\u00f3n para exhumar restos\u201d, dicen. La Uni\u00f3n de Colectivos de Madres Buscadoras de Tamaulipas pidi\u00f3 una tregua al l\u00edder de la\u2026","rel":"","context":"En &quot;CINTILLO&quot;","block_context":{"text":"CINTILLO","link":"http:\/\/www.grieta.org.mx\/index.php\/category\/cintillo\/"},"img":{"alt_text":"","src":"https:\/\/i0.wp.com\/www.grieta.org.mx\/wp-content\/uploads\/2021\/07\/el-predio-se-encuentra-a_0_180_689_429.jpg?resize=350%2C200","width":350,"height":200,"srcset":"https:\/\/i0.wp.com\/www.grieta.org.mx\/wp-content\/uploads\/2021\/07\/el-predio-se-encuentra-a_0_180_689_429.jpg?resize=350%2C200 1x, https:\/\/i0.wp.com\/www.grieta.org.mx\/wp-content\/uploads\/2021\/07\/el-predio-se-encuentra-a_0_180_689_429.jpg?resize=525%2C300 1.5x, https:\/\/i0.wp.com\/www.grieta.org.mx\/wp-content\/uploads\/2021\/07\/el-predio-se-encuentra-a_0_180_689_429.jpg?resize=700%2C400 2x"},"classes":[]},{"id":17386,"url":"http:\/\/www.grieta.org.mx\/index.php\/2016\/07\/22\/registra-tamaulipas-6-mil-desaparecidos\/","url_meta":{"origin":60813,"position":5},"title":"Registra Tamaulipas 6 mil desaparecidos","author":"grieta","date":"22 julio, 2016","format":false,"excerpt":"Josu\u00e9 Escamilla Cd. Victoria Tamps.-La presidenta de la Asociaci\u00f3n de Personas Desaparecidas, Josefina de Le\u00f3n, revel\u00f3 que en Tamaulipas, aun cuando la cifra de desaparecidos no es exacta, se tiene un aproximado de seis mil personas, sin embargo la estad\u00edstica es mucho mayor ya que hay casos que no se\u2026","rel":"","context":"En &quot;CINTILLO&quot;","block_context":{"text":"CINTILLO","link":"http:\/\/www.grieta.org.mx\/index.php\/category\/cintillo\/"},"img":{"alt_text":"","src":"https:\/\/i0.wp.com\/www.grieta.org.mx\/wp-content\/uploads\/2018\/03\/14524434_1106112876131411_958039263622046936_o.jpg?resize=350%2C200","width":350,"height":200,"srcset":"https:\/\/i0.wp.com\/www.grieta.org.mx\/wp-content\/uploads\/2018\/03\/14524434_1106112876131411_958039263622046936_o.jpg?resize=350%2C200 1x, https:\/\/i0.wp.com\/www.grieta.org.mx\/wp-content\/uploads\/2018\/03\/14524434_1106112876131411_958039263622046936_o.jpg?resize=525%2C300 1.5x, https:\/\/i0.wp.com\/www.grieta.org.mx\/wp-content\/uploads\/2018\/03\/14524434_1106112876131411_958039263622046936_o.jpg?resize=700%2C400 2x"},"classes":[]}],"_links":{"self":[{"href":"http:\/\/www.grieta.org.mx\/index.php\/wp-json\/wp\/v2\/posts\/60813","targetHints":{"allow":["GET"]}}],"collection":[{"href":"http:\/\/www.grieta.org.mx\/index.php\/wp-json\/wp\/v2\/posts"}],"about":[{"href":"http:\/\/www.grieta.org.mx\/index.php\/wp-json\/wp\/v2\/types\/post"}],"author":[{"embeddable":true,"href":"http:\/\/www.grieta.org.mx\/index.php\/wp-json\/wp\/v2\/users\/2"}],"replies":[{"embeddable":true,"href":"http:\/\/www.grieta.org.mx\/index.php\/wp-json\/wp\/v2\/comments?post=60813"}],"version-history":[{"count":1,"href":"http:\/\/www.grieta.org.mx\/index.php\/wp-json\/wp\/v2\/posts\/60813\/revisions"}],"predecessor-version":[{"id":60822,"href":"http:\/\/www.grieta.org.mx\/index.php\/wp-json\/wp\/v2\/posts\/60813\/revisions\/60822"}],"wp:featuredmedia":[{"embeddable":true,"href":"http:\/\/www.grieta.org.mx\/index.php\/wp-json\/wp\/v2\/media\/60823"}],"wp:attachment":[{"href":"http:\/\/www.grieta.org.mx\/index.php\/wp-json\/wp\/v2\/media?parent=60813"}],"wp:term":[{"taxonomy":"category","embeddable":true,"href":"http:\/\/www.grieta.org.mx\/index.php\/wp-json\/wp\/v2\/categories?post=60813"},{"taxonomy":"post_tag","embeddable":true,"href":"http:\/\/www.grieta.org.mx\/index.php\/wp-json\/wp\/v2\/tags?post=60813"}],"curies":[{"name":"wp","href":"https:\/\/api.w.org\/{rel}","templated":true}]}}