{"id":60740,"date":"2021-07-22T12:27:19","date_gmt":"2021-07-22T17:27:19","guid":{"rendered":"https:\/\/www.grieta.org.mx\/?p=60740"},"modified":"2021-07-24T12:31:29","modified_gmt":"2021-07-24T17:31:29","slug":"10-veces-mas-feminicidios-que-en-las-cifras-oficiales-colima","status":"publish","type":"post","link":"http:\/\/www.grieta.org.mx\/index.php\/2021\/07\/22\/10-veces-mas-feminicidios-que-en-las-cifras-oficiales-colima\/","title":{"rendered":"10 veces m\u00e1s feminicidios que en las cifras oficiales (Colima)"},"content":{"rendered":"<p>Foto: @LizzGmzVisualArt<\/p>\n<p>Redacci\u00f3n \/ El Noticiero<\/p>\n<p><span class=\"wpsdc-drop-cap\">A<\/span>ctivistas alertan que la violencia feminicida en la entidad es hasta 10 veces mayor de lo que reflejan las cifras oficiales\u00a0 de autoridades que informan que de 2015 a la fecha se han registrado en Colima entre cuatro y 23 feminicidios por a\u00f1o, seg\u00fan las autoridades<\/p>\n<p>La representante en Colima del Observatorio Ciudadano Nacional del Feminicidio (OCNF), Carmen Garc\u00eda, y la presidenta de la Fundaci\u00f3n IUS G\u00e9nero, Evangelina Flores, dijeron que\u00a0 tan s\u00f3lo en lo que va del 2021 han registrado 31 y 23 feminicidios (respectivamente), mientras que la base de datos del Secretariado Ejecutivo del Sistema Nacional de Seguridad P\u00fablica (SESNSP) que basa su informaci\u00f3n en las carpetas de investigaci\u00f3n iniciadas por las fiscal\u00edas y procuradur\u00edas de justicia de cada entidad da cuenta de \u00fanicamente cuatro casos.<\/p>\n<p>Y la diferencia entre las cifras se incrementa si indagamos en a\u00f1os previos: seg\u00fan el Secretariado Ejecutivo, en 2015 se registraron cinco feminicidios en Colima; en 2016 aument\u00f3 a 23; en 2017 la cifra descendi\u00f3 hasta cuatro; durante el 2018 subi\u00f3 a 13; en 2019 disminuy\u00f3 a 11 y en 2020 registr\u00f3 ocho feminicidios.<\/p>\n<p>Por su parte, en 2016 el OCNF report\u00f3 52 feminicidios; en 2017 registr\u00f3 69; en 2018, 77; en el 2019 cont\u00f3 78 y en 2020, 96; mientras que la Fundaci\u00f3n IUS G\u00e9nero se\u00f1al\u00f3 que durante 2015 registr\u00f3 25 feminicidios; durante 2016, 62 casos; en 2017, 75; en 2018, 79; durante el 2019 report\u00f3 92 y en 2020 cont\u00f3 90.<\/p>\n<p><a href=\"https:\/\/www.elnoticieroenlinea.com\/10-veces-mas-feminicidios-que-en-las-cifras-oficiales\/\">https:\/\/www.elnoticieroenlinea.com\/10-veces-mas-feminicidios-que-en-las-cifras-oficiales\/<\/a><\/p>\n","protected":false},"excerpt":{"rendered":"<p>Foto: @LizzGmzVisualArt Redacci\u00f3n \/ El Noticiero Activistas alertan que la violencia feminicida en la entidad es hasta 10 veces mayor de lo que reflejan las cifras oficiales\u00a0 de autoridades que &hellip; <a href=\"http:\/\/www.grieta.org.mx\/index.php\/2021\/07\/22\/10-veces-mas-feminicidios-que-en-las-cifras-oficiales-colima\/\" class=\"more-link\">Leer m\u00e1s<\/a><\/p>\n","protected":false},"author":2,"featured_media":60741,"comment_status":"closed","ping_status":"closed","sticky":false,"template":"","format":"standard","meta":{"ngg_post_thumbnail":0,"_jetpack_newsletter_access":"","_jetpack_dont_email_post_to_subs":false,"_jetpack_newsletter_tier_id":0,"_jetpack_memberships_contains_paywalled_content":false,"_jetpack_memberships_contains_paid_content":false,"footnotes":""},"categories":[80,13,84,1016,2,83],"tags":[2959,2999,81],"class_list":["post-60740","post","type-post","status-publish","format-standard","has-post-thumbnail","hentry","category-cintillo","category-colima","category-feminicidios","category-feminicidios-en-colima","category-noticias-nacionales","category-temas-nacionales","tag-estadisticas-de-feminicidio","tag-feminicidio-violencia-contra-las-mujeres","tag-feminicidios","entry"],"jetpack_featured_media_url":"http:\/\/www.grieta.org.mx\/wp-content\/uploads\/2021\/07\/89558623_1545780268934018_3517996996210196480_n-777x437-1.jpg","jetpack_sharing_enabled":true,"jetpack_shortlink":"https:\/\/wp.me\/p7ZJR4-fNG","jetpack_likes_enabled":false,"jetpack-related-posts":[{"id":65148,"url":"http:\/\/www.grieta.org.mx\/index.php\/2022\/09\/05\/dudoso-que-en-colima-se-registren-cero-feminicidios-considera-el-cam\/","url_meta":{"origin":60740,"position":0},"title":"Dudoso que en Colima se registren \u201ccero feminicidios\u201d, considera el CAM","author":"grieta","date":"5 septiembre, 2022","format":false,"excerpt":"Imagen: El Comentario Francisco Bravo \/ El Comentario Aunque y de acuerdo con el Secretariado Ejecutivo del Sistema Nacional de Seguridad P\u00fablica (SESNSP),\u00a0Colima\u00a0sigue ocupando el primer lugar a nivel nacional en\u00a0homicidios\u00a0dolosos contra\u00a0mujeres, las autoridades registran cero\u00a0feminicidios, lo cual es muy dudoso, se\u00f1al\u00f3 la vicepresidenta y vocera del Centro de Apoyo\u2026","rel":"","context":"En &quot;CINTILLO&quot;","block_context":{"text":"CINTILLO","link":"http:\/\/www.grieta.org.mx\/index.php\/category\/cintillo\/"},"img":{"alt_text":"","src":"https:\/\/i0.wp.com\/www.grieta.org.mx\/wp-content\/uploads\/2022\/09\/FEMINICIDIO-780x470-1.jpg?resize=350%2C200","width":350,"height":200,"srcset":"https:\/\/i0.wp.com\/www.grieta.org.mx\/wp-content\/uploads\/2022\/09\/FEMINICIDIO-780x470-1.jpg?resize=350%2C200 1x, https:\/\/i0.wp.com\/www.grieta.org.mx\/wp-content\/uploads\/2022\/09\/FEMINICIDIO-780x470-1.jpg?resize=525%2C300 1.5x, https:\/\/i0.wp.com\/www.grieta.org.mx\/wp-content\/uploads\/2022\/09\/FEMINICIDIO-780x470-1.jpg?resize=700%2C400 2x"},"classes":[]},{"id":66459,"url":"http:\/\/www.grieta.org.mx\/index.php\/2023\/03\/08\/es-8-veces-mas-probable-que-asesinen-a-una-mujer-en-colima-que-en-el-resto-del-pais\/","url_meta":{"origin":60740,"position":1},"title":"Es 8 veces m\u00e1s probable que asesinen a una mujer en Colima que en el resto del pa\u00eds","author":"grieta","date":"8 marzo, 2023","format":false,"excerpt":"Imagen: Tomada de la Red Heidi de Le\u00f3n Guti\u00e9rrez \/ Diario Avanzada Colima, M\u00e9xico, Avanzada (08\/03\/2023).- Colima\u00a0arranc\u00f3 el a\u00f1o con la tasa m\u00e1s alta de feminicidios en el pa\u00eds, de acuerdo a las cifras del Secretariado Ejecutivo del Sistema Nacional de Seguridad P\u00fablica (SESNSP). No es lo \u00fanico, tambi\u00e9n tiene\u2026","rel":"","context":"En &quot;CINTILLO&quot;","block_context":{"text":"CINTILLO","link":"http:\/\/www.grieta.org.mx\/index.php\/category\/cintillo\/"},"img":{"alt_text":"","src":"","width":0,"height":0},"classes":[]},{"id":68605,"url":"http:\/\/www.grieta.org.mx\/index.php\/2024\/03\/08\/ocupa-colima-primer-lugar-en-homicidios-a-mujeres-a-nivel-nacional-y-segundo-en-feminicidios\/","url_meta":{"origin":60740,"position":2},"title":"Ocupa Colima primer lugar en homicidios a mujeres a nivel nacional y segundo en feminicidios","author":"grieta","date":"8 marzo, 2024","format":false,"excerpt":"Imagen: El Comentario C\u00e9sar Barrera \/ El Comentario Al registrar 8 asesinatos de mujeres y un\u00a0feminicidio\u00a0en el primer mes de este 2024, el estado de Colima ocupa el primer lugar nacional en homicidios dolosos contra mujeres y el segundo lugar en el pa\u00eds por el delito de feminicidio, de acuerdo\u2026","rel":"","context":"En &quot;CINTILLO&quot;","block_context":{"text":"CINTILLO","link":"http:\/\/www.grieta.org.mx\/index.php\/category\/cintillo\/"},"img":{"alt_text":"","src":"https:\/\/i0.wp.com\/www.grieta.org.mx\/wp-content\/uploads\/2024\/03\/b-gkdf.jpg.webp?resize=350%2C200","width":350,"height":200,"srcset":"https:\/\/i0.wp.com\/www.grieta.org.mx\/wp-content\/uploads\/2024\/03\/b-gkdf.jpg.webp?resize=350%2C200 1x, https:\/\/i0.wp.com\/www.grieta.org.mx\/wp-content\/uploads\/2024\/03\/b-gkdf.jpg.webp?resize=525%2C300 1.5x, https:\/\/i0.wp.com\/www.grieta.org.mx\/wp-content\/uploads\/2024\/03\/b-gkdf.jpg.webp?resize=700%2C400 2x, https:\/\/i0.wp.com\/www.grieta.org.mx\/wp-content\/uploads\/2024\/03\/b-gkdf.jpg.webp?resize=1050%2C600 3x, https:\/\/i0.wp.com\/www.grieta.org.mx\/wp-content\/uploads\/2024\/03\/b-gkdf.jpg.webp?resize=1400%2C800 4x"},"classes":[]},{"id":54765,"url":"http:\/\/www.grieta.org.mx\/index.php\/2020\/11\/03\/feminicidio-incremento-100-en-colima\/","url_meta":{"origin":60740,"position":3},"title":"Feminicidio increment\u00f3 100% en Colima","author":"grieta","date":"3 noviembre, 2020","format":false,"excerpt":"Imagen: Diario Avanzada Heidi de Le\u00f3n Guti\u00e9rrez \/ Diario Avanzada Colima, M\u00e9xico, Avanzada (03\/11\/2020).- Durante los primeros nueve meses de este a\u00f1o, el feminicidio en la entidad aument\u00f3 en un 100 por ciento, en comparaci\u00f3n con el mismo periodo, pero de 2019. Adem\u00e1s, la entidad tiene la tasa m\u00e1s alta\u2026","rel":"","context":"En &quot;CINTILLO&quot;","block_context":{"text":"CINTILLO","link":"http:\/\/www.grieta.org.mx\/index.php\/category\/cintillo\/"},"img":{"alt_text":"","src":"https:\/\/i0.wp.com\/www.grieta.org.mx\/wp-content\/uploads\/2020\/11\/image-48.png?resize=350%2C200","width":350,"height":200},"classes":[]},{"id":68540,"url":"http:\/\/www.grieta.org.mx\/index.php\/2024\/02\/22\/asesinan-a-235-mujeres-durante-el-gobierno-de-indira-colima\/","url_meta":{"origin":60740,"position":4},"title":"Asesinan a 235 mujeres durante el gobierno de Indira (Colima)","author":"grieta","date":"22 febrero, 2024","format":false,"excerpt":"Imagen: Diario Avanzada Heidi de Le\u00f3n Guti\u00e9rrez \/ Diario Avanzada Colima, M\u00e9xico, Avanzada (22\/02\/2024).- Desde el primero de enero de 2022 y hasta el 31 de diciembre de 2023, 235 mujeres fueron asesinadas en el estado de Colima, a pesar de que la actual gobernadora, Indira Vizca\u00edno Silva declar\u00f3 a\u2026","rel":"","context":"En &quot;CINTILLO&quot;","block_context":{"text":"CINTILLO","link":"http:\/\/www.grieta.org.mx\/index.php\/category\/cintillo\/"},"img":{"alt_text":"","src":"https:\/\/i0.wp.com\/www.grieta.org.mx\/wp-content\/uploads\/2024\/02\/Indira-Feminista-.jpg?resize=350%2C200","width":350,"height":200,"srcset":"https:\/\/i0.wp.com\/www.grieta.org.mx\/wp-content\/uploads\/2024\/02\/Indira-Feminista-.jpg?resize=350%2C200 1x, https:\/\/i0.wp.com\/www.grieta.org.mx\/wp-content\/uploads\/2024\/02\/Indira-Feminista-.jpg?resize=525%2C300 1.5x"},"classes":[]},{"id":52644,"url":"http:\/\/www.grieta.org.mx\/index.php\/2020\/08\/11\/en-cinco-anos-y-medio-colima-ha-registrado-380-feminicidios\/","url_meta":{"origin":60740,"position":5},"title":"En cinco a\u00f1os y medio Colima ha registrado 380 feminicidios","author":"grieta","date":"11 agosto, 2020","format":false,"excerpt":"Imagen: Colima Noticias Alfredo Aquiles \/ Colima Noticias Colima, Col.-\u00a0\u00a0Seg\u00fan datos estad\u00edsticos del Secretariado Ejecutivo del Sistema Nacional de Seguridad P\u00fablica, del 2015 a junio del 2020, esto es 5 a\u00f1os y medio, en Colima se han registrado 380 asesinatos de mujeres, los cuales est\u00e1n clasificados como feminicidios. La dependencia\u2026","rel":"","context":"En &quot;CINTILLO&quot;","block_context":{"text":"CINTILLO","link":"http:\/\/www.grieta.org.mx\/index.php\/category\/cintillo\/"},"img":{"alt_text":"","src":"https:\/\/i0.wp.com\/www.grieta.org.mx\/wp-content\/uploads\/2020\/08\/feminicidio-1-696x432.jpeg?resize=350%2C200","width":350,"height":200,"srcset":"https:\/\/i0.wp.com\/www.grieta.org.mx\/wp-content\/uploads\/2020\/08\/feminicidio-1-696x432.jpeg?resize=350%2C200 1x, https:\/\/i0.wp.com\/www.grieta.org.mx\/wp-content\/uploads\/2020\/08\/feminicidio-1-696x432.jpeg?resize=525%2C300 1.5x"},"classes":[]}],"_links":{"self":[{"href":"http:\/\/www.grieta.org.mx\/index.php\/wp-json\/wp\/v2\/posts\/60740","targetHints":{"allow":["GET"]}}],"collection":[{"href":"http:\/\/www.grieta.org.mx\/index.php\/wp-json\/wp\/v2\/posts"}],"about":[{"href":"http:\/\/www.grieta.org.mx\/index.php\/wp-json\/wp\/v2\/types\/post"}],"author":[{"embeddable":true,"href":"http:\/\/www.grieta.org.mx\/index.php\/wp-json\/wp\/v2\/users\/2"}],"replies":[{"embeddable":true,"href":"http:\/\/www.grieta.org.mx\/index.php\/wp-json\/wp\/v2\/comments?post=60740"}],"version-history":[{"count":1,"href":"http:\/\/www.grieta.org.mx\/index.php\/wp-json\/wp\/v2\/posts\/60740\/revisions"}],"predecessor-version":[{"id":60742,"href":"http:\/\/www.grieta.org.mx\/index.php\/wp-json\/wp\/v2\/posts\/60740\/revisions\/60742"}],"wp:featuredmedia":[{"embeddable":true,"href":"http:\/\/www.grieta.org.mx\/index.php\/wp-json\/wp\/v2\/media\/60741"}],"wp:attachment":[{"href":"http:\/\/www.grieta.org.mx\/index.php\/wp-json\/wp\/v2\/media?parent=60740"}],"wp:term":[{"taxonomy":"category","embeddable":true,"href":"http:\/\/www.grieta.org.mx\/index.php\/wp-json\/wp\/v2\/categories?post=60740"},{"taxonomy":"post_tag","embeddable":true,"href":"http:\/\/www.grieta.org.mx\/index.php\/wp-json\/wp\/v2\/tags?post=60740"}],"curies":[{"name":"wp","href":"https:\/\/api.w.org\/{rel}","templated":true}]}}