{"id":60688,"date":"2021-07-21T00:37:03","date_gmt":"2021-07-21T05:37:03","guid":{"rendered":"https:\/\/www.grieta.org.mx\/?p=60688"},"modified":"2021-07-21T12:40:24","modified_gmt":"2021-07-21T17:40:24","slug":"la-policia-nos-vendio-con-la-mafia-ciudad-juarez","status":"publish","type":"post","link":"http:\/\/www.grieta.org.mx\/index.php\/2021\/07\/21\/la-policia-nos-vendio-con-la-mafia-ciudad-juarez\/","title":{"rendered":"La polic\u00eda nos vendi\u00f3 con la mafia (Ciudad Ju\u00e1rez)"},"content":{"rendered":"<div class=\"container pt-4\">\n<div class=\"row justify-content-center\">\n<div class=\"col-md-10 col-12 p-0\">\n<figure class=\"figure d-block mt-3\"><\/figure>\n<\/div>\n<\/div>\n<\/div>\n<div class=\"container\">\n<div class=\"row justify-content-center\">\n<div class=\"col-lg-8 col-md-10 col-12 px-4 post\">\n<p><strong>En Ciudad Ju\u00e1rez, del 1 de enero de 2020 al 11 de mayo de 2021 tiene registradas a 443 personas migrantes que fueron v\u00edctimas de un delito durante su estancia. En esta historia los migrantes cuentan c\u00f3mo traficantes los enga\u00f1aron, les hicieron creer que estaban en El Paso, Texas cuando en realidad segu\u00edan en Ciudad Ju\u00e1rez. Nunca cruzaron el r\u00edo Bravo<\/strong><\/p>\n<p>Texto: Gabriela Minjares \/ La Verdad*<\/p>\n<p>Fotograf\u00edas: Rey R. Jauregui \/ Gabriela Minj\u00e1res \/ S.S.P.M de Ju\u00e1rez<\/p>\n<p>Ciudad Ju\u00e1rez- Despu\u00e9s de la traves\u00eda de poco m\u00e1s de tres mil kil\u00f3metros que Mar\u00eda realiz\u00f3 por carretera para llegar a esta frontera con el objetivo de cruzar a Estados Unidos, un comando de presuntos polic\u00edas de Ciudad Ju\u00e1rez frustr\u00f3 su trayecto.<\/p>\n<p>La mujer de 28 a\u00f1os originaria de Guatemala asegura que agentes de una corporaci\u00f3n de seguridad p\u00fablica la entregaron a un grupo del crimen organizado que la mantuvo secuestrada junto con su hija de un a\u00f1o y otros 65 migrantes durante unos 40 d\u00edas.<\/p>\n<p>\u201cLa polic\u00eda nos fue a vender con la mafia\u201d, afirma Mar\u00eda, originaria de La Libertad, Pet\u00e9n, Guatemala, a quien se le cambia el nombre por seguridad.<\/p>\n<p>Narra que el 3 de enero de este a\u00f1o sali\u00f3 de su casa acompa\u00f1ada con la menor de sus tres hijos para viajar a Ciudad Ju\u00e1rez y cruzar la frontera con la intenci\u00f3n de ir a Florida, donde su hermana migr\u00f3 hace dos a\u00f1os.<\/p>\n<p>\u201cLlegu\u00e9 aqu\u00ed cinco d\u00edas despu\u00e9s y los que me iban a cruzar me llevaron a una bodega para esperar mi turno, hab\u00eda como unas 65 personas. Estuve ah\u00ed varios d\u00edas hasta que un lunes en la noche lleg\u00f3 la polic\u00eda y nos llev\u00f3 a todos para entregarnos a la mafia\u201d, dice.<\/p>\n<p>Con certeza sostiene que fueron polic\u00edas los que irrumpieron esa noche en la bodega, porque cuando el encargado del lugar se dio cuenta de su llegada les advirti\u00f3 a todos que eran agentes, que no lo fueran a denunciar, pero ten\u00edan otros fines y lo golpearon hasta inmovilizarlo.<\/p>\n<p>Sin embargo, comenta que desconoce de qu\u00e9 corporaci\u00f3n eran los presuntos polic\u00edas. Solo describe que el grupo lo conformaban cinco hombres y una mujer que llevaban la cara cubierta con pasamonta\u00f1as y viajaban en varios autom\u00f3viles que presume eran particulares porque no ten\u00edan ninguna insignia.<\/p>\n<p>\u201cIban uniformados de polic\u00eda, no eran militares, tra\u00edan un uniforme como verde deslavado, ten\u00edan armas y nos dec\u00edan que si sal\u00edamos corriendo nos iban a tirar, nadie lo hizo. Nos fueron subiendo a varios carros y nos llevaron a una casona que estaba toda cerrada, no mir\u00e1bamos ni las clavijas, ah\u00ed nos dejaron con la mafia\u201d, recuerda.<\/p>\n<figure class=\"wp-block-image size-large\"><img loading=\"lazy\" decoding=\"async\" class=\"wp-image-70343\" src=\"https:\/\/piedepagina.mx\/wp-content\/uploads\/2021\/07\/Foto-2.jpg\" sizes=\"auto, (max-width: 992px) 100vw, 992px\" srcset=\"https:\/\/piedepagina.mx\/wp-content\/uploads\/2021\/07\/Foto-2.jpg 992w, https:\/\/piedepagina.mx\/wp-content\/uploads\/2021\/07\/Foto-2-450x300.jpg 450w, https:\/\/piedepagina.mx\/wp-content\/uploads\/2021\/07\/Foto-2-768x512.jpg 768w\" alt=\"\" width=\"992\" height=\"661\" \/><figcaption>Migrantes desalojados de una casa en Ciudad Ju\u00e1rez donde esperaban para cruzar<\/figcaption><\/figure>\n<p>Cuenta que el encargado de la casa les dijo que los ayudar\u00edan a cruzar a Estados Unidos y cuando estuvieran en El Paso, Texas deber\u00edan llamar a sus familiares para que les depositaran dinero y les pudieran pagar.<\/p>\n<p>\u201cA pesar de todo pensamos que era cierto, que nos iban a cruzar al otro lado, y dijimos que s\u00ed, que llamar\u00edamos a nuestras familias para pagarles\u201d, agrega.<\/p>\n<p>Menciona que entre los migrantes recluidos en la casona, de la que ni siquiera tiene una idea de su ubicaci\u00f3n, se encontraban personas procedentes de El Salvador, Ecuador, Honduras y Guatemala.<\/p>\n<p>Despu\u00e9s de varios d\u00edas de espera, a\u00f1ade, sus captores los sacaron porque al final los cruzar\u00edan a Estados Unidos.<\/p>\n<p>\u201cUna noche nos sacaron y nos hicieron correr primero por un riito y despu\u00e9s por una calle. Nos dijeron que ya est\u00e1bamos del otro lado, que pronto llegar\u00edan por nosotros en una camioneta para llevarnos a un lugar seguro mientras recib\u00edamos el dinero que les ten\u00edamos que pagar y entonces s\u00ed nos llevar\u00edan a Dallas\u201d, dice.<\/p>\n<p>\u201cPronto lleg\u00f3 la camioneta, nos subimos r\u00e1pido y nos taparon la cabeza con las chamarras, nos llevaron a otra casona donde no se ve\u00eda nada y ah\u00ed nos tuvieron encerrados otros d\u00edas\u201d, agrega.<\/p>\n<p>Con el tiempo se dieron cuenta que sus captores los enga\u00f1aron. Que les hicieron creer que estaban en El Paso, Texas cuando en realidad segu\u00edan en Ciudad Ju\u00e1rez. Que nunca cruzaron el r\u00edo Bravo, sino un charco. Y que los tuvieron secuestrados, porque mientras se encontraban recluidos usaban sus celulares para llamar a sus familiares y pedirles rescate a cambio de su libertad.<\/p>\n<p>\u201cNos enga\u00f1aron, nunca nos sacaron de Ciudad Ju\u00e1rez. Le pidieron dinero a nuestras familias, cinco mil d\u00f3lares por cada persona. En mi caso pagaron 10 mil, cinco mil por m\u00ed y cinco mil por mi hija\u201d, refiere.<\/p>\n<p>Explica que mientras los ten\u00edan en la supuesta casa de El Paso, les pidieron el n\u00famero de tel\u00e9fono del familiar que pagar\u00eda por su cruce, ya que ellos mismos se encargar\u00edan de llamarles para darles las instrucciones del dep\u00f3sito.<\/p>\n<p>Mar\u00eda comenta que les dio el n\u00famero de su mam\u00e1, quien se encontraba en Guatemala a cargo de sus otros dos hijos de 9 y 8 a\u00f1os, pero como ella no ten\u00eda dinero les dio el n\u00famero de su hermana que se encontraba en Florida.<\/p>\n<p>\u201cAh\u00ed nos tuvieron hasta que lleg\u00f3 el dinero de todos. Aunque a los 10 d\u00edas nos empezamos a desesperar y preguntar por qu\u00e9 no nos sacaban si a algunos nos dijeron que nuestras familias ya hab\u00edan pagado, pero no nos hac\u00edan caso, se pon\u00edan a fumar marihuana y o\u00edr m\u00fasica\u201d, asegura.<\/p>\n<p>Explica que la desesperaci\u00f3n entre los migrantes aument\u00f3 y los reclamos subieron de tono, por lo que sus captores tambi\u00e9n tomaban medidas m\u00e1s dr\u00e1sticas en su contra, les gritaban y los castigaban dej\u00e1ndolos sin comer y hasta sin permiso para ir la ba\u00f1o.<\/p>\n<blockquote class=\"wp-block-quote\"><p>\u201cLa ni\u00f1a se me enferm\u00f3 porque no com\u00eda, no nos daban ni un pan y ella no tomaba su lechita porque ya no mandaban comprar la leche y mucho menos los pa\u00f1ales, as\u00ed que ten\u00eda que romper unos trapos o algo para ponerle\u201d, cuenta entre l\u00e1grimas mientras sostiene a su hija que a\u00fan se encuentra convaleciente.<\/p><\/blockquote>\n<p>Con dificultad para hablar por el llanto, narra que los \u00faltimos cinco d\u00edas en cautiverio fueron los peores, porque sus captores com\u00edan frente a ellos y su hija les ped\u00eda que le compartieran algo, pero la ignoraban.<\/p>\n<p>\u201cMe daba tanta l\u00e1stima porque com\u00edan pizza o pollo y la ni\u00f1a les ped\u00eda, pero no le daban, no le hac\u00edan caso, lloraba y no le daban nada, no se conmov\u00edan\u201d, cuenta.<\/p>\n<p>Cuando ya hab\u00edan pasado unos 40 d\u00edas encerrados, sus captores, a los que describe como hombres j\u00f3venes con tatuajes, se enojaron por los crecientes reclamos y les dijeron que por la noche los empezar\u00edan a sacar para trasladarlos a su destino.<\/p>\n<p>\u201cNos dijeron que nos iban a llevar a Dallas, porque se supone ya nos ten\u00edan en El Paso, as\u00ed que primero sacaron a 20, luego a otros 20 y despu\u00e9s a los otros 20. Al final me sacaron junto con otros dos muchachos y nos fueron a tirar cerca de una iglesia, tal vez porque tra\u00eda a la ni\u00f1a nos dejaron ah\u00ed y no el monte o en despoblado\u201d, considera.<\/p>\n<figure class=\"wp-block-image size-large\"><img loading=\"lazy\" decoding=\"async\" class=\"wp-image-70342\" src=\"https:\/\/piedepagina.mx\/wp-content\/uploads\/2021\/07\/Foto-1.jpeg\" sizes=\"auto, (max-width: 959px) 100vw, 959px\" srcset=\"https:\/\/piedepagina.mx\/wp-content\/uploads\/2021\/07\/Foto-1.jpeg 959w, https:\/\/piedepagina.mx\/wp-content\/uploads\/2021\/07\/Foto-1-500x176.jpeg 500w, https:\/\/piedepagina.mx\/wp-content\/uploads\/2021\/07\/Foto-1-768x271.jpeg 768w\" alt=\"\" width=\"959\" height=\"338\" \/><figcaption>Mar\u00eda y su hija.<\/figcaption><\/figure>\n<p>Al pedir ayuda en el templo se dieron cuenta que los hab\u00edan mantenido enga\u00f1ados, que segu\u00edan en Ciudad Ju\u00e1rez y no en Estados Unidos como les hicieron creer.<\/p>\n<p>Esa noche, relata, el pastor de la iglesia donde pidieron ayuda los llev\u00f3 a su casa y les dio de cenar porque ya ten\u00edan varios d\u00edas sin comer, los dej\u00f3 dormir y al siguiente d\u00eda los traslad\u00f3 a un albergue para migrantes.<\/p>\n<p>Esa noche, relata, el pastor de la iglesia donde pidieron ayuda los llev\u00f3 a su casa y les dio de cenar porque ya ten\u00edan varios d\u00edas sin comer, los dej\u00f3 dormir y al siguiente d\u00eda los traslad\u00f3 a un albergue para migrantes.<\/p>\n<p>Agrega que en el refugio al que los llevaron los pusieron a disposici\u00f3n de las autoridades de migraci\u00f3n, las que no logra identificar, y que de ah\u00ed los canalizaron a otro albergue que sus directivos piden ni siquiera mencionar por seguridad.<\/p>\n<p>\u201cEn total nos tuvieron como 40 d\u00edas encerrados, al principio cre\u00edamos que s\u00ed nos iban a llevar para all\u00e1 (a su destino), no imaginamos que fueran tan as\u00ed porque cuando nos pon\u00edamos a orar hasta uno de ellos se pon\u00eda a hacerlo con nosotros, pero despu\u00e9s fuimos perdiendo las esperanzas\u201d, dice.<\/p>\n<p>A\u00f1ade que al salir del encierro se comunic\u00f3 con su mam\u00e1, quien le coment\u00f3 que sab\u00eda que estaba secuestrada por la llamada que le hicieron para pedirle el dinero y porque despu\u00e9s, cuando ella le marcaba a su celular, ya no le contestaban.<\/p>\n<p>Mar\u00eda, quien decidi\u00f3 migrar a Estados Unidos para buscar empleo luego de que su esposo la abandon\u00f3 con sus tres hijos, dice que hizo el viaje solo con la menor porque nom\u00e1s consigui\u00f3 un pr\u00e9stamo de 120 mil quetzales (unos 300 mil pesos mexicanos) para pagar el traslado desde Guatemala hasta Florida.<\/p>\n<p>Cuenta que el viaje lo hizo con apoyo de \u201cgu\u00edas\u201d (traficantes de migrantes), a los que contrat\u00f3 en su ciudad natal. De Pet\u00e9n a Huehuetenango, Guatemala la trasladaron en cami\u00f3n y continu\u00f3 en autom\u00f3vil a Gracias de Dios, frontera con Chiapas, por donde se intern\u00f3 a M\u00e9xico y desde ah\u00ed a Ciudad Ju\u00e1rez, recorrido que hizo por carretera en camionetas que cambiaron en varias ciudades.<\/p>\n<p>Afligida porque al momento de la entrevista (realizada a mediados de marzo), su hija a\u00fan padec\u00eda las secuelas por la falta de alimento durante los d\u00edas de cautiverio, Mar\u00eda revela que al quedar en libertad de inmediato busc\u00f3 cruzar a Estados Unidos.<\/p>\n<p>Menciona que fue a uno de los puentes para entregarse a las autoridades migratorias de Estados Unidos, pero los agentes le recomendaron regresar a M\u00e9xico y esperar, porque de lo contrario podr\u00eda ser deportada a su pa\u00eds.<\/p>\n<p>\u201cMe regres\u00e9 al albergue muy triste porque no s\u00e9 cu\u00e1nto voy a estar aqu\u00ed, pero me voy a esperar, con todo lo que he sufrido ya no me devuelvo a Guatemala, me quedar\u00e9 el tiempo que sea necesario hasta saber si puedo llegar con mi hermana all\u00e1 arriba (en Florida)\u201d, confiesa.<\/p>\n<p>En el albergue reportan que despu\u00e9s de algunas semanas Mar\u00eda logr\u00f3 cruzar a Estados Unidos junto con su hija, quien se recuper\u00f3 con apoyo m\u00e9dico.<\/p>\n<p>Del secuestro que sufrieron en Ciudad Ju\u00e1rez mientras esperaban cruzar la frontera no qued\u00f3 ning\u00fan registro oficial. La migrante guatemalteca declin\u00f3 presentar la denuncia ante las autoridades por miedo y desconfianza, ya que siempre afirm\u00f3 que fueron polic\u00edas los que las entregaron a los criminales que las mantuvieron en cautiverio. Prefiri\u00f3 irse antes que buscar justicia.<\/p>\n<p><a href=\"https:\/\/laverdadjuarez.com\/micrositios\/migrantes-victimas-del-crimen\/\">https:\/\/laverdadjuarez.com\/micrositios\/migrantes-victimas-del-crimen\/<\/a><\/p>\n<\/div>\n<\/div>\n<\/div>\n","protected":false},"excerpt":{"rendered":"<p>En Ciudad Ju\u00e1rez, del 1 de enero de 2020 al 11 de mayo de 2021 tiene registradas a 443 personas migrantes que fueron v\u00edctimas de un delito durante su estancia. &hellip; <a href=\"http:\/\/www.grieta.org.mx\/index.php\/2021\/07\/21\/la-policia-nos-vendio-con-la-mafia-ciudad-juarez\/\" class=\"more-link\">Leer m\u00e1s<\/a><\/p>\n","protected":false},"author":2,"featured_media":60689,"comment_status":"closed","ping_status":"closed","sticky":false,"template":"","format":"standard","meta":{"ngg_post_thumbnail":0,"_jetpack_newsletter_access":"","_jetpack_dont_email_post_to_subs":false,"_jetpack_newsletter_tier_id":0,"_jetpack_memberships_contains_paywalled_content":false,"_jetpack_memberships_contains_paid_content":false,"footnotes":""},"categories":[12,2893,2184,1193,2],"tags":[1395,1410,1872,3575,3489],"class_list":["post-60688","post","type-post","status-publish","format-standard","has-post-thumbnail","hentry","category-chihuahua","category-crimenes-de-la-border-patrol","category-criminalizacion-de-la-pobreza-en-chihuahua","category-migrantes-en-chihuahua","category-noticias-nacionales","tag-abuso-contra-migrantes","tag-abusos-contra-migrantes","tag-agresiones-a-migrantes","tag-campamentos-de-migrantes","tag-cierre-de-fronteras","entry"],"jetpack_featured_media_url":"http:\/\/www.grieta.org.mx\/wp-content\/uploads\/2021\/07\/Cover_historia-1.jpg","jetpack_sharing_enabled":true,"jetpack_shortlink":"https:\/\/wp.me\/p7ZJR4-fMQ","jetpack_likes_enabled":false,"jetpack-related-posts":[{"id":35505,"url":"http:\/\/www.grieta.org.mx\/index.php\/2019\/06\/20\/galeria-migrantes-cruzan-el-rio-bravo-desafian-a-la-guardia-nacional-chihuahua\/","url_meta":{"origin":60688,"position":0},"title":"Galer\u00eda: Migrantes cruzan el r\u00edo Bravo, desaf\u00edan a la Guardia Nacional (Chihuahua)","author":"grieta","date":"20 junio, 2019","format":false,"excerpt":"Fotograf\u00edas: Rey R. Jauregui\/ LA VERDAD Ciudad Ju\u00e1rez \u2013 Trepados a la estructura ferroviaria binacional conocida como el puente negro o resistiendo el afluente del r\u00edo Bravo, los migrantes extranjeros contin\u00faan su trayecto hacia Estados Unido por Ciudad Ju\u00e1rez, en un franco desaf\u00edo a la custodia que mantienen elementos militarizados\u2026","rel":"","context":"En &quot;Chihuahua&quot;","block_context":{"text":"Chihuahua","link":"http:\/\/www.grieta.org.mx\/index.php\/category\/noticias-nacionales\/chihuahua\/"},"img":{"alt_text":"","src":"https:\/\/i0.wp.com\/www.grieta.org.mx\/wp-content\/uploads\/2019\/06\/Mujer-y-adolescente-migrate-Rey-R.-Jauregui-1000x600.jpeg?resize=350%2C200","width":350,"height":200,"srcset":"https:\/\/i0.wp.com\/www.grieta.org.mx\/wp-content\/uploads\/2019\/06\/Mujer-y-adolescente-migrate-Rey-R.-Jauregui-1000x600.jpeg?resize=350%2C200 1x, https:\/\/i0.wp.com\/www.grieta.org.mx\/wp-content\/uploads\/2019\/06\/Mujer-y-adolescente-migrate-Rey-R.-Jauregui-1000x600.jpeg?resize=525%2C300 1.5x, https:\/\/i0.wp.com\/www.grieta.org.mx\/wp-content\/uploads\/2019\/06\/Mujer-y-adolescente-migrate-Rey-R.-Jauregui-1000x600.jpeg?resize=700%2C400 2x"},"classes":[]},{"id":35092,"url":"http:\/\/www.grieta.org.mx\/index.php\/2019\/06\/19\/usan-militares-brazalete-de-guardia-nacional-en-patrullaje-antimigrante-en-ciudad-juarez-chihuahua\/","url_meta":{"origin":60688,"position":1},"title":"Usan militares brazalete de Guardia Nacional en patrullaje antimigrante en Ciudad Ju\u00e1rez (Chihuahua)","author":"grieta","date":"19 junio, 2019","format":false,"excerpt":"Fotos e Informaci\u00f3n: Alejandro S\u00e1nchez\/ LA VERDAD Ciudad Ju\u00e1rez \u2013 Los militares que vigilan el bordo del r\u00edo Bravo, para evitar el paso de migrantes hacia Estado Unidos, portan desde este mi\u00e9rcoles un brazalete negro con las siglas GN (Guardia Nacional) en blanco y un escudo de la nueva agrupaci\u00f3n\u2026","rel":"","context":"En &quot;Chihuahua&quot;","block_context":{"text":"Chihuahua","link":"http:\/\/www.grieta.org.mx\/index.php\/category\/noticias-nacionales\/chihuahua\/"},"img":{"alt_text":"","src":"https:\/\/i0.wp.com\/www.grieta.org.mx\/wp-content\/uploads\/2019\/06\/GN-A.-S%C3%A1nchez.jpg?resize=350%2C200","width":350,"height":200,"srcset":"https:\/\/i0.wp.com\/www.grieta.org.mx\/wp-content\/uploads\/2019\/06\/GN-A.-S%C3%A1nchez.jpg?resize=350%2C200 1x, https:\/\/i0.wp.com\/www.grieta.org.mx\/wp-content\/uploads\/2019\/06\/GN-A.-S%C3%A1nchez.jpg?resize=525%2C300 1.5x, https:\/\/i0.wp.com\/www.grieta.org.mx\/wp-content\/uploads\/2019\/06\/GN-A.-S%C3%A1nchez.jpg?resize=700%2C400 2x"},"classes":[]},{"id":35519,"url":"http:\/\/www.grieta.org.mx\/index.php\/2019\/06\/27\/galeria-guardia-nacional-extiende-muro-humano-a-zonas-semideserticas-chihuahua\/","url_meta":{"origin":60688,"position":2},"title":"Galer\u00eda: Guardia Nacional extiende \u2018muro humano\u2019 a zonas semides\u00e9rticas (Chihuahua)","author":"grieta","date":"27 junio, 2019","format":false,"excerpt":"Fotograf\u00edas: Rey R. Jauregui\/ LA VERDAD Ciudad Ju\u00e1rez \u2013 La Guardia Nacional (GN) endureci\u00f3 sus acciones para evitar el paso de migrantes hacia Estados Unidos al extender su patrullaje m\u00e1s all\u00e1 del r\u00edo Bravo, colocando vigilancia en la zona fronteriza entre Anapra, Ciudad Ju\u00e1rez y Sunland Park, Nuevo M\u00e9xico. Elementos\u2026","rel":"","context":"En &quot;Chihuahua&quot;","block_context":{"text":"Chihuahua","link":"http:\/\/www.grieta.org.mx\/index.php\/category\/noticias-nacionales\/chihuahua\/"},"img":{"alt_text":"","src":"https:\/\/i0.wp.com\/www.grieta.org.mx\/wp-content\/uploads\/2019\/06\/Militares-en-el-Muro-Rey-R.-Jauregui.jpeg?resize=350%2C200","width":350,"height":200,"srcset":"https:\/\/i0.wp.com\/www.grieta.org.mx\/wp-content\/uploads\/2019\/06\/Militares-en-el-Muro-Rey-R.-Jauregui.jpeg?resize=350%2C200 1x, https:\/\/i0.wp.com\/www.grieta.org.mx\/wp-content\/uploads\/2019\/06\/Militares-en-el-Muro-Rey-R.-Jauregui.jpeg?resize=525%2C300 1.5x, https:\/\/i0.wp.com\/www.grieta.org.mx\/wp-content\/uploads\/2019\/06\/Militares-en-el-Muro-Rey-R.-Jauregui.jpeg?resize=700%2C400 2x, https:\/\/i0.wp.com\/www.grieta.org.mx\/wp-content\/uploads\/2019\/06\/Militares-en-el-Muro-Rey-R.-Jauregui.jpeg?resize=1050%2C600 3x"},"classes":[]},{"id":35319,"url":"http:\/\/www.grieta.org.mx\/index.php\/2019\/06\/22\/a-las-puertas-de-estados-unidos-mexico-persigue-y-detiene-a-migrantes-chihuahua\/","url_meta":{"origin":60688,"position":3},"title":"A las puertas de Estados Unidos, M\u00e9xico persigue y detiene a migrantes (Chihuahua)","author":"grieta","date":"22 junio, 2019","format":false,"excerpt":"Los extranjeros indocumentados que llegan a la frontera por Ciudad Ju\u00e1rez son perseguidos en el bordo del r\u00edo Bravo por militares en la Guardia Nacional, quienes los detienen y entregan a oficiales de Migraci\u00f3n para evitar su paso a territorio estadunidense. Texto y Fotos: Rey R. Jauregui \/ LA VERDAD\/\u2026","rel":"","context":"En &quot;Chihuahua&quot;","block_context":{"text":"Chihuahua","link":"http:\/\/www.grieta.org.mx\/index.php\/category\/noticias-nacionales\/chihuahua\/"},"img":{"alt_text":"","src":"https:\/\/i0.wp.com\/www.grieta.org.mx\/wp-content\/uploads\/2019\/06\/Detenidas.jpeg?resize=350%2C200","width":350,"height":200,"srcset":"https:\/\/i0.wp.com\/www.grieta.org.mx\/wp-content\/uploads\/2019\/06\/Detenidas.jpeg?resize=350%2C200 1x, https:\/\/i0.wp.com\/www.grieta.org.mx\/wp-content\/uploads\/2019\/06\/Detenidas.jpeg?resize=525%2C300 1.5x, https:\/\/i0.wp.com\/www.grieta.org.mx\/wp-content\/uploads\/2019\/06\/Detenidas.jpeg?resize=700%2C400 2x, https:\/\/i0.wp.com\/www.grieta.org.mx\/wp-content\/uploads\/2019\/06\/Detenidas.jpeg?resize=1050%2C600 3x"},"classes":[]},{"id":42934,"url":"http:\/\/www.grieta.org.mx\/index.php\/2020\/01\/09\/policia-mexicana-amenaza-a-migrantes-con-separar-a-padres-de-sus-hijos-en-ciudad-juarez\/","url_meta":{"origin":60688,"position":4},"title":"Polic\u00eda mexicana amenaza a migrantes con separar a padres de sus hijos en Ciudad Ju\u00e1rez","author":"grieta","date":"9 enero, 2020","format":false,"excerpt":"Forbes Reuters.- Autoridades mexicanas retiraron a casi 100 migrantes que buscan asilo en Estados Unidos de un campamento en Ciudad Ju\u00e1rez, en la frontera con El Paso, Texas, seg\u00fan un testigo de Reuters, luego de que la polic\u00eda estatal amenaz\u00f3 con separar a los padres de sus hijos. El operativo\u2026","rel":"","context":"En &quot;Chihuahua&quot;","block_context":{"text":"Chihuahua","link":"http:\/\/www.grieta.org.mx\/index.php\/category\/noticias-nacionales\/chihuahua\/"},"img":{"alt_text":"","src":"https:\/\/i0.wp.com\/www.grieta.org.mx\/wp-content\/uploads\/2020\/01\/Migrantes-640x360.jpg?resize=350%2C200","width":350,"height":200,"srcset":"https:\/\/i0.wp.com\/www.grieta.org.mx\/wp-content\/uploads\/2020\/01\/Migrantes-640x360.jpg?resize=350%2C200 1x, https:\/\/i0.wp.com\/www.grieta.org.mx\/wp-content\/uploads\/2020\/01\/Migrantes-640x360.jpg?resize=525%2C300 1.5x"},"classes":[]},{"id":20135,"url":"http:\/\/www.grieta.org.mx\/index.php\/2016\/08\/15\/denuncian-a-retenes-antimigrantes-despojan-a-migrantes-de-sus-pertenencias-en-chihuahua\/","url_meta":{"origin":60688,"position":5},"title":"Denuncian a retenes \u2018antimigrantes\u2019; despojan a migrantes de sus pertenencias en Chihuahua","author":"grieta","date":"15 agosto, 2016","format":false,"excerpt":"El Z\u00f3calo de Saltillo Chihuahua.- El presb\u00edtero Francisco Javier Calvillo de la Casa de Migrante en Ciudad Ju\u00e1rez denunci\u00f3 la instalaci\u00f3n de retenes en el estado de Chihuahua donde los migrantes son asaltados, desconociendo si estos bloqueos son implementados por corporaciones en la entidad chihuahuense. Una cadena televisiva internacional inform\u00f3\u2026","rel":"","context":"En &quot;CINTILLO&quot;","block_context":{"text":"CINTILLO","link":"http:\/\/www.grieta.org.mx\/index.php\/category\/cintillo\/"},"img":{"alt_text":"","src":"https:\/\/i0.wp.com\/www.grieta.org.mx\/wp-content\/uploads\/2018\/03\/14524434_1106112876131411_958039263622046936_o.jpg?resize=350%2C200","width":350,"height":200,"srcset":"https:\/\/i0.wp.com\/www.grieta.org.mx\/wp-content\/uploads\/2018\/03\/14524434_1106112876131411_958039263622046936_o.jpg?resize=350%2C200 1x, https:\/\/i0.wp.com\/www.grieta.org.mx\/wp-content\/uploads\/2018\/03\/14524434_1106112876131411_958039263622046936_o.jpg?resize=525%2C300 1.5x, https:\/\/i0.wp.com\/www.grieta.org.mx\/wp-content\/uploads\/2018\/03\/14524434_1106112876131411_958039263622046936_o.jpg?resize=700%2C400 2x"},"classes":[]}],"_links":{"self":[{"href":"http:\/\/www.grieta.org.mx\/index.php\/wp-json\/wp\/v2\/posts\/60688","targetHints":{"allow":["GET"]}}],"collection":[{"href":"http:\/\/www.grieta.org.mx\/index.php\/wp-json\/wp\/v2\/posts"}],"about":[{"href":"http:\/\/www.grieta.org.mx\/index.php\/wp-json\/wp\/v2\/types\/post"}],"author":[{"embeddable":true,"href":"http:\/\/www.grieta.org.mx\/index.php\/wp-json\/wp\/v2\/users\/2"}],"replies":[{"embeddable":true,"href":"http:\/\/www.grieta.org.mx\/index.php\/wp-json\/wp\/v2\/comments?post=60688"}],"version-history":[{"count":1,"href":"http:\/\/www.grieta.org.mx\/index.php\/wp-json\/wp\/v2\/posts\/60688\/revisions"}],"predecessor-version":[{"id":60690,"href":"http:\/\/www.grieta.org.mx\/index.php\/wp-json\/wp\/v2\/posts\/60688\/revisions\/60690"}],"wp:featuredmedia":[{"embeddable":true,"href":"http:\/\/www.grieta.org.mx\/index.php\/wp-json\/wp\/v2\/media\/60689"}],"wp:attachment":[{"href":"http:\/\/www.grieta.org.mx\/index.php\/wp-json\/wp\/v2\/media?parent=60688"}],"wp:term":[{"taxonomy":"category","embeddable":true,"href":"http:\/\/www.grieta.org.mx\/index.php\/wp-json\/wp\/v2\/categories?post=60688"},{"taxonomy":"post_tag","embeddable":true,"href":"http:\/\/www.grieta.org.mx\/index.php\/wp-json\/wp\/v2\/tags?post=60688"}],"curies":[{"name":"wp","href":"https:\/\/api.w.org\/{rel}","templated":true}]}}