{"id":60634,"date":"2021-07-14T16:52:35","date_gmt":"2021-07-14T21:52:35","guid":{"rendered":"https:\/\/www.grieta.org.mx\/?p=60634"},"modified":"2021-07-19T16:58:43","modified_gmt":"2021-07-19T21:58:43","slug":"protestan-empleados-del-ic-campeche","status":"publish","type":"post","link":"http:\/\/www.grieta.org.mx\/index.php\/2021\/07\/14\/protestan-empleados-del-ic-campeche\/","title":{"rendered":"Protestan empleados del IC (Campeche)"},"content":{"rendered":"<p>Novedades Campeche<\/p>\n<blockquote><p>Los manifestantes dijeron que no aceptar\u00e1n que este a\u00f1o se les niegue el incremento anual que por ley les corresponde<\/p><\/blockquote>\n<p>.<\/p>\n<p>Tras ser notificados que en este 2021 no recibir\u00e1n aumento salarial, trabajadores en activo, jubilados y pensionados del Instituto Campechano encabezaron ayer una protesta en la que afirmaron que defender\u00e1n lo que les corresponde por ley y que incluso estar\u00edan dispuestos a aceptar el mismo incremento otorgado el a\u00f1o anterior, que fue del 1.9 por ciento.<\/p>\n<p>Apostados en la entrada principal del benem\u00e9rito colegio, ayer por la ma\u00f1ana, encabezados por Vicente Ram\u00f3n Guzm\u00e1n Vega, presidente de la Asociaci\u00f3n de Jubilados y Pensionados \u201cTom\u00e1s Aznar Barbachano\u201d y de Juan Manuel Pacheco Canto, quien dijo representar a los trabajadores en activo, explicaron que el incremento salarial es un derecho que les corresponden por ley, establecido en el contrato colectivo de trabajo, por lo que no es aceptable ni justificable que les digan que este a\u00f1o no recibir\u00e1n aumento.<\/p>\n<p>Se\u00f1alaron que no es v\u00e1lido el argumento del rector Gerardo Montero P\u00e9rez es que en el presupuesto 2021 para el Instituto Campechano fue el mismo que el del a\u00f1o pasado, 141 millones de pesos, puesto que en principio debe respetar lo que establece la Ley Federal del Trabajo que exige garantizar el cumplimiento del contrato colectivo de trabajo, en donde se establece el aumento salarial.<\/p>\n<p>Agreg\u00f3 que si el presupuesto es el mismo, lo conducentes es que solicite una ampliaci\u00f3n presupuestal para cumplir con los trabajados, o bien reajustar su presupuesto para el mismo efecto, toda vez que desde el inicio de la pandemia la instituci\u00f3n reporta ahorros importantes en cuanto al gasto de energ\u00eda el\u00e9ctrica, mantenimiento de equipos, entre otros insumos.<\/p>\n<p>Aclararon que no est\u00e1n solicitando que se les respete el 1.9 de aumento que se les otorg\u00f3 el a\u00f1o pasado, pues que se entiende ya es pagado por la instituci\u00f3n en el periodo que corresponde como a la fecha, sino que se trata del incremento salarial anual que les corresponde por ley.<\/p>\n<p>Recordaron que de acuerdo a lo establecido en el contrato colectivo, a los trabajadores del Instituto Campechano les corresponde el mismo incremento salarial que se otorga a los de la Universidad Aut\u00f3noma de Campeche, Universidad Aut\u00f3noma del Carmen y otras instituciones de educaci\u00f3n media y superior en la entidad, que es del 3.4 por ciento.<\/p>\n<p>Sin embargo, recalcaron que comprendieron las razones que les dio el rector el a\u00f1o pasado y aceptaron el 1.9 por ciento, por lo que no aceptar\u00e1n que este 2021 se les niegue el incremento anual correspondiente, aunque comentaron estar\u00edan dispuestos a aceptar el mismo porcentaje.<br \/>\nSIN AUMENTO AL PRESUPUESTO<\/p>\n<p>El vocero del Instituto Campechano, David Blanco Gonz\u00e1lez, atendi\u00f3 a los medios que daban cobertura a la protesta y reiter\u00f3 la posici\u00f3n del Instituto Campechano, con el argumento de que este 2021, el presupuesto no registr\u00f3 ning\u00fan aumento.<\/p>\n<p>\u201cEl cap\u00edtulo 1000 que se refiere exclusivamente a salarios y prestaciones, en el a\u00f1o 2021, no hubo ning\u00fan incremento al presupuesto. Estamos trabajando con los mismos recursos, con las mismas cantidades, por lo cual no se puede hacer en este momento un aumento\u201d, expuso.<\/p>\n<p><a href=\"https:\/\/www.novedadescampeche.com.mx\/estado\/campeche\/protestan-empleados-del-ic\/\" rel=\"noopener\" target=\"_blank\">https:\/\/www.novedadescampeche.com.mx\/estado\/campeche\/protestan-empleados-del-ic\/<\/a><\/p>\n","protected":false},"excerpt":{"rendered":"<p>Novedades Campeche Los manifestantes dijeron que no aceptar\u00e1n que este a\u00f1o se les niegue el incremento anual que por ley les corresponde . Tras ser notificados que en este 2021 &hellip; <a href=\"http:\/\/www.grieta.org.mx\/index.php\/2021\/07\/14\/protestan-empleados-del-ic-campeche\/\" class=\"more-link\">Leer m\u00e1s<\/a><\/p>\n","protected":false},"author":2,"featured_media":60635,"comment_status":"closed","ping_status":"closed","sticky":false,"template":"","format":"standard","meta":{"ngg_post_thumbnail":0,"_jetpack_newsletter_access":"","_jetpack_dont_email_post_to_subs":false,"_jetpack_newsletter_tier_id":0,"_jetpack_memberships_contains_paywalled_content":false,"_jetpack_memberships_contains_paid_content":false,"footnotes":""},"categories":[11,80,1040,2],"tags":[113,105],"class_list":["post-60634","post","type-post","status-publish","format-standard","has-post-thumbnail","hentry","category-campeche","category-cintillo","category-conflictos-laborales-en-campeche","category-noticias-nacionales","tag-conflictos-laborales","tag-derechos-laborales","entry"],"jetpack_featured_media_url":"http:\/\/www.grieta.org.mx\/wp-content\/uploads\/2021\/07\/13HC-Planton-de-jubilados-y-pensionados-del-Instituto-Campechano-3.jpg","jetpack_sharing_enabled":true,"jetpack_shortlink":"https:\/\/wp.me\/p7ZJR4-fLY","jetpack_likes_enabled":false,"jetpack-related-posts":[{"id":67383,"url":"http:\/\/www.grieta.org.mx\/index.php\/2023\/08\/03\/rectora-de-la-unacar-se-da-a-la-fuga-tras-manifestacion-de-sindicalizados-campeche\/","url_meta":{"origin":60634,"position":0},"title":"Rectora de la Unacar se da a la fuga tras manifestaci\u00f3n de sindicalizados (Campeche)","author":"grieta","date":"3 agosto, 2023","format":false,"excerpt":"Por Esto! As\u00ed huy\u00f3 la rectora de la Universidad Aut\u00f3noma del Carmen (Unacar), Sandra Martha Laff\u00f3n Leal, despu\u00e9s de que los extrabajadores cerraron los accesos a la rector\u00eda con candados y cadenas, en protesta por la falta de pago de hasta 14 quincenas Es decir, que la mayor\u00eda de los\u2026","rel":"","context":"En &quot;Campeche&quot;","block_context":{"text":"Campeche","link":"http:\/\/www.grieta.org.mx\/index.php\/category\/noticias-nacionales\/campeche\/"},"img":{"alt_text":"","src":"https:\/\/i0.wp.com\/www.grieta.org.mx\/wp-content\/uploads\/2023\/08\/Unacar-e1691365545385.jpg?resize=350%2C200","width":350,"height":200,"srcset":"https:\/\/i0.wp.com\/www.grieta.org.mx\/wp-content\/uploads\/2023\/08\/Unacar-e1691365545385.jpg?resize=350%2C200 1x, https:\/\/i0.wp.com\/www.grieta.org.mx\/wp-content\/uploads\/2023\/08\/Unacar-e1691365545385.jpg?resize=525%2C300 1.5x, https:\/\/i0.wp.com\/www.grieta.org.mx\/wp-content\/uploads\/2023\/08\/Unacar-e1691365545385.jpg?resize=700%2C400 2x"},"classes":[]},{"id":67964,"url":"http:\/\/www.grieta.org.mx\/index.php\/2023\/10\/18\/jubilados-toman-la-rectoria-de-la-unacar-campeche\/","url_meta":{"origin":60634,"position":1},"title":"Jubilados toman la Rector\u00eda de la Unacar (Campeche)","author":"grieta","date":"18 octubre, 2023","format":false,"excerpt":"CARMEN. \u201cSi las autoridades universitarias han perdido el poder de gesti\u00f3n o no pueden trabajar en nuestro beneficio, que se vayan\u201d, exigieron los trabajadores jubilados y pensionados de la Universidad Aut\u00f3noma del Carmen (Unacar), al tomar las instalaciones de la Rector\u00eda de la maxima casa de estudios en demanda del\u2026","rel":"","context":"En &quot;Campeche&quot;","block_context":{"text":"Campeche","link":"http:\/\/www.grieta.org.mx\/index.php\/category\/noticias-nacionales\/campeche\/"},"img":{"alt_text":"","src":"https:\/\/i0.wp.com\/www.grieta.org.mx\/wp-content\/uploads\/2023\/10\/Jubilados-e1697896122422.jpg?resize=350%2C200","width":350,"height":200,"srcset":"https:\/\/i0.wp.com\/www.grieta.org.mx\/wp-content\/uploads\/2023\/10\/Jubilados-e1697896122422.jpg?resize=350%2C200 1x, https:\/\/i0.wp.com\/www.grieta.org.mx\/wp-content\/uploads\/2023\/10\/Jubilados-e1697896122422.jpg?resize=525%2C300 1.5x, https:\/\/i0.wp.com\/www.grieta.org.mx\/wp-content\/uploads\/2023\/10\/Jubilados-e1697896122422.jpg?resize=700%2C400 2x"},"classes":[]},{"id":25560,"url":"http:\/\/www.grieta.org.mx\/index.php\/2018\/08\/15\/exigen-incremento-salarial-jubilados-y-pensionados-del-ic-campeche\/","url_meta":{"origin":60634,"position":2},"title":"Exigen incremento salarial jubilados y pensionados del IC (Campeche)","author":"grieta","date":"15 agosto, 2018","format":false,"excerpt":"Jubilados y pensionados del Instituto Campechano, encabezados por el presidente de esta agrupaci\u00f3n, Vicente Ram\u00f3n Guzm\u00e1n Vega, se manifestaron en el edificio central de esta instituci\u00f3n, solicitando al rector Fernando Sandoval Castellanos un incremento salarial. \u201c\u00c9l pensar\u00e1 que 2.5 que se nos otorg\u00f3 es mucho, pero para un intendente no\u2026","rel":"","context":"En &quot;Campeche&quot;","block_context":{"text":"Campeche","link":"http:\/\/www.grieta.org.mx\/index.php\/category\/noticias-nacionales\/campeche\/"},"img":{"alt_text":"","src":"https:\/\/i0.wp.com\/www.grieta.org.mx\/wp-content\/uploads\/2018\/08\/jubilado-pensionado-34522.jpg?resize=350%2C200","width":350,"height":200,"srcset":"https:\/\/i0.wp.com\/www.grieta.org.mx\/wp-content\/uploads\/2018\/08\/jubilado-pensionado-34522.jpg?resize=350%2C200 1x, https:\/\/i0.wp.com\/www.grieta.org.mx\/wp-content\/uploads\/2018\/08\/jubilado-pensionado-34522.jpg?resize=525%2C300 1.5x, https:\/\/i0.wp.com\/www.grieta.org.mx\/wp-content\/uploads\/2018\/08\/jubilado-pensionado-34522.jpg?resize=700%2C400 2x"},"classes":[]},{"id":21239,"url":"http:\/\/www.grieta.org.mx\/index.php\/2016\/09\/09\/jubilados-exigen-pago-de-bonos-campeche\/","url_meta":{"origin":60634,"position":3},"title":"Jubilados exigen pago de bonos (Campeche)","author":"grieta","date":"9 septiembre, 2016","format":false,"excerpt":"Jubilados y pensionados del Issste se manifestaron a las puertas de la delegaci\u00f3n para exigir el pago de los conceptos 02 y 03 de previsi\u00f3n social m\u00faltiple y bono de despensa conforme lo establece la ley y que les adeudan desde el 2008. Portando pancartas los integrantes de la Coalici\u00f3n\u2026","rel":"","context":"En &quot;Campeche&quot;","block_context":{"text":"Campeche","link":"http:\/\/www.grieta.org.mx\/index.php\/category\/noticias-nacionales\/campeche\/"},"img":{"alt_text":"","src":"https:\/\/i0.wp.com\/www.grieta.org.mx\/wp-content\/uploads\/2018\/03\/14524434_1106112876131411_958039263622046936_o.jpg?resize=350%2C200","width":350,"height":200,"srcset":"https:\/\/i0.wp.com\/www.grieta.org.mx\/wp-content\/uploads\/2018\/03\/14524434_1106112876131411_958039263622046936_o.jpg?resize=350%2C200 1x, https:\/\/i0.wp.com\/www.grieta.org.mx\/wp-content\/uploads\/2018\/03\/14524434_1106112876131411_958039263622046936_o.jpg?resize=525%2C300 1.5x, https:\/\/i0.wp.com\/www.grieta.org.mx\/wp-content\/uploads\/2018\/03\/14524434_1106112876131411_958039263622046936_o.jpg?resize=700%2C400 2x"},"classes":[]},{"id":59216,"url":"http:\/\/www.grieta.org.mx\/index.php\/2021\/05\/04\/campeche-jubilados-de-pemex-exigen-pago-completo-de-prestaciones\/","url_meta":{"origin":60634,"position":4},"title":"Campeche: Jubilados de Pemex exigen pago completo de prestaciones","author":"grieta","date":"4 mayo, 2021","format":false,"excerpt":"Pablo Puerto \/ Yucat\u00e1n a la Mano Grupo representativo en Campeche de Jubilados y Pensionados de Petr\u00f3leos Mexicanos (Pemex), exigen a la Junta Especial Federal de Conciliaci\u00f3n y Arbitraje, la calificaci\u00f3n de su demanda en contra de la paraestatal, pues desde 2015 se niega a pagar incrementos en las prestaciones\u2026","rel":"","context":"En &quot;Campeche&quot;","block_context":{"text":"Campeche","link":"http:\/\/www.grieta.org.mx\/index.php\/category\/noticias-nacionales\/campeche\/"},"img":{"alt_text":"","src":"https:\/\/i0.wp.com\/www.grieta.org.mx\/wp-content\/uploads\/2021\/05\/JubiladosPemex.png?resize=350%2C200","width":350,"height":200,"srcset":"https:\/\/i0.wp.com\/www.grieta.org.mx\/wp-content\/uploads\/2021\/05\/JubiladosPemex.png?resize=350%2C200 1x, https:\/\/i0.wp.com\/www.grieta.org.mx\/wp-content\/uploads\/2021\/05\/JubiladosPemex.png?resize=525%2C300 1.5x, https:\/\/i0.wp.com\/www.grieta.org.mx\/wp-content\/uploads\/2021\/05\/JubiladosPemex.png?resize=700%2C400 2x"},"classes":[]},{"id":67735,"url":"http:\/\/www.grieta.org.mx\/index.php\/2023\/09\/14\/en-ciudad-del-carmen-jubilados-de-la-unacar-exigen-pagos-atrasados-campeche\/","url_meta":{"origin":60634,"position":5},"title":"En Ciudad del Carmen, jubilados de la Unacar exigen pagos atrasados (Campeche)","author":"grieta","date":"14 septiembre, 2023","format":false,"excerpt":"Un grupo de jubilados y pensionados de la Universidad Aut\u00f3noma del Carmen marcharon del Sindicato \u00danico de Trabajadores de la Unacar (Sutunacar) hasta rector\u00eda para exigir a las autoridades universitarias, encabezadas por Sandra Martha Laff\u00f3n Leal, como rectora, que cumpla con el pago de quincenas atrasadas, pues hay algunos a\u2026","rel":"","context":"En &quot;Campeche&quot;","block_context":{"text":"Campeche","link":"http:\/\/www.grieta.org.mx\/index.php\/category\/noticias-nacionales\/campeche\/"},"img":{"alt_text":"","src":"https:\/\/i0.wp.com\/www.grieta.org.mx\/wp-content\/uploads\/2023\/09\/CDCarmen-e1694802785883.jpg?resize=350%2C200","width":350,"height":200,"srcset":"https:\/\/i0.wp.com\/www.grieta.org.mx\/wp-content\/uploads\/2023\/09\/CDCarmen-e1694802785883.jpg?resize=350%2C200 1x, https:\/\/i0.wp.com\/www.grieta.org.mx\/wp-content\/uploads\/2023\/09\/CDCarmen-e1694802785883.jpg?resize=525%2C300 1.5x, https:\/\/i0.wp.com\/www.grieta.org.mx\/wp-content\/uploads\/2023\/09\/CDCarmen-e1694802785883.jpg?resize=700%2C400 2x"},"classes":[]}],"_links":{"self":[{"href":"http:\/\/www.grieta.org.mx\/index.php\/wp-json\/wp\/v2\/posts\/60634","targetHints":{"allow":["GET"]}}],"collection":[{"href":"http:\/\/www.grieta.org.mx\/index.php\/wp-json\/wp\/v2\/posts"}],"about":[{"href":"http:\/\/www.grieta.org.mx\/index.php\/wp-json\/wp\/v2\/types\/post"}],"author":[{"embeddable":true,"href":"http:\/\/www.grieta.org.mx\/index.php\/wp-json\/wp\/v2\/users\/2"}],"replies":[{"embeddable":true,"href":"http:\/\/www.grieta.org.mx\/index.php\/wp-json\/wp\/v2\/comments?post=60634"}],"version-history":[{"count":1,"href":"http:\/\/www.grieta.org.mx\/index.php\/wp-json\/wp\/v2\/posts\/60634\/revisions"}],"predecessor-version":[{"id":60637,"href":"http:\/\/www.grieta.org.mx\/index.php\/wp-json\/wp\/v2\/posts\/60634\/revisions\/60637"}],"wp:featuredmedia":[{"embeddable":true,"href":"http:\/\/www.grieta.org.mx\/index.php\/wp-json\/wp\/v2\/media\/60635"}],"wp:attachment":[{"href":"http:\/\/www.grieta.org.mx\/index.php\/wp-json\/wp\/v2\/media?parent=60634"}],"wp:term":[{"taxonomy":"category","embeddable":true,"href":"http:\/\/www.grieta.org.mx\/index.php\/wp-json\/wp\/v2\/categories?post=60634"},{"taxonomy":"post_tag","embeddable":true,"href":"http:\/\/www.grieta.org.mx\/index.php\/wp-json\/wp\/v2\/tags?post=60634"}],"curies":[{"name":"wp","href":"https:\/\/api.w.org\/{rel}","templated":true}]}}