{"id":6062,"date":"2016-03-12T04:02:02","date_gmt":"2016-03-12T04:02:02","guid":{"rendered":"http:\/\/50.22.11.12\/~grietaor\/?p=6062"},"modified":"2018-07-06T20:43:57","modified_gmt":"2018-07-07T01:43:57","slug":"omision-de-autoridades-en-tlaxcala-ha-permitido-que-en-35-municipios-haya-redes-de-trata-hay-politica-de-simulacion-en-torno-al-fenomeno","status":"publish","type":"post","link":"http:\/\/www.grieta.org.mx\/index.php\/2016\/03\/12\/omision-de-autoridades-en-tlaxcala-ha-permitido-que-en-35-municipios-haya-redes-de-trata-hay-politica-de-simulacion-en-torno-al-fenomeno\/","title":{"rendered":"Omisi\u00f3n de autoridades en Tlaxcala ha permitido que en 35 municipios haya redes de trata; \u201chay pol\u00edtica de simulaci\u00f3n en torno al fen\u00f3meno\u201d"},"content":{"rendered":"<p>Edgar Rosas\/Revoluci\u00f3n Tres Punto Cero<\/p>\n<p>El fen\u00f3meno de la desaparici\u00f3n de ni\u00f1as y mujeres en Tlaxcala, que est\u00e1 relacionado con las redes de trata que imperan en la entidad, ha crecido de manera alarmante en los \u00faltimos a\u00f1os. Esta problem\u00e1tica se ha incrementado por la omisi\u00f3n de las autoridades, que no investigan, y en muchos casos est\u00e1n involucradas.<\/p>\n<p>As\u00ed lo manifest\u00f3 Emilio Mu\u00f1os, integrante del Centro de Derechos Humanos Fray Juli\u00e1n Garc\u00e9s, organizaci\u00f3n de Tlaxcala que ha dado seguimiento al tema y denunciado los altos \u00edndices de desapariciones y el crecimiento del fen\u00f3meno de la trata en la entidad.<\/p>\n<p>El defensor consider\u00f3 que en el estado se ha desarrollado una pol\u00edtica de simulaci\u00f3n, en donde las autoridades reconocen que existe un problema severo, pero que en la pr\u00e1ctica no han emprendido acciones eficaces para resolver el fen\u00f3meno.<\/p>\n<p>Record\u00f3 que estudios realizados por acad\u00e9micos y organizaciones internacionales han ubicado a Tlaxcala como \u201cla capital de la trata\u201d. Adem\u00e1s que en los \u00faltimos a\u00f1os las redes dedicadas al comercio de mujeres y ni\u00f1as con fines de explotaci\u00f3n sexual se han fortalecido, cubriendo m\u00e1s municipios de la entidad.<\/p>\n<p>\u201cLa trata de mujeres, seg\u00fan investigaciones de acad\u00e9micos, se ha desarrollado desde los a\u00f1os cincuenta en la entidad. Durante todo este periodo, las autoridades no han hecho nada, de tal forma que la omisi\u00f3n del gobierno ha permitido la expansi\u00f3n de operaciones de las redes de trata a nivel nacional e internacional.<\/p>\n<p>\u201cSi ustedes revisan las p\u00e1ginas de EEUU, algunos de los tratantes m\u00e1s buscados son de Tlaxcala. Tan s\u00f3lo el actual gobierno de Tlaxcala tiene 185 denuncias por trata, y la mayor\u00eda de ellas no se han investigado, en lugar de abrir averiguaci\u00f3n previa s\u00f3lo se han establecido actas circunstanciadas\u201d, expuso.<\/p>\n<p>De acuerdo con Emilio Mu\u00f1os, la trata se ha desarrollado de manera m\u00e1s fuerte al sur de la entidad. Se\u00f1al\u00f3 que el fortalecimiento de las redes ha sido tal, que en la actualidad se observa en 35 municipios, es decir, poco m\u00e1s de la mitad del total de ayuntamientos que posee esta demarcaci\u00f3n.<\/p>\n<p>\u201cEs preocupante la inacci\u00f3n gubernamental frente al fen\u00f3meno; esta omisi\u00f3n ha generado que de 2008 a la fecha el problema de la trata se haya extendido a 12 municipios. Es decir, en 2008 se documentaban 23 municipios, y para 2014 un estudio de nuestro Centro hablaba de 35 municipios con redes de trata.<\/p>\n<p>\u201cEl municipio de San Pablo del Monte es uno de los que tiene los mayores \u00edndices de trata, es uno de donde operan redes internacionales y este contexto vuelve altamente vulnerable a las mujeres y ni\u00f1as\u201d, apunt\u00f3.<\/p>\n<p>El defensor habl\u00f3 sobre el caso de Karla Romero Tezmol, una ni\u00f1a de 11 a\u00f1os de edad desaparecida en San Pablo del Monte el pasado 13 de enero de 2016. Destac\u00f3 que, a pesar del discurso oficial, el caso no es aislado, y en los \u00faltimos meses, en esa regi\u00f3n, se han presentado casos de desaparici\u00f3n que podr\u00edan estar relacionados con la trata.<\/p>\n<p>En este sentido, a\u00f1adi\u00f3 que el caso de esta menor de origen ind\u00edgena refleja el actuar de las autoridades ante los casos de desaparici\u00f3n, en donde no se investiga el fen\u00f3meno aun cuando hay indicios de un posible v\u00ednculo con explotaci\u00f3n sexual.<\/p>\n<p>\u201cEl caso de Karla no es el \u00fanico caso de desaparici\u00f3n, hay otras mujeres desaparecidas; alguna otra vecina de ella desapareci\u00f3 a principios de a\u00f1o. Estas situaciones son sumamente graves y hay una acci\u00f3n sistem\u00e1tica del gobierno de simulaci\u00f3n en el sentido de decir que reconoce los problemas, pero en la pr\u00e1ctica no est\u00e1 permitiendo el acceso a la protecci\u00f3n, y a la justicia.\u201d<\/p>\n<p>El integrante del Centro de Derechos Humanos Fray Juli\u00e1n Garc\u00e9s destac\u00f3 que las redes de trata que operan en Tlaxcala tienen presencia en por lo menos 15 estados de la Rep\u00fablica, adem\u00e1s de Estados Unidos, en donde Nueva York es uno de los focos rojos.<\/p>\n<p>Reiter\u00f3 que las autoridades han desplegado una \u201cpol\u00edtica de simulaci\u00f3n\u201d, pues a pesar de haber programas y marcos legales, el fen\u00f3meno persiste. Adem\u00e1s, lament\u00f3 que no exista un registro puntual de las v\u00edctimas.<\/p>\n<p>\u201cEl problema fundamental con esto que hemos llamado la pol\u00edtica de simulaci\u00f3n de los gobiernos, tiene que ver fundamentalmente con tener en el discurso p\u00fablico en donde se reconoce el problema, con aprobar leyes, programas, pero en la pr\u00e1ctica no ejecutarlos.<\/p>\n<p>\u201cActualmente este gobierno tiene 185 denuncias; de ellas el 69.2% las dejaron como actas circunstanciadas, por lo que no hay procesos de investigaci\u00f3n; de estas 185, s\u00f3lo se alcanzaron 12 sentencias en todo el periodo de gobierno que est\u00e1 por concluir en diciembre.<\/p>\n<p>\u201cEsta es una realidad bastante preocupante. Hemos visto que las familias cada vez denuncian menos por esta inacci\u00f3n, por lo que se supondr\u00eda que la cifra de v\u00edctimas es mucho mayor\u201d, apunt\u00f3.<\/p>\n<p>Expuso que ante este panorama el nivel de impunidad es alto. Se\u00f1al\u00f3 que las pocas detenciones que se han logrado en contra de tratantes son por operativos impulsados por Estados Unidos.<\/p>\n<p>\u201cLo que est\u00e1 pasando en la pr\u00e1ctica es que no se est\u00e1n operando las leyes. Hay una inacci\u00f3n gubernamental, por esos la importancia de que haya una comparecencia p\u00fablica de la procuradora.\u201d<\/p>\n<p>Asimismo, el defensor se\u00f1al\u00f3 que la complicidad de autoridades ha quedado evidenciado. Dijo que por lo menos funcionarios del nivel municipal han sido se\u00f1alados, y en otros casos detenidos, por ser parte de redes de trata.<\/p>\n<p>\u201cS\u00ed hay vinculaciones y esto ha sido p\u00fablico, porque han detenido a personal que era polic\u00eda municipal y se hab\u00eda dedicado a la trata por muchos a\u00f1os. Al Coordinador de Ecolog\u00eda de San Pablo del Monte, hace algunos a\u00f1os fue detenido por vinculaci\u00f3n con trata. A nivel municipal si es bastante claro; en otros niveles bastar\u00eda investigar si hay esa condici\u00f3n.\u201d<\/p>\n<p>Por otro lado, de acuerdo con la abogada Karla Michel Salas, la propia Comisi\u00f3n Nacional de los Derechos Humanos (CNDH), as\u00ed como la Fiscal\u00eda Especial para los Delitos de Violencia contra las Mujeres y Trata de Personas (Fevimtra), tienen conocimiento del panorama que impera en Tlaxcala.<\/p>\n<p>Dijo que la CNDH ha identificado las cuatro rutas de trata existentes en Tlaxcala, adem\u00e1s que la Fevimtra ha rescatado a mujeres y ni\u00f1as de redes de trata, que en un inicio fueron reportadas como desaparecidas.<\/p>\n<p>\u201cLa CNDH y Fevimtra, en sus informes 2014, son muy claros en las operaciones que han realizado en Tlaxcala y particularmente en los municipios de Tenancingo y San Pablo del Monte. Ah\u00ed, por ejemplo, la CNDH reporta a 22 mujeres desaparecidas, que presuntamente podr\u00edan estar siendo v\u00edctimas de redes de trata; adem\u00e1s reporta cuatro rutas: Tlaxcala-Puebla; Veracruz-Tlaxcala-Puebla; Guanajuato-Tlaxcala-Puebla; DF-Puebla-Tlaxcala-Arizona-New York.<\/p>\n<p>\u201cLa Fevimtra en 2015 realiz\u00f3 s\u00f3lo tres operativos en San Pablo del Monte, de ni\u00f1as que hab\u00edan sido desaparecidas y ubicadas en SLP, donde estaba siendo explotadas. En Tlaxcala no hay averiguaciones previas por trata. No se atienden de primer momento las denuncias de desaparici\u00f3n, que en un futuro se convierte en trata. Entonces hay una situaci\u00f3n de impunidad y estas redes tienen todas las facilidades para fortalecerse e ir expandi\u00e9ndose.\u201d<\/p>\n<p><a href=\"http:\/\/revoluciontrespuntocero.com\/omision-de-autoridades-en-tlaxcala-ha-permitido-que-en-35-municipios-haya-redes-de-trata-hay-politica-de-simulacion-en-torno-al-fenomeno\/\" target=\"_blank\">revoluciontrespuntocero.com\/omision-de-autoridades-en-tlaxcala-ha-permitido-que-en-35-municipios-haya-redes-de-trata-hay-politica-de-simulacion-en-torno-al-fenomeno\/<\/a>\t\t\t\t\t\t\t\t\t<\/p>\n","protected":false},"excerpt":{"rendered":"<p>Edgar Rosas\/Revoluci\u00f3n Tres Punto Cero El fen\u00f3meno de la desaparici\u00f3n de ni\u00f1as y mujeres en Tlaxcala, que est\u00e1 relacionado con las redes de trata que imperan en la entidad, ha &hellip; <a href=\"http:\/\/www.grieta.org.mx\/index.php\/2016\/03\/12\/omision-de-autoridades-en-tlaxcala-ha-permitido-que-en-35-municipios-haya-redes-de-trata-hay-politica-de-simulacion-en-torno-al-fenomeno\/\" class=\"more-link\">Leer m\u00e1s<\/a><\/p>\n","protected":false},"author":2,"featured_media":21928,"comment_status":"closed","ping_status":"open","sticky":false,"template":"","format":"standard","meta":{"ngg_post_thumbnail":0,"_jetpack_newsletter_access":"","_jetpack_dont_email_post_to_subs":false,"_jetpack_newsletter_tier_id":0,"_jetpack_memberships_contains_paywalled_content":false,"_jetpack_memberships_contains_paid_content":false,"footnotes":""},"categories":[80,1420,2,34,307,1266],"tags":[121],"class_list":{"0":"post-6062","1":"post","2":"type-post","3":"status-publish","4":"format-standard","5":"has-post-thumbnail","6":"hentry","7":"category-cintillo","8":"category-desaparecidos-en-tlaxcala","9":"category-noticias-nacionales","10":"category-tlaxcala","12":"category-trata-de-personas-en-tlaxcala","13":"tag-desaparecidos","14":"entry"},"jetpack_featured_media_url":"http:\/\/www.grieta.org.mx\/wp-content\/uploads\/2018\/03\/14524434_1106112876131411_958039263622046936_o.jpg","jetpack_sharing_enabled":true,"jetpack_shortlink":"https:\/\/wp.me\/p7ZJR4-1zM","jetpack_likes_enabled":false,"jetpack-related-posts":[{"id":6064,"url":"http:\/\/www.grieta.org.mx\/index.php\/2016\/03\/20\/desaparicion-de-mujeres-y-ninas-en-tlaxcala-sucede-con-la-mirada-complaciente-de-autoridades-pgj-simula-investigacion\/","url_meta":{"origin":6062,"position":0},"title":"Desaparici\u00f3n de mujeres y ni\u00f1as en Tlaxcala sucede con la mirada complaciente de autoridades; PGJ simula investigaci\u00f3n","author":"grieta","date":"20 marzo, 2016","format":false,"excerpt":"Edgar Rosas\/ Revoluci\u00f3n Tres Punto Cero Ante el alto n\u00famero de casos de mujeres y ni\u00f1as desaparecidas en el estado de Tlaxcala -muchos de ellos que podr\u00edan estar ligados a las redes de trata- el pr\u00f3ximo lunes 21 de marzo, la titular de la Procuradur\u00eda General de Justicia, Alicia Fragoso\u2026","rel":"","context":"En &quot;CINTILLO&quot;","block_context":{"text":"CINTILLO","link":"http:\/\/www.grieta.org.mx\/index.php\/category\/cintillo\/"},"img":{"alt_text":"","src":"https:\/\/i0.wp.com\/www.grieta.org.mx\/wp-content\/uploads\/2018\/03\/14524434_1106112876131411_958039263622046936_o.jpg?resize=350%2C200","width":350,"height":200,"srcset":"https:\/\/i0.wp.com\/www.grieta.org.mx\/wp-content\/uploads\/2018\/03\/14524434_1106112876131411_958039263622046936_o.jpg?resize=350%2C200 1x, https:\/\/i0.wp.com\/www.grieta.org.mx\/wp-content\/uploads\/2018\/03\/14524434_1106112876131411_958039263622046936_o.jpg?resize=525%2C300 1.5x, https:\/\/i0.wp.com\/www.grieta.org.mx\/wp-content\/uploads\/2018\/03\/14524434_1106112876131411_958039263622046936_o.jpg?resize=700%2C400 2x"},"classes":[]},{"id":56855,"url":"http:\/\/www.grieta.org.mx\/index.php\/2020\/09\/29\/feministas-senalan-sistema-proxeneta-en-tlaxcala\/","url_meta":{"origin":6062,"position":1},"title":"Feministas se\u00f1alan sistema proxeneta en Tlaxcala","author":"Admin","date":"29 septiembre, 2020","format":false,"excerpt":"Iztel Nicte Uc Dom\u00ednguez \/ La Silla Rota De 2011 a 2016 se registraron 200 denuncias por trata de personas con fines de explotaci\u00f3n sexual en Tlaxcala. \u201cDurante el mismo periodo solo se han registrado 13 sentencias condenatorias\u201d, se\u00f1al\u00f3 Alma Carina Cuevas, durante la conferencia semanal de Nosotras Tenemos Otros\u2026","rel":"","context":"En &quot;CINTILLO&quot;","block_context":{"text":"CINTILLO","link":"http:\/\/www.grieta.org.mx\/index.php\/category\/cintillo\/"},"img":{"alt_text":"","src":"https:\/\/i0.wp.com\/www.grieta.org.mx\/wp-content\/uploads\/2021\/02\/Captura-de-Pantalla-2021-02-08-a-las-19.53.14.png?resize=350%2C200","width":350,"height":200,"srcset":"https:\/\/i0.wp.com\/www.grieta.org.mx\/wp-content\/uploads\/2021\/02\/Captura-de-Pantalla-2021-02-08-a-las-19.53.14.png?resize=350%2C200 1x, https:\/\/i0.wp.com\/www.grieta.org.mx\/wp-content\/uploads\/2021\/02\/Captura-de-Pantalla-2021-02-08-a-las-19.53.14.png?resize=525%2C300 1.5x, https:\/\/i0.wp.com\/www.grieta.org.mx\/wp-content\/uploads\/2021\/02\/Captura-de-Pantalla-2021-02-08-a-las-19.53.14.png?resize=700%2C400 2x"},"classes":[]},{"id":45080,"url":"http:\/\/www.grieta.org.mx\/index.php\/2020\/02\/05\/tlaxcala-sigue-como-referente-en-la-trata-de-personas\/","url_meta":{"origin":6062,"position":2},"title":"Tlaxcala sigue como referente en la trata de personas","author":"Admin","date":"5 febrero, 2020","format":false,"excerpt":"Emilio Piedras \/ e-consulta Grupo Formula y El Universal realizaron una investigaci\u00f3n que nuevamente pone el \u201cdedo en la llaga\u201d y expone la tolerancia de las autoridades locales En una investigaci\u00f3n conjunta entre el grupo Formula y El Universal, nuevamente ponen a Tlaxcala como el centro de la trata de\u2026","rel":"","context":"En &quot;CINTILLO&quot;","block_context":{"text":"CINTILLO","link":"http:\/\/www.grieta.org.mx\/index.php\/category\/cintillo\/"},"img":{"alt_text":"","src":"https:\/\/i0.wp.com\/www.grieta.org.mx\/wp-content\/uploads\/2020\/02\/tlaxcalan.jpg?resize=350%2C200","width":350,"height":200,"srcset":"https:\/\/i0.wp.com\/www.grieta.org.mx\/wp-content\/uploads\/2020\/02\/tlaxcalan.jpg?resize=350%2C200 1x, https:\/\/i0.wp.com\/www.grieta.org.mx\/wp-content\/uploads\/2020\/02\/tlaxcalan.jpg?resize=525%2C300 1.5x"},"classes":[]},{"id":6065,"url":"http:\/\/www.grieta.org.mx\/index.php\/2016\/02\/09\/tlaxcala-tierra-de-desaparecidos-2\/","url_meta":{"origin":6062,"position":3},"title":"Tlaxcala, tierra de desaparecidos","author":"grieta","date":"9 febrero, 2016","format":false,"excerpt":"Pedro Sierra\/e-tlaxcala Tan s\u00f3lo en los primeros d\u00edas de febrero se han sumado dos desaparecidos m\u00e1s a la larga lista de personas que son publicadas en las redes sociales para su b\u00fasqueda, confirmando que Tlaxcala ha venido sufriendo de este fen\u00f3meno con mayor intensidad en los \u00faltimos a\u00f1os. El pasado\u2026","rel":"","context":"En &quot;CINTILLO&quot;","block_context":{"text":"CINTILLO","link":"http:\/\/www.grieta.org.mx\/index.php\/category\/cintillo\/"},"img":{"alt_text":"","src":"https:\/\/i0.wp.com\/www.grieta.org.mx\/wp-content\/uploads\/2018\/03\/14524434_1106112876131411_958039263622046936_o.jpg?resize=350%2C200","width":350,"height":200,"srcset":"https:\/\/i0.wp.com\/www.grieta.org.mx\/wp-content\/uploads\/2018\/03\/14524434_1106112876131411_958039263622046936_o.jpg?resize=350%2C200 1x, https:\/\/i0.wp.com\/www.grieta.org.mx\/wp-content\/uploads\/2018\/03\/14524434_1106112876131411_958039263622046936_o.jpg?resize=525%2C300 1.5x, https:\/\/i0.wp.com\/www.grieta.org.mx\/wp-content\/uploads\/2018\/03\/14524434_1106112876131411_958039263622046936_o.jpg?resize=700%2C400 2x"},"classes":[]},{"id":16988,"url":"http:\/\/www.grieta.org.mx\/index.php\/2016\/07\/13\/explotacion-sexual-de-mujeres-economia-base-de-tlaxcala\/","url_meta":{"origin":6062,"position":4},"title":"Explotaci\u00f3n sexual de mujeres, econom\u00eda base de Tlaxcala","author":"grieta","date":"13 julio, 2016","format":false,"excerpt":"Padrotes ponen de nueva cuenta al Estado de Tlaxcala en el plano internacional, al ser calificado como el Estado donde una gran parte de pobladores se dedican a la trata de personas y la econom\u00eda base de la entidad es la explotaci\u00f3n sexual de mujeres que en un a\u00f1o deja\u2026","rel":"","context":"En &quot;CINTILLO&quot;","block_context":{"text":"CINTILLO","link":"http:\/\/www.grieta.org.mx\/index.php\/category\/cintillo\/"},"img":{"alt_text":"","src":"https:\/\/i0.wp.com\/www.grieta.org.mx\/wp-content\/uploads\/2018\/03\/14524434_1106112876131411_958039263622046936_o.jpg?resize=350%2C200","width":350,"height":200,"srcset":"https:\/\/i0.wp.com\/www.grieta.org.mx\/wp-content\/uploads\/2018\/03\/14524434_1106112876131411_958039263622046936_o.jpg?resize=350%2C200 1x, https:\/\/i0.wp.com\/www.grieta.org.mx\/wp-content\/uploads\/2018\/03\/14524434_1106112876131411_958039263622046936_o.jpg?resize=525%2C300 1.5x, https:\/\/i0.wp.com\/www.grieta.org.mx\/wp-content\/uploads\/2018\/03\/14524434_1106112876131411_958039263622046936_o.jpg?resize=700%2C400 2x"},"classes":[]},{"id":6067,"url":"http:\/\/www.grieta.org.mx\/index.php\/2016\/01\/19\/mujeres-jovenes-perfil-de-desaparecidas-entre-puebla-y-tlaxcala-2\/","url_meta":{"origin":6062,"position":5},"title":"Mujeres j\u00f3venes, perfil de desaparecidas entre Puebla y Tlaxcala","author":"grieta","date":"19 enero, 2016","format":false,"excerpt":"Samantha P\u00e1ez\/e-tlaxcala El perfil de personas desaparecidas en Tlaxcala es de mujeres j\u00f3venes, de acuerdo con datos del Registro Nacional de Datos de Personas Extraviadas o Desaparecidas. De los 19 casos reportados, de 2009 a 2015, nueve son mujeres y siete de ellas tienen menos de 18 a\u00f1os de edad.\u2026","rel":"","context":"En &quot;CINTILLO&quot;","block_context":{"text":"CINTILLO","link":"http:\/\/www.grieta.org.mx\/index.php\/category\/cintillo\/"},"img":{"alt_text":"","src":"https:\/\/i0.wp.com\/www.grieta.org.mx\/wp-content\/uploads\/2018\/03\/14524434_1106112876131411_958039263622046936_o.jpg?resize=350%2C200","width":350,"height":200,"srcset":"https:\/\/i0.wp.com\/www.grieta.org.mx\/wp-content\/uploads\/2018\/03\/14524434_1106112876131411_958039263622046936_o.jpg?resize=350%2C200 1x, https:\/\/i0.wp.com\/www.grieta.org.mx\/wp-content\/uploads\/2018\/03\/14524434_1106112876131411_958039263622046936_o.jpg?resize=525%2C300 1.5x, https:\/\/i0.wp.com\/www.grieta.org.mx\/wp-content\/uploads\/2018\/03\/14524434_1106112876131411_958039263622046936_o.jpg?resize=700%2C400 2x"},"classes":[]}],"_links":{"self":[{"href":"http:\/\/www.grieta.org.mx\/index.php\/wp-json\/wp\/v2\/posts\/6062","targetHints":{"allow":["GET"]}}],"collection":[{"href":"http:\/\/www.grieta.org.mx\/index.php\/wp-json\/wp\/v2\/posts"}],"about":[{"href":"http:\/\/www.grieta.org.mx\/index.php\/wp-json\/wp\/v2\/types\/post"}],"author":[{"embeddable":true,"href":"http:\/\/www.grieta.org.mx\/index.php\/wp-json\/wp\/v2\/users\/2"}],"replies":[{"embeddable":true,"href":"http:\/\/www.grieta.org.mx\/index.php\/wp-json\/wp\/v2\/comments?post=6062"}],"version-history":[{"count":1,"href":"http:\/\/www.grieta.org.mx\/index.php\/wp-json\/wp\/v2\/posts\/6062\/revisions"}],"predecessor-version":[{"id":6068,"href":"http:\/\/www.grieta.org.mx\/index.php\/wp-json\/wp\/v2\/posts\/6062\/revisions\/6068"}],"wp:featuredmedia":[{"embeddable":true,"href":"http:\/\/www.grieta.org.mx\/index.php\/wp-json\/wp\/v2\/media\/21928"}],"wp:attachment":[{"href":"http:\/\/www.grieta.org.mx\/index.php\/wp-json\/wp\/v2\/media?parent=6062"}],"wp:term":[{"taxonomy":"category","embeddable":true,"href":"http:\/\/www.grieta.org.mx\/index.php\/wp-json\/wp\/v2\/categories?post=6062"},{"taxonomy":"post_tag","embeddable":true,"href":"http:\/\/www.grieta.org.mx\/index.php\/wp-json\/wp\/v2\/tags?post=6062"}],"curies":[{"name":"wp","href":"https:\/\/api.w.org\/{rel}","templated":true}]}}