{"id":60600,"date":"2021-07-15T10:55:17","date_gmt":"2021-07-15T15:55:17","guid":{"rendered":"https:\/\/www.grieta.org.mx\/?p=60600"},"modified":"2021-07-19T11:09:10","modified_gmt":"2021-07-19T16:09:10","slug":"petroleros-protestan-por-aumento-en-edad-de-jubilacion-en-ciudad-del-carmencampeche","status":"publish","type":"post","link":"http:\/\/www.grieta.org.mx\/index.php\/2021\/07\/15\/petroleros-protestan-por-aumento-en-edad-de-jubilacion-en-ciudad-del-carmencampeche\/","title":{"rendered":"Petroleros protestan por aumento en edad de jubilaci\u00f3n en Ciudad del Carmen(Campeche)"},"content":{"rendered":"<p>Fernando Kant\u00fan \/ PorEsto!<\/p>\n<p>Aproximadamente 20 integrantes de la Secci\u00f3n 6 de la Uni\u00f3n Nacional de T\u00e9cnicos y Profesionistas Petroleros (UNTyPP), que representa Marco Antonio Alba Guzm\u00e1n se manifestaron ayer a las 15:00 horas, a la entrada del edificio administrativo de PEMEX Regi\u00f3n Marina Noreste, por modificaci\u00f3n al reglamento de jubilaci\u00f3n al personal denominado de confianza, que pasar\u00e1 de 60 a\u00f1os de edad y 30 de antig\u00fcedad a 65 a\u00f1os de edad y 35 a\u00f1os de antig\u00fcedad el 1 de agosto, esquema que consideran los trabajadores y profesionistas inviable para la empresa y naci\u00f3n.<\/p>\n<p>    \u201cAlzamos la voz hacia el Presidente Andr\u00e9s Manuel L\u00f3pez Obrador para que analice esta situaci\u00f3n y evite el cambio a las pol\u00edticas y lineamientos de Pemex porque afectar\u00e1 a m\u00e1s de 20 mil trabajadores y profesionistas que laboran en esta empresa\u201d, a\u00f1adi\u00f3.<\/p>\n<p>Record\u00f3 que en 1993 se elabor\u00f3 el primer Reglamento de Trabajo Personal de Confianza de Pemex (RTPC) que en el Art\u00edculo 82 establec\u00eda, el personal de planta confianza cuando acredite 25 a\u00f1os de servicio y 55 a\u00f1os de edad, tendr\u00e1 derecho a una pensi\u00f3n pagadera cada catorce d\u00edas, que se calcular\u00e1 tomando como base el 80 por ciento del promedio de los salarios ordinarios que hubiera percibido en puestos permanentes en el \u00faltimo a\u00f1o de servicio y en proporci\u00f3n al tiempo laborado en cada uno de ellos; reglamento que se modific\u00f3 en el a\u00f1o 2000 y ese art\u00edculo qued\u00f3 igual.<\/p>\n<p>El 11 de agosto de 2014 se public\u00f3 en el Diario Oficial de la Federaci\u00f3n (DOF), el decreto por el que se reforman, adicionan y derogan diversas disposiciones de la Ley Federal de Presupuesto y Responsabilidad Hacendaria y la Ley General de Deuda P\u00fablica, en el marco de la Reforma Energ\u00e9tica, impulsada por el gobierno de Enrique Pe\u00f1a Nieto.<\/p>\n<p>Agreg\u00f3 que a partir del 01 de agosto del 2021 se cambiar\u00e1 el esquema e jubilaci\u00f3n de los trabajadores de confianza con 65 a\u00f1os de edad y acreditar 35 a\u00f1os de servicio.<\/p>\n<p>\u201cConsideramos que es injusto que se nos obligue a trabajar hasta los 65 a\u00f1os para jubilarnos, mientras que a los trabajadores manuales del STPRM se les permite jubilar a partir de los 55 a\u00f1os, el cual viola el Art\u00edculo 396 de la LFT y discrimina a los t\u00e9cnicos y profesionistas, al ofrecer mejores condiciones laborales hacia los trabajadores manuales\u201d, asegur\u00f3.<\/p>\n<p><a href=\"https:\/\/www.poresto.net\/campeche\/2021\/7\/15\/petroleros-protestan-por-aumento-en-edad-de-jubilacion-en-ciudad-del-carmen-263767.html\" rel=\"noopener\" target=\"_blank\">https:\/\/www.poresto.net\/campeche\/2021\/7\/15\/petroleros-protestan-por-aumento-en-edad-de-jubilacion-en-ciudad-del-carmen-263767.html<\/a><\/p>\n","protected":false},"excerpt":{"rendered":"<p>Fernando Kant\u00fan \/ PorEsto! Aproximadamente 20 integrantes de la Secci\u00f3n 6 de la Uni\u00f3n Nacional de T\u00e9cnicos y Profesionistas Petroleros (UNTyPP), que representa Marco Antonio Alba Guzm\u00e1n se manifestaron ayer &hellip; <a href=\"http:\/\/www.grieta.org.mx\/index.php\/2021\/07\/15\/petroleros-protestan-por-aumento-en-edad-de-jubilacion-en-ciudad-del-carmencampeche\/\" class=\"more-link\">Leer m\u00e1s<\/a><\/p>\n","protected":false},"author":2,"featured_media":60601,"comment_status":"closed","ping_status":"closed","sticky":false,"template":"","format":"standard","meta":{"ngg_post_thumbnail":0,"_jetpack_newsletter_access":"","_jetpack_dont_email_post_to_subs":false,"_jetpack_newsletter_tier_id":0,"_jetpack_memberships_contains_paywalled_content":false,"_jetpack_memberships_contains_paid_content":false,"footnotes":""},"categories":[11,80,1040,910,2,1150,83],"tags":[105,841,3358],"class_list":["post-60600","post","type-post","status-publish","format-standard","has-post-thumbnail","hentry","category-campeche","category-cintillo","category-conflictos-laborales-en-campeche","category-explotacion-y-precariedad-laboral","category-noticias-nacionales","category-protestas-de-jubilados-en-campeche","category-temas-nacionales","tag-derechos-laborales","tag-movilizaciones-jubilados","tag-petroleros","entry"],"jetpack_featured_media_url":"http:\/\/www.grieta.org.mx\/wp-content\/uploads\/2021\/07\/PetrolerosJubilacion-e1626710469461.png","jetpack_sharing_enabled":true,"jetpack_shortlink":"https:\/\/wp.me\/p7ZJR4-fLq","jetpack_likes_enabled":false,"jetpack-related-posts":[{"id":66421,"url":"http:\/\/www.grieta.org.mx\/index.php\/2023\/03\/03\/petroleros-de-campeche-son-explotados-por-falta-de-personal-en-pemex\/","url_meta":{"origin":60600,"position":0},"title":"Petroleros de Campeche son explotados por falta de personal en Pemex","author":"grieta","date":"3 marzo, 2023","format":false,"excerpt":"Gerardo Can \/ Por Esto! Una de las principales causas de los accidentes que se han registrado en las instalaciones de Petr\u00f3leos Mexicanos (PEMEX) en tierra y mar son las jornadas laborales de 12, 16 y hasta 24 horas que le cargan a los especialistas por el \u201ccongelamiento\u201d de plazas.\u2026","rel":"","context":"En &quot;Campeche&quot;","block_context":{"text":"Campeche","link":"http:\/\/www.grieta.org.mx\/index.php\/category\/noticias-nacionales\/campeche\/"},"img":{"alt_text":"","src":"https:\/\/i0.wp.com\/www.grieta.org.mx\/wp-content\/uploads\/2023\/03\/Pemex-e1678064156252.jpg?resize=350%2C200","width":350,"height":200,"srcset":"https:\/\/i0.wp.com\/www.grieta.org.mx\/wp-content\/uploads\/2023\/03\/Pemex-e1678064156252.jpg?resize=350%2C200 1x, https:\/\/i0.wp.com\/www.grieta.org.mx\/wp-content\/uploads\/2023\/03\/Pemex-e1678064156252.jpg?resize=525%2C300 1.5x, https:\/\/i0.wp.com\/www.grieta.org.mx\/wp-content\/uploads\/2023\/03\/Pemex-e1678064156252.jpg?resize=700%2C400 2x"},"classes":[]},{"id":9598,"url":"http:\/\/www.grieta.org.mx\/index.php\/2016\/09\/10\/conflictos-laborales-en-campeche\/","url_meta":{"origin":60600,"position":1},"title":"Conflictos laborales en Campeche","author":"grieta","date":"10 septiembre, 2016","format":false,"excerpt":"10\/09\/16. Despiden a obreros de PASA por protestar (Campeche) Tribuna 09\/09\/16. Jubilados exigen pago de bonos (Campeche) Tribuna 06\/09\/16. Paran otra vez los polic\u00edas; sin bono (Campeche) Tribuna 30\/08\/16. Bloquean Planta de Nitr\u00f3geno Cantarell (Campeche) Tribuna 20\/08\/16. Paralizan labores en Cobacam (Campeche) Tribuna 12\/08\/16. Plantean demandas empleados del INAH (Campeche)\u2026","rel":"","context":"En &quot;Campeche&quot;","block_context":{"text":"Campeche","link":"http:\/\/www.grieta.org.mx\/index.php\/category\/noticias-nacionales\/campeche\/"},"img":{"alt_text":"","src":"https:\/\/i0.wp.com\/www.grieta.org.mx\/wp-content\/uploads\/2018\/03\/14524434_1106112876131411_958039263622046936_o.jpg?resize=350%2C200","width":350,"height":200,"srcset":"https:\/\/i0.wp.com\/www.grieta.org.mx\/wp-content\/uploads\/2018\/03\/14524434_1106112876131411_958039263622046936_o.jpg?resize=350%2C200 1x, https:\/\/i0.wp.com\/www.grieta.org.mx\/wp-content\/uploads\/2018\/03\/14524434_1106112876131411_958039263622046936_o.jpg?resize=525%2C300 1.5x, https:\/\/i0.wp.com\/www.grieta.org.mx\/wp-content\/uploads\/2018\/03\/14524434_1106112876131411_958039263622046936_o.jpg?resize=700%2C400 2x"},"classes":[]},{"id":66631,"url":"http:\/\/www.grieta.org.mx\/index.php\/2023\/03\/02\/sobrecarga-labora-causa-de-accidentes-en-instalaciones-petroleras-en-campeche\/","url_meta":{"origin":60600,"position":2},"title":"Sobrecarga labora, causa de accidentes en instalaciones petroleras en Campeche","author":"grieta","date":"2 marzo, 2023","format":false,"excerpt":"Por Esto! Una de las principales causas de los accidentes que se han registrado en las instalaciones de Petr\u00f3leos Mexicanos (Pemex), tanto en la zona terrestre como marina, son las largas jornadas laborales de 12, 16 y hasta de 24 horas que les cargan a los especialistas consecuencia del congelamiento\u2026","rel":"","context":"En &quot;Campeche&quot;","block_context":{"text":"Campeche","link":"http:\/\/www.grieta.org.mx\/index.php\/category\/noticias-nacionales\/campeche\/"},"img":{"alt_text":"","src":"https:\/\/i0.wp.com\/www.grieta.org.mx\/wp-content\/uploads\/2023\/03\/SobrecargaLaboral-e1679833697657.jpg?resize=350%2C200","width":350,"height":200,"srcset":"https:\/\/i0.wp.com\/www.grieta.org.mx\/wp-content\/uploads\/2023\/03\/SobrecargaLaboral-e1679833697657.jpg?resize=350%2C200 1x, https:\/\/i0.wp.com\/www.grieta.org.mx\/wp-content\/uploads\/2023\/03\/SobrecargaLaboral-e1679833697657.jpg?resize=525%2C300 1.5x, https:\/\/i0.wp.com\/www.grieta.org.mx\/wp-content\/uploads\/2023\/03\/SobrecargaLaboral-e1679833697657.jpg?resize=700%2C400 2x"},"classes":[]},{"id":60705,"url":"http:\/\/www.grieta.org.mx\/index.php\/2021\/07\/18\/alimentos-perecederos-infecta-a-130-trabajadores-de-pemex-en-ciudad-del-carmen-campeche\/","url_meta":{"origin":60600,"position":3},"title":"Alimentos perecederos infecta a 130 trabajadores de Pemex en Ciudad del Carmen (Campeche)","author":"grieta","date":"18 julio, 2021","format":false,"excerpt":"Fernando Kant\u00fan \/ PorEsto! Aproximadamente 130 trabajadores de las plataformas Abkat\u00fan N1 y Abkat\u00fan Alfa se encuentran infectados presuntamente de tifoidea por consumo de alimentos perecederos y agua indebidamente tratada, el contagio inici\u00f3 en la guardia anterior de 40 trabajadores (hace un mes) en la plataforma Abkat\u00fan N1 de inyecci\u00f3n\u2026","rel":"","context":"En &quot;Campeche&quot;","block_context":{"text":"Campeche","link":"http:\/\/www.grieta.org.mx\/index.php\/category\/noticias-nacionales\/campeche\/"},"img":{"alt_text":"","src":"https:\/\/i0.wp.com\/www.grieta.org.mx\/wp-content\/uploads\/2021\/07\/CdCarmenAlimentos2.jpg?resize=350%2C200","width":350,"height":200},"classes":[]},{"id":67383,"url":"http:\/\/www.grieta.org.mx\/index.php\/2023\/08\/03\/rectora-de-la-unacar-se-da-a-la-fuga-tras-manifestacion-de-sindicalizados-campeche\/","url_meta":{"origin":60600,"position":4},"title":"Rectora de la Unacar se da a la fuga tras manifestaci\u00f3n de sindicalizados (Campeche)","author":"grieta","date":"3 agosto, 2023","format":false,"excerpt":"Por Esto! As\u00ed huy\u00f3 la rectora de la Universidad Aut\u00f3noma del Carmen (Unacar), Sandra Martha Laff\u00f3n Leal, despu\u00e9s de que los extrabajadores cerraron los accesos a la rector\u00eda con candados y cadenas, en protesta por la falta de pago de hasta 14 quincenas Es decir, que la mayor\u00eda de los\u2026","rel":"","context":"En &quot;Campeche&quot;","block_context":{"text":"Campeche","link":"http:\/\/www.grieta.org.mx\/index.php\/category\/noticias-nacionales\/campeche\/"},"img":{"alt_text":"","src":"https:\/\/i0.wp.com\/www.grieta.org.mx\/wp-content\/uploads\/2023\/08\/Unacar-e1691365545385.jpg?resize=350%2C200","width":350,"height":200,"srcset":"https:\/\/i0.wp.com\/www.grieta.org.mx\/wp-content\/uploads\/2023\/08\/Unacar-e1691365545385.jpg?resize=350%2C200 1x, https:\/\/i0.wp.com\/www.grieta.org.mx\/wp-content\/uploads\/2023\/08\/Unacar-e1691365545385.jpg?resize=525%2C300 1.5x, https:\/\/i0.wp.com\/www.grieta.org.mx\/wp-content\/uploads\/2023\/08\/Unacar-e1691365545385.jpg?resize=700%2C400 2x"},"classes":[]},{"id":42966,"url":"http:\/\/www.grieta.org.mx\/index.php\/2020\/01\/07\/un-incendio-en-una-plataforma-de-pemex-en-campeche-deja-tres-heridos\/","url_meta":{"origin":60600,"position":5},"title":"Un incendio en una plataforma de Pemex en Campeche deja tres heridos","author":"grieta","date":"7 enero, 2020","format":false,"excerpt":"Rosa Santana \/ Proceso CIUDAD DEL CARMEN, Cam. (apro). \u2013 Un incendio registrado esta ma\u00f1ana en la plataforma Akal-C 6 de Pemex, ubicada en la Sonda de Campeche, dej\u00f3 un saldo de tres trabajadores lesionados. El incidente ocurri\u00f3 aproximadamente a las 10:00 horas de este martes en el lado oeste\u2026","rel":"","context":"En &quot;Campeche&quot;","block_context":{"text":"Campeche","link":"http:\/\/www.grieta.org.mx\/index.php\/category\/noticias-nacionales\/campeche\/"},"img":{"alt_text":"","src":"https:\/\/i0.wp.com\/www.grieta.org.mx\/wp-content\/uploads\/2020\/01\/Pemex_Campeche-870x522-e1578770327600.jpg?resize=350%2C200","width":350,"height":200,"srcset":"https:\/\/i0.wp.com\/www.grieta.org.mx\/wp-content\/uploads\/2020\/01\/Pemex_Campeche-870x522-e1578770327600.jpg?resize=350%2C200 1x, https:\/\/i0.wp.com\/www.grieta.org.mx\/wp-content\/uploads\/2020\/01\/Pemex_Campeche-870x522-e1578770327600.jpg?resize=525%2C300 1.5x, https:\/\/i0.wp.com\/www.grieta.org.mx\/wp-content\/uploads\/2020\/01\/Pemex_Campeche-870x522-e1578770327600.jpg?resize=700%2C400 2x"},"classes":[]}],"_links":{"self":[{"href":"http:\/\/www.grieta.org.mx\/index.php\/wp-json\/wp\/v2\/posts\/60600","targetHints":{"allow":["GET"]}}],"collection":[{"href":"http:\/\/www.grieta.org.mx\/index.php\/wp-json\/wp\/v2\/posts"}],"about":[{"href":"http:\/\/www.grieta.org.mx\/index.php\/wp-json\/wp\/v2\/types\/post"}],"author":[{"embeddable":true,"href":"http:\/\/www.grieta.org.mx\/index.php\/wp-json\/wp\/v2\/users\/2"}],"replies":[{"embeddable":true,"href":"http:\/\/www.grieta.org.mx\/index.php\/wp-json\/wp\/v2\/comments?post=60600"}],"version-history":[{"count":1,"href":"http:\/\/www.grieta.org.mx\/index.php\/wp-json\/wp\/v2\/posts\/60600\/revisions"}],"predecessor-version":[{"id":60602,"href":"http:\/\/www.grieta.org.mx\/index.php\/wp-json\/wp\/v2\/posts\/60600\/revisions\/60602"}],"wp:featuredmedia":[{"embeddable":true,"href":"http:\/\/www.grieta.org.mx\/index.php\/wp-json\/wp\/v2\/media\/60601"}],"wp:attachment":[{"href":"http:\/\/www.grieta.org.mx\/index.php\/wp-json\/wp\/v2\/media?parent=60600"}],"wp:term":[{"taxonomy":"category","embeddable":true,"href":"http:\/\/www.grieta.org.mx\/index.php\/wp-json\/wp\/v2\/categories?post=60600"},{"taxonomy":"post_tag","embeddable":true,"href":"http:\/\/www.grieta.org.mx\/index.php\/wp-json\/wp\/v2\/tags?post=60600"}],"curies":[{"name":"wp","href":"https:\/\/api.w.org\/{rel}","templated":true}]}}