{"id":606,"date":"2015-11-13T19:36:39","date_gmt":"2015-11-13T19:36:39","guid":{"rendered":"http:\/\/50.22.11.12\/~grietaor\/?p=606"},"modified":"2016-03-01T19:38:42","modified_gmt":"2016-03-01T19:38:42","slug":"toman-docentes-ciencias-biologicas-uaz","status":"publish","type":"post","link":"http:\/\/www.grieta.org.mx\/index.php\/2015\/11\/13\/toman-docentes-ciencias-biologicas-uaz\/","title":{"rendered":"Toman docentes Ciencias Biol\u00f3gicas-UAZ"},"content":{"rendered":"<p>Viernes, 13 de noviembre de 2015<br \/>\nABIGAIL SALINAS | NTRZACATECAS.COM<\/p>\n<p>Zacatecas.- Desde este jueves, la Unidad Acad\u00e9mica de Ciencias Biol\u00f3gicas de la Universidad Aut\u00f3noma de Zacatecas (UAZ) fue tomada por docentes, quienes est\u00e1n inconformes por el atraso en la entrega de cargas laborales por parte del director del plantel, Hugo S\u00e1nchez Rodr\u00edguez.<br \/>\nLos inconformes tambi\u00e9n denunciaron acoso laboral por parte de la direcci\u00f3n escolar y la falta de oportunidades para desarrollar proyectos acad\u00e9micos.<br \/>\nA sus exigencias y reclamos, se sumaron las de varios alumnos de la Unidad, pues denunciaron que, pese a que est\u00e1n cursando los \u00faltimos semestres, sienten que no han recibido la formaci\u00f3n completa, ya que no han podido utilizar los laboratorios de forma adecuada.<br \/>\nExplicaron que algunos de ellos tienen que realizar sus pr\u00e1cticas en otros laboratorios, dijeron no tener la confianza para ir a la direcci\u00f3n a solicitar alguna explicaci\u00f3n al respecto, pues aseveraron que la actitud del director no se presta al di\u00e1logo.<br \/>\nAnte la situaci\u00f3n, el director ofreci\u00f3 una conferencia de prensa este viernes, en la que asegur\u00f3 que no existe acoso laboral y reconoci\u00f3 el atraso en la entrega de carga docente, sin embargo, justific\u00f3 que no es la \u00fanica Unidad en esa situaci\u00f3n.<br \/>\nS\u00e1nchez Rodr\u00edguez detall\u00f3 que de 20 unidades acad\u00e9micas, s\u00f3lo tres entregaron en tiempo la carga docente, adem\u00e1s, enfatiz\u00f3 que la fecha l\u00edmite fue el 30 de octubre.<br \/>\nAsimismo, denunci\u00f3 que Francisco Cabral Arellano y Edgar Le\u00f3n Esparza Ibarra, docentes de Biolog\u00eda, han falsificado documentaci\u00f3n para obtener mayores puntajes acad\u00e9micos, y con resto, mejorar el sueldo, situaci\u00f3n que denunci\u00f3 con las autoridades.<br \/>\nPor su parte, los miembros del movimiento de protesta aseguraron que la toma del plantel continuar\u00e1 hasta que el director haga propuestas serias ante las peticiones, en alguna mesa de negociaci\u00f3n.<\/p>\n<p><a href=\"http:\/\/ntrzacatecas.com\/2015\/11\/13\/toman-docentes-ciencias-biologicas-uaz\/comment-page-1\/\" target=\"_blank\">ntrzacatecas.com\/2015\/11\/13\/toman-docentes-ciencias-biologicas-uaz\/comment-page-1\/<\/a><\/p>\n","protected":false},"excerpt":{"rendered":"<p>Viernes, 13 de noviembre de 2015 ABIGAIL SALINAS | NTRZACATECAS.COM Zacatecas.- Desde este jueves, la Unidad Acad\u00e9mica de Ciencias Biol\u00f3gicas de la Universidad Aut\u00f3noma de Zacatecas (UAZ) fue tomada por &hellip; <a href=\"http:\/\/www.grieta.org.mx\/index.php\/2015\/11\/13\/toman-docentes-ciencias-biologicas-uaz\/\" class=\"more-link\">Leer m\u00e1s<\/a><\/p>\n","protected":false},"author":2,"featured_media":21928,"comment_status":"closed","ping_status":"open","sticky":false,"template":"","format":"standard","meta":{"ngg_post_thumbnail":0,"_jetpack_newsletter_access":"","_jetpack_dont_email_post_to_subs":false,"_jetpack_newsletter_tier_id":0,"_jetpack_memberships_contains_paywalled_content":false,"_jetpack_memberships_contains_paid_content":false,"footnotes":""},"categories":[80,139],"tags":[105,107],"class_list":["post-606","post","type-post","status-publish","format-standard","has-post-thumbnail","hentry","category-cintillo","category-zacatecas","tag-derechos-laborales","tag-educacion","entry"],"jetpack_featured_media_url":"http:\/\/www.grieta.org.mx\/wp-content\/uploads\/2018\/03\/14524434_1106112876131411_958039263622046936_o.jpg","jetpack_sharing_enabled":true,"jetpack_shortlink":"https:\/\/wp.me\/p7ZJR4-9M","jetpack_likes_enabled":false,"jetpack-related-posts":[{"id":678,"url":"http:\/\/www.grieta.org.mx\/index.php\/2016\/02\/15\/conflictos-en-la-universidad-autonoma-de-zacatecas\/","url_meta":{"origin":606,"position":0},"title":"Conflictos en la Universidad Aut\u00f3noma de Zacatecas","author":"grieta","date":"15 febrero, 2016","format":false,"excerpt":"15\/02\/16. Otro Paro en la UAZ NTR Zacatecas 12\/02\/16. Planta rector a SPAUAZ; STUAZ rechaza huelga NTR Zacatecas 27\/01\/16. Paro general en la UAZ NTR Zacatecas 26\/01\/16. Condicionan a alumnos de medicina de la UAZ NTR Zacatecas 18\/01\/16. Denuncia SPAUAZ a rector por peculado NTR Zacatecas 17\/12\/15. Prestar\u00e1 SPAUAZ dinero\u2026","rel":"","context":"En &quot;Zacatecas&quot;","block_context":{"text":"Zacatecas","link":"http:\/\/www.grieta.org.mx\/index.php\/category\/noticias-nacionales\/zacatecas\/"},"img":{"alt_text":"","src":"https:\/\/i0.wp.com\/www.grieta.org.mx\/wp-content\/uploads\/2018\/03\/14524434_1106112876131411_958039263622046936_o.jpg?resize=350%2C200","width":350,"height":200,"srcset":"https:\/\/i0.wp.com\/www.grieta.org.mx\/wp-content\/uploads\/2018\/03\/14524434_1106112876131411_958039263622046936_o.jpg?resize=350%2C200 1x, https:\/\/i0.wp.com\/www.grieta.org.mx\/wp-content\/uploads\/2018\/03\/14524434_1106112876131411_958039263622046936_o.jpg?resize=525%2C300 1.5x, https:\/\/i0.wp.com\/www.grieta.org.mx\/wp-content\/uploads\/2018\/03\/14524434_1106112876131411_958039263622046936_o.jpg?resize=700%2C400 2x"},"classes":[]},{"id":31610,"url":"http:\/\/www.grieta.org.mx\/index.php\/2019\/03\/28\/continua-el-paro-de-labores-en-la-uaz\/","url_meta":{"origin":606,"position":1},"title":"Contin\u00faa el paro de labores en la UAZ","author":"grieta","date":"28 marzo, 2019","format":false,"excerpt":"Isidro Mu\u00f1oz\/Zacatecas en Imagen ZACATECAS.- Sin soluci\u00f3n a sus demandas, alumnos continuar\u00e1n el paro en las instalaciones del campus Siglo 21 de la Universidad Aut\u00f3noma de Zacatecas. Los estudiantes, en apoyo al profesor Jos\u00e9 Luis Fierros Rojo, continuar\u00e1n con el paro de actividades en la universidad hasta que el profesor\u2026","rel":"","context":"En &quot;CINTILLO&quot;","block_context":{"text":"CINTILLO","link":"http:\/\/www.grieta.org.mx\/index.php\/category\/cintillo\/"},"img":{"alt_text":"","src":"https:\/\/i0.wp.com\/www.grieta.org.mx\/wp-content\/uploads\/2018\/03\/14524434_1106112876131411_958039263622046936_o.jpg?resize=350%2C200","width":350,"height":200,"srcset":"https:\/\/i0.wp.com\/www.grieta.org.mx\/wp-content\/uploads\/2018\/03\/14524434_1106112876131411_958039263622046936_o.jpg?resize=350%2C200 1x, https:\/\/i0.wp.com\/www.grieta.org.mx\/wp-content\/uploads\/2018\/03\/14524434_1106112876131411_958039263622046936_o.jpg?resize=525%2C300 1.5x, https:\/\/i0.wp.com\/www.grieta.org.mx\/wp-content\/uploads\/2018\/03\/14524434_1106112876131411_958039263622046936_o.jpg?resize=700%2C400 2x"},"classes":[]},{"id":619,"url":"http:\/\/www.grieta.org.mx\/index.php\/2015\/09\/25\/levantan-paro-en-el-campus-uaz-siglo-xxi\/","url_meta":{"origin":606,"position":2},"title":"Levantan paro en el Campus UAZ Siglo XXI","author":"grieta","date":"25 septiembre, 2015","format":false,"excerpt":"NTR Zacatecas 25\/09\/2015 Zacatecas.- A las 15 horas de este viernes, se levant\u00f3 el paro en el Campus UAZ Siglo XXI que manten\u00edan docentes de la Unidad Acad\u00e9mica de Enfermer\u00eda, quienes solicitaban el pago de un semestre completo. Luego de 48 horas de paro, los docentes acordaron con el departamento\u2026","rel":"","context":"En &quot;CINTILLO&quot;","block_context":{"text":"CINTILLO","link":"http:\/\/www.grieta.org.mx\/index.php\/category\/cintillo\/"},"img":{"alt_text":"","src":"https:\/\/i0.wp.com\/www.grieta.org.mx\/wp-content\/uploads\/2018\/03\/14524434_1106112876131411_958039263622046936_o.jpg?resize=350%2C200","width":350,"height":200,"srcset":"https:\/\/i0.wp.com\/www.grieta.org.mx\/wp-content\/uploads\/2018\/03\/14524434_1106112876131411_958039263622046936_o.jpg?resize=350%2C200 1x, https:\/\/i0.wp.com\/www.grieta.org.mx\/wp-content\/uploads\/2018\/03\/14524434_1106112876131411_958039263622046936_o.jpg?resize=525%2C300 1.5x, https:\/\/i0.wp.com\/www.grieta.org.mx\/wp-content\/uploads\/2018\/03\/14524434_1106112876131411_958039263622046936_o.jpg?resize=700%2C400 2x"},"classes":[]},{"id":621,"url":"http:\/\/www.grieta.org.mx\/index.php\/2015\/09\/24\/paran-labores-en-campus-siglo-xxi-por-falta-de-pago\/","url_meta":{"origin":606,"position":3},"title":"Paran labores en Campus Siglo XXI por falta de pago","author":"grieta","date":"24 septiembre, 2015","format":false,"excerpt":"ZACATECAS.- Docentes de la Unidad Acad\u00e9mica de Enfermer\u00eda y agremiados del Sindicato de Personal Acad\u00e9mico de la Universidad Aut\u00f3noma de Zacatecas (SPAUAZ) tomaron este jueves el campus Siglo XXI para exigir el pago retenido hasta por seis meses de varios maestros. Guadalupe Lugo, delegada sindical de la carrera explic\u00f3 que\u2026","rel":"","context":"En &quot;CINTILLO&quot;","block_context":{"text":"CINTILLO","link":"http:\/\/www.grieta.org.mx\/index.php\/category\/cintillo\/"},"img":{"alt_text":"","src":"https:\/\/i0.wp.com\/www.grieta.org.mx\/wp-content\/uploads\/2018\/03\/14524434_1106112876131411_958039263622046936_o.jpg?resize=350%2C200","width":350,"height":200,"srcset":"https:\/\/i0.wp.com\/www.grieta.org.mx\/wp-content\/uploads\/2018\/03\/14524434_1106112876131411_958039263622046936_o.jpg?resize=350%2C200 1x, https:\/\/i0.wp.com\/www.grieta.org.mx\/wp-content\/uploads\/2018\/03\/14524434_1106112876131411_958039263622046936_o.jpg?resize=525%2C300 1.5x, https:\/\/i0.wp.com\/www.grieta.org.mx\/wp-content\/uploads\/2018\/03\/14524434_1106112876131411_958039263622046936_o.jpg?resize=700%2C400 2x"},"classes":[]},{"id":30734,"url":"http:\/\/www.grieta.org.mx\/index.php\/2019\/03\/14\/paran-labores-docentes-de-la-prepa-iv-y-tacoaleche-zacatecas\/","url_meta":{"origin":606,"position":4},"title":"Paran labores docentes de la Prepa IV y Tacoaleche (Zacatecas)","author":"grieta","date":"14 marzo, 2019","format":false,"excerpt":"Karla Zapata\/El Sol de Zacatecas. Zacatecas, Zac.- Este jueves la Unidad Acad\u00e9mica Preparatoria IV de la Universidad Aut\u00f3noma de Zacatecas (UAZ) inici\u00f3 un paro laboral de 12 horas al igual que la preparatoria 11 en Tacoaleche, la causa es la falta de cargas laborales, exigencia que mantienen los docentes y\u2026","rel":"","context":"En &quot;CINTILLO&quot;","block_context":{"text":"CINTILLO","link":"http:\/\/www.grieta.org.mx\/index.php\/category\/cintillo\/"},"img":{"alt_text":"","src":"https:\/\/i0.wp.com\/www.grieta.org.mx\/wp-content\/uploads\/2019\/03\/2019031401.jpg?resize=350%2C200","width":350,"height":200,"srcset":"https:\/\/i0.wp.com\/www.grieta.org.mx\/wp-content\/uploads\/2019\/03\/2019031401.jpg?resize=350%2C200 1x, https:\/\/i0.wp.com\/www.grieta.org.mx\/wp-content\/uploads\/2019\/03\/2019031401.jpg?resize=525%2C300 1.5x, https:\/\/i0.wp.com\/www.grieta.org.mx\/wp-content\/uploads\/2019\/03\/2019031401.jpg?resize=700%2C400 2x"},"classes":[]},{"id":71056,"url":"http:\/\/www.grieta.org.mx\/index.php\/2025\/02\/18\/profesores-de-la-uaz-se-van-a-huelga-para-exigir-mejores-condiciones-laborales-zacatecas\/","url_meta":{"origin":606,"position":5},"title":"Profesores de la UAZ se van a huelga para exigir mejores condiciones laborales (Zacatecas)","author":"grieta","date":"18 febrero, 2025","format":false,"excerpt":"Proceso Por Alonso Ch\u00e1vez Landeros martes, 18 de febrero de 2025 \u00b7 ZACATECAS, Zac. (apro).- Este mediod\u00eda de martes fueron colocadas las banderas rojinegras en la Universidad Aut\u00f3noma de Zacatecas (UAZ) tras estallar la huelga los integrantes del Sindicato de Personal Acad\u00e9mico (SPAUAZ). La huelga fue aprobada por la mayor\u00eda\u2026","rel":"","context":"En &quot;CINTILLO&quot;","block_context":{"text":"CINTILLO","link":"http:\/\/www.grieta.org.mx\/index.php\/category\/cintillo\/"},"img":{"alt_text":"","src":"https:\/\/i0.wp.com\/www.grieta.org.mx\/wp-content\/uploads\/2025\/02\/f685x385-217268_254961_5050.webp?resize=350%2C200","width":350,"height":200,"srcset":"https:\/\/i0.wp.com\/www.grieta.org.mx\/wp-content\/uploads\/2025\/02\/f685x385-217268_254961_5050.webp?resize=350%2C200 1x, https:\/\/i0.wp.com\/www.grieta.org.mx\/wp-content\/uploads\/2025\/02\/f685x385-217268_254961_5050.webp?resize=525%2C300 1.5x"},"classes":[]}],"_links":{"self":[{"href":"http:\/\/www.grieta.org.mx\/index.php\/wp-json\/wp\/v2\/posts\/606","targetHints":{"allow":["GET"]}}],"collection":[{"href":"http:\/\/www.grieta.org.mx\/index.php\/wp-json\/wp\/v2\/posts"}],"about":[{"href":"http:\/\/www.grieta.org.mx\/index.php\/wp-json\/wp\/v2\/types\/post"}],"author":[{"embeddable":true,"href":"http:\/\/www.grieta.org.mx\/index.php\/wp-json\/wp\/v2\/users\/2"}],"replies":[{"embeddable":true,"href":"http:\/\/www.grieta.org.mx\/index.php\/wp-json\/wp\/v2\/comments?post=606"}],"version-history":[{"count":1,"href":"http:\/\/www.grieta.org.mx\/index.php\/wp-json\/wp\/v2\/posts\/606\/revisions"}],"predecessor-version":[{"id":607,"href":"http:\/\/www.grieta.org.mx\/index.php\/wp-json\/wp\/v2\/posts\/606\/revisions\/607"}],"wp:featuredmedia":[{"embeddable":true,"href":"http:\/\/www.grieta.org.mx\/index.php\/wp-json\/wp\/v2\/media\/21928"}],"wp:attachment":[{"href":"http:\/\/www.grieta.org.mx\/index.php\/wp-json\/wp\/v2\/media?parent=606"}],"wp:term":[{"taxonomy":"category","embeddable":true,"href":"http:\/\/www.grieta.org.mx\/index.php\/wp-json\/wp\/v2\/categories?post=606"},{"taxonomy":"post_tag","embeddable":true,"href":"http:\/\/www.grieta.org.mx\/index.php\/wp-json\/wp\/v2\/tags?post=606"}],"curies":[{"name":"wp","href":"https:\/\/api.w.org\/{rel}","templated":true}]}}