{"id":60525,"date":"2021-07-15T12:48:56","date_gmt":"2021-07-15T17:48:56","guid":{"rendered":"https:\/\/www.grieta.org.mx\/?p=60525"},"modified":"2021-07-17T12:53:23","modified_gmt":"2021-07-17T17:53:23","slug":"van-13-victimas-exhumadas-de-3-recientes-fosas-jalisco","status":"publish","type":"post","link":"http:\/\/www.grieta.org.mx\/index.php\/2021\/07\/15\/van-13-victimas-exhumadas-de-3-recientes-fosas-jalisco\/","title":{"rendered":"Van 13 v\u00edctimas exhumadas de 3 recientes fosas (Jalisco)"},"content":{"rendered":"<p>Foto: Especial<\/p>\n<p>Juan Levario \/ El Diario NTR<\/p>\n<p>La Fiscal\u00eda del Estado confirm\u00f3 la presencia de al menos 13 v\u00edctimas en tres fosas clandestinas recientemente investigadas.<\/p>\n<p>Los sitios de inhumaci\u00f3n clandestina se detectaron en\u00a0Santa Ana\u00a0Tepetitl\u00e1n, en Zapopan, y en\u00a0Los C\u00e1ntaros\u00a0y Lomas del Sur, en Tlajomulco de Z\u00fa\u00f1iga.<\/p>\n<p>En el primero se han hallado\u00a057 bolsas\u00a0con restos humanos que no han sido analizadas en su totalidad; sin embargo, lo que se ha revisado corresponde a nueve v\u00edctimas; las labores ah\u00ed contin\u00faan. En los \u00faltimos dos se encontraron dos cuerpos en cada uno y las acciones ya terminaron.<\/p>\n<p>En rueda de prensa, la\u00a0titular\u00a0de la Fiscal\u00eda Especial en Personas Desaparecidas (FEPD),\u00a0Blanca Jacqueline Trujillo Cuevas,\u00a0revel\u00f3 que hasta este jueves\u00a0los peritos continuaban extrayendo indicios de la fosa de Santa Ana, ubicada en un predio r\u00fastico cerca del bosque La Primavera,\u00a0en los l\u00edmites de Ciudad\u00a0Bugambilias.<\/p>\n<p>\u201cDependemos de que el Instituto Jalisciense de Ciencias Forenses (IJCF)\u00a0pues vaya procesando y vaya avanzando en la obtenci\u00f3n de indicios de estas bolsas\u201d, expuso la funcionaria.<\/p>\n<p>Hasta este jueves\u00a0los peritos forenses hab\u00edan procesado ya 20 bolsas y han distinguido partes humanas correspondientes a nueve v\u00edctimas distintas, de\u00a0las cuales cinco ya fueron\u00a0preidentificadas. La instituci\u00f3n est\u00e1 en proceso de tramitar la entrega de los restos a sus familiares.<\/p>\n<p>En el caso de la fosa de Lomas del Sur, las labores iniciaron el lunes con base en una orden de cateo y ya concluyeron con la localizaci\u00f3n de 17 bolsas con restos humanos, en las cuales se ha logrado distinguir al menos a dos personas fallecidas sin identificar. Est\u00e1n pendientes dict\u00e1menes forenses para confirmar la identidad de las v\u00edctimas y entregarlas a sus familiares.<\/p>\n<p>En cuanto a fosa de Los C\u00e1ntaros,\u00a0suma dos v\u00edctimas distinguibles a partir de la recuperaci\u00f3n de ocho bolsas con partes\u00a0humanas e indicios. Ya fue\u00a0preidentificado\u00a0uno de los cad\u00e1veres.<\/p>\n<p>\u201cSeguiremos trabajando para que una vez que el IJCF siga avanzando en el procesamiento de estos indicios, tambi\u00e9n nosotros ir trabajando en la identificaci\u00f3n humana, que es un tema muy importante para nosotros por el tema muy relacionado\u00a0con las personas desaparecidas\u201d, a\u00f1adi\u00f3 la funcionaria.<\/p>\n<p>De enero a junio de 2021 se han encontrado\u00a0en Jalisco los cuerpos de\u00a0169 personas\u00a0en 11 sitios de inhumaci\u00f3n clandestina,\u00a0mientras que en todo 2020\u00a0se recuperaron\u00a0591 v\u00edctimas\u00a0de 27 fosas, de acuerdo con la informaci\u00f3n oficial de Plataforma de Seguridad.<\/p>\n<p><a href=\"https:\/\/www.ntrguadalajara.com\/post.php?id_nota=169052\">https:\/\/www.ntrguadalajara.com\/post.php?id_nota=169052<\/a><\/p>\n","protected":false},"excerpt":{"rendered":"<p>Foto: Especial Juan Levario \/ El Diario NTR La Fiscal\u00eda del Estado confirm\u00f3 la presencia de al menos 13 v\u00edctimas en tres fosas clandestinas recientemente investigadas. Los sitios de inhumaci\u00f3n &hellip; <a href=\"http:\/\/www.grieta.org.mx\/index.php\/2021\/07\/15\/van-13-victimas-exhumadas-de-3-recientes-fosas-jalisco\/\" class=\"more-link\">Leer m\u00e1s<\/a><\/p>\n","protected":false},"author":2,"featured_media":60526,"comment_status":"closed","ping_status":"closed","sticky":false,"template":"","format":"standard","meta":{"ngg_post_thumbnail":0,"_jetpack_newsletter_access":"","_jetpack_dont_email_post_to_subs":false,"_jetpack_newsletter_tier_id":0,"_jetpack_memberships_contains_paywalled_content":false,"_jetpack_memberships_contains_paid_content":false,"footnotes":""},"categories":[80,87,1032,20,2,83],"tags":[121,3775,856],"class_list":["post-60525","post","type-post","status-publish","format-standard","has-post-thumbnail","hentry","category-cintillo","category-desaparecidos","category-desaparecidos-en-jalisco","category-jalisco","category-noticias-nacionales","category-temas-nacionales","tag-desaparecidos","tag-estadisticas-de-desaparecidos","tag-fosas-clandestinas","entry"],"jetpack_featured_media_url":"http:\/\/www.grieta.org.mx\/wp-content\/uploads\/2021\/07\/2021-07-15_01-07-01___2200.jpg","jetpack_sharing_enabled":true,"jetpack_shortlink":"https:\/\/wp.me\/p7ZJR4-fKd","jetpack_likes_enabled":false,"jetpack-related-posts":[{"id":64065,"url":"http:\/\/www.grieta.org.mx\/index.php\/2022\/04\/22\/suman-21-fosas-clandestinas-localizadas-en-jalisco-este-2022-jalisco\/","url_meta":{"origin":60525,"position":0},"title":"Suman 21 fosas clandestinas localizadas en Jalisco este 2022 (Jalisco)","author":"grieta","date":"22 abril, 2022","format":false,"excerpt":"Foto: Rom\u00e1n Ortega - El Occidental En lo que va del a\u00f1o colectivos que buscan a\u00a0personas desaparecidas\u00a0y la Fiscal\u00eda del Estado\u00a0han localizado\u00a021 fosas clandestinas, la mayor\u00eda de ellas en la\u00a0Zona Metropolitana de Guadalajara. Los puntos con mayor n\u00famero de v\u00edctimas se ubicaron en Chulavista, con 45 durante la primera jornada\u2026","rel":"","context":"En &quot;CINTILLO&quot;","block_context":{"text":"CINTILLO","link":"http:\/\/www.grieta.org.mx\/index.php\/category\/cintillo\/"},"img":{"alt_text":"","src":"https:\/\/i0.wp.com\/www.grieta.org.mx\/wp-content\/uploads\/2022\/04\/21-fosas-clandestinas-en-el-Estado.jpeg?resize=350%2C200","width":350,"height":200,"srcset":"https:\/\/i0.wp.com\/www.grieta.org.mx\/wp-content\/uploads\/2022\/04\/21-fosas-clandestinas-en-el-Estado.jpeg?resize=350%2C200 1x, https:\/\/i0.wp.com\/www.grieta.org.mx\/wp-content\/uploads\/2022\/04\/21-fosas-clandestinas-en-el-Estado.jpeg?resize=525%2C300 1.5x, https:\/\/i0.wp.com\/www.grieta.org.mx\/wp-content\/uploads\/2022\/04\/21-fosas-clandestinas-en-el-Estado.jpeg?resize=700%2C400 2x"},"classes":[]},{"id":64938,"url":"http:\/\/www.grieta.org.mx\/index.php\/2022\/08\/23\/insisten-en-omisiones-de-fepd-en-fosas-clandestinas-colectivo-luz-y-esperanza-jalisco\/","url_meta":{"origin":60525,"position":1},"title":"Insisten en omisiones de FEPD en fosas clandestinas: Colectivo Luz y Esperanza (Jalisco)","author":"grieta","date":"23 agosto, 2022","format":false,"excerpt":"Imagen: Jorge Alberto Mendoza Juan Levario \/ El Diario NTR Integrantes del colectivo Luz de Esperanza volvieron a protestar a las afueras de la Fiscal\u00eda Especial en Personas Desaparecidas (FEPD), en donde insistieron en que hay omisiones en el procesamiento de fosas clandestinas. El secretario general del colectivo, H\u00e9ctor Flores\u2026","rel":"","context":"En &quot;CINTILLO&quot;","block_context":{"text":"CINTILLO","link":"http:\/\/www.grieta.org.mx\/index.php\/category\/cintillo\/"},"img":{"alt_text":"","src":"https:\/\/i0.wp.com\/www.grieta.org.mx\/wp-content\/uploads\/2022\/08\/2022-08-22_10-08-54___8780.jpg?resize=350%2C200","width":350,"height":200,"srcset":"https:\/\/i0.wp.com\/www.grieta.org.mx\/wp-content\/uploads\/2022\/08\/2022-08-22_10-08-54___8780.jpg?resize=350%2C200 1x, https:\/\/i0.wp.com\/www.grieta.org.mx\/wp-content\/uploads\/2022\/08\/2022-08-22_10-08-54___8780.jpg?resize=525%2C300 1.5x, https:\/\/i0.wp.com\/www.grieta.org.mx\/wp-content\/uploads\/2022\/08\/2022-08-22_10-08-54___8780.jpg?resize=700%2C400 2x"},"classes":[]},{"id":65811,"url":"http:\/\/www.grieta.org.mx\/index.php\/2022\/11\/21\/exhuman-287-cuerpos-de-40-fosas-clandestinas-en-jalisco\/","url_meta":{"origin":60525,"position":2},"title":"Exhuman 287 cuerpos de 40 fosas clandestinas en Jalisco","author":"grieta","date":"21 noviembre, 2022","format":false,"excerpt":"Imagen: Lauro Rodr\u00edguez Redacci\u00f3n \/ El Diario NTR De enero a octubre, fueron exhumados 287 cuerpos de 40 fosas clandestinas, ubicadas en distintos municipios de Jalisco. Esta cifra supera a los cad\u00e1veres recuperados en 2021, cuando se exhumaron 279 cuerpos de 23 fosas clandestinas, de acuerdo con los datos de\u2026","rel":"","context":"En &quot;CINTILLO&quot;","block_context":{"text":"CINTILLO","link":"http:\/\/www.grieta.org.mx\/index.php\/category\/cintillo\/"},"img":{"alt_text":"","src":"https:\/\/i0.wp.com\/www.grieta.org.mx\/wp-content\/uploads\/2022\/11\/2022-11-21_12-11-46___719.jpg?resize=350%2C200","width":350,"height":200,"srcset":"https:\/\/i0.wp.com\/www.grieta.org.mx\/wp-content\/uploads\/2022\/11\/2022-11-21_12-11-46___719.jpg?resize=350%2C200 1x, https:\/\/i0.wp.com\/www.grieta.org.mx\/wp-content\/uploads\/2022\/11\/2022-11-21_12-11-46___719.jpg?resize=525%2C300 1.5x, https:\/\/i0.wp.com\/www.grieta.org.mx\/wp-content\/uploads\/2022\/11\/2022-11-21_12-11-46___719.jpg?resize=700%2C400 2x"},"classes":[]},{"id":55504,"url":"http:\/\/www.grieta.org.mx\/index.php\/2020\/11\/26\/tiene-jalisco-las-fosas-con-mas-victimas\/","url_meta":{"origin":60525,"position":3},"title":"Tiene Jalisco las fosas con m\u00e1s v\u00edctimas","author":"grieta","date":"26 noviembre, 2020","format":false,"excerpt":"Foto: Jorge Alberto Mendoza Redacci\u00f3n \/ El Diario NTR Jalisco tiene las dos fosas clandestinas con m\u00e1s v\u00edctimas en lo que va de la actual administraci\u00f3n federal, revel\u00f3 el \u00faltimo informe de B\u00fasqueda e Identificaci\u00f3n de Personas Desaparecidas, el cual fue dado a conocer por la Secretar\u00eda de Gobernaci\u00f3n (Segob).\u2026","rel":"","context":"En &quot;CINTILLO&quot;","block_context":{"text":"CINTILLO","link":"http:\/\/www.grieta.org.mx\/index.php\/category\/cintillo\/"},"img":{"alt_text":"","src":"https:\/\/i0.wp.com\/www.grieta.org.mx\/wp-content\/uploads\/2020\/11\/2020-11-25_11-11-50___1641.jpg?resize=350%2C200","width":350,"height":200,"srcset":"https:\/\/i0.wp.com\/www.grieta.org.mx\/wp-content\/uploads\/2020\/11\/2020-11-25_11-11-50___1641.jpg?resize=350%2C200 1x, https:\/\/i0.wp.com\/www.grieta.org.mx\/wp-content\/uploads\/2020\/11\/2020-11-25_11-11-50___1641.jpg?resize=525%2C300 1.5x, https:\/\/i0.wp.com\/www.grieta.org.mx\/wp-content\/uploads\/2020\/11\/2020-11-25_11-11-50___1641.jpg?resize=700%2C400 2x"},"classes":[]},{"id":59108,"url":"http:\/\/www.grieta.org.mx\/index.php\/2021\/04\/26\/colectivo-de-familias-unidas-localizan-fosas-clandestinas-en-ixtlan-del-rio-nayarit\/","url_meta":{"origin":60525,"position":4},"title":"Colectivo de Familias Unidas localizan fosas clandestinas en Ixtl\u00e1n del R\u00edo (Nayarit)","author":"grieta","date":"26 abril, 2021","format":false,"excerpt":"Foto: Realidades de Nayarit Fueron halladas en Ixtl\u00e1n del R\u00edo por colectivos de Familias Unidas Wilfrido Elenes Luna \/ Realidades de Nayarti Ixtl\u00e1n del R\u00edo; lunes 26 de abril del 2021.- Nuevamente en forma sospechosa los integrantes de la Fiscal\u00eda que deber\u00edan estar investigando el caso fueron sobrepasados o simplemente\u2026","rel":"","context":"En &quot;CINTILLO&quot;","block_context":{"text":"CINTILLO","link":"http:\/\/www.grieta.org.mx\/index.php\/category\/cintillo\/"},"img":{"alt_text":"","src":"https:\/\/i0.wp.com\/www.grieta.org.mx\/wp-content\/uploads\/2021\/05\/fosa.jpg?resize=350%2C200","width":350,"height":200,"srcset":"https:\/\/i0.wp.com\/www.grieta.org.mx\/wp-content\/uploads\/2021\/05\/fosa.jpg?resize=350%2C200 1x, https:\/\/i0.wp.com\/www.grieta.org.mx\/wp-content\/uploads\/2021\/05\/fosa.jpg?resize=525%2C300 1.5x, https:\/\/i0.wp.com\/www.grieta.org.mx\/wp-content\/uploads\/2021\/05\/fosa.jpg?resize=700%2C400 2x"},"classes":[]},{"id":59395,"url":"http:\/\/www.grieta.org.mx\/index.php\/2021\/05\/09\/guerreras-unidas-exigen-identificacion-inmediata-de-personas-localizadas-en-fosas-clandestinas-jalisco\/","url_meta":{"origin":60525,"position":5},"title":"Guerreras Unidas exigen identificaci\u00f3n inmediata de personas localizadas en fosas clandestinas (Jalisco)","author":"grieta","date":"9 mayo, 2021","format":false,"excerpt":"Foto: Zona Docs Con dos a\u00f1os de lucha, el Colectivo Guerreras Unidas por Chapala exige a las autoridades de Jalisco respuestas contundentes para saber si sus familiares han sido o no localizados en las fosas clandestinas localizadas en la regi\u00f3n en el \u00faltimo a\u00f1o. A la fecha, de las m\u00e1s\u2026","rel":"","context":"En &quot;CINTILLO&quot;","block_context":{"text":"CINTILLO","link":"http:\/\/www.grieta.org.mx\/index.php\/category\/cintillo\/"},"img":{"alt_text":"","src":"https:\/\/i0.wp.com\/www.grieta.org.mx\/wp-content\/uploads\/2021\/05\/Unknown-7-1-1080x608-1-e1621277089892.jpeg?resize=350%2C200","width":350,"height":200,"srcset":"https:\/\/i0.wp.com\/www.grieta.org.mx\/wp-content\/uploads\/2021\/05\/Unknown-7-1-1080x608-1-e1621277089892.jpeg?resize=350%2C200 1x, https:\/\/i0.wp.com\/www.grieta.org.mx\/wp-content\/uploads\/2021\/05\/Unknown-7-1-1080x608-1-e1621277089892.jpeg?resize=525%2C300 1.5x, https:\/\/i0.wp.com\/www.grieta.org.mx\/wp-content\/uploads\/2021\/05\/Unknown-7-1-1080x608-1-e1621277089892.jpeg?resize=700%2C400 2x"},"classes":[]}],"_links":{"self":[{"href":"http:\/\/www.grieta.org.mx\/index.php\/wp-json\/wp\/v2\/posts\/60525","targetHints":{"allow":["GET"]}}],"collection":[{"href":"http:\/\/www.grieta.org.mx\/index.php\/wp-json\/wp\/v2\/posts"}],"about":[{"href":"http:\/\/www.grieta.org.mx\/index.php\/wp-json\/wp\/v2\/types\/post"}],"author":[{"embeddable":true,"href":"http:\/\/www.grieta.org.mx\/index.php\/wp-json\/wp\/v2\/users\/2"}],"replies":[{"embeddable":true,"href":"http:\/\/www.grieta.org.mx\/index.php\/wp-json\/wp\/v2\/comments?post=60525"}],"version-history":[{"count":1,"href":"http:\/\/www.grieta.org.mx\/index.php\/wp-json\/wp\/v2\/posts\/60525\/revisions"}],"predecessor-version":[{"id":60527,"href":"http:\/\/www.grieta.org.mx\/index.php\/wp-json\/wp\/v2\/posts\/60525\/revisions\/60527"}],"wp:featuredmedia":[{"embeddable":true,"href":"http:\/\/www.grieta.org.mx\/index.php\/wp-json\/wp\/v2\/media\/60526"}],"wp:attachment":[{"href":"http:\/\/www.grieta.org.mx\/index.php\/wp-json\/wp\/v2\/media?parent=60525"}],"wp:term":[{"taxonomy":"category","embeddable":true,"href":"http:\/\/www.grieta.org.mx\/index.php\/wp-json\/wp\/v2\/categories?post=60525"},{"taxonomy":"post_tag","embeddable":true,"href":"http:\/\/www.grieta.org.mx\/index.php\/wp-json\/wp\/v2\/tags?post=60525"}],"curies":[{"name":"wp","href":"https:\/\/api.w.org\/{rel}","templated":true}]}}