{"id":60506,"date":"2021-07-14T14:51:43","date_gmt":"2021-07-14T19:51:43","guid":{"rendered":"https:\/\/www.grieta.org.mx\/?p=60506"},"modified":"2021-07-16T15:56:37","modified_gmt":"2021-07-16T20:56:37","slug":"despiden-a-150-petroleros-a-traves-de-un-mensaje-de-whatsapp-en-ciudad-del-carmen-campeche","status":"publish","type":"post","link":"http:\/\/www.grieta.org.mx\/index.php\/2021\/07\/14\/despiden-a-150-petroleros-a-traves-de-un-mensaje-de-whatsapp-en-ciudad-del-carmen-campeche\/","title":{"rendered":"Despiden a 150 petroleros a trav\u00e9s de un mensaje de WhatsApp en Ciudad del Carmen (Campeche)"},"content":{"rendered":"<p>Fernando Kant\u00fan \/ PorEsto!<\/p>\n<blockquote><p>Los obreros se\u00f1alan que las empresas Marinsa y Maren los despidieron sin liquidaci\u00f3n a trav\u00e9s de un mensaje de WhatsApp y fueron dados de baja del IMSS<\/p><\/blockquote>\n<p>Trabajadores de costa afuera que omitieron sus nombres, de la plataforma Jap Driller 1, que se encuentra en el pozo Xik\u00edn, con contrato 641009800, de las unidades operativas con intervenciones de pozos en el Golfo de M\u00e9xico, entre las compa\u00f1\u00edas Marinsa y Maren, fueron bajados de la plataforma el pasado 30 de mayo con el compromiso de subirlos de nuevo hasta que concluya la perforaci\u00f3n del pozo; sin embargo, les notificaron a trav\u00e9s de un mensaje de WhatsApp que la empresa hab\u00eda decidido acabar la relaci\u00f3n laboral con ellos; sin que hasta el momento les cubran al 100 por ciento sus salarios.<\/p>\n<p>Estas pr\u00e1cticas contravienen a las pol\u00edticas anunciadas constantemente por el Gobierno Federal, en el sentido de que se acabar\u00eda la corrupci\u00f3n en los contratos, as\u00ed como los abusos laborales a trav\u00e9s de las llamadas \u201coutsourcings\u201d. Es importante no olvidar que el 7 de diciembre del 2019, precisamente la Jap Drilller 1 fue visitada por el presidente Andr\u00e9s Manuel L\u00f3pez Obrador, la secretaria de Energ\u00eda, Roc\u00edo Nahle Garc\u00eda y el director general de Petr\u00f3leos Mexicanos (PEMEX), donde el ejecutivo federal anunci\u00f3 la \u201ctolerancia cero\u201d a pr\u00e1cticas como la que plantean los obreros.<\/p>\n<p>En aquella ocasi\u00f3n las autoridades del sector energ\u00e9tico nacional y el Presidente celebraron la supuesta reactivaci\u00f3n de la industria petrolera, situaci\u00f3n que parecer\u00eda una realidad con la contrataci\u00f3n de especialistas y obreros en pozos que ser\u00edan operados por compa\u00f1\u00edas mexicanas.<\/p>\n<p>Algunos trabajadores fueron contratados en enero del a\u00f1o en curso y as\u00ed sucesivamente para laborar en la plataforma Jap Driller 1, para la perforaci\u00f3n del pozo en el campo Xik\u00edn; sin embargo, los pagos a los obreros se les ha hecho de forma parcial, sin que se les cubra al 100 por ciento, debido a que les deben tres o cuatro meses de labores que van de 50 hasta 60 mil pesos, ya que depende de la categor\u00eda.<\/p>\n<p>Los afectados explicaron que el \u00faltimo contrato laboral que firmaron fue modificado y los relacionaban con varias \u201coutsourcings\u201d, por lo cual posiblemente y en el transcurso del contrato laboraron para seis subcontratadoras controladas por la naviera.<\/p>\n<p>\u201cNos bajaron de la plataforma el 30 de mayo, somos 150 trabajadores de la compa\u00f1\u00eda Marinsa y nos dijeron que \u00edbamos a regresar a trabajar, pero hace unos d\u00edas nos enviaron unos mensajes v\u00eda WhatsApp para decirnos que la empresa decidi\u00f3 acabar la relaci\u00f3n laboral con nosotros\u201d, indicaron.<\/p>\n<p>Manifestaron que el detalle que no les han pagado, y en estos meses les cubren el salario por partes y as\u00ed los traen, e incluso ya fueron dados de bajas en el Instituto Mexicano del Seguro Social (IMSS) sin decirles nada, y sin que los liquiden por la empresa.<\/p>\n<p>\u201cCuando nos comunicamos a Recursos Humanos, con Berenice Mart\u00edn, nos dice que no hay dinero para pagar y que se encuentran en espera a que Petr\u00f3leos Mexicanos cumpla con ellos y as\u00ed los traen; que ella no puede hacer nada, porque tambi\u00e9n es empleada y para evadir a los obreros les dice que se comuniquen con la gerente, sin que les solucionen sus pagos\u201d, agregaron los afectados.<\/p>\n<p>Uno de los trabajadores apunt\u00f3 que en Conciliaci\u00f3n y Arbitraje le dijeron que despu\u00e9s de dos meses que los separan de la empresa no pueden pelear ning\u00fan derecho y que tal vez por mala fe, la empresa Marinsa juega de esa forma, porque ya faltan pocos d\u00edas para que venzan los dos meses y no proceda ni la conciliaci\u00f3n laboral ni demanda, de acuerdo con la Reforma Laboral.<\/p>\n<p>Se\u00f1alaron que hace unos d\u00edas subieron a algunos trabajadores a bordo de la plataforma Jap Driller 1 para cuidarla y all\u00ed los tienen encerrados de \u201cbrazos ca\u00eddos\u201d, porque tampoco les pagan; \u201cen la empresa nadie da la cara, mientras tienen conocimiento que algunos trabajadores de tierra tambi\u00e9n se encuentran en la misma situaci\u00f3n\u201d, acotaron los inconformes. <\/p>\n<p><a href=\"https:\/\/www.poresto.net\/campeche\/2021\/7\/14\/despiden-150-petroleros-traves-de-un-mensaje-de-whatsapp-en-ciudad-del-carmen-263444.html\" rel=\"noopener\" target=\"_blank\">https:\/\/www.poresto.net\/campeche\/2021\/7\/14\/despiden-150-petroleros-traves-de-un-mensaje-de-whatsapp-en-ciudad-del-carmen-263444.html<\/a><\/p>\n","protected":false},"excerpt":{"rendered":"<p>Fernando Kant\u00fan \/ PorEsto! Los obreros se\u00f1alan que las empresas Marinsa y Maren los despidieron sin liquidaci\u00f3n a trav\u00e9s de un mensaje de WhatsApp y fueron dados de baja del &hellip; <a href=\"http:\/\/www.grieta.org.mx\/index.php\/2021\/07\/14\/despiden-a-150-petroleros-a-traves-de-un-mensaje-de-whatsapp-en-ciudad-del-carmen-campeche\/\" class=\"more-link\">Leer m\u00e1s<\/a><\/p>\n","protected":false},"author":2,"featured_media":60507,"comment_status":"closed","ping_status":"closed","sticky":false,"template":"","format":"standard","meta":{"ngg_post_thumbnail":0,"_jetpack_newsletter_access":"","_jetpack_dont_email_post_to_subs":false,"_jetpack_newsletter_tier_id":0,"_jetpack_memberships_contains_paywalled_content":false,"_jetpack_memberships_contains_paid_content":false,"footnotes":""},"categories":[11,80,1040,910,2,83],"tags":[113,2105,3358],"class_list":["post-60506","post","type-post","status-publish","format-standard","has-post-thumbnail","hentry","category-campeche","category-cintillo","category-conflictos-laborales-en-campeche","category-explotacion-y-precariedad-laboral","category-noticias-nacionales","category-temas-nacionales","tag-conflictos-laborales","tag-despidos-masivos","tag-petroleros","entry"],"jetpack_featured_media_url":"http:\/\/www.grieta.org.mx\/wp-content\/uploads\/2021\/07\/PetrolerosCdDelCarmen-e1626467038767.png","jetpack_sharing_enabled":true,"jetpack_shortlink":"https:\/\/wp.me\/p7ZJR4-fJU","jetpack_likes_enabled":false,"jetpack-related-posts":[{"id":42966,"url":"http:\/\/www.grieta.org.mx\/index.php\/2020\/01\/07\/un-incendio-en-una-plataforma-de-pemex-en-campeche-deja-tres-heridos\/","url_meta":{"origin":60506,"position":0},"title":"Un incendio en una plataforma de Pemex en Campeche deja tres heridos","author":"grieta","date":"7 enero, 2020","format":false,"excerpt":"Rosa Santana \/ Proceso CIUDAD DEL CARMEN, Cam. (apro). \u2013 Un incendio registrado esta ma\u00f1ana en la plataforma Akal-C 6 de Pemex, ubicada en la Sonda de Campeche, dej\u00f3 un saldo de tres trabajadores lesionados. El incidente ocurri\u00f3 aproximadamente a las 10:00 horas de este martes en el lado oeste\u2026","rel":"","context":"En &quot;Campeche&quot;","block_context":{"text":"Campeche","link":"http:\/\/www.grieta.org.mx\/index.php\/category\/noticias-nacionales\/campeche\/"},"img":{"alt_text":"","src":"https:\/\/i0.wp.com\/www.grieta.org.mx\/wp-content\/uploads\/2020\/01\/Pemex_Campeche-870x522-e1578770327600.jpg?resize=350%2C200","width":350,"height":200,"srcset":"https:\/\/i0.wp.com\/www.grieta.org.mx\/wp-content\/uploads\/2020\/01\/Pemex_Campeche-870x522-e1578770327600.jpg?resize=350%2C200 1x, https:\/\/i0.wp.com\/www.grieta.org.mx\/wp-content\/uploads\/2020\/01\/Pemex_Campeche-870x522-e1578770327600.jpg?resize=525%2C300 1.5x, https:\/\/i0.wp.com\/www.grieta.org.mx\/wp-content\/uploads\/2020\/01\/Pemex_Campeche-870x522-e1578770327600.jpg?resize=700%2C400 2x"},"classes":[]},{"id":60705,"url":"http:\/\/www.grieta.org.mx\/index.php\/2021\/07\/18\/alimentos-perecederos-infecta-a-130-trabajadores-de-pemex-en-ciudad-del-carmen-campeche\/","url_meta":{"origin":60506,"position":1},"title":"Alimentos perecederos infecta a 130 trabajadores de Pemex en Ciudad del Carmen (Campeche)","author":"grieta","date":"18 julio, 2021","format":false,"excerpt":"Fernando Kant\u00fan \/ PorEsto! Aproximadamente 130 trabajadores de las plataformas Abkat\u00fan N1 y Abkat\u00fan Alfa se encuentran infectados presuntamente de tifoidea por consumo de alimentos perecederos y agua indebidamente tratada, el contagio inici\u00f3 en la guardia anterior de 40 trabajadores (hace un mes) en la plataforma Abkat\u00fan N1 de inyecci\u00f3n\u2026","rel":"","context":"En &quot;Campeche&quot;","block_context":{"text":"Campeche","link":"http:\/\/www.grieta.org.mx\/index.php\/category\/noticias-nacionales\/campeche\/"},"img":{"alt_text":"","src":"https:\/\/i0.wp.com\/www.grieta.org.mx\/wp-content\/uploads\/2021\/07\/CdCarmenAlimentos2.jpg?resize=350%2C200","width":350,"height":200},"classes":[]},{"id":9598,"url":"http:\/\/www.grieta.org.mx\/index.php\/2016\/09\/10\/conflictos-laborales-en-campeche\/","url_meta":{"origin":60506,"position":2},"title":"Conflictos laborales en Campeche","author":"grieta","date":"10 septiembre, 2016","format":false,"excerpt":"10\/09\/16. Despiden a obreros de PASA por protestar (Campeche) Tribuna 09\/09\/16. Jubilados exigen pago de bonos (Campeche) Tribuna 06\/09\/16. Paran otra vez los polic\u00edas; sin bono (Campeche) Tribuna 30\/08\/16. Bloquean Planta de Nitr\u00f3geno Cantarell (Campeche) Tribuna 20\/08\/16. Paralizan labores en Cobacam (Campeche) Tribuna 12\/08\/16. Plantean demandas empleados del INAH (Campeche)\u2026","rel":"","context":"En &quot;Campeche&quot;","block_context":{"text":"Campeche","link":"http:\/\/www.grieta.org.mx\/index.php\/category\/noticias-nacionales\/campeche\/"},"img":{"alt_text":"","src":"https:\/\/i0.wp.com\/www.grieta.org.mx\/wp-content\/uploads\/2018\/03\/14524434_1106112876131411_958039263622046936_o.jpg?resize=350%2C200","width":350,"height":200,"srcset":"https:\/\/i0.wp.com\/www.grieta.org.mx\/wp-content\/uploads\/2018\/03\/14524434_1106112876131411_958039263622046936_o.jpg?resize=350%2C200 1x, https:\/\/i0.wp.com\/www.grieta.org.mx\/wp-content\/uploads\/2018\/03\/14524434_1106112876131411_958039263622046936_o.jpg?resize=525%2C300 1.5x, https:\/\/i0.wp.com\/www.grieta.org.mx\/wp-content\/uploads\/2018\/03\/14524434_1106112876131411_958039263622046936_o.jpg?resize=700%2C400 2x"},"classes":[]},{"id":50091,"url":"http:\/\/www.grieta.org.mx\/index.php\/2020\/05\/27\/trabajadores-de-la-plataforma-sandunga-piden-ser-desalojados-campeche\/","url_meta":{"origin":60506,"position":3},"title":"Trabajadores de la plataforma Sandunga piden ser desalojados (Campeche)","author":"grieta","date":"27 mayo, 2020","format":false,"excerpt":"\"Tenemos temor por nuestra salud y por nuestras vidas\", se\u00f1alan Texto y foto: Gabriel Graniel Herrera, corresponsal \/La Jornada Maya Ciudad del Carmen, Campeche Al asegurar que la permanencia de personal contagiado de COVID-19, a bordo de la plataforma autoelevable Sandunga, se ha convertido en un foco de infecci\u00f3n para\u2026","rel":"","context":"En &quot;Campeche&quot;","block_context":{"text":"Campeche","link":"http:\/\/www.grieta.org.mx\/index.php\/category\/noticias-nacionales\/campeche\/"},"img":{"alt_text":"","src":"https:\/\/i0.wp.com\/www.grieta.org.mx\/wp-content\/uploads\/2020\/06\/PlataformaCampeche.png?resize=350%2C200","width":350,"height":200,"srcset":"https:\/\/i0.wp.com\/www.grieta.org.mx\/wp-content\/uploads\/2020\/06\/PlataformaCampeche.png?resize=350%2C200 1x, https:\/\/i0.wp.com\/www.grieta.org.mx\/wp-content\/uploads\/2020\/06\/PlataformaCampeche.png?resize=525%2C300 1.5x"},"classes":[]},{"id":47751,"url":"http:\/\/www.grieta.org.mx\/index.php\/2020\/04\/10\/trasladan-a-trabajadores-petroleros-de-abkatun-por-sospecha-de-covid-19-campeche\/","url_meta":{"origin":60506,"position":4},"title":"Trasladan a trabajadores petroleros de Abkat\u00fan por sospecha de COVID-19 (Campeche)","author":"grieta","date":"10 abril, 2020","format":false,"excerpt":"Gabriel Graniel Herrera \/ Foto: Notimex \/ La Jornada Maya Ciudad del Carmen, Campeche S\u00e1bado 10 de abril, 2020 Por presentar cuadro febriles y s\u00edntomas de COVID-19, cuatro trabajadores petroleros fueron trasladados a tierra, de la plataforma Abkat\u00fan Alfa de Petr\u00f3leos Mexicanos (Pemex) en la Sonda de Campeche; mientras que\u2026","rel":"","context":"En &quot;Campeche&quot;","block_context":{"text":"Campeche","link":"http:\/\/www.grieta.org.mx\/index.php\/category\/noticias-nacionales\/campeche\/"},"img":{"alt_text":"","src":"https:\/\/i0.wp.com\/www.grieta.org.mx\/wp-content\/uploads\/2020\/04\/PemexCampeche.png?resize=350%2C200","width":350,"height":200,"srcset":"https:\/\/i0.wp.com\/www.grieta.org.mx\/wp-content\/uploads\/2020\/04\/PemexCampeche.png?resize=350%2C200 1x, https:\/\/i0.wp.com\/www.grieta.org.mx\/wp-content\/uploads\/2020\/04\/PemexCampeche.png?resize=525%2C300 1.5x"},"classes":[]},{"id":29843,"url":"http:\/\/www.grieta.org.mx\/index.php\/2019\/03\/01\/intoxicados-con-bacteria-cerca-de-40-petroleros-campeche\/","url_meta":{"origin":60506,"position":5},"title":"Intoxicados con bacteria cerca de 40 petroleros (Campeche)","author":"grieta","date":"1 marzo, 2019","format":false,"excerpt":"Gabriel Viche\/Novedades Cerca de 40 trabajadores de la plataforma Akal C, entre personal de Petr\u00f3leos Mexicanos (Pemex) y de compa\u00f1\u00eda, est\u00e1n intoxicados por una bacteria debido a la mala calidad de los alimentos por parte de la compa\u00f1\u00eda Veggies Light. Los obreros a bordo hicieron un llamado de auxilio a\u2026","rel":"","context":"En &quot;Campeche&quot;","block_context":{"text":"Campeche","link":"http:\/\/www.grieta.org.mx\/index.php\/category\/noticias-nacionales\/campeche\/"},"img":{"alt_text":"","src":"https:\/\/i0.wp.com\/www.grieta.org.mx\/wp-content\/uploads\/2019\/03\/28intoxicados-696x461.jpg?resize=350%2C200","width":350,"height":200,"srcset":"https:\/\/i0.wp.com\/www.grieta.org.mx\/wp-content\/uploads\/2019\/03\/28intoxicados-696x461.jpg?resize=350%2C200 1x, https:\/\/i0.wp.com\/www.grieta.org.mx\/wp-content\/uploads\/2019\/03\/28intoxicados-696x461.jpg?resize=525%2C300 1.5x"},"classes":[]}],"_links":{"self":[{"href":"http:\/\/www.grieta.org.mx\/index.php\/wp-json\/wp\/v2\/posts\/60506","targetHints":{"allow":["GET"]}}],"collection":[{"href":"http:\/\/www.grieta.org.mx\/index.php\/wp-json\/wp\/v2\/posts"}],"about":[{"href":"http:\/\/www.grieta.org.mx\/index.php\/wp-json\/wp\/v2\/types\/post"}],"author":[{"embeddable":true,"href":"http:\/\/www.grieta.org.mx\/index.php\/wp-json\/wp\/v2\/users\/2"}],"replies":[{"embeddable":true,"href":"http:\/\/www.grieta.org.mx\/index.php\/wp-json\/wp\/v2\/comments?post=60506"}],"version-history":[{"count":1,"href":"http:\/\/www.grieta.org.mx\/index.php\/wp-json\/wp\/v2\/posts\/60506\/revisions"}],"predecessor-version":[{"id":60508,"href":"http:\/\/www.grieta.org.mx\/index.php\/wp-json\/wp\/v2\/posts\/60506\/revisions\/60508"}],"wp:featuredmedia":[{"embeddable":true,"href":"http:\/\/www.grieta.org.mx\/index.php\/wp-json\/wp\/v2\/media\/60507"}],"wp:attachment":[{"href":"http:\/\/www.grieta.org.mx\/index.php\/wp-json\/wp\/v2\/media?parent=60506"}],"wp:term":[{"taxonomy":"category","embeddable":true,"href":"http:\/\/www.grieta.org.mx\/index.php\/wp-json\/wp\/v2\/categories?post=60506"},{"taxonomy":"post_tag","embeddable":true,"href":"http:\/\/www.grieta.org.mx\/index.php\/wp-json\/wp\/v2\/tags?post=60506"}],"curies":[{"name":"wp","href":"https:\/\/api.w.org\/{rel}","templated":true}]}}