{"id":60444,"date":"2021-07-10T09:43:45","date_gmt":"2021-07-10T14:43:45","guid":{"rendered":"https:\/\/www.grieta.org.mx\/?p=60444"},"modified":"2021-07-15T10:50:32","modified_gmt":"2021-07-15T15:50:32","slug":"policias-detienen-arbitrariamente-a-estudiantes-en-merida-yucatan","status":"publish","type":"post","link":"http:\/\/www.grieta.org.mx\/index.php\/2021\/07\/10\/policias-detienen-arbitrariamente-a-estudiantes-en-merida-yucatan\/","title":{"rendered":"Polic\u00edas detienen arbitrariamente a estudiantes en M\u00e9rida (Yucat\u00e1n)"},"content":{"rendered":"<p>Por Herbeth Escalante \/ Haz Ruido<\/p>\n<blockquote><p>Familiares lamentaron que los agentes sigan deteniendo a los j\u00f3venes por su forma de vestir o por su situaci\u00f3n econ\u00f3mica precaria.<\/p><\/blockquote>\n<p>M\u00e9rida, Yucat\u00e1n, 10 de julio de 2021.-Elementos de la Secretar\u00eda de Seguridad P\u00fablica (SSP) detuvieron de forma arbitraria a dos j\u00f3venes estudiantes y amenazaron a uno m\u00e1s en las calles del fraccionamiento San Marcos Ciudad Sustentable, sin dar explicaciones y sin que hayan cometido alg\u00fan delito.<\/p>\n<p>Los agentes estatales, a bordo de la patrulla 6468, arrestaron a dichos j\u00f3venes, incluida una mujer, y fueron trasladados a la c\u00e1rcel p\u00fablica, aunque no especifaron si realizaron alg\u00fan il\u00edcito.<\/p>\n<p>\u201cTienen esposada a mi compa\u00f1era y ahora me est\u00e1n subiendo a la fuerza, no sabemos a d\u00f3nde nos llevan\u201d, alcanz\u00f3 a decir uno de los estudiantes al realizar una llamada a una familiar suya para contarle lo que estaba pasando.<\/p>\n<p>Antes de que se cortara la llamada se alcanz\u00f3 a escuchar que un polic\u00eda se excus\u00f3 diciendo \u201cque estaban cumpliendo un protocolo de seguridad\u201d.<\/p>\n<p>Un tercer joven, al notar que sus amigos estaban detenidos, pidi\u00f3 explicaciones a los uniformados, quienes lo amenazaron de que tambi\u00e9n ser\u00eda arrestado.<\/p>\n<p>Familiares de los estudiantes lamentaron que ocurran estos actos de abuso de poder en Yucat\u00e1n y que los polic\u00edas sigan deteniendo a gente por su forma de vestir o por su situaci\u00f3n econ\u00f3mica precaria. <\/p>\n<p>Cuando fueron a pedir informaci\u00f3n de la detenci\u00f3n en las instalaciones de la SSP, las autoridades se limitaron a decir que cometieron una falta administrativa, pero no les mostraron alg\u00fan acta que avale su ingreso a los separos. (Foto de archivo)<\/p>\n<p><a href=\"https:\/\/www.hazruido.mx\/reportes\/policias-detienen-arbitrariamente-a-estudiantes-en-merida\/\" rel=\"noopener\" target=\"_blank\">https:\/\/www.hazruido.mx\/reportes\/policias-detienen-arbitrariamente-a-estudiantes-en-merida\/<\/a><\/p>\n","protected":false},"excerpt":{"rendered":"<p>Por Herbeth Escalante \/ Haz Ruido Familiares lamentaron que los agentes sigan deteniendo a los j\u00f3venes por su forma de vestir o por su situaci\u00f3n econ\u00f3mica precaria. M\u00e9rida, Yucat\u00e1n, 10 &hellip; <a href=\"http:\/\/www.grieta.org.mx\/index.php\/2021\/07\/10\/policias-detienen-arbitrariamente-a-estudiantes-en-merida-yucatan\/\" class=\"more-link\">Leer m\u00e1s<\/a><\/p>\n","protected":false},"author":2,"featured_media":60445,"comment_status":"closed","ping_status":"closed","sticky":false,"template":"","format":"standard","meta":{"ngg_post_thumbnail":0,"_jetpack_newsletter_access":"","_jetpack_dont_email_post_to_subs":false,"_jetpack_newsletter_tier_id":0,"_jetpack_memberships_contains_paywalled_content":false,"_jetpack_memberships_contains_paid_content":false,"footnotes":""},"categories":[2789,80,2,36],"tags":[2685],"class_list":["post-60444","post","type-post","status-publish","format-standard","has-post-thumbnail","hentry","category-abuso-autoridades-en-yucatan","category-cintillo","category-noticias-nacionales","category-yucatan","tag-abuso-policiaco-hacia-los-jovenes","entry"],"jetpack_featured_media_url":"http:\/\/www.grieta.org.mx\/wp-content\/uploads\/2021\/07\/PoliciasMerida.png","jetpack_sharing_enabled":true,"jetpack_shortlink":"https:\/\/wp.me\/p7ZJR4-fIU","jetpack_likes_enabled":false,"jetpack-related-posts":[{"id":61366,"url":"http:\/\/www.grieta.org.mx\/index.php\/2021\/08\/29\/jovenes-se-manifiestan-contra-el-abuso-policiaco-en-el-centro-de-merida-yucatan\/","url_meta":{"origin":60444,"position":0},"title":"J\u00f3venes se manifiestan contra el abuso policiaco en el Centro de M\u00e9rida (Yucat\u00e1n)","author":"grieta","date":"29 agosto, 2021","format":false,"excerpt":"Jes\u00fas C\u00e1mara \/ PorEsto! Un grupo de j\u00f3venes pertenecientes a la agrupaci\u00f3n Sureste en Resistencia, realizaron una manifestaci\u00f3n de micr\u00f3fono en la Plaza Grande en el Centro de M\u00e9rida, para denunciar distintos casos de abuso policiaco por parte de la Polic\u00eda Estatal y Municipal de M\u00e9rida y otras localidades. Frente\u2026","rel":"","context":"En &quot;Abuso Autoridades en Yucat\u00e1n&quot;","block_context":{"text":"Abuso Autoridades en Yucat\u00e1n","link":"http:\/\/www.grieta.org.mx\/index.php\/category\/noticias-nacionales\/yucatan\/abuso-autoridades-en-yucatan\/"},"img":{"alt_text":"","src":"https:\/\/i0.wp.com\/www.grieta.org.mx\/wp-content\/uploads\/2021\/08\/ProtestaJovenes-e1630267522216.png?resize=350%2C200","width":350,"height":200,"srcset":"https:\/\/i0.wp.com\/www.grieta.org.mx\/wp-content\/uploads\/2021\/08\/ProtestaJovenes-e1630267522216.png?resize=350%2C200 1x, https:\/\/i0.wp.com\/www.grieta.org.mx\/wp-content\/uploads\/2021\/08\/ProtestaJovenes-e1630267522216.png?resize=525%2C300 1.5x, https:\/\/i0.wp.com\/www.grieta.org.mx\/wp-content\/uploads\/2021\/08\/ProtestaJovenes-e1630267522216.png?resize=700%2C400 2x"},"classes":[]},{"id":34517,"url":"http:\/\/www.grieta.org.mx\/index.php\/2019\/06\/10\/alumnos-de-la-uady-protestan-ante-caso-de-acoso-yucatan\/","url_meta":{"origin":60444,"position":1},"title":"Alumnos de la Uady protestan ante caso de acoso (Yucat\u00e1n)","author":"grieta","date":"10 junio, 2019","format":false,"excerpt":"Yucat\u00e1n a la Mano Tras la denuncia que realiz\u00f3 por medio de redes sociales una estudiante de la Preparatoria 1 de la Universidad Aut\u00f3noma de Yucat\u00e1n (Uady), en la cual acusaba a un profesor de haberla acosado, un grupo de j\u00f3venes realiza una marcha en apoyo a la alumna. Con\u2026","rel":"","context":"En &quot;CINTILLO&quot;","block_context":{"text":"CINTILLO","link":"http:\/\/www.grieta.org.mx\/index.php\/category\/cintillo\/"},"img":{"alt_text":"","src":"https:\/\/i0.wp.com\/www.grieta.org.mx\/wp-content\/uploads\/2019\/06\/UadyAcoso.png?resize=350%2C200","width":350,"height":200,"srcset":"https:\/\/i0.wp.com\/www.grieta.org.mx\/wp-content\/uploads\/2019\/06\/UadyAcoso.png?resize=350%2C200 1x, https:\/\/i0.wp.com\/www.grieta.org.mx\/wp-content\/uploads\/2019\/06\/UadyAcoso.png?resize=525%2C300 1.5x, https:\/\/i0.wp.com\/www.grieta.org.mx\/wp-content\/uploads\/2019\/06\/UadyAcoso.png?resize=700%2C400 2x, https:\/\/i0.wp.com\/www.grieta.org.mx\/wp-content\/uploads\/2019\/06\/UadyAcoso.png?resize=1050%2C600 3x"},"classes":[]},{"id":55393,"url":"http:\/\/www.grieta.org.mx\/index.php\/2020\/11\/20\/a-una-ano-de-que-la-ssp-violento-a-feministas-no-hay-castigo-ni-justicia-yucatan\/","url_meta":{"origin":60444,"position":2},"title":"A una a\u00f1o de que la SSP violent\u00f3 a feministas, no hay castigo ni justicia (Yucat\u00e1n)","author":"grieta","date":"20 noviembre, 2020","format":false,"excerpt":"Por Herbeth Escalante y Lilia Balam \/ Haz Ruido Est\u00e1 por cumplirse un a\u00f1o de que la Polic\u00eda de Yucat\u00e1n arrest\u00f3 arbitrariamente a siete j\u00f3venes en la macha del #25N, a quienes jalonearon, golpearon, insultaron, amenazaron y tocaron sexualmente. Ninguna autoridad ha sido sancionada. La Codhey asegur\u00f3 que por la\u2026","rel":"","context":"En &quot;Abuso Autoridades en Yucat\u00e1n&quot;","block_context":{"text":"Abuso Autoridades en Yucat\u00e1n","link":"http:\/\/www.grieta.org.mx\/index.php\/category\/noticias-nacionales\/yucatan\/abuso-autoridades-en-yucatan\/"},"img":{"alt_text":"","src":"https:\/\/i0.wp.com\/www.grieta.org.mx\/wp-content\/uploads\/2020\/11\/feministas-25N-e1606076432983.jpg?resize=350%2C200","width":350,"height":200,"srcset":"https:\/\/i0.wp.com\/www.grieta.org.mx\/wp-content\/uploads\/2020\/11\/feministas-25N-e1606076432983.jpg?resize=350%2C200 1x, https:\/\/i0.wp.com\/www.grieta.org.mx\/wp-content\/uploads\/2020\/11\/feministas-25N-e1606076432983.jpg?resize=525%2C300 1.5x, https:\/\/i0.wp.com\/www.grieta.org.mx\/wp-content\/uploads\/2020\/11\/feministas-25N-e1606076432983.jpg?resize=700%2C400 2x"},"classes":[]},{"id":58068,"url":"http:\/\/www.grieta.org.mx\/index.php\/2021\/03\/31\/estudiantes-respaldan-a-estefania-y-exigen-a-la-uady-espacios-sin-violencia-yucatan\/","url_meta":{"origin":60444,"position":3},"title":"Estudiantes respaldan a Estefan\u00eda y exigen a la UADY espacios sin violencia (Yucat\u00e1n)","author":"grieta","date":"31 marzo, 2021","format":false,"excerpt":"Claudia Arriaga \/ Haz Ruido Al grito de \u201c\u00a1la UADY no me cuida, me cuidan mis amigas!\u201d, las j\u00f3venes protestaron en las puertas de la Facultad de Medicina tras darse a conocer el caso de abuso sexual. M\u00e9rida, Yucat\u00e1n, 31 de marzo del 2021.- Estudiantes de la Universidad Aut\u00f3noma de\u2026","rel":"","context":"En &quot;CINTILLO&quot;","block_context":{"text":"CINTILLO","link":"http:\/\/www.grieta.org.mx\/index.php\/category\/cintillo\/"},"img":{"alt_text":"","src":"https:\/\/i0.wp.com\/www.grieta.org.mx\/wp-content\/uploads\/2021\/04\/UadyNoMeCuida-e1617305905366.png?resize=350%2C200","width":350,"height":200,"srcset":"https:\/\/i0.wp.com\/www.grieta.org.mx\/wp-content\/uploads\/2021\/04\/UadyNoMeCuida-e1617305905366.png?resize=350%2C200 1x, https:\/\/i0.wp.com\/www.grieta.org.mx\/wp-content\/uploads\/2021\/04\/UadyNoMeCuida-e1617305905366.png?resize=525%2C300 1.5x, https:\/\/i0.wp.com\/www.grieta.org.mx\/wp-content\/uploads\/2021\/04\/UadyNoMeCuida-e1617305905366.png?resize=700%2C400 2x"},"classes":[]},{"id":47867,"url":"http:\/\/www.grieta.org.mx\/index.php\/2020\/04\/15\/pasantes-de-medicina-reportan-falta-de-medidas-de-seguridad-ante-el-covid-19-en-hospitales-de-yucatan\/","url_meta":{"origin":60444,"position":4},"title":"Pasantes de medicina reportan falta de medidas de seguridad ante el COVID-19 en hospitales de Yucat\u00e1n","author":"grieta","date":"15 abril, 2020","format":false,"excerpt":"Itzel Chan \/ Noticaribe M\u00c9RIDA, MX.- A pesar de que la Universidad Aut\u00f3noma de Yucat\u00e1n (UADY) ha informado que se buscar\u00eda garantizar la seguridad de los pasantes de medicina que prestan sus servicios en diversas cl\u00ednicas del Instituto Mexicano del Seguro Social (IMSS), hoy en d\u00eda m\u00e1s de 170 alumnos\u2026","rel":"","context":"En &quot;CINTILLO&quot;","block_context":{"text":"CINTILLO","link":"http:\/\/www.grieta.org.mx\/index.php\/category\/cintillo\/"},"img":{"alt_text":"","src":"https:\/\/i0.wp.com\/www.grieta.org.mx\/wp-content\/uploads\/2020\/04\/PasantesMedicina.png?resize=350%2C200","width":350,"height":200,"srcset":"https:\/\/i0.wp.com\/www.grieta.org.mx\/wp-content\/uploads\/2020\/04\/PasantesMedicina.png?resize=350%2C200 1x, https:\/\/i0.wp.com\/www.grieta.org.mx\/wp-content\/uploads\/2020\/04\/PasantesMedicina.png?resize=525%2C300 1.5x, https:\/\/i0.wp.com\/www.grieta.org.mx\/wp-content\/uploads\/2020\/04\/PasantesMedicina.png?resize=700%2C400 2x"},"classes":[]},{"id":63612,"url":"http:\/\/www.grieta.org.mx\/index.php\/2022\/03\/03\/estudiantes-protestan-por-pesimo-servicio-de-transporte-yucatan\/","url_meta":{"origin":60444,"position":5},"title":"Estudiantes protestan por p\u00e9simo servicio de transporte (Yucat\u00e1n)","author":"grieta","date":"3 marzo, 2022","format":false,"excerpt":"Haz Ruido Se quejaron de que no hay autobuses suficientes para trasladarlos a los campus, no les respetan sus credenciales de descuento de pasaje y no se garantiza la sana distancia en las unidades. M\u00e9rida, Yucat\u00e1n, 3 de marzo de 2022.- Un grupo de estudiantes protest\u00f3 en las calles del\u2026","rel":"","context":"En &quot;CINTILLO&quot;","block_context":{"text":"CINTILLO","link":"http:\/\/www.grieta.org.mx\/index.php\/category\/cintillo\/"},"img":{"alt_text":"","src":"https:\/\/i0.wp.com\/www.grieta.org.mx\/wp-content\/uploads\/2022\/03\/EstudiantesTransporte-e1646708191258.png?resize=350%2C200","width":350,"height":200,"srcset":"https:\/\/i0.wp.com\/www.grieta.org.mx\/wp-content\/uploads\/2022\/03\/EstudiantesTransporte-e1646708191258.png?resize=350%2C200 1x, https:\/\/i0.wp.com\/www.grieta.org.mx\/wp-content\/uploads\/2022\/03\/EstudiantesTransporte-e1646708191258.png?resize=525%2C300 1.5x, https:\/\/i0.wp.com\/www.grieta.org.mx\/wp-content\/uploads\/2022\/03\/EstudiantesTransporte-e1646708191258.png?resize=700%2C400 2x"},"classes":[]}],"_links":{"self":[{"href":"http:\/\/www.grieta.org.mx\/index.php\/wp-json\/wp\/v2\/posts\/60444","targetHints":{"allow":["GET"]}}],"collection":[{"href":"http:\/\/www.grieta.org.mx\/index.php\/wp-json\/wp\/v2\/posts"}],"about":[{"href":"http:\/\/www.grieta.org.mx\/index.php\/wp-json\/wp\/v2\/types\/post"}],"author":[{"embeddable":true,"href":"http:\/\/www.grieta.org.mx\/index.php\/wp-json\/wp\/v2\/users\/2"}],"replies":[{"embeddable":true,"href":"http:\/\/www.grieta.org.mx\/index.php\/wp-json\/wp\/v2\/comments?post=60444"}],"version-history":[{"count":1,"href":"http:\/\/www.grieta.org.mx\/index.php\/wp-json\/wp\/v2\/posts\/60444\/revisions"}],"predecessor-version":[{"id":60446,"href":"http:\/\/www.grieta.org.mx\/index.php\/wp-json\/wp\/v2\/posts\/60444\/revisions\/60446"}],"wp:featuredmedia":[{"embeddable":true,"href":"http:\/\/www.grieta.org.mx\/index.php\/wp-json\/wp\/v2\/media\/60445"}],"wp:attachment":[{"href":"http:\/\/www.grieta.org.mx\/index.php\/wp-json\/wp\/v2\/media?parent=60444"}],"wp:term":[{"taxonomy":"category","embeddable":true,"href":"http:\/\/www.grieta.org.mx\/index.php\/wp-json\/wp\/v2\/categories?post=60444"},{"taxonomy":"post_tag","embeddable":true,"href":"http:\/\/www.grieta.org.mx\/index.php\/wp-json\/wp\/v2\/tags?post=60444"}],"curies":[{"name":"wp","href":"https:\/\/api.w.org\/{rel}","templated":true}]}}