{"id":60394,"date":"2021-07-09T11:31:11","date_gmt":"2021-07-09T16:31:11","guid":{"rendered":"https:\/\/www.grieta.org.mx\/?p=60394"},"modified":"2021-07-12T11:46:05","modified_gmt":"2021-07-12T16:46:05","slug":"detienen-a-feministas-que-protestaban-en-guadalajara-para-exigir-justicia-a-ninas-victimas-de-violencia-sexual-en-escuelas-publicas-de-jalisco","status":"publish","type":"post","link":"http:\/\/www.grieta.org.mx\/index.php\/2021\/07\/09\/detienen-a-feministas-que-protestaban-en-guadalajara-para-exigir-justicia-a-ninas-victimas-de-violencia-sexual-en-escuelas-publicas-de-jalisco\/","title":{"rendered":"Detienen a feministas que protestaban en Guadalajara, para exigir justicia a ni\u00f1as v\u00edctimas de violencia sexual en escuelas p\u00fablicas de Jalisco"},"content":{"rendered":"<p>Foto: Frente Feminista de M\u00e9xico<\/p>\n<p><strong>Este viernes 9 de julio fueron detenidas 10 mujeres j\u00f3venes integrantes del\u00a0<em>Frente Feminista de Jalisco<\/em>, esto mientras protestaban a las afueras del edificio de la Secretar\u00eda de Educaci\u00f3n ubicadas en la avenida Alcalde #1351 en Guadalajara, Jalisco.<\/strong><\/p>\n<p><strong>Colectivas en Guadalajara han informado que ya fueron trasladadas a las instalaciones de la Fiscal\u00eda del Estado de Jalisco en la calle 14; nueve horas despu\u00e9s la autoridad comunic\u00f3 que \u00abaplic\u00f3 todos los lineamientos y protocolos establecidos para garantizar el debido proceso\u00bb.<\/strong><\/p>\n<p><strong>Las j\u00f3venes habr\u00edan acudido para denunciar la falta de justicia en los casos de dos ni\u00f1as v\u00edctimas de violencia sexual en una escuela primaria p\u00fablica del municipio de Zapopan.<\/strong><\/p>\n<p><strong>La madre de Camila y Camila fueron testigas en el lugar de los hechos de los actos de represi\u00f3n y detenci\u00f3n arbitraria por parte de elementos de la polic\u00eda estatal integrantes del grupo \u201cAteneas\u201d.<\/strong><\/p>\n<p>Dalia Souza \/ Zona Docs<\/p>\n<p>El\u00a0<em>Frente Feminista de Jalisco<\/em>\u00a0denunci\u00f3 que\u00a0<strong>10 de sus compa\u00f1eras fueron detenidas por elementos de seguridad del estado<\/strong>, luego de manifestarse a las afueras de las instalaciones de la Secretar\u00eda de Educaci\u00f3n ubicadas en la avenida Alcalde en la Ciudad de Guadalajara este viernes 9 de julio por la ma\u00f1ana.<\/p>\n<p>A trav\u00e9s de una transmisi\u00f3n en vivo que compartieron en su perfil de\u00a0<em>Facebook<\/em>, puede observarse a las\u00a0<strong>mujeres demandando justicia para las ni\u00f1as y ni\u00f1os<\/strong>\u00a0que han sido v\u00edctimas de violencia sexual dentro de escuelas p\u00fablicas del estado.<\/p>\n<p>\u201cSecretar\u00eda de Encubrimiento P\u00fablica\u201d; \u201cJusticia para Camila\u201d; \u201cPederastas\u201d; \u201cLas est\u00e1n mandando a redes de trata y explotaci\u00f3n infantil\u201d, son algunas de las consignas que pueden escucharse en el video de casi 28 minutos. Durante la transmisi\u00f3n se observa que\u00a0<strong>el grupo de mujeres es encapsulado por elementos de la polic\u00eda<\/strong>\u00a0quienes \u201cresguardaban el edificio\u201d y antes del t\u00e9rmino de la transmisi\u00f3n\u00a0<strong>es posible ver c\u00f3mo las agentes de seguridad comienzan a detener entre jaloneos y gritos a las manifestantes.<\/strong><\/p>\n<p>En las im\u00e1genes que la colectiva ha hecho p\u00fablicas, puede identificarse que las autoridades que participaron de la detenci\u00f3n -que han calificado\u00a0<strong>de arbitraria, violenta y represiva-,<\/strong>\u00a0pertenecen al\u00a0<strong>Grupo Ateneas de la Secretar\u00eda de Seguridad del Estado,<\/strong>\u00a0quienes a finales del a\u00f1o 2020 se anunciaban como una corporaci\u00f3n capacitada en materia de perspectiva de g\u00e9nero y atenci\u00f3n a mujeres v\u00edctimas de violencia.<\/p>\n<p>En el lugar se encontraba presente la madre de\u00a0<a href=\"https:\/\/www.zonadocs.mx\/2021\/05\/22\/justiciaparacamila-exigen-justicia-para-nina-victima-de-violencia-escolar\/\">C, una de las ni\u00f1as para quienes demandaban justicia y quien fue v\u00edctima de abuso f\u00edsico, psicol\u00f3gico y sexual en la primaria Marco Antonio Montes de Oca en Zapopan, Jalisco.<\/a><\/p>\n<p>Seg\u00fan comparti\u00f3 en entrevista, a la manifestaci\u00f3n acudieron para\u00a0<strong>hacer extensiva y patente su demanda de justicia,<\/strong>\u00a0ya que, a casi dos a\u00f1os de los hechos y luego de que el mi\u00e9rcoles 7 de julio se llevara a cabo la primera audiencia sobre el caso<strong>, ninguna autoridad ha sido sancionada.<\/strong><\/p>\n<p>\u201cLos vidrios se recuperan, mi hija no es dinero, a mi hija nadie me la va a regresar, ella est\u00e1 controlada con medicamento\u201d, expres\u00f3 la se\u00f1ora Alejandra, mam\u00e1 de C en entrevista.<\/p>\n<p>Los hechos sucedieron en noviembre de 2019. Junto con C,\u00a0<strong>otra ni\u00f1a fue v\u00edctima de las violencias perpetradas por tres compa\u00f1eras del plantel<\/strong>. No obstante, aunque las agresiones fueron reportadas a las autoridades de la escuela, permanecieron omisas y no hicieron nada para detenerlas.<\/p>\n<p>Hasta ahora\u00a0<strong>se han identificado como presuntos responsables a la directora, el profesor del aula de Camila y otros cinco profesores m\u00e1s;\u00a0<\/strong>sin embargo, ni el profesor, ni la directora se presentaron a la audiencia del pasado 7 de julio.<\/p>\n<p><strong>De aqu\u00ed la indignaci\u00f3n y la rabia.\u00a0<\/strong>A esto se suma el enojo que ha generado la publicaci\u00f3n del informe\u00a0<em>\u201cEs un secreto\u201d<\/em>\u00a0de la\u00a0<em>Oficina de Defensor\u00eda de los Derechos de la Infancia A.C.,<\/em>\u00a0el cual visibiliz\u00f3 que\u00a0Jalisco, se posiciona como el segundo estado con m\u00e1s casos registrados de presuntas redes de explotaci\u00f3n sexual infantil en escuelas p\u00fablicas del pa\u00eds.<\/p>\n<p>\u201cSe me hace injusto que se las lleven, que las detengan, que no las dejen que griten por nosotros, por todas estas ni\u00f1as que se quedaron calladas tanto tiempo, no es justo para m\u00ed que no las dejen defendernos, que no las dejen gritar y exigir justicia por nosotras\u201d, expres\u00f3 la se\u00f1ora Alejandra.<\/p>\n<p>Seg\u00fan relata, ella \u201ciba llegando\u201d a las instalaciones de la Secretar\u00eda de Educaci\u00f3n junto con su hija cuando pudo observar c\u00f3mo comenzaron\u00a0<strong>\u201ca llevarse las de una forma muy agresiva\u201d;<\/strong>\u00a0de tal forma que, no le qued\u00f3 m\u00e1s opci\u00f3n que salir huyendo del lugar\u00a0<strong>\u201cyo no entend\u00eda, yo me asust\u00e9, mi hija se asust\u00f3, y lo que hicimos fue correr r\u00e1pido e irnos, no llegar\u201d.<\/strong><\/p>\n<p>De acuerdo con el comunicado,\u00a0<strong>una de las j\u00f3venes manifestantes \u201ciba en compa\u00f1\u00eda de su beb\u00e9\u201d,<\/strong>\u00a0por lo que han manifestado temer por su integridad.<\/p>\n<p>Han responsabilizado a la Secretar\u00eda de Educaci\u00f3n Jalisco (SEJ) y a la Secretar\u00eda de Educaci\u00f3n P\u00fablica (SEP)\u00a0<strong>y exigieron la liberaci\u00f3n de sus compa\u00f1eras<\/strong>, as\u00ed como<strong>, el respeto de sus derechos humanos y su integridad.<\/strong><\/p>\n<p>Hasta el momento\u00a0<strong>ninguna autoridad se ha pronunciado p\u00fablicamente sobre estos eventos<\/strong>, ni para ofrecer certeza sobre el paradero de las mujeres, de las cuales se presume podr\u00edan encontrarse\u00a0<strong>detenidas en las instalaciones de la Fiscal\u00eda del Estado de Jalisco ubicadas en la calle 14<\/strong>, ni sobre su estado de salud\u00a0<strong>o sobre los delitos que se les imputan.<\/strong><\/p>\n<p>La \u00fanica informaci\u00f3n hasta ahora ha sido proporcionada por las colectivas feministas del estado.<\/p>\n<p>Aqu\u00ed puedes leer completo el\u00a0<a href=\"https:\/\/www.facebook.com\/LaFrentaJal\/photos\/a.107457217926037\/211797194158705\/\">comunicado del Frente Feminista de Jalisco<\/a><\/p>\n<p>Para\u00a0<em>MAROMA: Observatorio de Ni\u00f1ez y Juventud,<\/em>\u00a0la manifestaci\u00f3n del Frente Feminista de Jalisco a las afueras de la Secretar\u00eda de Educaci\u00f3n Jalisco \u201cha sido legitima\u201d, ya que, seg\u00fan denunciaron a trav\u00e9s de una publicaci\u00f3n en redes sociales, \u201cdesde hace meses\u201d habr\u00edan\u00a0<strong>\u201cintentado entablar di\u00e1logo y tener explicaciones claras sobre el tema\u201d;\u00a0<\/strong>es decir, sobre la situaci\u00f3n de impunidad que\u00a0<strong>rodea a las v\u00edctimas de violencia sexual dentro de escuelas p\u00fablicas del estado\u00a0<\/strong>y posterior a la publicaci\u00f3n del informe \u201cEs un Secreto\u201d de\u00a0<em>ODI\u00a0<\/em>que devel\u00f3 una problem\u00e1tica may\u00fascula que involucra\u00a0<strong>redes de explotaci\u00f3n sexual infantil\u00a0<\/strong>en los planteles educativos.<\/p>\n<p>En esta publicaci\u00f3n, han evidenciado la respuesta que obtuvieron de la Secretar\u00eda de Educaci\u00f3n Jalisco, la cual, se escus\u00f3 de su responsabilidad advirtiendo que\u00a0<strong>\u201clos casos que se mencionan -en el informe Es Un Secreto- han sido revisados por las diferentes \u00e1reas de la Secretar\u00eda de Educaci\u00f3n\u201d<\/strong>\u00a0y que\u00a0<strong>\u201ctodos sucedieron en administraciones pasadas\u201d.<\/strong><\/p>\n<p>El oficio que presentan tiene fecha del 23 de junio de 2021 y lo firma<strong>\u00a0Juan Carlos Flores Miramontes, Secretario de Educaci\u00f3n.<\/strong><\/p>\n<p><strong>Liberan a dos de las manifestantes<\/strong><\/p>\n<p>Tras tratarse de dos adolescentes, la noche del 9 de julio la Fiscal\u00eda del Estado de Jalisco\u00a0<strong>determin\u00f3 otorgar la libertad \u201creservada\u201d a las dos menores de edad, mismas que pudieron regresar con sus familiares.<\/strong><\/p>\n<p>El resto de las detenidas,\u00a0<strong>quedaron sujetas a un t\u00e9rmino no mayor a 48 horas para resolver su situaci\u00f3n jur\u00eddica, \u00a0el cual vence el 11 de julio al medio d\u00eda<\/strong>; esto -asegur\u00f3 la Fiscal\u00eda- en tanto se \u00abtrabaja en la carpeta de investigaci\u00f3n para deslindar responsabilidad en los hechos que se les se\u00f1alan\u00bb.<\/p>\n<p>As\u00ed mismo, a trav\u00e9s de un bolet\u00edn de prensa, se\u00f1aron que respecto a la investigaci\u00f3n sobre el abuso sexual de dos menores de edad se\u00a0contin\u00faa con la litigaci\u00f3n y actualmente se encuentra a la espera de que el juez fije nuevamente una fecha para la audiencia inicial, pues la que ya se ten\u00eda programada para el 7 de julio:\u00a0<strong>\u00abno pudo\u00a0celebrarse porque no fue posible notificar a los se\u00f1alados\u00bb.<\/strong><\/p>\n<p>Adem\u00e1s aclararon que \u00abdesde que se tuvo conocimiento de la noticia criminal por parte de las familias de la v\u00edctima, la Fiscal\u00eda de Jalisco inici\u00f3 con las investigaciones correspondientes con la finalidad de deslindar las responsabilidades por los hechos se\u00f1alados en la denuncia\u00bb,\u00a0<strong>cuesti\u00f3n que fue cuestionado en la manifestaci\u00f3n, pues si algo han se\u00f1alado las familias de las dos menores de edad es que no hay avances en sus casos.<\/strong><\/p>\n<p><a href=\"https:\/\/www.zonadocs.mx\/2021\/07\/09\/detienen-a-feministas-que-protestaban-en-guadalajara-para-exigir-justicia-a-ninas-victimas-de-violencia-sexual-en-escuelas-publicas-de-jalisco\/?fbclid=IwAR0XfqmD9Jw7K-9JYu7gMo0bKyGtBam8183DYQZdo9bbpOW0sIEVBBRtNX8\">https:\/\/www.zonadocs.mx\/2021\/07\/09\/detienen-a-feministas-que-protestaban-en-guadalajara-para-exigir-justicia-a-ninas-victimas-de-violencia-sexual-en-escuelas-publicas-de-jalisco\/?fbclid=IwAR0XfqmD9Jw7K-9JYu7gMo0bKyGtBam8183DYQZdo9bbpOW0sIEVBBRtNX8<\/a><\/p>\n","protected":false},"excerpt":{"rendered":"<p>Foto: Frente Feminista de M\u00e9xico Este viernes 9 de julio fueron detenidas 10 mujeres j\u00f3venes integrantes del\u00a0Frente Feminista de Jalisco, esto mientras protestaban a las afueras del edificio de la &hellip; <a href=\"http:\/\/www.grieta.org.mx\/index.php\/2021\/07\/09\/detienen-a-feministas-que-protestaban-en-guadalajara-para-exigir-justicia-a-ninas-victimas-de-violencia-sexual-en-escuelas-publicas-de-jalisco\/\" class=\"more-link\">Leer m\u00e1s<\/a><\/p>\n","protected":false},"author":2,"featured_media":60395,"comment_status":"closed","ping_status":"closed","sticky":false,"template":"","format":"standard","meta":{"ngg_post_thumbnail":0,"_jetpack_newsletter_access":"","_jetpack_dont_email_post_to_subs":false,"_jetpack_newsletter_tier_id":0,"_jetpack_memberships_contains_paywalled_content":false,"_jetpack_memberships_contains_paid_content":false,"footnotes":""},"categories":[80,3308,20,1827,2303,2,83,2504],"tags":[199,1820,3042,3454,3776,3637,1090,3367,3065,1630,3139],"class_list":["post-60394","post","type-post","status-publish","format-standard","has-post-thumbnail","hentry","category-cintillo","category-crisis-de-la-educacion-publica-en-jalisco","category-jalisco","category-la-ninez-en-la-tormenta-capitalista","category-la-ninez-en-la-tormenta-en-jalisco","category-noticias-nacionales","category-temas-nacionales","category-violencia-contra-las-mujeres-en-jalisco","tag-abuso-policiaco","tag-abuso-sexual-infantil","tag-colectivos-feministas","tag-crisis-de-la-educacion-publica","tag-la-ninez-en-la-tormenta-capitalista","tag-represion-contra-feministas","tag-represion-de-la-protesta-social","tag-represion-policial","tag-violencia-contra-la-ninez","tag-violencia-contra-las-mujeres","tag-violencia-sexual-contra-ninas","entry"],"jetpack_featured_media_url":"http:\/\/www.grieta.org.mx\/wp-content\/uploads\/2021\/07\/216833626_211797200825371_5845291815511188290_n.jpg","jetpack_sharing_enabled":true,"jetpack_shortlink":"https:\/\/wp.me\/p7ZJR4-fI6","jetpack_likes_enabled":false,"jetpack-related-posts":[{"id":65948,"url":"http:\/\/www.grieta.org.mx\/index.php\/2022\/12\/07\/municipios-metropolitanos-con-mas-victimas-de-abuso-sexual-infantil-en-jalisco\/","url_meta":{"origin":60394,"position":0},"title":"Municipios metropolitanos con m\u00e1s v\u00edctimas de abuso sexual infantil en Jalisco","author":"grieta","date":"7 diciembre, 2022","format":false,"excerpt":"Imagen; Cuartoscuro Redacci\u00f3n \/ El Diario NTR Jalisco es uno de los estados con m\u00e1s v\u00edctimas de abuso sexual infantil, Guadalajara, Tlaquepaque, Tonal\u00e1, Zapopan y Puerto Vallarta son los municipios con m\u00e1s casos, de acuerdo con el estudio de investigaci\u00f3n sobre la violencia sexual y la muerte de ni\u00f1as y\u2026","rel":"","context":"En &quot;CINTILLO&quot;","block_context":{"text":"CINTILLO","link":"http:\/\/www.grieta.org.mx\/index.php\/category\/cintillo\/"},"img":{"alt_text":"","src":"https:\/\/i0.wp.com\/www.grieta.org.mx\/wp-content\/uploads\/2022\/12\/2022-12-07_06-12-21___7.jpg?resize=350%2C200","width":350,"height":200,"srcset":"https:\/\/i0.wp.com\/www.grieta.org.mx\/wp-content\/uploads\/2022\/12\/2022-12-07_06-12-21___7.jpg?resize=350%2C200 1x, https:\/\/i0.wp.com\/www.grieta.org.mx\/wp-content\/uploads\/2022\/12\/2022-12-07_06-12-21___7.jpg?resize=525%2C300 1.5x, https:\/\/i0.wp.com\/www.grieta.org.mx\/wp-content\/uploads\/2022\/12\/2022-12-07_06-12-21___7.jpg?resize=700%2C400 2x"},"classes":[]},{"id":60729,"url":"http:\/\/www.grieta.org.mx\/index.php\/2021\/07\/19\/fuimos-todas-alfaro-frente-feminista-de-jalisco-y-las-paritaristas-exigen-retiro-de-cargos-a-mujeres-detenidas-por-protestar-jalisco\/","url_meta":{"origin":60394,"position":1},"title":"\u201cFuimos todas, Alfaro:\u201d Frente Feminista de Jalisco y Las Paritaristas exigen retiro de cargos a mujeres detenidas por protestar (Jalisco)","author":"grieta","date":"19 julio, 2021","format":false,"excerpt":"Foto: Leslie Zepeda El pasado 9 de julio, 10 integrantes del\u00a0Frente Feminista de Jalisco\u00a0que protestaban a las afueras de las instalaciones de la Secretar\u00eda de Educaci\u00f3n del estado fueron detenidas por\u00a0la polic\u00eda estatal, a trav\u00e9s del accionar del grupo \u201cAteneas\u201d. Todo se desarroll\u00f3 bajo el uso excesivo de la fuerza\u2026","rel":"","context":"En &quot;CINTILLO&quot;","block_context":{"text":"CINTILLO","link":"http:\/\/www.grieta.org.mx\/index.php\/category\/cintillo\/"},"img":{"alt_text":"","src":"https:\/\/i0.wp.com\/www.grieta.org.mx\/wp-content\/uploads\/2021\/07\/photo5165640717354248546-696x464-1.jpg?resize=350%2C200","width":350,"height":200,"srcset":"https:\/\/i0.wp.com\/www.grieta.org.mx\/wp-content\/uploads\/2021\/07\/photo5165640717354248546-696x464-1.jpg?resize=350%2C200 1x, https:\/\/i0.wp.com\/www.grieta.org.mx\/wp-content\/uploads\/2021\/07\/photo5165640717354248546-696x464-1.jpg?resize=525%2C300 1.5x"},"classes":[]},{"id":66574,"url":"http:\/\/www.grieta.org.mx\/index.php\/2023\/03\/14\/protestan-ante-udeg-y-estado-para-pedir-justicia-para-daniela-jalisco\/","url_meta":{"origin":60394,"position":2},"title":"Protestan ante UdeG y estado para pedir justicia para Daniela (Jalisco)","author":"grieta","date":"14 marzo, 2023","format":false,"excerpt":"Imagen: Especial Edgar Flores \/ El Diario NTR En 2015, Daniela B\u00e1ez fue abusada sexualmente por un profesor de la Preparatoria de Chapala de la Universidad de Guadalajara (UdeG) y a la fecha la justicia no llega para ella, por lo que ayer decidi\u00f3 manifestarse en compa\u00f1\u00eda de familiares y\u2026","rel":"","context":"En &quot;CINTILLO&quot;","block_context":{"text":"CINTILLO","link":"http:\/\/www.grieta.org.mx\/index.php\/category\/cintillo\/"},"img":{"alt_text":"","src":"https:\/\/i0.wp.com\/www.grieta.org.mx\/wp-content\/uploads\/2023\/03\/2023-03-14_03-03-33___2532.jpg?resize=350%2C200","width":350,"height":200,"srcset":"https:\/\/i0.wp.com\/www.grieta.org.mx\/wp-content\/uploads\/2023\/03\/2023-03-14_03-03-33___2532.jpg?resize=350%2C200 1x, https:\/\/i0.wp.com\/www.grieta.org.mx\/wp-content\/uploads\/2023\/03\/2023-03-14_03-03-33___2532.jpg?resize=525%2C300 1.5x, https:\/\/i0.wp.com\/www.grieta.org.mx\/wp-content\/uploads\/2023\/03\/2023-03-14_03-03-33___2532.jpg?resize=700%2C400 2x"},"classes":[]},{"id":46161,"url":"http:\/\/www.grieta.org.mx\/index.php\/2020\/03\/12\/protestan-alumnas-de-udeg-contra-acoso-jalisco\/","url_meta":{"origin":60394,"position":3},"title":"Protestan alumnas de UdeG contra acoso (Jalisco)","author":"grieta","date":"12 marzo, 2020","format":false,"excerpt":"Foto: Zona Docs Redacci\u00f3n \/ El Diario NTR Alumnas de 12 preparatorias de la Universidad de Guadalajara se manifestaron este jueves frente al edificio de Rector\u00eda para exigir un cese a la violencia de g\u00e9nero. La manifestaci\u00f3n parti\u00f3 de la Prepa 1 hacia el edificio administrativo. Las estudiantes portaron cartelones\u2026","rel":"","context":"En &quot;CINTILLO&quot;","block_context":{"text":"CINTILLO","link":"http:\/\/www.grieta.org.mx\/index.php\/category\/cintillo\/"},"img":{"alt_text":"","src":"https:\/\/i0.wp.com\/www.grieta.org.mx\/wp-content\/uploads\/2020\/03\/2020-03-12_06-03-44___9505.jpg?resize=350%2C200","width":350,"height":200},"classes":[]},{"id":72096,"url":"http:\/\/www.grieta.org.mx\/index.php\/2025\/07\/13\/en-jalisco-407-ninas-y-adolescentes-fueron-obligadas-a-parir-tras-ser-victimas-de-violencia-sexual-ddeser-jalisco\/","url_meta":{"origin":60394,"position":4},"title":"\u201cEn Jalisco, 407 ni\u00f1as y adolescentes fueron obligadas a parir tras ser v\u00edctimas de violencia sexual\u201d: Ddeser Jalisco","author":"grieta","date":"13 julio, 2025","format":false,"excerpt":"Imagen: Zona Docs La Red por los por Derechos Sexuales y Reproductivos en Jalisco (Ddeser Jalisco) convoc\u00f3 a una conferencia de prensa para abordar las causas estructurales y los actores que perpet\u00faan la violencia sexual infantil en Jalisco, esto derivado de la lista de los 30 nacimientos registrados en Jalisco\u2026","rel":"","context":"En &quot;CINTILLO&quot;","block_context":{"text":"CINTILLO","link":"http:\/\/www.grieta.org.mx\/index.php\/category\/cintillo\/"},"img":{"alt_text":"","src":"https:\/\/i0.wp.com\/www.grieta.org.mx\/wp-content\/uploads\/2025\/07\/IMG_1641-2048x1366-1.jpeg?resize=350%2C200","width":350,"height":200,"srcset":"https:\/\/i0.wp.com\/www.grieta.org.mx\/wp-content\/uploads\/2025\/07\/IMG_1641-2048x1366-1.jpeg?resize=350%2C200 1x, https:\/\/i0.wp.com\/www.grieta.org.mx\/wp-content\/uploads\/2025\/07\/IMG_1641-2048x1366-1.jpeg?resize=525%2C300 1.5x, https:\/\/i0.wp.com\/www.grieta.org.mx\/wp-content\/uploads\/2025\/07\/IMG_1641-2048x1366-1.jpeg?resize=700%2C400 2x, https:\/\/i0.wp.com\/www.grieta.org.mx\/wp-content\/uploads\/2025\/07\/IMG_1641-2048x1366-1.jpeg?resize=1050%2C600 3x, https:\/\/i0.wp.com\/www.grieta.org.mx\/wp-content\/uploads\/2025\/07\/IMG_1641-2048x1366-1.jpeg?resize=1400%2C800 4x"},"classes":[]},{"id":64610,"url":"http:\/\/www.grieta.org.mx\/index.php\/2022\/07\/18\/violencia-sexual-ninas-adolescentes-y-mujeres-son-sus-victimas-jalisco\/","url_meta":{"origin":60394,"position":5},"title":"Violencia sexual: Ni\u00f1as, adolescentes y mujeres son sus v\u00edctimas (Jalisco)","author":"grieta","date":"18 julio, 2022","format":false,"excerpt":"Imagen: Pexels Isaura L\u00f3pez \/ El Occidental Las mujeres enfrentan una serie de violencia que vulnera su integridad f\u00edsica, sexual y emocional, el enemigo principal es la impunidad. Activistas de Am\u00e9rica Latina y el Caribe levantan la voz, exigen a los pa\u00edses cero tolerancias a la esclavitud del siglo XXI:\u2026","rel":"","context":"En &quot;CINTILLO&quot;","block_context":{"text":"CINTILLO","link":"http:\/\/www.grieta.org.mx\/index.php\/category\/cintillo\/"},"img":{"alt_text":"","src":"https:\/\/i0.wp.com\/www.grieta.org.mx\/wp-content\/uploads\/2022\/07\/Violencia-contra-las-mujeres.jpg?resize=350%2C200","width":350,"height":200,"srcset":"https:\/\/i0.wp.com\/www.grieta.org.mx\/wp-content\/uploads\/2022\/07\/Violencia-contra-las-mujeres.jpg?resize=350%2C200 1x, https:\/\/i0.wp.com\/www.grieta.org.mx\/wp-content\/uploads\/2022\/07\/Violencia-contra-las-mujeres.jpg?resize=525%2C300 1.5x, https:\/\/i0.wp.com\/www.grieta.org.mx\/wp-content\/uploads\/2022\/07\/Violencia-contra-las-mujeres.jpg?resize=700%2C400 2x"},"classes":[]}],"_links":{"self":[{"href":"http:\/\/www.grieta.org.mx\/index.php\/wp-json\/wp\/v2\/posts\/60394","targetHints":{"allow":["GET"]}}],"collection":[{"href":"http:\/\/www.grieta.org.mx\/index.php\/wp-json\/wp\/v2\/posts"}],"about":[{"href":"http:\/\/www.grieta.org.mx\/index.php\/wp-json\/wp\/v2\/types\/post"}],"author":[{"embeddable":true,"href":"http:\/\/www.grieta.org.mx\/index.php\/wp-json\/wp\/v2\/users\/2"}],"replies":[{"embeddable":true,"href":"http:\/\/www.grieta.org.mx\/index.php\/wp-json\/wp\/v2\/comments?post=60394"}],"version-history":[{"count":1,"href":"http:\/\/www.grieta.org.mx\/index.php\/wp-json\/wp\/v2\/posts\/60394\/revisions"}],"predecessor-version":[{"id":60397,"href":"http:\/\/www.grieta.org.mx\/index.php\/wp-json\/wp\/v2\/posts\/60394\/revisions\/60397"}],"wp:featuredmedia":[{"embeddable":true,"href":"http:\/\/www.grieta.org.mx\/index.php\/wp-json\/wp\/v2\/media\/60395"}],"wp:attachment":[{"href":"http:\/\/www.grieta.org.mx\/index.php\/wp-json\/wp\/v2\/media?parent=60394"}],"wp:term":[{"taxonomy":"category","embeddable":true,"href":"http:\/\/www.grieta.org.mx\/index.php\/wp-json\/wp\/v2\/categories?post=60394"},{"taxonomy":"post_tag","embeddable":true,"href":"http:\/\/www.grieta.org.mx\/index.php\/wp-json\/wp\/v2\/tags?post=60394"}],"curies":[{"name":"wp","href":"https:\/\/api.w.org\/{rel}","templated":true}]}}