{"id":6035,"date":"2015-02-27T02:51:37","date_gmt":"2015-02-27T02:51:37","guid":{"rendered":"http:\/\/50.22.11.12\/~grietaor\/?p=6035"},"modified":"2016-03-28T02:53:53","modified_gmt":"2016-03-28T02:53:53","slug":"despues-de-ayotzinapa-sigue-reinando-la-corrupcion-y-la-impunidad-en-mexico","status":"publish","type":"post","link":"http:\/\/www.grieta.org.mx\/index.php\/2015\/02\/27\/despues-de-ayotzinapa-sigue-reinando-la-corrupcion-y-la-impunidad-en-mexico\/","title":{"rendered":"Despu\u00e9s de Ayotzinapa \u201cSigue Reinando la Corrupci\u00f3n y la Impunidad\u201d en M\u00e9xico"},"content":{"rendered":"<p>Cristina Zareth Hern\u00e1ndez Guti\u00e9rrez, Aguascalientes.<\/p>\n<p>A cinco meses de la desaparici\u00f3n forzada de los 43 estudiantes de la Escuela Normal Rural \u201cRa\u00fal Isidro Burgos\u201d de Ayotzinapa, as\u00ed como del asesinato de otros seis normalistas durante la noche del pasado 26 de septiembre en Iguala, Guerrero, en Aguascalientes al igual que en otras entidades del pa\u00eds y lugares del mundo, en un acto de solidaridad con los padres y compa\u00f1eros de los a\u00fan buscados, se rememor\u00f3 el d\u00eda como una herida que sigue abierta.<\/p>\n<p>Con una acto pac\u00edfico informativo, el colectivo Libros Vagabundos, activistas y personas en general se reunieron la tarde de ayer en la plaza principal de la ciudad para exponer, a trav\u00e9s de un proyector, videos documentales de los estudiantes que escaparon de las armas de los polic\u00edas municipales la noche tr\u00e1gica de Iguala, as\u00ed como de los familiares de los estudiantes desaparecidos, mismos a quienes la Procuradur\u00eda General de la Republica (PGR) ha dado por muertos a trav\u00e9s de lo que refiere como \u201cla verdad hist\u00f3rica\u201d de los hechos, cuya versi\u00f3n no s\u00f3lo ha sido descalificada por expertos y peritos forenses involucrados en la indagatoria de los presuntos restos, sino que adem\u00e1s est\u00e1 muy lejos de ser aceptada por la sociedad mexicana.<\/p>\n<p>El reclamo desde entonces sigue vigente y lo que se escuch\u00f3 ayer como conclusi\u00f3n de los testimonios en video, por quienes siguen en la lucha para que la violenta represi\u00f3n no quede impune, fue el rotundo \u201cfue el estado\u201d.<br \/>\nLa asistencia de personas en la entidad no fue muy concurrente lo que lamentaron los presentes, no obstante, bajo la misma consigna de \u201cvivos se los llevaron, vivos los queremos\u201d, el acto se llev\u00f3 a cabo en demanda de justicia.<\/p>\n<p>\u201cNo podemos pasar por desapercibido todav\u00eda ese dolor, todav\u00eda esa herida que no ha cicatrizado del 26 de septiembre, d\u00eda de la desaparici\u00f3n de los estudiantes, porque lo que ha reinado sigue siendo la corrupci\u00f3n y la impunidad de la PGR porque siguen todav\u00eda haciendo la farsa y el simulacro de que van a castigar a los noventaitantos que tienen detenidos, pero nada m\u00e1s es parte de su farsa\u201d, expres\u00f3 la activista Mar\u00eda de Jes\u00fas Rangel Vel\u00e1zquez.<\/p>\n<p>Entre la proyecci\u00f3n de los documentales, la tambi\u00e9n maestra resalt\u00f3 el llamado a \u201cque se abra la l\u00ednea de investigaci\u00f3n sobre los cuarteles, especialmente el del Batall\u00f3n 27 de Iguala, Guerrero, puesto que hay testimonios y videos de celular que all\u00ed fue el \u00faltimo lugar, en el batall\u00f3n 27 de Iguala, en donde estuvieron los estudiantes y a partir de que se dieron cuenta los militares de que se estaban comunicando les retiraron el aparato y no se supo de ellos.<\/p>\n<p>\u201cEstamos exigiendo una vez m\u00e1s que no se siga enga\u00f1ando al pueblo, que no se siga mintiendo a los padres porque lejos de darles una esperanza de justicia, est\u00e1n poniendo cada d\u00edas m\u00e1s incertidumbre y m\u00e1s incredulidad de todas teor\u00edas que ha dado la PGR y (Jes\u00fas) Murillo Karam, por lo tanto el crimen sigue sin ser esclarecido\u201d, dijo al a\u00f1adir que \u201ctodos sabemos que fue el estado, porque todos los m\u00f3viles apuntan hacia ello\u201d.<\/p>\n<p>En el acto de solidaridad tambi\u00e9n se conden\u00f3 la \u201cbrutal agresi\u00f3n\u201d a maestros el pasado martes 24 de febrero en Acapulco, Guerrero, al ser desalojados violentamente quienes protestaban \u201cpor exigir el pago de su salario y defender la educaci\u00f3n p\u00fablica\u201d.<\/p>\n<p>La activista, reproch\u00f3 que a cinco meses de la gravedad de la violencia y la corrupci\u00f3n que se evidenci\u00f3 en Iguala, la \u201crespuesta del Gobierno ha sido incrementar la represi\u00f3n, balas y m\u00e1s balas, m\u00e1s soldados, m\u00e1s polic\u00edas federales\u201d.<\/p>\n<p>\u201cCon esa represi\u00f3n, dijo, el Gobierno ha aculado m\u00e1s el desprecio de la sociedad, y tan lamentable que el Papa Francisco refiera al pa\u00eds como un referente de la violencia y el crimen, como la \u2018mexicanizaci\u00f3n\u2019 en otras partes\u201d.<br \/>\nEn el acto que comenz\u00f3 alrededor de 6:30 de la tarde y culmin\u00f3 cerca de las 9:00 de la noche, tambi\u00e9n se exclam\u00f3 poes\u00eda y hubo interpretaciones musicales por parte de algunos j\u00f3venes<\/p>\n<p><a href=\"http:\/\/pagina24.com.mx\/local\/2015\/02\/27\/despues-de-ayotzinapa-sigue-reinando-la-corrupcion-y-la-impunidad-en-mexico\" target=\"_blank\">pagina24.com.mx\/local\/2015\/02\/27\/despues-de-ayotzinapa-sigue-reinando-la-corrupcion-y-la-impunidad-en-mexico<\/a><\/p>\n","protected":false},"excerpt":{"rendered":"<p>Cristina Zareth Hern\u00e1ndez Guti\u00e9rrez, Aguascalientes. A cinco meses de la desaparici\u00f3n forzada de los 43 estudiantes de la Escuela Normal Rural \u201cRa\u00fal Isidro Burgos\u201d de Ayotzinapa, as\u00ed como del asesinato &hellip; <a href=\"http:\/\/www.grieta.org.mx\/index.php\/2015\/02\/27\/despues-de-ayotzinapa-sigue-reinando-la-corrupcion-y-la-impunidad-en-mexico\/\" class=\"more-link\">Leer m\u00e1s<\/a><\/p>\n","protected":false},"author":2,"featured_media":21928,"comment_status":"closed","ping_status":"open","sticky":false,"template":"","format":"standard","meta":{"ngg_post_thumbnail":0,"_jetpack_newsletter_access":"","_jetpack_dont_email_post_to_subs":false,"_jetpack_newsletter_tier_id":0,"_jetpack_memberships_contains_paywalled_content":false,"_jetpack_memberships_contains_paid_content":false,"footnotes":""},"categories":[305,80],"tags":[119,121],"class_list":["post-6035","post","type-post","status-publish","format-standard","has-post-thumbnail","hentry","category-aguascalientes","category-cintillo","tag-ayotzinapa","tag-desaparecidos","entry"],"jetpack_featured_media_url":"http:\/\/www.grieta.org.mx\/wp-content\/uploads\/2018\/03\/14524434_1106112876131411_958039263622046936_o.jpg","jetpack_sharing_enabled":true,"jetpack_shortlink":"https:\/\/wp.me\/p7ZJR4-1zl","jetpack_likes_enabled":false,"jetpack-related-posts":[{"id":6031,"url":"http:\/\/www.grieta.org.mx\/index.php\/2015\/09\/27\/movilizaciones-por-ayotzinapa-en-aguascalientes\/","url_meta":{"origin":6035,"position":0},"title":"Movilizaciones por Ayotzinapa en Aguascalientes","author":"grieta","date":"27 septiembre, 2015","format":false,"excerpt":"27\/09\/15. Exigen Justicia a un a\u00f1o de la Desaparici\u00f3n de los 43 Estudiantes Normalistas de AyotzinapaP\u00e1gina 24 27\/03\/15. Exigen Justicia a Seis Meses de la Desaparici\u00f3n Forzada de los Normalistas de Ayotzinapa P\u00e1gina 24 27\/02\/15. Despu\u00e9s de Ayotzinapa \u201cSigue Reinando la Corrupci\u00f3n y la Impunidad\u201d en M\u00e9xico P\u00e1gina 24","rel":"","context":"En &quot;Aguascalientes&quot;","block_context":{"text":"Aguascalientes","link":"http:\/\/www.grieta.org.mx\/index.php\/category\/noticias-nacionales\/aguascalientes\/"},"img":{"alt_text":"","src":"https:\/\/i0.wp.com\/www.grieta.org.mx\/wp-content\/uploads\/2018\/03\/14524434_1106112876131411_958039263622046936_o.jpg?resize=350%2C200","width":350,"height":200,"srcset":"https:\/\/i0.wp.com\/www.grieta.org.mx\/wp-content\/uploads\/2018\/03\/14524434_1106112876131411_958039263622046936_o.jpg?resize=350%2C200 1x, https:\/\/i0.wp.com\/www.grieta.org.mx\/wp-content\/uploads\/2018\/03\/14524434_1106112876131411_958039263622046936_o.jpg?resize=525%2C300 1.5x, https:\/\/i0.wp.com\/www.grieta.org.mx\/wp-content\/uploads\/2018\/03\/14524434_1106112876131411_958039263622046936_o.jpg?resize=700%2C400 2x"},"classes":[]},{"id":65361,"url":"http:\/\/www.grieta.org.mx\/index.php\/2022\/09\/26\/justicia-exigen-normalistas-de-aguascalientes-en-manifestacion-por-los-43-de-ayotzinapa\/","url_meta":{"origin":6035,"position":1},"title":"\u201c\u00a1Justicia!\u201d, exigen normalistas de Aguascalientes en manifestaci\u00f3n por los 43 de Ayotzinapa","author":"grieta","date":"26 septiembre, 2022","format":false,"excerpt":"Daniela Lomel\u00ed\/Newsweek en Espa\u00f1ol 26 septiembre 2022 Estudiantes de la Escuela Normal Rural \u201cJusto Sierra M\u00e9ndez\u201d, mejor conocida como Ca\u00f1ada Honda, se manifestaron durante la tarde de este lunes en el centro de la ciudad para conmemorar el octavo aniversario de los hechos ocurridos en Ayotzinapa, en septiembre del 2014.\u2026","rel":"","context":"En &quot;Aguascalientes&quot;","block_context":{"text":"Aguascalientes","link":"http:\/\/www.grieta.org.mx\/index.php\/category\/noticias-nacionales\/aguascalientes\/"},"img":{"alt_text":"","src":"https:\/\/i0.wp.com\/www.grieta.org.mx\/wp-content\/uploads\/2022\/09\/WhatsApp-Image-2022-09-26-at-8.11.01-PM-1140x570-1.jpeg?resize=350%2C200","width":350,"height":200,"srcset":"https:\/\/i0.wp.com\/www.grieta.org.mx\/wp-content\/uploads\/2022\/09\/WhatsApp-Image-2022-09-26-at-8.11.01-PM-1140x570-1.jpeg?resize=350%2C200 1x, https:\/\/i0.wp.com\/www.grieta.org.mx\/wp-content\/uploads\/2022\/09\/WhatsApp-Image-2022-09-26-at-8.11.01-PM-1140x570-1.jpeg?resize=525%2C300 1.5x, https:\/\/i0.wp.com\/www.grieta.org.mx\/wp-content\/uploads\/2022\/09\/WhatsApp-Image-2022-09-26-at-8.11.01-PM-1140x570-1.jpeg?resize=700%2C400 2x, https:\/\/i0.wp.com\/www.grieta.org.mx\/wp-content\/uploads\/2022\/09\/WhatsApp-Image-2022-09-26-at-8.11.01-PM-1140x570-1.jpeg?resize=1050%2C600 3x"},"classes":[]},{"id":6039,"url":"http:\/\/www.grieta.org.mx\/index.php\/2015\/03\/27\/exigen-justicia-a-seis-meses-de-la-desaparicion-forzada-de-los-normalistas-de-ayotzinapa-2\/","url_meta":{"origin":6035,"position":2},"title":"Exigen Justicia a Seis Meses de la Desaparici\u00f3n Forzada de los Normalistas de Ayotzinapa","author":"grieta","date":"27 marzo, 2015","format":false,"excerpt":"Cristina Zareth Hern\u00e1ndez Guti\u00e9rrez, Aguascalientes. A seis meses de la desaparici\u00f3n forzada de los 43 normalistas de Ayotzinapa, reclaman la presentaci\u00f3n con vida de los estudiantes de la Escuela Normal Ra\u00fal Isidro Burgos y reprochan la impunidad ante los terribles sucesos que evidenciaron la vinculaci\u00f3n del crimen organizado con autoridades\u2026","rel":"","context":"En &quot;aguascalientes&quot;","block_context":{"text":"aguascalientes","link":"http:\/\/www.grieta.org.mx\/index.php\/category\/aguascalientes\/"},"img":{"alt_text":"","src":"https:\/\/i0.wp.com\/www.grieta.org.mx\/wp-content\/uploads\/2018\/03\/14524434_1106112876131411_958039263622046936_o.jpg?resize=350%2C200","width":350,"height":200,"srcset":"https:\/\/i0.wp.com\/www.grieta.org.mx\/wp-content\/uploads\/2018\/03\/14524434_1106112876131411_958039263622046936_o.jpg?resize=350%2C200 1x, https:\/\/i0.wp.com\/www.grieta.org.mx\/wp-content\/uploads\/2018\/03\/14524434_1106112876131411_958039263622046936_o.jpg?resize=525%2C300 1.5x, https:\/\/i0.wp.com\/www.grieta.org.mx\/wp-content\/uploads\/2018\/03\/14524434_1106112876131411_958039263622046936_o.jpg?resize=700%2C400 2x"},"classes":[]},{"id":6041,"url":"http:\/\/www.grieta.org.mx\/index.php\/2015\/09\/27\/en-aguascalientes-exigen-justicia-a-un-ano-de-la-desaparicion-de-los-43-estudiantes-normalistas-de-ayotzinapa\/","url_meta":{"origin":6035,"position":3},"title":"En Aguascalientes exigen Justicia a un a\u00f1o de la Desaparici\u00f3n de los 43 Estudiantes Normalistas de Ayotzinapa","author":"grieta","date":"27 septiembre, 2015","format":false,"excerpt":"Cristina Zareth Hern\u00e1ndez Guti\u00e9rrez En el primer aniversario de la desaparici\u00f3n de los normalistas de Ayotzinapa, estudiantes, maestros y activistas realizaron una marcha de protesta para exigir al igual que hace un a\u00f1o, \u201cjusticia por los 43\u201d. El contingente de cerca de 400 personas que se integr\u00f3 por estudiantes del\u2026","rel":"","context":"En &quot;aguascalientes&quot;","block_context":{"text":"aguascalientes","link":"http:\/\/www.grieta.org.mx\/index.php\/category\/aguascalientes\/"},"img":{"alt_text":"","src":"https:\/\/i0.wp.com\/www.grieta.org.mx\/wp-content\/uploads\/2018\/03\/14524434_1106112876131411_958039263622046936_o.jpg?resize=350%2C200","width":350,"height":200,"srcset":"https:\/\/i0.wp.com\/www.grieta.org.mx\/wp-content\/uploads\/2018\/03\/14524434_1106112876131411_958039263622046936_o.jpg?resize=350%2C200 1x, https:\/\/i0.wp.com\/www.grieta.org.mx\/wp-content\/uploads\/2018\/03\/14524434_1106112876131411_958039263622046936_o.jpg?resize=525%2C300 1.5x, https:\/\/i0.wp.com\/www.grieta.org.mx\/wp-content\/uploads\/2018\/03\/14524434_1106112876131411_958039263622046936_o.jpg?resize=700%2C400 2x"},"classes":[]},{"id":5789,"url":"http:\/\/www.grieta.org.mx\/index.php\/2015\/10\/03\/en-aguascalientes-marcha-de-estudiantes-y-activistas-conmemora-los-hechos-violentos-del-2-de-octubre-de-1968\/","url_meta":{"origin":6035,"position":4},"title":"En Aguascalientes, marcha de Estudiantes y Activistas Conmemora los Hechos Violentos del 2 de Octubre de 1968","author":"grieta","date":"3 octubre, 2015","format":false,"excerpt":"Cristina Zareth Hern\u00e1ndez Guti\u00e9rrez, Aguascalientes. En conmemoraci\u00f3n al 2 de octubre de 1968, estudiantes, activistas y ciudadanos en general llevaron a cabo una marcha la tarde de ayer en la que reprocharon la impunidad que prevalece ante estos hechos, as\u00ed como ante el ataque a los normalistas de Ayotzinapa. Alrededor\u2026","rel":"","context":"En &quot;aguascalientes&quot;","block_context":{"text":"aguascalientes","link":"http:\/\/www.grieta.org.mx\/index.php\/category\/aguascalientes\/"},"img":{"alt_text":"","src":"https:\/\/i0.wp.com\/www.grieta.org.mx\/wp-content\/uploads\/2018\/03\/14524434_1106112876131411_958039263622046936_o.jpg?resize=350%2C200","width":350,"height":200,"srcset":"https:\/\/i0.wp.com\/www.grieta.org.mx\/wp-content\/uploads\/2018\/03\/14524434_1106112876131411_958039263622046936_o.jpg?resize=350%2C200 1x, https:\/\/i0.wp.com\/www.grieta.org.mx\/wp-content\/uploads\/2018\/03\/14524434_1106112876131411_958039263622046936_o.jpg?resize=525%2C300 1.5x, https:\/\/i0.wp.com\/www.grieta.org.mx\/wp-content\/uploads\/2018\/03\/14524434_1106112876131411_958039263622046936_o.jpg?resize=700%2C400 2x"},"classes":[]},{"id":4198,"url":"http:\/\/www.grieta.org.mx\/index.php\/2015\/03\/27\/exigen-justicia-a-seis-meses-de-la-desaparicion-forzada-de-los-normalistas-de-ayotzinapa\/","url_meta":{"origin":6035,"position":5},"title":"Exigen justicia a seis meses de la desaparici\u00f3n forzada de los normalistas de Ayotzinapa","author":"grieta","date":"27 marzo, 2015","format":false,"excerpt":"Cristina Zareth Hern\u00e1ndez Guti\u00e9rrez\/P\u00e1gina 24 A seis meses de la desaparici\u00f3n forzada de los 43 normalistas de Ayotzinapa, reclaman la presentaci\u00f3n con vida de los estudiantes de la Escuela Normal Ra\u00fal Isidro Burgos y reprochan la impunidad ante los terribles sucesos que evidenciaron la vinculaci\u00f3n del crimen organizado con autoridades\u2026","rel":"","context":"En &quot;CINTILLO&quot;","block_context":{"text":"CINTILLO","link":"http:\/\/www.grieta.org.mx\/index.php\/category\/cintillo\/"},"img":{"alt_text":"","src":"https:\/\/i0.wp.com\/www.grieta.org.mx\/wp-content\/uploads\/2018\/03\/14524434_1106112876131411_958039263622046936_o.jpg?resize=350%2C200","width":350,"height":200,"srcset":"https:\/\/i0.wp.com\/www.grieta.org.mx\/wp-content\/uploads\/2018\/03\/14524434_1106112876131411_958039263622046936_o.jpg?resize=350%2C200 1x, https:\/\/i0.wp.com\/www.grieta.org.mx\/wp-content\/uploads\/2018\/03\/14524434_1106112876131411_958039263622046936_o.jpg?resize=525%2C300 1.5x, https:\/\/i0.wp.com\/www.grieta.org.mx\/wp-content\/uploads\/2018\/03\/14524434_1106112876131411_958039263622046936_o.jpg?resize=700%2C400 2x"},"classes":[]}],"_links":{"self":[{"href":"http:\/\/www.grieta.org.mx\/index.php\/wp-json\/wp\/v2\/posts\/6035","targetHints":{"allow":["GET"]}}],"collection":[{"href":"http:\/\/www.grieta.org.mx\/index.php\/wp-json\/wp\/v2\/posts"}],"about":[{"href":"http:\/\/www.grieta.org.mx\/index.php\/wp-json\/wp\/v2\/types\/post"}],"author":[{"embeddable":true,"href":"http:\/\/www.grieta.org.mx\/index.php\/wp-json\/wp\/v2\/users\/2"}],"replies":[{"embeddable":true,"href":"http:\/\/www.grieta.org.mx\/index.php\/wp-json\/wp\/v2\/comments?post=6035"}],"version-history":[{"count":1,"href":"http:\/\/www.grieta.org.mx\/index.php\/wp-json\/wp\/v2\/posts\/6035\/revisions"}],"predecessor-version":[{"id":6037,"href":"http:\/\/www.grieta.org.mx\/index.php\/wp-json\/wp\/v2\/posts\/6035\/revisions\/6037"}],"wp:featuredmedia":[{"embeddable":true,"href":"http:\/\/www.grieta.org.mx\/index.php\/wp-json\/wp\/v2\/media\/21928"}],"wp:attachment":[{"href":"http:\/\/www.grieta.org.mx\/index.php\/wp-json\/wp\/v2\/media?parent=6035"}],"wp:term":[{"taxonomy":"category","embeddable":true,"href":"http:\/\/www.grieta.org.mx\/index.php\/wp-json\/wp\/v2\/categories?post=6035"},{"taxonomy":"post_tag","embeddable":true,"href":"http:\/\/www.grieta.org.mx\/index.php\/wp-json\/wp\/v2\/tags?post=6035"}],"curies":[{"name":"wp","href":"https:\/\/api.w.org\/{rel}","templated":true}]}}