{"id":6024,"date":"2015-08-09T02:44:35","date_gmt":"2015-08-09T02:44:35","guid":{"rendered":"http:\/\/50.22.11.12\/~grietaor\/?p=6024"},"modified":"2016-03-28T02:45:12","modified_gmt":"2016-03-28T02:45:12","slug":"se-manifiestan-padres-de-los-43-normalistas-en-leon","status":"publish","type":"post","link":"http:\/\/www.grieta.org.mx\/index.php\/2015\/08\/09\/se-manifiestan-padres-de-los-43-normalistas-en-leon\/","title":{"rendered":"Se manifiestan padres de los 43 normalistas en Le\u00f3n"},"content":{"rendered":"<p>Andrea Murillo,  Le\u00f3n, Gto. <\/p>\n<p>A casi un a\u00f1o de la desaparici\u00f3n de 43 estudiantes de la Escuela Normal Rural Ra\u00fal Isidro Burgos, de Ayotzinapa Guerrero, normalistas y padres de familia llegaron a Le\u00f3n para exigir justicia.<\/p>\n<p>Se reunieron con integrantes de asociaciones civiles, activistas, defensores de derechos humanos y estudiantes llevaron a cabo una marcha para pedir a la sociedad que se sume a la exigencia de la verdad.<\/p>\n<p>\u201cSi no hay justicia para el pueblo, que no haya paz para el Gobierno. Nadie, ni un padre ni un hermano, se quedar\u00e1 en casa esperando a que el Gobierno d\u00e9 una respuesta positiva. No regresamos a casa hasta que esclarezcan el asesinato de nuestros hijos\u201d, dijo Margarito Ram\u00edrez, pap\u00e1 de un estudiante desaparecido.<\/p>\n<p>Su hijo, dijo, fue a estudiar a esa escuela para superarse, y hasta la fecha el Gobierno no les da respuesta clara.<\/p>\n<p>La mam\u00e1 de Jorge An\u00edbal Cruz Mendoza con la voz entrecortada dijo a los leoneses que tuvo que abandonar su casa y a sus dem\u00e1s hijos, para seguir en pie de la lucha hasta hallarlo.<\/p>\n<p>\u201cEl coraz\u00f3n de madre no puede fallar y s\u00e9 que est\u00e1 por ah\u00ed; lo tiene este maldito Gobierno. No tienen que quedarse callados, alcen la voz, de esa manera vamos a encontrar a nuestros hijos. Este gobierno hace lo que quiere porque nosotros lo permitimos\u201d, agreg\u00f3.<\/p>\n<p>Otro de los padres grit\u00f3 afuera de la Presidencia Municipal que ya no se les hace raro ver en Guerrero un cuerpo tirado, \u201cya nos estamos acostumbrando\u2026 ya no queremos Gobierno, nos est\u00e1n matando\u201d, asever\u00f3.<\/p>\n<p>En un circulo de personas, cinco artistas del grupo teatral Ego hicieron una presentaci\u00f3n de la violencia que se vive en el Pa\u00eds.<\/p>\n<p>Los familiares pidieron a los leoneses que los d\u00edas 26 de cada mes vez se manifiesten poniendo una cartulina afuera de sus casas, en la que se lea \u201cNo quiero ser el 44\u201d.<\/p>\n<p><a href=\"http:\/\/am.com.mx\/leon\/local\/padres-de-normalistas-piden-apoyo-de-leoneses-222275.html\" target=\"_blank\">am.com.mx\/leon\/local\/padres-de-normalistas-piden-apoyo-de-leoneses-222275.html<\/a><\/p>\n","protected":false},"excerpt":{"rendered":"<p>Andrea Murillo, Le\u00f3n, Gto. A casi un a\u00f1o de la desaparici\u00f3n de 43 estudiantes de la Escuela Normal Rural Ra\u00fal Isidro Burgos, de Ayotzinapa Guerrero, normalistas y padres de familia &hellip; <a href=\"http:\/\/www.grieta.org.mx\/index.php\/2015\/08\/09\/se-manifiestan-padres-de-los-43-normalistas-en-leon\/\" class=\"more-link\">Leer m\u00e1s<\/a><\/p>\n","protected":false},"author":2,"featured_media":21928,"comment_status":"closed","ping_status":"open","sticky":false,"template":"","format":"standard","meta":{"ngg_post_thumbnail":0,"_jetpack_newsletter_access":"","_jetpack_dont_email_post_to_subs":false,"_jetpack_newsletter_tier_id":0,"_jetpack_memberships_contains_paywalled_content":false,"_jetpack_memberships_contains_paid_content":false,"footnotes":""},"categories":[80],"tags":[],"class_list":["post-6024","post","type-post","status-publish","format-standard","has-post-thumbnail","hentry","category-cintillo","entry"],"jetpack_featured_media_url":"http:\/\/www.grieta.org.mx\/wp-content\/uploads\/2018\/03\/14524434_1106112876131411_958039263622046936_o.jpg","jetpack_sharing_enabled":true,"jetpack_shortlink":"https:\/\/wp.me\/p7ZJR4-1za","jetpack_likes_enabled":false,"jetpack-related-posts":[{"id":5995,"url":"http:\/\/www.grieta.org.mx\/index.php\/2016\/05\/01\/movilizaciones-por-ayotzinapa-en-guanajuato\/","url_meta":{"origin":6024,"position":0},"title":"Movilizaciones por Ayotzinapa en Guanajuato","author":"grieta","date":"1 mayo, 2016","format":false,"excerpt":"01\/05\/2016. Se manifiestan por los 43 normalistas de Ayotzinapa durante Marcha por el D\u00eda del Trabajo en Le\u00f3nZona Franca 26\/11\/2015. Se manifiestan colectivos en Le\u00f3n para recordar a los 43 estudiantes de AyotzinapaZona Franca 26\/10\/2015. Estudiantes y padres de familia de Ayotzinapa se manifiestan en el Cervantino en GuanajuatoAM 12\/10\/2015.\u2026","rel":"","context":"En &quot;Guanajuato&quot;","block_context":{"text":"Guanajuato","link":"http:\/\/www.grieta.org.mx\/index.php\/category\/noticias-nacionales\/guanajuato\/"},"img":{"alt_text":"","src":"https:\/\/i0.wp.com\/www.grieta.org.mx\/wp-content\/uploads\/2018\/03\/14524434_1106112876131411_958039263622046936_o.jpg?resize=350%2C200","width":350,"height":200,"srcset":"https:\/\/i0.wp.com\/www.grieta.org.mx\/wp-content\/uploads\/2018\/03\/14524434_1106112876131411_958039263622046936_o.jpg?resize=350%2C200 1x, https:\/\/i0.wp.com\/www.grieta.org.mx\/wp-content\/uploads\/2018\/03\/14524434_1106112876131411_958039263622046936_o.jpg?resize=525%2C300 1.5x, https:\/\/i0.wp.com\/www.grieta.org.mx\/wp-content\/uploads\/2018\/03\/14524434_1106112876131411_958039263622046936_o.jpg?resize=700%2C400 2x"},"classes":[]},{"id":11650,"url":"http:\/\/www.grieta.org.mx\/index.php\/2016\/05\/01\/se-manifiestan-por-los-43-normalistas-de-ayotzinapa-durante-marcha-del-dia-del-trabajo\/","url_meta":{"origin":6024,"position":1},"title":"Se manifiestan por los 43 normalistas de Ayotzinapa durante Marcha por el  D\u00eda del Trabajo en Le\u00f3n","author":"grieta","date":"1 mayo, 2016","format":false,"excerpt":"Carmen Mart\u00ednez, Le\u00f3n, Gto. Las consignas para hacer justicia a los 43 normalistas de Ayotzinapa llegaron hasta el Desfile Conmemorativo del D\u00eda del Trabajo en el municipio de Le\u00f3n. En medio de los contingentes, un grupo de manifestantes clam\u00f3 por esta y otras solicitudes ciudadanas. Integrantes de diferentes organizaciones adscritas\u2026","rel":"","context":"En &quot;CINTILLO&quot;","block_context":{"text":"CINTILLO","link":"http:\/\/www.grieta.org.mx\/index.php\/category\/cintillo\/"},"img":{"alt_text":"","src":"https:\/\/i0.wp.com\/www.grieta.org.mx\/wp-content\/uploads\/2018\/03\/14524434_1106112876131411_958039263622046936_o.jpg?resize=350%2C200","width":350,"height":200,"srcset":"https:\/\/i0.wp.com\/www.grieta.org.mx\/wp-content\/uploads\/2018\/03\/14524434_1106112876131411_958039263622046936_o.jpg?resize=350%2C200 1x, https:\/\/i0.wp.com\/www.grieta.org.mx\/wp-content\/uploads\/2018\/03\/14524434_1106112876131411_958039263622046936_o.jpg?resize=525%2C300 1.5x, https:\/\/i0.wp.com\/www.grieta.org.mx\/wp-content\/uploads\/2018\/03\/14524434_1106112876131411_958039263622046936_o.jpg?resize=700%2C400 2x"},"classes":[]},{"id":2147,"url":"http:\/\/www.grieta.org.mx\/index.php\/2016\/01\/20\/llegaron-a-durango-padres-de-estudiantes-normalistas-desaparecidos\/","url_meta":{"origin":6024,"position":2},"title":"Llegaron a Durango padres de estudiantes normalistas desaparecidos","author":"grieta","date":"20 enero, 2016","format":false,"excerpt":"La Voz de Durango CINTHYA ROSALES Este mi\u00e9rcoles lleg\u00f3 a Durango una caravana de padres de los 43 estudiantes de la Escuela Normal Rural de Ayotzinapa y que se encuentran desaparecidos desde hace ya 15 meses, por lo tanto, aseguraron que este movimiento que ha surgido en todo el pa\u00eds\u2026","rel":"","context":"En &quot;CINTILLO&quot;","block_context":{"text":"CINTILLO","link":"http:\/\/www.grieta.org.mx\/index.php\/category\/cintillo\/"},"img":{"alt_text":"","src":"https:\/\/i0.wp.com\/www.grieta.org.mx\/wp-content\/uploads\/2018\/03\/14524434_1106112876131411_958039263622046936_o.jpg?resize=350%2C200","width":350,"height":200,"srcset":"https:\/\/i0.wp.com\/www.grieta.org.mx\/wp-content\/uploads\/2018\/03\/14524434_1106112876131411_958039263622046936_o.jpg?resize=350%2C200 1x, https:\/\/i0.wp.com\/www.grieta.org.mx\/wp-content\/uploads\/2018\/03\/14524434_1106112876131411_958039263622046936_o.jpg?resize=525%2C300 1.5x, https:\/\/i0.wp.com\/www.grieta.org.mx\/wp-content\/uploads\/2018\/03\/14524434_1106112876131411_958039263622046936_o.jpg?resize=700%2C400 2x"},"classes":[]},{"id":6003,"url":"http:\/\/www.grieta.org.mx\/index.php\/2015\/10\/26\/estudiantes-y-padres-de-familia-de-ayotzinapa-se-manifiestan-en-el-cervantino-en-guanajuato\/","url_meta":{"origin":6024,"position":3},"title":"Estudiantes y padres de familia de Ayotzinapa se manifiestan en el Cervantino en Guanajuato","author":"grieta","date":"26 octubre, 2015","format":false,"excerpt":"Gilberto Navarro AM Normalistas y padres de los 43 estudiantes desaparecidos marcharon por el Centro Hist\u00f3rico, acompa\u00f1ados de estudiantes y ciudadanos para exigir justicia. Cerca de las 5:30 de la tarde, alrededor de 200 personas se congregaron en el Jard\u00edn de Embajadoras para recorrer las calles de la ciudad con\u2026","rel":"","context":"En &quot;CINTILLO&quot;","block_context":{"text":"CINTILLO","link":"http:\/\/www.grieta.org.mx\/index.php\/category\/cintillo\/"},"img":{"alt_text":"","src":"https:\/\/i0.wp.com\/www.grieta.org.mx\/wp-content\/uploads\/2018\/03\/14524434_1106112876131411_958039263622046936_o.jpg?resize=350%2C200","width":350,"height":200,"srcset":"https:\/\/i0.wp.com\/www.grieta.org.mx\/wp-content\/uploads\/2018\/03\/14524434_1106112876131411_958039263622046936_o.jpg?resize=350%2C200 1x, https:\/\/i0.wp.com\/www.grieta.org.mx\/wp-content\/uploads\/2018\/03\/14524434_1106112876131411_958039263622046936_o.jpg?resize=525%2C300 1.5x, https:\/\/i0.wp.com\/www.grieta.org.mx\/wp-content\/uploads\/2018\/03\/14524434_1106112876131411_958039263622046936_o.jpg?resize=700%2C400 2x"},"classes":[]},{"id":72250,"url":"http:\/\/www.grieta.org.mx\/index.php\/2025\/08\/27\/madres-y-padres-de-los-43-normalistas-exigen-a-claudia-sheinbaum-verdad-y-justicia-a-11-anos-de-ayotzinapa\/","url_meta":{"origin":6024,"position":4},"title":"Madres y padres de los 43 normalistas exigen a Claudia Sheinbaum verdad y justicia a 11 a\u00f1os de Ayotzinapa","author":"grieta","date":"27 agosto, 2025","format":false,"excerpt":"Por\u00a0Redacci\u00f3n\u00a0\/\u00a0@Somoselmedio Madres, padres y estudiantes exigen justicia y castigo a los responsables de la desaparici\u00f3n forzada de los 43 de Ayotzinapa, a 11 a\u00f1os de la tragedia. Denuncian la falta de avances en las investigaciones y la protecci\u00f3n del Ej\u00e9rcito por tres gobiernos. Ciudad de M\u00e9xico, 26 de agosto de\u2026","rel":"","context":"En &quot;CINTILLO&quot;","block_context":{"text":"CINTILLO","link":"http:\/\/www.grieta.org.mx\/index.php\/category\/cintillo\/"},"img":{"alt_text":"","src":"https:\/\/i0.wp.com\/www.grieta.org.mx\/wp-content\/uploads\/2025\/08\/Captura-de-pantalla-2025-08-28-215352.png?resize=350%2C200","width":350,"height":200},"classes":[]},{"id":4392,"url":"http:\/\/www.grieta.org.mx\/index.php\/2015\/02\/08\/colocan-ilustraciones-de-los-43-normalistas-en-monterrey\/","url_meta":{"origin":6024,"position":5},"title":"Colocan ilustraciones de los 43 normalistas en Monterrey","author":"grieta","date":"8 febrero, 2015","format":false,"excerpt":"La Jornada Por Erick Mu\u00f1iz Los rostros de los 43 estudiantes desaparecidos fueron colocados la tarde de este domingo frente al Palacio de Gobierno de Nuevo Le\u00f3n. Foto Erick Mu\u00f1iz Monterrey, Nvo Le\u00f3n. Los rostros de los 43 estudiantes de la normal de Ayotzinapa, desaparecidos y asesinados -seg\u00fan la versi\u00f3n\u2026","rel":"","context":"En &quot;CINTILLO&quot;","block_context":{"text":"CINTILLO","link":"http:\/\/www.grieta.org.mx\/index.php\/category\/cintillo\/"},"img":{"alt_text":"","src":"https:\/\/i0.wp.com\/www.grieta.org.mx\/wp-content\/uploads\/2018\/03\/14524434_1106112876131411_958039263622046936_o.jpg?resize=350%2C200","width":350,"height":200,"srcset":"https:\/\/i0.wp.com\/www.grieta.org.mx\/wp-content\/uploads\/2018\/03\/14524434_1106112876131411_958039263622046936_o.jpg?resize=350%2C200 1x, https:\/\/i0.wp.com\/www.grieta.org.mx\/wp-content\/uploads\/2018\/03\/14524434_1106112876131411_958039263622046936_o.jpg?resize=525%2C300 1.5x, https:\/\/i0.wp.com\/www.grieta.org.mx\/wp-content\/uploads\/2018\/03\/14524434_1106112876131411_958039263622046936_o.jpg?resize=700%2C400 2x"},"classes":[]}],"_links":{"self":[{"href":"http:\/\/www.grieta.org.mx\/index.php\/wp-json\/wp\/v2\/posts\/6024","targetHints":{"allow":["GET"]}}],"collection":[{"href":"http:\/\/www.grieta.org.mx\/index.php\/wp-json\/wp\/v2\/posts"}],"about":[{"href":"http:\/\/www.grieta.org.mx\/index.php\/wp-json\/wp\/v2\/types\/post"}],"author":[{"embeddable":true,"href":"http:\/\/www.grieta.org.mx\/index.php\/wp-json\/wp\/v2\/users\/2"}],"replies":[{"embeddable":true,"href":"http:\/\/www.grieta.org.mx\/index.php\/wp-json\/wp\/v2\/comments?post=6024"}],"version-history":[{"count":1,"href":"http:\/\/www.grieta.org.mx\/index.php\/wp-json\/wp\/v2\/posts\/6024\/revisions"}],"predecessor-version":[{"id":6025,"href":"http:\/\/www.grieta.org.mx\/index.php\/wp-json\/wp\/v2\/posts\/6024\/revisions\/6025"}],"wp:featuredmedia":[{"embeddable":true,"href":"http:\/\/www.grieta.org.mx\/index.php\/wp-json\/wp\/v2\/media\/21928"}],"wp:attachment":[{"href":"http:\/\/www.grieta.org.mx\/index.php\/wp-json\/wp\/v2\/media?parent=6024"}],"wp:term":[{"taxonomy":"category","embeddable":true,"href":"http:\/\/www.grieta.org.mx\/index.php\/wp-json\/wp\/v2\/categories?post=6024"},{"taxonomy":"post_tag","embeddable":true,"href":"http:\/\/www.grieta.org.mx\/index.php\/wp-json\/wp\/v2\/tags?post=6024"}],"curies":[{"name":"wp","href":"https:\/\/api.w.org\/{rel}","templated":true}]}}