{"id":6006,"date":"2015-10-12T02:32:58","date_gmt":"2015-10-12T02:32:58","guid":{"rendered":"http:\/\/50.22.11.12\/~grietaor\/?p=6006"},"modified":"2016-03-28T02:35:24","modified_gmt":"2016-03-28T02:35:24","slug":"advierten-padres-y-estudiantes-de-ayotzinapa-no-pararemos-hasta-encontrarlos","status":"publish","type":"post","link":"http:\/\/www.grieta.org.mx\/index.php\/2015\/10\/12\/advierten-padres-y-estudiantes-de-ayotzinapa-no-pararemos-hasta-encontrarlos\/","title":{"rendered":"Advierten padres y estudiantes de Ayotzinapa: \u2018no pararemos hasta encontrarlos\u2019"},"content":{"rendered":"<p>Denisse Hern\u00e1ndez,  Le\u00f3n, Gto. <\/p>\n<p>El 26 y 27 de septiembre de 2014, en Iguala, Guerrero, m\u00e1s de 180 personas fueron v\u00edctimas de diferentes violaciones de derechos humanos***.<\/p>\n<p>Seis de ellas fueron ejecutadas de manera extrajudicial y 43 estudiantes desaparecidos.<\/p>\n<p>Entre las quienes perdieron la vida se encuentra Julio C\u00e9sar Ram\u00edrez Nava, quien apenas cursaba su primer a\u00f1o en la Normal Rural Ra\u00fal Isidro Burgos, de Ayotzinapa, Guerrero.<\/p>\n<p>Omar Garc\u00eda Vel\u00e1zquez, normalista, tambi\u00e9n sufri\u00f3 el ataque en el que intervinieron polic\u00edas federales, estatales y municipales, as\u00ed como el Ej\u00e9rcito***.<\/p>\n<p>Desde aquella madrugada pasado m\u00e1s de un a\u00f1o, sin embargo, la exigencia de se haga justicia y los 43 j\u00f3venes vuelvan a casa no ha cesado.<\/p>\n<p>As\u00ed lo demuestran el propio Omar Garc\u00eda y Bertha Nava Mart\u00ednez, mam\u00e1 de Julio C\u00e9sar, quienes advierten que no parar\u00e1n hasta encontrarlos, caiga quien caiga.<\/p>\n<p>Mira aqu\u00ed la entrevista completa:<\/p>\n<p><iframe loading=\"lazy\" width=\"750\" height=\"422\" src=\"https:\/\/www.youtube.com\/embed\/LiqNJ7T3INI\" frameborder=\"0\" allowfullscreen><\/iframe><\/p>\n<p>***Informe del Grupo Interdisciplinario de Expertos Independientes de la Comisi\u00f3n Interamericana de Derechos Humanos, que investiga la desaparici\u00f3n de los 43 normalistas.<\/p>\n<p><a href=\"http:\/\/zonafranca.mx\/advierten-padres-y-estudiantes-de-ayotzinapa-no-pararemos-hasta-encontrarlos\/\" target=\"_blank\">zonafranca.mx\/advierten-padres-y-estudiantes-de-ayotzinapa-no-pararemos-hasta-encontrarlos\/<\/a><\/p>\n","protected":false},"excerpt":{"rendered":"<p>Denisse Hern\u00e1ndez, Le\u00f3n, Gto. El 26 y 27 de septiembre de 2014, en Iguala, Guerrero, m\u00e1s de 180 personas fueron v\u00edctimas de diferentes violaciones de derechos humanos***. Seis de ellas &hellip; <a href=\"http:\/\/www.grieta.org.mx\/index.php\/2015\/10\/12\/advierten-padres-y-estudiantes-de-ayotzinapa-no-pararemos-hasta-encontrarlos\/\" class=\"more-link\">Leer m\u00e1s<\/a><\/p>\n","protected":false},"author":2,"featured_media":21928,"comment_status":"closed","ping_status":"open","sticky":false,"template":"","format":"standard","meta":{"ngg_post_thumbnail":0,"_jetpack_newsletter_access":"","_jetpack_dont_email_post_to_subs":false,"_jetpack_newsletter_tier_id":0,"_jetpack_memberships_contains_paywalled_content":false,"_jetpack_memberships_contains_paid_content":false,"footnotes":""},"categories":[80],"tags":[],"class_list":["post-6006","post","type-post","status-publish","format-standard","has-post-thumbnail","hentry","category-cintillo","entry"],"jetpack_featured_media_url":"http:\/\/www.grieta.org.mx\/wp-content\/uploads\/2018\/03\/14524434_1106112876131411_958039263622046936_o.jpg","jetpack_sharing_enabled":true,"jetpack_shortlink":"https:\/\/wp.me\/p7ZJR4-1yS","jetpack_likes_enabled":false,"jetpack-related-posts":[{"id":38553,"url":"http:\/\/www.grieta.org.mx\/index.php\/2019\/08\/27\/padres-de-los-43-marchan-en-iguala-a-59-meses-del-caso-ayotzinapa\/","url_meta":{"origin":6006,"position":0},"title":"Padres de los 43 marchan en Iguala a 59 meses del caso Ayotzinapa","author":"Admin","date":"27 agosto, 2019","format":false,"excerpt":"Eduardo Albarr\u00e1n Orozco\/ Quadrat\u00edn IGUALA, Gro., 27 de agosto de 2019.- Padres de los 43 normalistas desaparecidos de Ayotzinapa marcharon en este municipio al cumplirse 59 meses del caso, y colocaron ofrendas florales en las estelas colocadas en los lugares donde fueron acribillados los estudiantes Julio Cesar Mondrag\u00f3n Fontes, Daniel\u2026","rel":"","context":"En &quot;Caso Ayotzinapa&quot;","block_context":{"text":"Caso Ayotzinapa","link":"http:\/\/www.grieta.org.mx\/index.php\/category\/noticias-nacionales\/guerrero\/caso-ayotzinapa\/"},"img":{"alt_text":"","src":"https:\/\/i0.wp.com\/www.grieta.org.mx\/wp-content\/uploads\/2019\/08\/Ayotzinapa-270819-5-1160x700.jpg?resize=350%2C200","width":350,"height":200,"srcset":"https:\/\/i0.wp.com\/www.grieta.org.mx\/wp-content\/uploads\/2019\/08\/Ayotzinapa-270819-5-1160x700.jpg?resize=350%2C200 1x, https:\/\/i0.wp.com\/www.grieta.org.mx\/wp-content\/uploads\/2019\/08\/Ayotzinapa-270819-5-1160x700.jpg?resize=525%2C300 1.5x, https:\/\/i0.wp.com\/www.grieta.org.mx\/wp-content\/uploads\/2019\/08\/Ayotzinapa-270819-5-1160x700.jpg?resize=700%2C400 2x, https:\/\/i0.wp.com\/www.grieta.org.mx\/wp-content\/uploads\/2019\/08\/Ayotzinapa-270819-5-1160x700.jpg?resize=1050%2C600 3x"},"classes":[]},{"id":6014,"url":"http:\/\/www.grieta.org.mx\/index.php\/2015\/10\/08\/se-manifiestan-en-guanajuato-los-padres-de-los-normalistas-desaparecidos-en-ayotzinapa\/","url_meta":{"origin":6006,"position":1},"title":"Se manifiestan en Guanajuato los padres de los normalistas desaparecidos en Ayotzinapa","author":"grieta","date":"8 octubre, 2015","format":false,"excerpt":"Aldabi Olvera, Guanajuato, Gto. El n\u00famero 43 es ya un s\u00edmbolo en todo M\u00e9xico y se mostr\u00f3 de manera curiosa hasta en el Festival Cervantino de Guanajuato. Casi un mes despu\u00e9s de que se cumpliera un a\u00f1o de la desaparici\u00f3n forzada de los 43 normalistas de Ayotzinapa, se inaugura la\u2026","rel":"","context":"En &quot;CINTILLO&quot;","block_context":{"text":"CINTILLO","link":"http:\/\/www.grieta.org.mx\/index.php\/category\/cintillo\/"},"img":{"alt_text":"","src":"https:\/\/i0.wp.com\/www.grieta.org.mx\/wp-content\/uploads\/2018\/03\/14524434_1106112876131411_958039263622046936_o.jpg?resize=350%2C200","width":350,"height":200,"srcset":"https:\/\/i0.wp.com\/www.grieta.org.mx\/wp-content\/uploads\/2018\/03\/14524434_1106112876131411_958039263622046936_o.jpg?resize=350%2C200 1x, https:\/\/i0.wp.com\/www.grieta.org.mx\/wp-content\/uploads\/2018\/03\/14524434_1106112876131411_958039263622046936_o.jpg?resize=525%2C300 1.5x, https:\/\/i0.wp.com\/www.grieta.org.mx\/wp-content\/uploads\/2018\/03\/14524434_1106112876131411_958039263622046936_o.jpg?resize=700%2C400 2x"},"classes":[]},{"id":14006,"url":"http:\/\/www.grieta.org.mx\/index.php\/2016\/05\/03\/semillero-el-pensamiento-critico-frente-a-la-hidra-capitalista\/","url_meta":{"origin":6006,"position":2},"title":"Palabra de familiares de Ayotzinapa en el Semillero","author":"grieta","date":"3 mayo, 2016","format":false,"excerpt":"Primer d\u00eda Semillero \u201cEl Pensamiento Cr\u00edtico Frente a La Hidra Capitalista\u201d Seminarios CIDECI (http:\/\/seminarioscideci.org) Caracol de Ovetik, 3 de mayo de 2015. Palabra de los familiares de los estudiantes de la Normal Rural \u201cRa\u00fal Isidro Burgos\u201d de Ayotzinapa, desaparecidos y asesinados en Iguala el 26 de septiembre de 2014. Palabras\u2026","rel":"","context":"En &quot;CINTILLO&quot;","block_context":{"text":"CINTILLO","link":"http:\/\/www.grieta.org.mx\/index.php\/category\/cintillo\/"},"img":{"alt_text":"","src":"https:\/\/i0.wp.com\/www.grieta.org.mx\/wp-content\/uploads\/2018\/03\/14524434_1106112876131411_958039263622046936_o.jpg?resize=350%2C200","width":350,"height":200,"srcset":"https:\/\/i0.wp.com\/www.grieta.org.mx\/wp-content\/uploads\/2018\/03\/14524434_1106112876131411_958039263622046936_o.jpg?resize=350%2C200 1x, https:\/\/i0.wp.com\/www.grieta.org.mx\/wp-content\/uploads\/2018\/03\/14524434_1106112876131411_958039263622046936_o.jpg?resize=525%2C300 1.5x, https:\/\/i0.wp.com\/www.grieta.org.mx\/wp-content\/uploads\/2018\/03\/14524434_1106112876131411_958039263622046936_o.jpg?resize=700%2C400 2x"},"classes":[]},{"id":847,"url":"http:\/\/www.grieta.org.mx\/index.php\/2015\/06\/25\/la-voz-de-justicia-de-ayotzinapa-llega-a-campeche\/","url_meta":{"origin":6006,"position":3},"title":"La voz de justicia de Ayotzinapa llega a Campeche","author":"grieta","date":"25 junio, 2015","format":false,"excerpt":"Por Kaos. M\u00e9xico La Caravana de madres y padres de Ayotzinapa recorri\u00f3 en d\u00edas pasados los estados de Quintana Roo y Yucat\u00e1n, acompa\u00f1ados por el Congreso Nacional Ind\u00edgena, y por fin lleg\u00f3 el momento de dar su testimonio en Campeche.Las actividades comenzaron el 23 de junio por la ma\u00f1ana en\u2026","rel":"","context":"En &quot;campeche&quot;","block_context":{"text":"campeche","link":"http:\/\/www.grieta.org.mx\/index.php\/category\/campeche\/"},"img":{"alt_text":"","src":"https:\/\/i0.wp.com\/www.grieta.org.mx\/wp-content\/uploads\/2018\/03\/14524434_1106112876131411_958039263622046936_o.jpg?resize=350%2C200","width":350,"height":200,"srcset":"https:\/\/i0.wp.com\/www.grieta.org.mx\/wp-content\/uploads\/2018\/03\/14524434_1106112876131411_958039263622046936_o.jpg?resize=350%2C200 1x, https:\/\/i0.wp.com\/www.grieta.org.mx\/wp-content\/uploads\/2018\/03\/14524434_1106112876131411_958039263622046936_o.jpg?resize=525%2C300 1.5x, https:\/\/i0.wp.com\/www.grieta.org.mx\/wp-content\/uploads\/2018\/03\/14524434_1106112876131411_958039263622046936_o.jpg?resize=700%2C400 2x"},"classes":[]},{"id":24058,"url":"http:\/\/www.grieta.org.mx\/index.php\/2018\/01\/19\/normalistas-y-padres-de-los-43-protestan-frente-a-fiscalia-de-guerrero\/","url_meta":{"origin":6006,"position":4},"title":"Normalistas y padres de los 43 protestan frente a Fiscal\u00eda de Guerrero","author":"grieta","date":"19 enero, 2018","format":false,"excerpt":"Por Rosario Garc\u00eda CHILPANCINGO.- A casi 40 meses de la desaparici\u00f3n de los 43 normalistas de Ayotzinapa, estudiantes de esa instituci\u00f3n y padres protestaron en la Fiscal\u00eda general del Estado para exigir resultados claros y contundentes de las investigaciones. En la entrada principal de la dependencia fueron colocados costales de\u2026","rel":"","context":"En &quot;CINTILLO&quot;","block_context":{"text":"CINTILLO","link":"http:\/\/www.grieta.org.mx\/index.php\/category\/cintillo\/"},"img":{"alt_text":"","src":"https:\/\/i0.wp.com\/www.grieta.org.mx\/wp-content\/uploads\/2018\/03\/14524434_1106112876131411_958039263622046936_o.jpg?resize=350%2C200","width":350,"height":200,"srcset":"https:\/\/i0.wp.com\/www.grieta.org.mx\/wp-content\/uploads\/2018\/03\/14524434_1106112876131411_958039263622046936_o.jpg?resize=350%2C200 1x, https:\/\/i0.wp.com\/www.grieta.org.mx\/wp-content\/uploads\/2018\/03\/14524434_1106112876131411_958039263622046936_o.jpg?resize=525%2C300 1.5x, https:\/\/i0.wp.com\/www.grieta.org.mx\/wp-content\/uploads\/2018\/03\/14524434_1106112876131411_958039263622046936_o.jpg?resize=700%2C400 2x"},"classes":[]},{"id":39316,"url":"http:\/\/www.grieta.org.mx\/index.php\/2019\/07\/21\/advierten-estudiantes-de-ayotzinapa-que-lucharan-contra-intentos-de-cerrar-esa-escuela-guerrero\/","url_meta":{"origin":6006,"position":5},"title":"Advierten estudiantes de Ayotzinapa que luchar\u00e1n contra intentos de cerrar esa escuela (Guerrero)","author":"Admin","date":"21 julio, 2019","format":false,"excerpt":"Redacci\u00f3n \/ Digital Guerrero Los integrantes del Comit\u00e9 \u201cRicardo Flores Mag\u00f3n\u201d destacaron que la consigna que tienen los alumnos es impedir el cierre de Ayotzinapa, \u201ca pesar de la intenci\u00f3n de algunos\u201d. A trav\u00e9s de un comunicado p\u00fablico, los estudiantes recordaron que lo que se ha logrado en la Normal\u2026","rel":"","context":"En &quot;Caso Ayotzinapa&quot;","block_context":{"text":"Caso Ayotzinapa","link":"http:\/\/www.grieta.org.mx\/index.php\/category\/noticias-nacionales\/guerrero\/caso-ayotzinapa\/"},"img":{"alt_text":"","src":"https:\/\/i0.wp.com\/www.grieta.org.mx\/wp-content\/uploads\/2019\/09\/https-_www.digitalguerrero.com_.mx_wp-content_uploads_2019_07_ayotzi.jpg?resize=350%2C200","width":350,"height":200,"srcset":"https:\/\/i0.wp.com\/www.grieta.org.mx\/wp-content\/uploads\/2019\/09\/https-_www.digitalguerrero.com_.mx_wp-content_uploads_2019_07_ayotzi.jpg?resize=350%2C200 1x, https:\/\/i0.wp.com\/www.grieta.org.mx\/wp-content\/uploads\/2019\/09\/https-_www.digitalguerrero.com_.mx_wp-content_uploads_2019_07_ayotzi.jpg?resize=525%2C300 1.5x, https:\/\/i0.wp.com\/www.grieta.org.mx\/wp-content\/uploads\/2019\/09\/https-_www.digitalguerrero.com_.mx_wp-content_uploads_2019_07_ayotzi.jpg?resize=700%2C400 2x"},"classes":[]}],"_links":{"self":[{"href":"http:\/\/www.grieta.org.mx\/index.php\/wp-json\/wp\/v2\/posts\/6006","targetHints":{"allow":["GET"]}}],"collection":[{"href":"http:\/\/www.grieta.org.mx\/index.php\/wp-json\/wp\/v2\/posts"}],"about":[{"href":"http:\/\/www.grieta.org.mx\/index.php\/wp-json\/wp\/v2\/types\/post"}],"author":[{"embeddable":true,"href":"http:\/\/www.grieta.org.mx\/index.php\/wp-json\/wp\/v2\/users\/2"}],"replies":[{"embeddable":true,"href":"http:\/\/www.grieta.org.mx\/index.php\/wp-json\/wp\/v2\/comments?post=6006"}],"version-history":[{"count":1,"href":"http:\/\/www.grieta.org.mx\/index.php\/wp-json\/wp\/v2\/posts\/6006\/revisions"}],"predecessor-version":[{"id":6009,"href":"http:\/\/www.grieta.org.mx\/index.php\/wp-json\/wp\/v2\/posts\/6006\/revisions\/6009"}],"wp:featuredmedia":[{"embeddable":true,"href":"http:\/\/www.grieta.org.mx\/index.php\/wp-json\/wp\/v2\/media\/21928"}],"wp:attachment":[{"href":"http:\/\/www.grieta.org.mx\/index.php\/wp-json\/wp\/v2\/media?parent=6006"}],"wp:term":[{"taxonomy":"category","embeddable":true,"href":"http:\/\/www.grieta.org.mx\/index.php\/wp-json\/wp\/v2\/categories?post=6006"},{"taxonomy":"post_tag","embeddable":true,"href":"http:\/\/www.grieta.org.mx\/index.php\/wp-json\/wp\/v2\/tags?post=6006"}],"curies":[{"name":"wp","href":"https:\/\/api.w.org\/{rel}","templated":true}]}}