{"id":59718,"date":"2021-06-05T13:22:21","date_gmt":"2021-06-05T18:22:21","guid":{"rendered":"https:\/\/www.grieta.org.mx\/?p=59718"},"modified":"2021-06-07T13:42:48","modified_gmt":"2021-06-07T18:42:48","slug":"a-un-ano-seguimos-aqui-resistiendo-con-dignidad-contra-la-impunidad-la-injusticia-y-la-desesperanza-jalisco","status":"publish","type":"post","link":"http:\/\/www.grieta.org.mx\/index.php\/2021\/06\/05\/a-un-ano-seguimos-aqui-resistiendo-con-dignidad-contra-la-impunidad-la-injusticia-y-la-desesperanza-jalisco\/","title":{"rendered":"\u201cA un a\u00f1o seguimos aqu\u00ed resistiendo con dignidad contra la impunidad, la injusticia y la desesperanza\u201d (Jalisco)"},"content":{"rendered":"<p>Foto: Zona Docs<\/p>\n<p><strong>\u00a0<\/strong><strong>A un a\u00f1o de la represi\u00f3n polic\u00edaca que deriv\u00f3 en la detenci\u00f3n arbitraria, tortura y desaparici\u00f3n forzada de m\u00e1s de 80 j\u00f3venes que acud\u00edan a protestar por la liberaci\u00f3n de 28 manifestantes y por la ejecuci\u00f3n extrajudicial de Giovanni L\u00f3pez, las y los sobrevivientes de este estos delitos de lesa humanidad -cometidos a las afueras de la Fiscal\u00eda del Estado de Jalisco, el 5 de junio de 2020- hablan con franqueza de todo lo que el Estado les ha quedado a deber, de sus errores y aciertos en su lucha por la justicia, de las secuelas y traumas que les dej\u00f3 la violencia y de la impunidad rampante que hay en el caso, esto a pesar de las declaraciones vi<\/strong><\/p>\n<p>Dalia Souza &#8211; Darwin Franco \/ Zona Docs<\/p>\n<p>En sus palabras hay aprendizajes, pero tambi\u00e9n secuelas.\u00a0<strong>La violencia cometida en su contra no es algo que se pueda olvidar con alg\u00fan perd\u00f3n<\/strong>\u00a0o con la promesa de que, ahora s\u00ed, la polic\u00eda se ha capacitado para no violentar ning\u00fan derecho humano.<\/p>\n<p>El 5 de junio de 2020 qued\u00f3 marcado en ellas y ellos, y as\u00ed lo sienten en su interior cuando ven alguna camioneta como aquellas de donde bajaron polic\u00edas encapuchados para detenerlos y desaparecerlos de manera forzada;<strong>\u00a0lo saben cuando ven a sus victimarios por las calles portando a\u00fan el uniforme de alguna corporaci\u00f3n polic\u00edaca<\/strong>, y lo perciben con coraje e indignaci\u00f3n cuando escuchan al gobernador de Jalisco, Enrique Alfaro, o al Fiscal General, Gerardo Octavio Sol\u00eds, se\u00f1alar que ya no hay impunidad y que todo fue producto de \u201cacciones inexplicables\u201d cometidas s\u00f3lo por algunos polic\u00edas y no por todo el aparato del Estado que -durante los d\u00edas 4, 5 y 6 de junio- se emple\u00f3 para ejercer toda la fuerza policial contra decenas de j\u00f3venes manifestantes.<\/p>\n<p>A un a\u00f1o de los hechos,\u00a0<strong><em>ZonaDocs<\/em>\u00a0platic\u00f3 con cuatro j\u00f3venes v\u00edctimas de la desaparici\u00f3n forzada y los actos de tortura cometidos por elementos del Estado<\/strong>\u00a0dentro y fuera de las instalaciones centrales de la Fiscal\u00eda del Estado de Jalisco, el 5 de junio de 2020. Sus nombres fueron omitidos para garantizar su seguridad.<\/p>\n<p>El di\u00e1logo que ofrecieron fue franco y honesto,\u00a0<strong>pues muchos son los aprendizajes que han tenido desde que decidieron no claudicar en su exigencia de justicia<\/strong>, a\u00fan y cuando el Estado les ha incumplido sistem\u00e1ticamente todo lo que les prometi\u00f3 desde que grabaron un pol\u00e9mico video en el Palacio de Gobierno -espacio que fue usado como centro detenci\u00f3n arbitraria y tortura- o como cuando, a trav\u00e9s de los\u00a0<em>Foros de Di\u00e1logo para la Construcci\u00f3n de la Paz, Seguridad Ciudadana y Reforma Policial<\/em>, se les indic\u00f3 que ese ser\u00eda el camino a la justicia;\u00a0<strong>sin embargo, ahora saben que todo result\u00f3 un acto de simulaci\u00f3n que le permiti\u00f3 al Gobierno de Jalisco \u201ccumplir\u201d con la recomendaci\u00f3n que las Naciones Unidas<\/strong>\u00a0le hiciera por las graves violaciones a los derechos humanos cometidas el 4, 5 y 6 de junio de 2020.<\/p>\n<p>Finalmente, tambi\u00e9n hablaron de la ruptura del\u00a0<em>Colectivo Somos 456<\/em>\u00a0y de las exigencias que persisten en un proceso judicial que\u00a0<strong>sigue sin reflejar los delitos de los que realmente fueron v\u00edctimas.<\/strong><\/p>\n<p><strong>El Estado ha sido omiso con las secuelas que nos dej\u00f3 su violencia<\/strong><\/p>\n<p>\u201cRealmente nadie se ha preocupado por preguntarme si sigo con secuelas o si se me dio seguimiento, s\u00f3lo me mandaron con el especialista, me hicieron radiograf\u00edas, me dijeron lo que ten\u00eda, pero nunca propusieron el pago de mis fisioterapias\u201d; precis\u00f3 una de las v\u00edctimas para quien es claro que la \u00fanica preocupaci\u00f3n del Gobierno de Jalisco fue en reponer las cosas materiales que durante la represi\u00f3n les fueron robadas por los polic\u00edas.<\/p>\n<p>Las secuelas f\u00edsicas, pero sobre todo psico-emocionales, han tenido que sortearlas con sus propios recursos, pues otras instancias que igualmente prometieron ayudarles como la Comisi\u00f3n Ejecutiva Estatal de Atenci\u00f3n a V\u00edctimas (CEEAV) y la Comisi\u00f3n Estatal de Derechos Humanos han sigo igualmente omisas.<\/p>\n<p>\u201cPara m\u00ed la parte psicol\u00f3gica hasta la fecha es muy importante, porque yo tambi\u00e9n me he dado cuenta que no estoy bien. S\u00ed lo he trabajado un poco, pero por mi cuenta. Si bien, en CEEAV me dieron una lista de psic\u00f3logos que me pod\u00edan atender, especializados en desaparici\u00f3n forzada, nosotros no quisimos recurrir a ninguna persona de esa lista porque, simplemente, no confi\u00e1bamos; as\u00ed que ofrec\u00ed llevar mis terapias con alguien de confianza y que me rembolsaran el dinero, pero no quisieron hacerlo\u201d, se\u00f1al\u00f3 otra de las manifestantes.<\/p>\n<p>Las y los j\u00f3venes que sufrieron la violencia policial, el 5 de junio de 2020, denunciaron que fueron detenidos y sometidos por polic\u00edas encapuchados o vestidos de civil que utilizaron camionetas particulares u oficiales (aunque sin placas y sin n\u00fameros de identificaci\u00f3n) para desaparecerlos de calles aleda\u00f1as a la Fiscal\u00eda del Estado de Jalisco, cuando se dispon\u00edan a participar en la acci\u00f3n de protesta por la liberaci\u00f3n de 28 j\u00f3venes detenidos arbitrariamente, el 4 de junio, en la manifestaci\u00f3n por la ejecuci\u00f3n extrajudicial de Giovanni L\u00f3pez.<\/p>\n<p>\u201cYo pens\u00e9 que ya lo hab\u00eda superado, pero me he encontrado con varias situaciones. La primera cuando nos mandaron a evaluar con los psic\u00f3logos del Instituto Jalisciense de Ciencias Forenses. Yo fui sola, iba tranquila y en el momento en el que entr\u00e9 a la instituci\u00f3n comenc\u00e9 a temblar, a llorar, me estaban entrevistando, haci\u00e9ndome todas las preguntas, y yo en mi mente estaba pensando `ya me quiero ir\u00b4, sent\u00eda que me ten\u00edan nuevamente detenida. Ah\u00ed entend\u00ed que no lo hab\u00eda superado\u201d, narr\u00f3 una de las sobrevivientes.<\/p>\n<p>\u201cLa segunda vez que sent\u00ed ese temor fue en la manifestaci\u00f3n que hubo por los hermanos Gonz\u00e1lez Moreno, quienes fueron desaparecidos y despu\u00e9s asesinados. Fui a manifestarme, y en la marcha sent\u00eda que todo el mundo me ve\u00eda y \u00a1no es cierto! Era paranoia m\u00eda. Pas\u00e9 por el Parque Revoluci\u00f3n y estaban los polic\u00edas, eran como 50, los ten\u00edan esperando, y yo empec\u00e9 a sentir que me estaban atacando, sent\u00eda las miradas. Cuando llegu\u00e9 a la Glorieta de las y los desaparecidos observaba que no hubiera personal de Fiscal\u00eda, que no hubiera camionetas como las del 5 de junio\u201d.<\/p>\n<p>Ese medio es persistente, pues las medidas de repetici\u00f3n que establece la Ley General de V\u00edctimas est\u00e1n muy lejos de ser una realidad, pues tan s\u00f3lo en este a\u00f1o 54 polic\u00edas municipales de Jalisco han sido detenidos por su presunta participaci\u00f3n en la desaparici\u00f3n forzada de personas.<\/p>\n<p>\u201cYo todav\u00eda tengo sue\u00f1os donde llegan y rafaguean mi casa, donde nos sacan, eso es lo que yo he vivido y donde me pregunto: \u00bfd\u00f3nde est\u00e1 el Estado para preguntarme: \u00bfD\u00f3nde estoy, qu\u00e9 he vivido, qu\u00e9 necesito? Ni la atenci\u00f3n a v\u00edctimas se ha molestado. Nos dieron carpetazo despu\u00e9s de la reparaci\u00f3n material del da\u00f1o\u201d.<\/p>\n<p>Para otro de los sobrevivientes, estos sue\u00f1os y los miedos tambi\u00e9n contin\u00faan.<\/p>\n<p>\u201cYo he so\u00f1ado a Alfaro persigui\u00e9ndome en una camioneta. De hecho tengo miedo a las camionetas. Y el miedo vuelve con cada caso de desaparici\u00f3n como con lo que le pas\u00f3 a los hermanos Gonz\u00e1lez Moreno, con la ola de violencia e inseguridad que es obvia, a pesar de que se niegue, todo esto est\u00e1 en tu cuerpo, en tu memoria, en la calle\u201d.<\/p>\n<p>Y lo est\u00e1 porque de la decenas de polic\u00edas que participaron en los hechos s\u00f3lo ocho est\u00e1n siendo realmente investigados, y de ellos s\u00f3lo uno est\u00e1 en prisi\u00f3n.\u00a0<strong>Los otros siete llevan su proceso en libertad e, incluso, contin\u00faan en activo como se se\u00f1ala la solicitud de transparencia FECC\/UT\/104\/2021 otorgada por la Fiscal\u00eda Anticorrupci\u00f3n<\/strong>, instancia que lleva la investigaci\u00f3n del caso, y que investiga a estos mandos polic\u00edacos y polic\u00edas operativos como responsables \u00fanicamente de \u201cabuso de autoridad\u201d.<\/p>\n<p>\u201cEn una ocasi\u00f3n que fui a desayunar ah\u00ed me top\u00e9 con uno de los polic\u00edas que me agredi\u00f3, y estaba ah\u00ed como si nada, mientras yo sent\u00ed miedo y temor tan s\u00f3lo de verlo\u201d, explic\u00f3 otro de los manifestantes.<\/p>\n<p>Conforme a la solicitud de transparencia LTAIP\/CGES\/8169\/2021, otorgada por la Coordinaci\u00f3n de Seguridad del Estado, durante las tres manifestaciones\u00a0<strong>s\u00f3lo reconocen la participaci\u00f3n oficial de 39 elementos de seguridad (21 participaron el 4 de junio; 11, el 5 de junio; y 7, el 6 de junio)<\/strong>; aunque aclaran que cuando la violencia escal\u00f3 solicitaron todos los refuerzos posibles para salvaguardar la integridad de las instalaciones p\u00fablicas y de los funcionarios p\u00fablicos que dentro de ellas se encontraban; raz\u00f3n por la que se aclararon: \u201c<strong>es imposible saber el n\u00famero exacto de polic\u00edas que participaron en los hechos, pues se solicit\u00f3 ayuda a las Corporaciones Metropolitanas de Guadalajara, pero se desconoce el n\u00famero exacto de polic\u00edas que sirvieron de apoyo y contenci\u00f3n\u201d.<\/strong><\/p>\n<p>La impunidad se traduce en miedo, pues muchos policias que participaron en los operativos y quienes\u00a0\u00a0les desaparieron siguen libres, pero no s\u00f3lo eso, lo est\u00e1n sabiendo qui\u00e9nes son las v\u00edctimas, d\u00f3nde viven y qu\u00e9 es lo que hacen.<\/p>\n<p>\u201cEse miedo que comentan mis compa\u00f1eros sobre salir a la calle a manifestarse, yo tambi\u00e9n lo he vivido. Cuando fui a la marcha del 8M ve\u00eda a los polic\u00edas y me quedaba congelada. Veo una camioneta y me paralizo, son situaciones constantes y no hay un seguimiento; por ejemplo, en una ocasi\u00f3n pas\u00f3 un incidente, una camioneta con polic\u00edas se bajaron frente de m\u00ed, pero era para otra cosa, iban con alguien m\u00e1s, pero yo no dejaba de pensar: \u00b4qu\u00e9 voy a hacer, ya me volvi\u00f3 a tocar a m\u00ed, \u00bfme tiro al piso, me echo a correr, no sab\u00eda qu\u00e9 hacer?\u201d.<\/p>\n<p>Al no garantizarse las medidas de no repetici\u00f3n y la justicia, los cuatro sobrevivientes consideran que esos miedos no desapareceran.<\/p>\n<p>\u201cYo creo que le est\u00e1n apostando al olvido, al cansancio, al propio cambio de la administraci\u00f3n, pues aunque sea un proceso que se siga de oficio, que vaya m\u00e1s all\u00e1 de la competencia estatal, est\u00e1n aletargando el proceso\u201d, explic\u00f3 una de las v\u00edctimas.<\/p>\n<p><strong>Para la justicia seguimos desaparecidos<\/strong><\/p>\n<p>Actualmente, las graves violaciones a los derechos humanos cometidas contra las y los j\u00f3venes manifestantes, los 4, 5 y 6 de junio de 2021 est\u00e1n siendo investigados por tres instancias:\u00a0<strong>la Fiscal\u00eda Anticorrupci\u00f3n, la Contralor\u00eda Interna de la Fiscal\u00eda del Estado de Jalisco y la Fiscal\u00eda General de la Rep\u00fablica.<\/strong><\/p>\n<p>En las dos primeras instantas, los delitos que se investigan son abuso policial y detenci\u00f3n arbitraria, as\u00ed como diversas faltas administrativas; mientras que en la instancia federal\u00a0<strong>s\u00ed se indaga la probable comisi\u00f3n de desaparici\u00f3n forzada, detenciones arbitrarias, abuso de autoridad, violencia policial y tortura.<\/strong><\/p>\n<p>En el \u00e1mbito local se ha rechazado la investigaci\u00f3n de estos delitos, pues desde la Fiscal\u00eda Anticorrupci\u00f3n se considera que como tal no hubo desaparici\u00f3n forzada sino un abuso de autoridad que deriv\u00f3 en la privaci\u00f3n de la libertad de las y los j\u00f3venes.<\/p>\n<p>Por ello, es que quienes llevan un proceso judicial, como los cuatro j\u00f3venes entrevistados por\u00a0<em>ZonaDocs<\/em>,\u00a0<strong>est\u00e1n solicitando a la Fiscal\u00eda Anticorrupci\u00f3n una reclasificaci\u00f3n de los delitos para que los ocho polic\u00edas que est\u00e1n siendo investigados realmente se les juzgue por los delitos que cometieron en su contra.<\/strong><\/p>\n<p>La respuesta que han tenido ha sido negativa; pues incluso, el \u00fanico polic\u00eda preso por estos hechos ha sido ya sentenciado por abuso de autoridad; el resto de los polic\u00edas que llevan su proceso en libertad tambi\u00e9n son investigados por el mismo delito.<\/p>\n<p>\u201cNosotros nunca hemos hablado de meter a la c\u00e1rcel a nadie, pero si lo pensamos, ocho detenidos es menos del 1% de todos los que participaron. No es que queramos ver a todas esas personas en la c\u00e1rcel, pero que acepten que fueron responsables. A nosotros no s\u00f3lo nos preocupan quienes participaron, sino tambi\u00e9n quienes lo vieron y no hicieron nada. Dentro de la Fiscal\u00eda nos estaba observando y no hac\u00edan nada. Las personas que me hicieron firmar una declaraci\u00f3n falsa tra\u00edan camisa tipo polo con la insignia de la Fiscal\u00eda, hab\u00eda personal armado de la Fiscal\u00eda. Yo que estuve m\u00e1s horas\u00a0\u00a0ah\u00ed me vieron, al menos, 100 personas: con traje, sin traje, con armas, sin armas, con capucha, sin capucha, con palos todav\u00eda. Esa declaraci\u00f3n falsa dec\u00eda que yo formaba parte del grupo `Qu\u00e9menlos a todos\u00b4\u201d.<\/p>\n<p>Esto en aluci\u00f3n a lo acontecido en las manifestaciones del 4 de junio cuando un manifestante prendi\u00f3 fuego a un integrante de la polic\u00eda motorizada de Guadalajara; a la fecha,\u00a0<strong>esta v\u00edctima ignora qu\u00e9 fue de esa declaraci\u00f3n que firm\u00f3 bajo amenazas.<\/strong><\/p>\n<p>Por este hecho y muchos m\u00e1s que fueron perpetrados durante las horas en que fueron desaparecidos de manera forzada es que han solicitado individual y colectivamente la reclasificaci\u00f3n de los delitos.<\/p>\n<p>\u201cA trav\u00e9s de la ayuda de CEPAD y personas aliadas se hicieron tres escritos: el primero fue para reclasificar los delitos de\u00a0<strong>detenci\u00f3n arbitraria y abuso policial\u00a0<\/strong>a desaparici\u00f3n forzada; el segundo para pedir que nos dieran un resumen de lo que se ha avanzado en el caso; y el tercero solicitando que se me aplicara el Protocolo de Estambul y todas las evaluaciones psicol\u00f3gicas correspondientes para este caso en instituciones privadas pagadas por el gobierno\u201d, explic\u00f3 una de las j\u00f3venes.<\/p>\n<p>Este documento fue presentado en marzo, la respuesta que le dieron a la mayor\u00eda fue:<\/p>\n<p>\u201cEn pocas palabras dec\u00edan que el delito de abuso de autoridad no se pod\u00eda reclasificar porque ellos no son la instituci\u00f3n que est\u00e1 facultada para eso. Sobre el segundo documento que se refiere a la entrega de los avances dijeron que no se pod\u00eda entregar, y sobre lo del protocolo de Estambul dijeron que ellos ten\u00edan sus propios psic\u00f3logos y que, por lo tanto, no necesitabamos otro y menos que fuera externo a la instituci\u00f3n\u201d<\/p>\n<p>Esto contrasta demasiado con los dichos emitidos por el gobernador de Jalisco, Enrique Alfaro, quien al referirse a los hechos habla de desaparici\u00f3n,\u00a0<strong>pero olvida se\u00f1alar que los polic\u00edas detenidos s\u00f3lo est\u00e1n siendo s\u00f3lo juzgados por abuso policial<\/strong>, lo cual -como afirman las y los entrevistados- est\u00e1 muy lejos de los derechos que como v\u00edctimas tiene para que en el caso no haya impunidad: \u201cpues se les est\u00e1 juzgando por los delitos menores cuando en realidad lo que hicieron fue desaparecernos\u201d, precis\u00f3 una de las sobrevivientes.<\/p>\n<p>Por estas ineficiencias en las autoridades locales, muchas de las v\u00edctimas est\u00e1n llevando dos procesos a nivel federal,\u00a0<strong>uno con la Comisi\u00f3n Nacional de los Derechos Humanos (CNDH) y otro con la Fiscal\u00eda General de la Rep\u00fablica (FGR).<\/strong><\/p>\n<p>Este \u00faltimo se pens\u00f3 que no se estaba realizando, pues la FGR, a trav\u00e9s de una solicitud de transparecia, neg\u00f3 que haya hecho efectiva la solicitud de la Fiscal\u00eda del Estado de Jalisco, quien le turn\u00f3 el caso para garantizar imparcialidad.\u00a0Sin embargo, las y los entrevistados\u00a0<strong>confirmaron que la carpeta de investigaci\u00f3n existe y ah\u00ed s\u00ed se est\u00e1 investigando el delito de desaparici\u00f3n forzada y la tortura que padecieron.<\/strong><\/p>\n<p>\u201cFrente a las publicaciones que aseguraron que no existe una carpeta en la FGR, nosotros hemos querido aclarar que la carpeta existe, nosotros tenemos acceso a ella, hay al menos 20 denuncias compiladas ah\u00ed, seguramente, ya se sumaron m\u00e1s por las personas que ratificaron su denuncia en esta instituci\u00f3n. Estamos hablando de una carpeta que integra desde el caso Giovanni hasta el 4, 5 y 6 de junio, por lo que tenemos entendido\u201d, explic\u00f3 una de las denunciantes en la instancia federal.<\/p>\n<p>Ese expediente que, hoy en d\u00eda, tiene entre seis mil y siete mil fojas\u00a0<strong>es una de las esperanzas que tienen de que haya realmente justicia en el caso, pues ante la negativa de la reclasificaci\u00f3n de los delitos de los casos investigados a nivel local y de la falta de voluntad para investigar al resto de los polic\u00edas implicados<\/strong>, esperan que la FGR pueda ofrecer una investigaci\u00f3n que se\u00f1ale con claridad lo que realmente pas\u00f3 esos d\u00edas.<\/p>\n<p>Lo mismo esperan de la CNDH, instancia que publicar\u00eda a finales de este a\u00f1o, los resultados de la investigaci\u00f3n que de manera presencial hizo de los hechos, pues estuvo presente en los procesos de liberaci\u00f3n de las 45 personas que, oficialmente, la Fiscal\u00eda reconoce detuvo, los 4, 5 y 6 de junio.<\/p>\n<p>Pues conforme a la Coordinaci\u00f3n de Seguridad del Estado, mediante la solicitud LTAIP\/CGES\/8169\/2021,\u00a0<strong>para ellos s\u00f3lo se detuvo a 41 hombres y cinco mujeres: 28 fueron detenidos, el 4 de junio; 11, el 5 de junio; y seis, el 6 de junio<\/strong>.\u00a0Sobre todas y todos aquellos que fueron detenidos arbitrariamente, el 5 de junio -como las y los cuatro j\u00f3venes que dan su testimonio-,\u00a0<strong>se\u00f1alaron que no hay registro alguno dentro de la Fiscal\u00eda ni en ninguna otra instancia de seguridad p\u00fablica del estado.<\/strong><\/p>\n<p>Esta informaci\u00f3n que tendr\u00eda que ser p\u00fablica y de acceso para quienes llevan el proceso legal como v\u00edctimas, ni siquiera se les informa, tampoco se les notifica de las audiencias iniciales o de control que se han tenido con los polic\u00edas se\u00f1alados.\u00a0<strong>Y de la Fiscal\u00eda del Estado jam\u00e1s se les ha llamado para informarles en qu\u00e9 va su investigaci\u00f3n.<\/strong><\/p>\n<p>\u201cNi el Ministerio P\u00fablico (MP) nos ha contestado, las audiencias han sido sin nosotros. Cuando hemos ido con el MP nos dice: `te aviso o nosotros les avisamos\u00b4, y as\u00ed ha pasado un a\u00f1o. Siempre nos enteramos por los medios que hubo audiencia por este caso o que hay avances en la investigaci\u00f3n\u201d, cont\u00f3 uno de los j\u00f3venes.<\/p>\n<p>A su vez, el trabajo del abogado que les asignaron tras las mesas de di\u00e1logo y que forma parte de la Universidad de Guadalajara, Luis Octavio Cotero Bernal, ha sido ineficiente:<\/p>\n<p>\u201cNosotros le hemos pedido que nos mantenga informados, pero eso nunca pasa. Hemos tenido que ser nosotros quienes le hemos insistido para hablar con Cotero, pero nos ha quedado mal. Ya no nos contesta, el abogado que es su intermediario tampoco lo hace\u201d.<\/p>\n<p>Cotero Bernal quien lleva su caso tanto en los tribunales estatales como en la Fiscal\u00eda Anticorrupci\u00f3n, es investigado por esta misma instancia por ser se\u00f1alado como uno de los presuntos responsables del confinamiento de 233 cuerpos de personas fallecidas no identificadas dentro de dos contenedores frigor\u00edficos.<\/p>\n<p>\u201cParece que seguimos desaparecidos para la justicia<strong>.<\/strong>\u00a0Yo pienso en las personas desaparecidas o en\u00a0\u00a0quienes no pueden darle seguimiento a sus casos, qui\u00e9n les asegura que va a haber justicia, qu\u00e9 le espera a esas personas desaparecidas si uno que sobrevivi\u00f3 no tiene nada\u201d, concluy\u00f3 una de las v\u00edctimas.<\/p>\n<p><strong>Aprender de los errores para no claudicar en la exigencia de justicia<\/strong><\/p>\n<p>Para quienes en su momento integraron el\u00a0<em>Colectivo Somos 456<\/em>, el cual surgi\u00f3 tras las la violencia policial ocurrida durante las manifestaciones, y que ahora forman parte del\u00a0<em>Colectivo #5deJunio Memoria<\/em>, su exigencia de justicia ha sido muy dif\u00edcil.<\/p>\n<p>Primero por el\u00a0<em>shock<\/em>\u00a0que implic\u00f3 sobrevivir a una desaparici\u00f3n forzada, despu\u00e9s porque el camino que tomaron para exigir justicia termin\u00f3 por no ser lo que esperaban, esto debido, as\u00ed lo consideran ahora, a la ingenuidad que tuvieron al considerar que dialogar con el Estado, era la v\u00eda para que lo que les pas\u00f3 no volviera a sucederle a nadie m\u00e1s.<\/p>\n<p>\u201cA la fecha seguimos siendo se\u00f1alados, nos dicen `les jugaron el dedo en la boca\u00b4, cuando en verdad al estar ah\u00ed no entiendes, no sabes c\u00f3mo jugar.\u00a0\u00a0Si bien, reconocemos que nuestro lugar fue privilegiado porque nos dimos cuenta de lo ignorado que han estado otras luchas\u2026 hasta de eso nos recriminan: `a ustedes luego luego les abrieron las puertas-, pero si as\u00ed a estos niveles nos ignoraron, no me imagino la indignaci\u00f3n que tienen los dem\u00e1s familiares de desaparecidos\u201d, explic\u00f3 una de las v\u00edctimas.<\/p>\n<p>Esto lo precis\u00f3 para referirse a dos momentos clave en su lucha por la justicia: el video que como\u00a0<em>Colectivo Somos 456<\/em>\u00a0se grab\u00f3 junto con Enrique Alfaro en Palacio de Gobierno, donde se anunci\u00f3 que como medida para solucionar lo ocurrido se har\u00edan los\u00a0<em>Foros de Di\u00e1logo para la Construcci\u00f3n de la Paz, Seguridad Ciudadana y Reforma Policial<\/em>, el segundo momento clave en su apuesta por la justicia<\/p>\n<p>\u201cNosotros cre\u00edamos en eso -el video-, a lo mejor de manera ingenua, pero pens\u00e1bamos que \u00edbamos a poder lograr que el gobierno se abriera\u2026 eso nos dijeron, nos prometieron que no volver\u00eda a repetirse\u2026 cuando nos propusieron hacer el video con esta idea dijimos: `bueno, va, a lo mejor s\u00ed\u00b4\u201d.<\/p>\n<p>Sin embargo, no fue as\u00ed, pues tras su grabaci\u00f3n y la sesgada edici\u00f3n que se hizo al omitirse de este los delitos de los que fueron v\u00edctimas, ocurri\u00f3 una primera divisi\u00f3n entre las v\u00edctimas y un descr\u00e9dito que, hasta el d\u00eda de hoy, cargan tanto con la opini\u00f3n p\u00fablico como con colectivos de v\u00edctimas que les se\u00f1alaron que \u201ccuando se hab\u00eda visto que una v\u00edctima se sentara a negociar con su agresor\u201d.<\/p>\n<p>La segunda fragmentaci\u00f3n lleg\u00f3 con los resultados de los\u00a0<em>Foros de Di\u00e1logo<\/em>, en donde consideran que los usaron s\u00f3lo para justificar que se trabaj\u00f3 con las v\u00edctimas, cuando en realidad nada de lo que ah\u00ed se hizo tuvo que ver con garantizarles justicia.<\/p>\n<p>\u201cPara nostros esas mesas se convirtieron en simulaci\u00f3n. En la \u00faltima mesa no nos invitaron, incluso, cuando tienen el tel\u00e9fono de todos. Nuestra participaci\u00f3n parec\u00eda de adorno y tambi\u00e9n ten\u00edamos miedo porque ah\u00ed estaban los agresores\u201d.<\/p>\n<p>Tanto el video como los falsos resultados de los\u00a0<em>Foros de Di\u00e1logo<\/em>\u00a0con el Gobierno de Jalisco, terminaron por disolver el\u00a0<em>Colectivo Somos 456<\/em>; sin embargo, los que persisten ahora como #5deJunio Memoria ya con la lecci\u00f3n aprendida contin\u00faan con su exigencia de justicia y no repetici\u00f3n, pues -pese al dicho del gobernador- la impunidad en el caso sigue y es falso que la polic\u00eda haya cambiado a un a\u00f1o de los hechos.<\/p>\n<p>\u201cNosotros seguimos aqu\u00ed con dignidad, en resistencia, en lucha, aunque no es un camino f\u00e1cil. Nos parece indispensable recuperar el espacio p\u00fablico y eso es lo que queremos hacer el s\u00e1bado 5 de junio en la Glorieta de las y los desaparecidos con la instalaci\u00f3n del memorial\u201d, explicaron.<\/p>\n<p>\u201cQueremos hacer ese llamado a no caer en la desesperanza, en la desuni\u00f3n y sobre todo a abrazar otras luchas, no s\u00f3lo las propias. Un llamado a la unidad a reencontrarnos entre personas, a no desconfiar. Queremos ser esas microrrevoluciones que como c\u00e9lulas se van juntando para luego generar un impacto que a lo mejor ves o no, pero el mensaje es de esperanza de que s\u00ed va a amanecer un d\u00eda\u201d.<\/p>\n<p>Y dicho amanecer esperan se acompa\u00f1e de garant\u00edas para las v\u00edctimas, sobre todo,\u00a0<strong>para esos desaparecidos que, como ellos, tiene la fortura de aparecer, pues quieren que sepan que se les va a escuchar y que no estar\u00e1n solos en su b\u00fasqueda de justicia.<\/strong><\/p>\n<p><a href=\"https:\/\/www.zonadocs.mx\/2021\/06\/05\/a-un-ano-seguimos-aqui-resistiendo-con-dignidad-contra-la-impunidad-la-injusticia-y-la-desesperanza\/\">https:\/\/www.zonadocs.mx\/2021\/06\/05\/a-un-ano-seguimos-aqui-resistiendo-con-dignidad-contra-la-impunidad-la-injusticia-y-la-desesperanza\/<\/a><\/p>\n","protected":false},"excerpt":{"rendered":"<p>Foto: Zona Docs \u00a0A un a\u00f1o de la represi\u00f3n polic\u00edaca que deriv\u00f3 en la detenci\u00f3n arbitraria, tortura y desaparici\u00f3n forzada de m\u00e1s de 80 j\u00f3venes que acud\u00edan a protestar por &hellip; <a href=\"http:\/\/www.grieta.org.mx\/index.php\/2021\/06\/05\/a-un-ano-seguimos-aqui-resistiendo-con-dignidad-contra-la-impunidad-la-injusticia-y-la-desesperanza-jalisco\/\" class=\"more-link\">Leer m\u00e1s<\/a><\/p>\n","protected":false},"author":2,"featured_media":59719,"comment_status":"closed","ping_status":"closed","sticky":false,"template":"","format":"standard","meta":{"ngg_post_thumbnail":0,"_jetpack_newsletter_access":"","_jetpack_dont_email_post_to_subs":false,"_jetpack_newsletter_tier_id":0,"_jetpack_memberships_contains_paywalled_content":false,"_jetpack_memberships_contains_paid_content":false,"footnotes":""},"categories":[80,87,1032,20,2,83],"tags":[2685,3486,2778,121,260,1037,3481,3701,3465,1090,3367],"class_list":["post-59718","post","type-post","status-publish","format-standard","has-post-thumbnail","hentry","category-cintillo","category-desaparecidos","category-desaparecidos-en-jalisco","category-jalisco","category-noticias-nacionales","category-temas-nacionales","tag-abuso-policiaco-hacia-los-jovenes","tag-brutalidad-policiaca","tag-criminalizacion-de-la-protesta","tag-desaparecidos","tag-desaparicion-forzada","tag-detenciones-arbitrarias","tag-detenciones-ilegales","tag-lucha-por-justicia","tag-manifestaciones-contra-la-violencia-policiaca","tag-represion-de-la-protesta-social","tag-represion-policial","entry"],"jetpack_featured_media_url":"http:\/\/www.grieta.org.mx\/wp-content\/uploads\/2021\/06\/5-junio-4-1080x810-1.jpg","jetpack_sharing_enabled":true,"jetpack_shortlink":"https:\/\/wp.me\/p7ZJR4-fxc","jetpack_likes_enabled":false,"jetpack-related-posts":[{"id":62937,"url":"http:\/\/www.grieta.org.mx\/index.php\/2021\/12\/20\/marchan-por-desaparicion-de-los-hermanos-camarena-jalisco\/","url_meta":{"origin":59718,"position":0},"title":"Marchan por desaparici\u00f3n de los hermanos Camarena (Jalisco)","author":"grieta","date":"20 diciembre, 2021","format":false,"excerpt":"Foto: Jorge Alberto Mendoza Edgar Flores \/ El Diario NTR Alrededor de 50 familiares y amigos de los hermanos Camarena, desaparecidos en 2019 en Ocotl\u00e1n por polic\u00edas municipales, marcharon este domingo desde la glorieta de los Ni\u00f1os H\u00e9roes, renombrada como de Las y Los Desaparecidos, hasta palacio de gobierno. Su\u2026","rel":"","context":"En &quot;CINTILLO&quot;","block_context":{"text":"CINTILLO","link":"http:\/\/www.grieta.org.mx\/index.php\/category\/cintillo\/"},"img":{"alt_text":"","src":"https:\/\/i0.wp.com\/www.grieta.org.mx\/wp-content\/uploads\/2021\/12\/2021-12-19_11-12-18___6721.jpg?resize=350%2C200","width":350,"height":200,"srcset":"https:\/\/i0.wp.com\/www.grieta.org.mx\/wp-content\/uploads\/2021\/12\/2021-12-19_11-12-18___6721.jpg?resize=350%2C200 1x, https:\/\/i0.wp.com\/www.grieta.org.mx\/wp-content\/uploads\/2021\/12\/2021-12-19_11-12-18___6721.jpg?resize=525%2C300 1.5x, https:\/\/i0.wp.com\/www.grieta.org.mx\/wp-content\/uploads\/2021\/12\/2021-12-19_11-12-18___6721.jpg?resize=700%2C400 2x"},"classes":[]},{"id":64459,"url":"http:\/\/www.grieta.org.mx\/index.php\/2022\/06\/06\/no-olvidar-piden-betzabe-y-estudiantes-al-cumplirse-dos-anos-del-halconazo-de-alfaro-jalisco\/","url_meta":{"origin":59718,"position":1},"title":"\u201cNo olvidar\u201d, piden Betzab\u00e9 y estudiantes al cumplirse dos a\u00f1os del \u201chalconazo\u201d de Alfaro (Jalisco)","author":"grieta","date":"6 junio, 2022","format":false,"excerpt":"Imagen: Ignacio Mart\u00ednez Vega Ignacio Mart\u00ednez Vega \/ UDGTV \u201cNI PERD\u00d3N NI OLVIDO\u201d. Esa es la frase que se expres\u00f3 durante la manifestaci\u00f3n en la que participaron estudiantes de la Universidad de Guadalajara (UdeG) y algunas v\u00edctimas del \u201chalconazo\u201d de los d\u00edas 4, 5 y 6 de junio de hace\u2026","rel":"","context":"En &quot;CINTILLO&quot;","block_context":{"text":"CINTILLO","link":"http:\/\/www.grieta.org.mx\/index.php\/category\/cintillo\/"},"img":{"alt_text":"","src":"https:\/\/i0.wp.com\/www.grieta.org.mx\/wp-content\/uploads\/2022\/06\/Halconazo-Manifestacion-Ignacio-Perez-VEga-659x420-1.jpeg?resize=350%2C200","width":350,"height":200,"srcset":"https:\/\/i0.wp.com\/www.grieta.org.mx\/wp-content\/uploads\/2022\/06\/Halconazo-Manifestacion-Ignacio-Perez-VEga-659x420-1.jpeg?resize=350%2C200 1x, https:\/\/i0.wp.com\/www.grieta.org.mx\/wp-content\/uploads\/2022\/06\/Halconazo-Manifestacion-Ignacio-Perez-VEga-659x420-1.jpeg?resize=525%2C300 1.5x"},"classes":[]},{"id":60195,"url":"http:\/\/www.grieta.org.mx\/index.php\/2021\/06\/24\/la-policia-no-nos-cuida-nos-tortura-jalisco\/","url_meta":{"origin":59718,"position":2},"title":"&#8216;La Polic\u00eda no nos cuida, nos tortura&#8217; (Jalisco)","author":"grieta","date":"24 junio, 2021","format":false,"excerpt":"Foto: Lauro Rodr\u00edguez Lauro Rodr\u00edguez \/ El Diario NTR In\u00e9s,\u00a0sobreviviente de desaparici\u00f3n forzada y tortura cometida por el Estado,\u00a0dio su testimonio de manera p\u00fablica el d\u00eda de ayer por la tarde\u00a0con el fin de concientizar a la poblaci\u00f3n sobre este delito que a\u00fan est\u00e1 presente en Jalisco. \"Yo soy sobreviviente\u2026","rel":"","context":"En &quot;CINTILLO&quot;","block_context":{"text":"CINTILLO","link":"http:\/\/www.grieta.org.mx\/index.php\/category\/cintillo\/"},"img":{"alt_text":"","src":"https:\/\/i0.wp.com\/www.grieta.org.mx\/wp-content\/uploads\/2021\/06\/2021-06-23_11-06-11___2103.jpg?resize=350%2C200","width":350,"height":200,"srcset":"https:\/\/i0.wp.com\/www.grieta.org.mx\/wp-content\/uploads\/2021\/06\/2021-06-23_11-06-11___2103.jpg?resize=350%2C200 1x, https:\/\/i0.wp.com\/www.grieta.org.mx\/wp-content\/uploads\/2021\/06\/2021-06-23_11-06-11___2103.jpg?resize=525%2C300 1.5x, https:\/\/i0.wp.com\/www.grieta.org.mx\/wp-content\/uploads\/2021\/06\/2021-06-23_11-06-11___2103.jpg?resize=700%2C400 2x"},"classes":[]},{"id":35479,"url":"http:\/\/www.grieta.org.mx\/index.php\/2019\/06\/22\/piden-no-olvidar-a-los-desaparecidos-jalisco\/","url_meta":{"origin":59718,"position":3},"title":"Piden no olvidar a los desaparecidos (Jalisco)","author":"grieta","date":"22 junio, 2019","format":false,"excerpt":"Foto: Aurelio Maga\u00f1a Convocados por la \"Red contra la desaparicion forzada\", aseguraron en su\u00a0 mayor\u00eda j\u00f3venes solidarizarse con las familias de desaparecidos\u00a0 aglutinar la mayor cantidad de esfuerzos Elsa Arenas \/ El Occcidental Colectivos ciudadanos que claman la aparici\u00f3n con vida de sus familiares desaparecidos se dieron cita de manera\u2026","rel":"","context":"En &quot;CINTILLO&quot;","block_context":{"text":"CINTILLO","link":"http:\/\/www.grieta.org.mx\/index.php\/category\/cintillo\/"},"img":{"alt_text":"","src":"https:\/\/i0.wp.com\/www.grieta.org.mx\/wp-content\/uploads\/2019\/06\/desaparecidos.jpg?resize=350%2C200","width":350,"height":200,"srcset":"https:\/\/i0.wp.com\/www.grieta.org.mx\/wp-content\/uploads\/2019\/06\/desaparecidos.jpg?resize=350%2C200 1x, https:\/\/i0.wp.com\/www.grieta.org.mx\/wp-content\/uploads\/2019\/06\/desaparecidos.jpg?resize=525%2C300 1.5x, https:\/\/i0.wp.com\/www.grieta.org.mx\/wp-content\/uploads\/2019\/06\/desaparecidos.jpg?resize=700%2C400 2x"},"classes":[]},{"id":60179,"url":"http:\/\/www.grieta.org.mx\/index.php\/2021\/06\/25\/aceptamos-suspension-condicional-pero-no-claudicaremos-en-la-busqueda-de-justicia-victimas-del-halconazo-tapatio-jalisco\/","url_meta":{"origin":59718,"position":4},"title":"\u00abAceptamos suspensi\u00f3n condicional, pero no claudicaremos en la b\u00fasqueda de justicia\u00bb: V\u00edctimas del Halconazo Tapat\u00edo (Jalisco)","author":"grieta","date":"25 junio, 2021","format":false,"excerpt":"Foto: Zona Docs Darwin Franco \/ Zona Docs Mediante un posicionamiento p\u00fablico algunas de las 16 v\u00edctimas del \u00abHalconazo tapat\u00edo\u00bb que aceptaron la suspensi\u00f3n condicional del proceso a favor de cuatro elementos de la Fiscal\u00eda del Estado de Jalisco, se\u00f1alados por el delito de abuso de autoridad y no por\u2026","rel":"","context":"En &quot;CINTILLO&quot;","block_context":{"text":"CINTILLO","link":"http:\/\/www.grieta.org.mx\/index.php\/category\/cintillo\/"},"img":{"alt_text":"","src":"https:\/\/i0.wp.com\/www.grieta.org.mx\/wp-content\/uploads\/2021\/06\/Memorial14-1080x720-1.jpeg?resize=350%2C200","width":350,"height":200,"srcset":"https:\/\/i0.wp.com\/www.grieta.org.mx\/wp-content\/uploads\/2021\/06\/Memorial14-1080x720-1.jpeg?resize=350%2C200 1x, https:\/\/i0.wp.com\/www.grieta.org.mx\/wp-content\/uploads\/2021\/06\/Memorial14-1080x720-1.jpeg?resize=525%2C300 1.5x, https:\/\/i0.wp.com\/www.grieta.org.mx\/wp-content\/uploads\/2021\/06\/Memorial14-1080x720-1.jpeg?resize=700%2C400 2x, https:\/\/i0.wp.com\/www.grieta.org.mx\/wp-content\/uploads\/2021\/06\/Memorial14-1080x720-1.jpeg?resize=1050%2C600 3x"},"classes":[]},{"id":62008,"url":"http:\/\/www.grieta.org.mx\/index.php\/2021\/09\/19\/a-un-ano-de-la-desaparicion-de-kenia-y-karla-piden-a-autoridades-mas-apertura-jalisco\/","url_meta":{"origin":59718,"position":5},"title":"A un a\u00f1o de la desaparici\u00f3n de Kenia y Karla piden a autoridades m\u00e1s apertura (Jalisco)","author":"grieta","date":"19 septiembre, 2021","format":false,"excerpt":"Foto: El Occidental Isabel R\u00edos \/ El Occidental A un a\u00f1o de la desaparici\u00f3n de Kenia Duarte P\u00e9rez y Karla Garc\u00eda Duarte, as\u00ed como de Jaime Adri\u00e1n Ram\u00edrez Sol\u00eds, en el municipio de Zapopan, el colectivo Uni\u00f3n Diversa de Jalisco pidi\u00f3 a las autoridades se garanticen los derechos de los\u2026","rel":"","context":"En &quot;CINTILLO&quot;","block_context":{"text":"CINTILLO","link":"http:\/\/www.grieta.org.mx\/index.php\/category\/cintillo\/"},"img":{"alt_text":"","src":"https:\/\/i0.wp.com\/www.grieta.org.mx\/wp-content\/uploads\/2021\/09\/Nos-siguen-faltando.jpeg?resize=350%2C200","width":350,"height":200,"srcset":"https:\/\/i0.wp.com\/www.grieta.org.mx\/wp-content\/uploads\/2021\/09\/Nos-siguen-faltando.jpeg?resize=350%2C200 1x, https:\/\/i0.wp.com\/www.grieta.org.mx\/wp-content\/uploads\/2021\/09\/Nos-siguen-faltando.jpeg?resize=525%2C300 1.5x, https:\/\/i0.wp.com\/www.grieta.org.mx\/wp-content\/uploads\/2021\/09\/Nos-siguen-faltando.jpeg?resize=700%2C400 2x"},"classes":[]}],"_links":{"self":[{"href":"http:\/\/www.grieta.org.mx\/index.php\/wp-json\/wp\/v2\/posts\/59718","targetHints":{"allow":["GET"]}}],"collection":[{"href":"http:\/\/www.grieta.org.mx\/index.php\/wp-json\/wp\/v2\/posts"}],"about":[{"href":"http:\/\/www.grieta.org.mx\/index.php\/wp-json\/wp\/v2\/types\/post"}],"author":[{"embeddable":true,"href":"http:\/\/www.grieta.org.mx\/index.php\/wp-json\/wp\/v2\/users\/2"}],"replies":[{"embeddable":true,"href":"http:\/\/www.grieta.org.mx\/index.php\/wp-json\/wp\/v2\/comments?post=59718"}],"version-history":[{"count":1,"href":"http:\/\/www.grieta.org.mx\/index.php\/wp-json\/wp\/v2\/posts\/59718\/revisions"}],"predecessor-version":[{"id":59720,"href":"http:\/\/www.grieta.org.mx\/index.php\/wp-json\/wp\/v2\/posts\/59718\/revisions\/59720"}],"wp:featuredmedia":[{"embeddable":true,"href":"http:\/\/www.grieta.org.mx\/index.php\/wp-json\/wp\/v2\/media\/59719"}],"wp:attachment":[{"href":"http:\/\/www.grieta.org.mx\/index.php\/wp-json\/wp\/v2\/media?parent=59718"}],"wp:term":[{"taxonomy":"category","embeddable":true,"href":"http:\/\/www.grieta.org.mx\/index.php\/wp-json\/wp\/v2\/categories?post=59718"},{"taxonomy":"post_tag","embeddable":true,"href":"http:\/\/www.grieta.org.mx\/index.php\/wp-json\/wp\/v2\/tags?post=59718"}],"curies":[{"name":"wp","href":"https:\/\/api.w.org\/{rel}","templated":true}]}}