{"id":59689,"date":"2021-06-05T19:16:14","date_gmt":"2021-06-06T00:16:14","guid":{"rendered":"https:\/\/www.grieta.org.mx\/?p=59689"},"modified":"2021-06-05T19:16:14","modified_gmt":"2021-06-06T00:16:14","slug":"piden-justicia-en-ixtapaluca-por-feminicidios-de-renata-alejandra-y-lulu-estado-de-mexico","status":"publish","type":"post","link":"http:\/\/www.grieta.org.mx\/index.php\/2021\/06\/05\/piden-justicia-en-ixtapaluca-por-feminicidios-de-renata-alejandra-y-lulu-estado-de-mexico\/","title":{"rendered":"Piden justicia en Ixtapaluca por feminicidios de Renata, Alejandra y Lul\u00fa  (Estado de M\u00e9xico)"},"content":{"rendered":"<p>Foto: Cortes\u00eda<br \/>\nOrlando Salinas \/ El Sol de Toluca<\/p>\n<h3 class=\"subtitle\">Los familiares pidieron que los candidatos a la presidencia municipal y las autoridades realmente trabajen para frenar la violencia de g\u00e9nero adem\u00e1s de que ofrezcan mayor seguridad en las calles<\/h3>\n<div class=\"content-body clearfix \">\n<div id=\"content-body-225-6803646\">\n<p>La noche de este viernes familiares, amigos e integrantes de varias colectivas realizaron una velada en este municipio para pedir justicia por Lourdes Mart\u00ednez, Alejandra Calvo y Renata Luna, quienes fueron halladas sin vida en febrero de 2019, abril 2020 y diciembre de 2020 respectivamente.<\/p>\n<\/div>\n<\/div>\n<article class=\"content-continued-body clearfix \">\n<div id=\"content-body-5851641-6803646\">\n<p>Por medio de mantas con frases como &#8220;Justicia para Renata, Mar\u00eda de Lourdes, Alejandra y por todas las mujeres que han sido asesinadas&#8221;, los presentes exigieron a las autoridades de los tres \u00e1mbitos de gobierno alto la violencia contra las mujeres.<\/p>\n<p>Durante el acto, los familiares pidieron que los candidatos a la presidencia municipal y las autoridades realmente trabajen para frenar la violencia de g\u00e9nero adem\u00e1s de que ofrezcan mayor seguridad en las calles.<\/p>\n<p><i>&#8220;Ninguno de los candidatos integr\u00f3 en su agenda la perspectiva de g\u00e9nero, algo que pare la violencia en contra de nuestras compa\u00f1eras y as\u00ed quieren nuestro voto<\/i>&#8220;.<\/p>\n<p>Asimismo, durante el recorrido hecho por distintas calles, los presentes corearon <i>&#8220;Tu pides mi voto yo pido que regresen a nuestras hermanas vivas&#8221; y &#8220;Ni una m\u00e1s ni una m\u00e1s, ni una asesinada m\u00e1s&#8221;, <\/i>lo anterior luego de que aseguraran que hasta el momento la Fiscal\u00eda General de Justicia del Estado no se cuenta con avances en sus investigaciones.<\/p>\n<p><i>&#8220;Hoy le toca a Ixtapaluca iluminarse, por ellas, por Lul\u00fa, por Alejandra, por Renata, por las que nos faltan, por las que ya no est\u00e1n. Hoy las mam\u00e1s tomar\u00e1n las calles para recordar-nos que aqu\u00ed tambi\u00e9n luchamos por la dignidad y por la justicia&#8221;<\/i>, postearon en una de sus transmisiones una de las colectivas.<\/p>\n<p>Al llegar a la explanada municipal colocaron decenas de veladoras encendidas con las cuales formaron el nombre de Alejandra, Lul\u00fa y Renata como forma de protesta para frenar los asesinatos y desapariciones en el Edomex.<\/p>\n<p><a href=\"https:\/\/www.elsoldetoluca.com.mx\/local\/piden-justicia-en-ixtapaluca-por-feminicidios-de-renata-alejandra-y-lulu-6803646.html\" target=\"_blank\" rel=\"noopener\">https:\/\/www.elsoldetoluca.com.mx\/local\/piden-justicia-en-ixtapaluca-por-feminicidios-de-renata-alejandra-y-lulu-6803646.html<\/a><\/p>\n<\/div>\n<\/article>\n","protected":false},"excerpt":{"rendered":"<p>Foto: Cortes\u00eda Orlando Salinas \/ El Sol de Toluca Los familiares pidieron que los candidatos a la presidencia municipal y las autoridades realmente trabajen para frenar la violencia de g\u00e9nero &hellip; <a href=\"http:\/\/www.grieta.org.mx\/index.php\/2021\/06\/05\/piden-justicia-en-ixtapaluca-por-feminicidios-de-renata-alejandra-y-lulu-estado-de-mexico\/\" class=\"more-link\">Leer m\u00e1s<\/a><\/p>\n","protected":false},"author":2,"featured_media":59690,"comment_status":"closed","ping_status":"closed","sticky":false,"template":"","format":"standard","meta":{"ngg_post_thumbnail":0,"_jetpack_newsletter_access":"","_jetpack_dont_email_post_to_subs":false,"_jetpack_newsletter_tier_id":0,"_jetpack_memberships_contains_paywalled_content":false,"_jetpack_memberships_contains_paid_content":false,"footnotes":""},"categories":[80,16,84,1013,3035,2,83,2720],"tags":[81],"class_list":["post-59689","post","type-post","status-publish","format-standard","has-post-thumbnail","hentry","category-cintillo","category-estado-de-mexico","category-feminicidios","category-feminicios-en-el-estado-de-mexico","category-movilizaciones-y-protestas-de-habitantes-en-el-estado-de-mexico","category-noticias-nacionales","category-temas-nacionales","category-violencia-contra-las-mujeres-en-el-estado-de-mexico","tag-feminicidios","entry"],"jetpack_featured_media_url":"http:\/\/www.grieta.org.mx\/wp-content\/uploads\/2021\/06\/Piden-justicia-en-Ixtapaluca-por-feminicidios-de-Renata-Alejandra-y-Lulu-edomex-jun.jpg","jetpack_sharing_enabled":true,"jetpack_shortlink":"https:\/\/wp.me\/p7ZJR4-fwJ","jetpack_likes_enabled":false,"jetpack-related-posts":[{"id":59764,"url":"http:\/\/www.grieta.org.mx\/index.php\/2021\/06\/06\/mientras-tu-pides-tu-voto-yo-pido-justicia-marchan-en-ixtapaluca-por-feminicidios-estado-de-mexico\/","url_meta":{"origin":59689,"position":0},"title":"\u201cMientras t\u00fa pides tu voto, yo pido justicia\u201d: Marchan en Ixtapaluca por feminicidios (Estado de M\u00e9xico)","author":"grieta","date":"6 junio, 2021","format":false,"excerpt":"Texto y fotos: M\u00f3nica Cruz \/ vocesdequimeras Lul\u00fa S\u00e1nchez, Alejandra Calvo y Renata Reyes tuvieron una cosa en com\u00fan: fueron v\u00edctimas directas de la violencia feminicida que azota el pa\u00eds. Viv\u00edan en el municipio de Ixtapaluca, Estado de M\u00e9xico y ten\u00edan 24, 21 y 13 a\u00f1os respectivamente. El cuerpo de\u2026","rel":"","context":"En &quot;CINTILLO&quot;","block_context":{"text":"CINTILLO","link":"http:\/\/www.grieta.org.mx\/index.php\/category\/cintillo\/"},"img":{"alt_text":"","src":"https:\/\/i0.wp.com\/www.grieta.org.mx\/wp-content\/uploads\/2021\/06\/Mientras-tu-pides-tu-voto-yo-pido-justicia-Marchan-en-Ixtapaluca-por-feminicidios-edomex-jun.jpg?resize=350%2C200","width":350,"height":200,"srcset":"https:\/\/i0.wp.com\/www.grieta.org.mx\/wp-content\/uploads\/2021\/06\/Mientras-tu-pides-tu-voto-yo-pido-justicia-Marchan-en-Ixtapaluca-por-feminicidios-edomex-jun.jpg?resize=350%2C200 1x, https:\/\/i0.wp.com\/www.grieta.org.mx\/wp-content\/uploads\/2021\/06\/Mientras-tu-pides-tu-voto-yo-pido-justicia-Marchan-en-Ixtapaluca-por-feminicidios-edomex-jun.jpg?resize=525%2C300 1.5x, https:\/\/i0.wp.com\/www.grieta.org.mx\/wp-content\/uploads\/2021\/06\/Mientras-tu-pides-tu-voto-yo-pido-justicia-Marchan-en-Ixtapaluca-por-feminicidios-edomex-jun.jpg?resize=700%2C400 2x"},"classes":[]},{"id":53216,"url":"http:\/\/www.grieta.org.mx\/index.php\/2020\/09\/09\/justicia-para-alejandra-marchan-feministas-en-neza-estado-de-mexico\/","url_meta":{"origin":59689,"position":1},"title":"\u00a1Justicia para Alejandra!\u2026 Marchan feministas en Neza (Estado de M\u00e9xico)","author":"grieta","date":"9 septiembre, 2020","format":false,"excerpt":"Foto: hoyestado.com Manuel L\u00f3pez \/ Hoy Estado Debido a la falta de avances en la investigaci\u00f3n sobre la muerte de Alejandra \u00abN\u00bb ocurrido en Ixtapaluca, un colectivo feminista realiza una manifestaci\u00f3n esta tarde en el municipio de Nezahualc\u00f3yotl, en el Edomex. El grupo, de cerca de 40 mujeres vestidas de\u2026","rel":"","context":"En &quot;CINTILLO&quot;","block_context":{"text":"CINTILLO","link":"http:\/\/www.grieta.org.mx\/index.php\/category\/cintillo\/"},"img":{"alt_text":"","src":"https:\/\/i0.wp.com\/www.grieta.org.mx\/wp-content\/uploads\/2020\/09\/%C2%A1Justicia-para-Alejandra%E2%80%A6-Marchan-feministas-en-Neza-edomex-sept.jpeg?resize=350%2C200","width":350,"height":200},"classes":[]},{"id":45233,"url":"http:\/\/www.grieta.org.mx\/index.php\/2020\/02\/23\/marcha-en-memoria-de-joven-asesinada-en-coacalco-estado-de-mexico\/","url_meta":{"origin":59689,"position":2},"title":"Marcha en memoria de joven asesinada en Coacalco (Estado de M\u00e9xico)","author":"grieta","date":"23 febrero, 2020","format":false,"excerpt":"Llegaron hasta el palacio municipal. Foto: Alejandra Gudi\u00f1o Alejandra Gudi\u00f1o \/ Milenio Diversos colectivos que luchan contra los feminicidios y la violencia contra la mujer tambi\u00e9n colocaron un altar en el lugar que se vio por primera vez a la joven. Esta tarde un contingente de mujeres feministas de diversos\u2026","rel":"","context":"En &quot;CINTILLO&quot;","block_context":{"text":"CINTILLO","link":"http:\/\/www.grieta.org.mx\/index.php\/category\/cintillo\/"},"img":{"alt_text":"","src":"https:\/\/i0.wp.com\/www.grieta.org.mx\/wp-content\/uploads\/2020\/02\/Marcha-en-memoria-de-joven-asesinada-en-Coacalco-edomex-feb.jpeg?resize=350%2C200","width":350,"height":200,"srcset":"https:\/\/i0.wp.com\/www.grieta.org.mx\/wp-content\/uploads\/2020\/02\/Marcha-en-memoria-de-joven-asesinada-en-Coacalco-edomex-feb.jpeg?resize=350%2C200 1x, https:\/\/i0.wp.com\/www.grieta.org.mx\/wp-content\/uploads\/2020\/02\/Marcha-en-memoria-de-joven-asesinada-en-Coacalco-edomex-feb.jpeg?resize=525%2C300 1.5x, https:\/\/i0.wp.com\/www.grieta.org.mx\/wp-content\/uploads\/2020\/02\/Marcha-en-memoria-de-joven-asesinada-en-Coacalco-edomex-feb.jpeg?resize=700%2C400 2x"},"classes":[]},{"id":42147,"url":"http:\/\/www.grieta.org.mx\/index.php\/2019\/12\/13\/protestaron-familias-y-clausuraron-la-fgjem-fiscal-los-desaira-estado-de-mexico\/","url_meta":{"origin":59689,"position":3},"title":"Protestaron familias y clausuraron la FGJEM; Fiscal los desaira (Estado de M\u00e9xico)","author":"grieta","date":"13 diciembre, 2019","format":false,"excerpt":"Iv\u00e1n Ju\u00e1rez \/ Quiadrat\u00edn EdoMex Toluca, Edomex, 13 de diciembre de 2019.-Para pedir resultados ante el aumento de casos de feminicidios y desapariciones, activistas junto con familiares de v\u00edctimas protestaron, adem\u00e1s, clausuraron el edificio central de la Fiscal\u00eda General de Justicia del Estado de M\u00e9xico. Las personas se reunieron en\u2026","rel":"","context":"En &quot;CINTILLO&quot;","block_context":{"text":"CINTILLO","link":"http:\/\/www.grieta.org.mx\/index.php\/category\/cintillo\/"},"img":{"alt_text":"","src":"https:\/\/i0.wp.com\/www.grieta.org.mx\/wp-content\/uploads\/2019\/12\/Protestaron-familias-y-clausuraron-la-FGJEM-Fiscal-los-desaira-edomex-dic.jpeg?resize=350%2C200","width":350,"height":200,"srcset":"https:\/\/i0.wp.com\/www.grieta.org.mx\/wp-content\/uploads\/2019\/12\/Protestaron-familias-y-clausuraron-la-FGJEM-Fiscal-los-desaira-edomex-dic.jpeg?resize=350%2C200 1x, https:\/\/i0.wp.com\/www.grieta.org.mx\/wp-content\/uploads\/2019\/12\/Protestaron-familias-y-clausuraron-la-FGJEM-Fiscal-los-desaira-edomex-dic.jpeg?resize=525%2C300 1.5x, https:\/\/i0.wp.com\/www.grieta.org.mx\/wp-content\/uploads\/2019\/12\/Protestaron-familias-y-clausuraron-la-FGJEM-Fiscal-los-desaira-edomex-dic.jpeg?resize=700%2C400 2x"},"classes":[]},{"id":55141,"url":"http:\/\/www.grieta.org.mx\/index.php\/2020\/11\/14\/despliegan-fuerte-operativo-ante-marcha-contra-feminicidios-estado-de-mexico\/","url_meta":{"origin":59689,"position":4},"title":"Despliegan fuerte operativo ante marcha contra feminicidios (Estado de M\u00e9xico)","author":"grieta","date":"14 noviembre, 2020","format":false,"excerpt":"Fotos tomadas de: ADNoticias V\u00edctor Castillo \/ ADNoticias La cuarta protesta en lo que va de la semana por los recientes feminicidios registrados en Toluca fue custodiada por decenas de polic\u00edas Al\u00a0menos 100 polic\u00edas estatales custodiaron la Casa de Gobierno del Estado de M\u00e9xico ubicada sobre Paseo Col\u00f3n, con un\u2026","rel":"","context":"En &quot;Abuso policiaco y tortura en el Estado de M\u00e9xico&quot;","block_context":{"text":"Abuso policiaco y tortura en el Estado de M\u00e9xico","link":"http:\/\/www.grieta.org.mx\/index.php\/category\/noticias-nacionales\/estado-de-mexico\/abuso-policiaco-y-tortura-en-el-estado-de-mexico\/"},"img":{"alt_text":"","src":"https:\/\/i0.wp.com\/www.grieta.org.mx\/wp-content\/uploads\/2020\/11\/Despliegan-fuerte-operativo-ante-marcha-contra-feminicidios-edomex-nov.jpeg?resize=350%2C200","width":350,"height":200,"srcset":"https:\/\/i0.wp.com\/www.grieta.org.mx\/wp-content\/uploads\/2020\/11\/Despliegan-fuerte-operativo-ante-marcha-contra-feminicidios-edomex-nov.jpeg?resize=350%2C200 1x, https:\/\/i0.wp.com\/www.grieta.org.mx\/wp-content\/uploads\/2020\/11\/Despliegan-fuerte-operativo-ante-marcha-contra-feminicidios-edomex-nov.jpeg?resize=525%2C300 1.5x, https:\/\/i0.wp.com\/www.grieta.org.mx\/wp-content\/uploads\/2020\/11\/Despliegan-fuerte-operativo-ante-marcha-contra-feminicidios-edomex-nov.jpeg?resize=700%2C400 2x, https:\/\/i0.wp.com\/www.grieta.org.mx\/wp-content\/uploads\/2020\/11\/Despliegan-fuerte-operativo-ante-marcha-contra-feminicidios-edomex-nov.jpeg?resize=1050%2C600 3x"},"classes":[]},{"id":54637,"url":"http:\/\/www.grieta.org.mx\/index.php\/2020\/11\/01\/no-celebramos-a-las-muertas-les-exigimos-justicia-lidia-florencio-estado-de-mexico\/","url_meta":{"origin":59689,"position":5},"title":"NO CELEBRAMOS A LAS MUERTAS, LES EXIGIMOS JUSTICIA: LIDIA FLORENCIO (Estado de M\u00e9xico)","author":"grieta","date":"1 noviembre, 2020","format":false,"excerpt":"Foto tomada de: Reporte \u00cdndigo Montserrat S\u00e1nchez \/ Reporte \u00cdndigo Familiares de Diana Vel\u00e1zquez, v\u00edctima de femincidio en 2017, colocaron un altar afuera de la Fiscal\u00eda de Chimalhuac\u00e1n para exigir justicia y que en M\u00e9xico No haya ni una asesinada m\u00e1s Las velas y las flores de cempas\u00fachil no pueden\u2026","rel":"","context":"En &quot;CINTILLO&quot;","block_context":{"text":"CINTILLO","link":"http:\/\/www.grieta.org.mx\/index.php\/category\/cintillo\/"},"img":{"alt_text":"","src":"https:\/\/i0.wp.com\/www.grieta.org.mx\/wp-content\/uploads\/2020\/11\/NO-CELEBRAMOS-A-LAS-MUERTAS-LES-EXIGIMOS-JUSTICIA-LIDIA-FLORENCIO-edomex-nov.jpg?resize=350%2C200","width":350,"height":200},"classes":[]}],"_links":{"self":[{"href":"http:\/\/www.grieta.org.mx\/index.php\/wp-json\/wp\/v2\/posts\/59689","targetHints":{"allow":["GET"]}}],"collection":[{"href":"http:\/\/www.grieta.org.mx\/index.php\/wp-json\/wp\/v2\/posts"}],"about":[{"href":"http:\/\/www.grieta.org.mx\/index.php\/wp-json\/wp\/v2\/types\/post"}],"author":[{"embeddable":true,"href":"http:\/\/www.grieta.org.mx\/index.php\/wp-json\/wp\/v2\/users\/2"}],"replies":[{"embeddable":true,"href":"http:\/\/www.grieta.org.mx\/index.php\/wp-json\/wp\/v2\/comments?post=59689"}],"version-history":[{"count":1,"href":"http:\/\/www.grieta.org.mx\/index.php\/wp-json\/wp\/v2\/posts\/59689\/revisions"}],"predecessor-version":[{"id":59691,"href":"http:\/\/www.grieta.org.mx\/index.php\/wp-json\/wp\/v2\/posts\/59689\/revisions\/59691"}],"wp:featuredmedia":[{"embeddable":true,"href":"http:\/\/www.grieta.org.mx\/index.php\/wp-json\/wp\/v2\/media\/59690"}],"wp:attachment":[{"href":"http:\/\/www.grieta.org.mx\/index.php\/wp-json\/wp\/v2\/media?parent=59689"}],"wp:term":[{"taxonomy":"category","embeddable":true,"href":"http:\/\/www.grieta.org.mx\/index.php\/wp-json\/wp\/v2\/categories?post=59689"},{"taxonomy":"post_tag","embeddable":true,"href":"http:\/\/www.grieta.org.mx\/index.php\/wp-json\/wp\/v2\/tags?post=59689"}],"curies":[{"name":"wp","href":"https:\/\/api.w.org\/{rel}","templated":true}]}}