{"id":5963,"date":"2015-12-14T01:51:02","date_gmt":"2015-12-14T01:51:02","guid":{"rendered":"http:\/\/50.22.11.12\/~grietaor\/?p=5963"},"modified":"2016-03-28T01:54:00","modified_gmt":"2016-03-28T01:54:00","slug":"certifican-que-si-hay-radiactividad-en-acuiferos-de-guanajuato","status":"publish","type":"post","link":"http:\/\/www.grieta.org.mx\/index.php\/2015\/12\/14\/certifican-que-si-hay-radiactividad-en-acuiferos-de-guanajuato\/","title":{"rendered":"Certifican que si hay radiactividad en acu\u00edferos de Guanajuato"},"content":{"rendered":"<p>Esteban David Rodr\u00edguez, Guanajuato<\/p>\n<p>El Instituto Nacional de Investigaciones Nucleares (ININ) de la Secretar\u00eda de Energ\u00eda certific\u00f3 en octubre la existencia de radiaci\u00f3n \u201calfa\u201d en el agua de la ciudad de San Jos\u00e9 Iturbide, Guanajuato, 300% por encima de los l\u00edmites tolerables para el consumo humano establecidos por la Norma Mexicana N\u00famero 127 en materia de salud ambiental.<\/p>\n<p>Los hallazgos del ININ desbordan el coctel cancer\u00edgeno que corrompe las aguas de los acu\u00edferos del r\u00edo La Laja y la Laguna Seca, en la Cuenca Lerma-Chapala: a los 800 kil\u00f3metros cuadrados de concentraciones de fluoruro y ars\u00e9nico, de los que inform\u00f3 este diario recientemente (1\/12\/2015), ahora se suma un tipo de radiactividad capaz de destruir tejidos en caso de ser ingerida, y que puede matar lenta y silenciosamente por acumulaci\u00f3n, cosa que es inevitable en algunas rancher\u00edas de la regi\u00f3n y zonas alejadas donde no hay plantas de tratamiento.<\/p>\n<p>El informe de resultados de los an\u00e1lisis efectuados por el ININ, en poder de EL UNIVERSAL, es especialmente preocupante para un estado que en s\u00f3lo 24 meses escal\u00f3 del sitio 14 al cuarto lugar nacional en n\u00famero de casos de c\u00e1ncer en menores de edad.<\/p>\n<p>Por si fuera poco, estudios conjuntos de la Universidad Nacional Aut\u00f3noma de M\u00e9xico (UNAM) y del Instituto Mexicano del Seguro Social (IMSS) han documentado 45 decesos en Tierra Blanca \u2014municipio aleda\u00f1o a San Miguel de Allende\u2014 entre 2000 y 2010, que podr\u00edan estar relacionados con una sustancia cancer\u00edgena que se desprende de las rocas despu\u00e9s de que la erosi\u00f3n las desnuda, una condici\u00f3n geol\u00f3gica s\u00f3lo \u201csimilar a la de Capadocia\u201d, en Turqu\u00eda. De esos fallecimientos, 14 fueron causados por un c\u00e1ncer \u201cpoco com\u00fan\u201d.<\/p>\n<p>A ellos hay que sumar ocho casos de leucemia en la comunidad de La Cantera, municipio de San Jos\u00e9 Iturbide, cinco de ellos fatales, muy por arriba de la media nacional de incidencia.<br \/>\nEl crecimiento acelerado de c\u00e1ncer en Guanajuato parece la expresi\u00f3n m\u00e1s visible de una crisis sanitaria vinculada al uso y consumo de agua contaminada por ars\u00e9nico, fluoruro y radiactividad, seg\u00fan registros y certificaciones oficiales, investigaciones acad\u00e9micas y testimonios recogidos entre m\u00e9dicos e instituciones de asistencia de la regi\u00f3n, p\u00fablicas y privadas.<\/p>\n<p>Pero se atribuyen dos amenazas como consecuencia del agua contaminada: entre ocho y 11 mil casos de fluorosis dental y\/o esquel\u00e9tica, que destroza la masa \u00f3sea, registrados en los \u00faltimos 15 a\u00f1os en municipios abastecidos por la llamada Cuenca de la Independencia, y el despunte de enfermedades renales, que han ubicado a Guanajuato en el quinto lugar nacional con este tipo de padecimientos.<\/p>\n<p>Uno de los datos m\u00e1s inquietantes que se\u00f1alan los habitantes y representantes populares, es el hecho de que al menos dos empresas que explotan pozos aleda\u00f1os y est\u00e1n conectados subterr\u00e1neamente al afluente radiactivo de La Cantera fabrican productos que los mexicanos se llevan a la boca: Colgate Palmolive, a unos seis kil\u00f3metros y Ferrero Rocher, a 40 metros.<\/p>\n<p>Da\u00f1o silencioso<\/p>\n<p>El 28 de octubre de 2015, tras un mes de an\u00e1lisis de las muestras del pozo de agua potable que abastece a las comunidades de La Cantera, fraccionamiento La Cantera y el poblado La Huerta, de San Jos\u00e9 Iturbide, el laboratorio del ININ determin\u00f3 la existencia de radiaci\u00f3n \u201calfa\u201d en el l\u00edquido, 300% por encima de los l\u00edmites tolerables para el consumo humano.<\/p>\n<p>Para sintetizar el potencial da\u00f1ino de este tipo de radiactividad, el doctor en Geohidrolog\u00eda por la Universidad de Londres, Joel Carrillo Rivera, remite al famoso asesinato del esp\u00eda ruso Alexander Litvinenko, quien una tarde de noviembre de 2006 se encontr\u00f3 con la muerte en el restaurante de un hotel de la capital brit\u00e1nica a donde acudi\u00f3 a tomar un inocente t\u00e9 que algunos de sus colegas le prepararon con plutonio, un emisor alfa.<\/p>\n<p>En entrevista, Carrillo Rivera, quien ha sido vicepresidente de la Asociaci\u00f3n Latinoamericana de Hidrolog\u00eda Subterr\u00e1nea para el Desarrollo y editor asociado de la revista Hidrology journal, explica que el plutonio consumido por el esp\u00eda ruso era una preparaci\u00f3n muy concentrada.<\/p>\n<p>Sin embargo, en el caso del consumo de agua, o m\u00e1s propiamente su inhalaci\u00f3n, precisa, el problema es su acumulaci\u00f3n y nulo nivel de detecci\u00f3n. \u201cNo es tanto por la ingesta del agua, sino la inhalaci\u00f3n de sus vapores a la hora que te est\u00e1s ba\u00f1ando, todos los d\u00edas, durante seis o 10 a\u00f1os, incluso menos, lo que termina siendo fatal, y lo peor es que para cuando te das cuenta no hay nada qu\u00e9 hacer\u201d.<\/p>\n<p>Alude a una recurrente escena: \u201cEn muchos pa\u00edses, el ministro de Salud lleva a su hijo peque\u00f1o a un sitio con estas condiciones y toman agua de la llave. No les va a pasar nada porque est\u00e1n tomando un vaso, pero si vivieran all\u00ed 30 a\u00f1os, vas a ver qu\u00e9 les pasa al d\u00e9cimo a\u00f1o\u201d. Explica que \u201cla radiaci\u00f3n, el ars\u00e9nico y el fluoruro provienen del mismo tipo de roca volc\u00e1nica\u201d, de modo que si se realizan las mediciones, con toda probabilidad se encontrar\u00e1n muchos m\u00e1s pozos con las mismas condiciones de radiactividad que el de La Cantera.<\/p>\n<p>Dicho en otros t\u00e9rminos, esta radiaci\u00f3n s\u00f3lo confirma el potencial cancer\u00edgeno de la combinaci\u00f3n de esas sustancias. \u201cEste tipo de radiaci\u00f3n proviene de un esquema espec\u00edfico de rocas como las que hay desde Jalisco hasta el norte, que viene siendo la Sierra Madre Occidental\u201d, expone el doctor Carrillo Rivera.<\/p>\n<p>Salto mortal<\/p>\n<p>Entre 2005 y 2010, Guanajuato se ubicaba en el lugar n\u00famero 14 en cuanto a casos de c\u00e1ncer en menores de 18 a\u00f1os, seg\u00fan el Perfil epidemiol\u00f3gico del c\u00e1ncer en ni\u00f1os y adolescentes en M\u00e9xico, elaborado por el Sistema Nacional de Vigilancia Epidemiol\u00f3gica en 2010.<\/p>\n<p>En s\u00f3lo dos a\u00f1os pas\u00f3 al cuarto lugar en esa medici\u00f3n, efectuada con base en datos del Seguro Popular, ubic\u00e1ndose detr\u00e1s del Distrito Federal, Jalisco y Veracruz, y por delante de Puebla y Estado de M\u00e9xico, entidades con densidad poblacional e infraestructura sanitaria mayores.<\/p>\n<p>De modo que en 24 meses \u2014de 2010 a 2012\u2014, Guanajuato dio un salto mortal de 10 lugares en el tablero, seg\u00fan consigna el Bolet\u00edn de informaci\u00f3n de c\u00e1ncer en ni\u00f1as (os) y adolescentes 2008-2012 (Bicna 2008-2012), emitido por la Secretar\u00eda de Salud en 2014; 19% de los pacientes desarroll\u00f3 alg\u00fan tipo de leucemia y 4% tumores \u00f3seos. En 46% de los casos no hay especificaciones sobre el tipo de c\u00e1ncer padecido.<\/p>\n<p>Acad\u00e9micos de la UNAM han se\u00f1alado que las altas concentraciones de ars\u00e9nico y fluoruro en las capas profundas del r\u00edo La Laja y la Laguna Seca \u2014como ocurre en otros acu\u00edferos sobreexplotados\u2014 constituyen un poderoso factor cancer\u00edgeno, adem\u00e1s de propiciar otros padecimientos graves.<\/p>\n<p>Instituciones acad\u00e9micas for\u00e1neas tambi\u00e9n han estudiado el tema. La Universidad del Norte de Illinios, en colaboraci\u00f3n con la asociaci\u00f3n civil Centro de Desarrollo Agropecuario (Cedesa) y el Centro de Tecnolog\u00eda Aplicada y Sustentabilidad Ind\u00edgena, ubic\u00f3 en la regi\u00f3n 46 pozos en estado cr\u00edtico, 31 de ellos por niveles de fluoruro por encima de la norma sanitaria, y 14 con concentraciones de ars\u00e9nico que desbordan l\u00edmites nacionales e internacionales [el tope dom\u00e9stico es m\u00e1s bajo].<\/p>\n<p>A ese caldo de cultivo se suma un nuevo factor cancer\u00edgeno: una sustancia llamada erionita que desprenden las rocas tras la desecaci\u00f3n, y se volatiza. Seg\u00fan estudios conjuntos de investigadores del Centro de Geociencias (CGeo) de la UNAM y del IMSS, esta sustancia se encuentra dispersa en el municipio de Tierra Blanca y parte de San Miguel de Allende.<\/p>\n<p>El estudio, publicado el a\u00f1o pasado en la revista Environmental geochemical and health, indica que de 45 fallecimientos por c\u00e1ncer entre 2000 y 2012 en la demarcaci\u00f3n, 14 est\u00e1n ligados a la presencia de fibras de erionita en el ambiente, pues las v\u00edctimas hab\u00edan desarrollado un tipo de c\u00e1ncer poco com\u00fan asociado a esa sustancia, llamado mesotelioma maligno, que ataca tejidos de pulmones, t\u00f3rax y coraz\u00f3n.<br \/>\nLas condiciones de las rocas en la zona donde se recogieron las muestras son similares a las que prevalecen en Capadocia, Turqu\u00eda, donde se desarrolla el tipo de c\u00e1ncer mencionado.<\/p>\n<p>Zona cr\u00edtica<br \/>\nLa Conagua ha admitido que Guanajuato es el estado \u201cm\u00e1s perforado\u201d de M\u00e9xico, con 27 mil \u2014casi 30%\u2014 de los 90 mil pozos de aguas subterr\u00e1neas del pa\u00eds. Los m\u00e1s sobreexplotados en la entidad son aquellos que abastecen a los municipios de Le\u00f3n, Celaya e Irapuato.<\/p>\n<p>El CGeo, por su parte, ha identificado pozos con contenido de ars\u00e9nico, fluoruro y distintos metales en 10 municipios: Celaya, Irapuato, Le\u00f3n, San Miguel de Allende, Dolores Hidalgo, San Luis de la Paz, Doctor Mora, San Diego de la Uni\u00f3n, Tierra Blanca y San Jos\u00e9 Iturbide. En \u00e9ste \u00faltimo, el ININ encontr\u00f3 el afluente radiactivo. Algunas otras de las fuentes consultadas agregan al recuento a Salvatierra y Salamanca. En total, se se\u00f1alan 12 municipios con pozos contaminados y\/o sobreexplotados.<\/p>\n<p>Curiosamente, seis de esos municipios presentan tambi\u00e9n indicios de mayor incidencia de c\u00e1ncer, seg\u00fan expedientes del Albergue Jes\u00fas de Nazaret, instituci\u00f3n de asistencia privada asentada en la capital del estado que desde hace 25 a\u00f1os provee de alojamiento, alimentaci\u00f3n y transporte a personas con la enfermedad.<\/p>\n<p>Seg\u00fan registros de la instituci\u00f3n, de los 6 mil 902 pacientes con c\u00e1ncer atendidos en 2015 \u2014hasta el 7 de diciembre\u2014, 910 proced\u00edan de Celaya, 428 de Salvatierra, 276 de Dolores Hidalgo, 270 de Valle de Santiago, 268 de Irapuato, 270 de P\u00e9njamo y 474 de Ac\u00e1mbaro (estos dos \u00faltimos municipios no reportan contaminaci\u00f3n). Es decir, cinco de los municipios con pozos en situaci\u00f3n cr\u00edtica aportan 2 mil 152 de los pacientes de c\u00e1ncer que atiende el albergue, 31% del total.<\/p>\n<p>Muerte por agua<\/p>\n<p>El periodo de despunte del c\u00e1ncer en Guanajuato, reportado por el Bicna 2008-2012, coincide con los fallecimientos de Jessica, Joselyn, y Mar\u00eda Fernanda, de tres y 11 a\u00f1os, que padec\u00edan leucemia. Seg\u00fan la asociaci\u00f3n civil Mayoye \u00c1ngeles Guerreros, surgida a ra\u00edz de la muerte de las ni\u00f1as, los decesos est\u00e1n relacionados con el consumo de agua de ese pozo.<\/p>\n<p>Vinculan a la misma raz\u00f3n, la muerte de dos adultos que desarrollaron leucemia y el de tres ni\u00f1os m\u00e1s actualmente en tratamiento. Son ocho casos en una poblaci\u00f3n de 800 habitantes, lo que supera la norma nacional de 4.9 casos por cada 100 mil habitantes.<\/p>\n<p>A principios de diciembre, autoridades municipales cerraron el pozo y se estaba abasteciendo a la poblaci\u00f3n con pipas. Pero ha sido reabierto en medio del desconcierto y la desaz\u00f3n de la poblaci\u00f3n.<\/p>\n<p>El m\u00e9dico Arnulfo Montes de la Vega, ex alcalde de San Jos\u00e9 Iturbide, se pregunta el impacto que puede tener el agua radiactiva en los productos de las empresas que explotan sus propios pozos en la zona, conectados con el de La Cantera. Alerta sobre el impacto del l\u00edquido contaminado en los medicamentos de la farmac\u00e9utica Pfizer, en los productos de belleza y cuidado dental Colgate Palmolive y en los de Ferrero Rocher. \u201c\u00a1Son instalaciones que usan agua en sus productos finales, mismos que los mexicanos nos llevamos a la boca!\u201d, se\u00f1ala.<\/p>\n<p>Consultada sobre los se\u00f1alamientos sobre la relaci\u00f3n entre el crecimiento del c\u00e1ncer y la calidad del agua en Guanajuato, la Secretar\u00eda de Salud de ese estado inform\u00f3 que presentar\u00e1 su postura al respecto en los pr\u00f3ximos d\u00edas.<\/p>\n<p>Por su parte, la Secretar\u00eda de Energ\u00eda declin\u00f3 presentar una postura con respecto del informe del ININ. En cuanto a esta \u00faltima instituci\u00f3n, fue notificada por el reportero del contexto informativo en que ser\u00eda citado su estudio.<\/p>\n<p><a href=\"http:\/\/www.eluniversal.com.mx\/articulo\/periodismo-de-investigacion\/2015\/12\/14\/sener-hay-radiactividad-en-acuiferos-de-guanajuato\" target=\"_blank\">www.eluniversal.com.mx\/articulo\/periodismo-de-investigacion\/2015\/12\/14\/sener-hay-radiactividad-en-acuiferos-de-guanajuato<\/a><\/p>\n","protected":false},"excerpt":{"rendered":"<p>Esteban David Rodr\u00edguez, Guanajuato El Instituto Nacional de Investigaciones Nucleares (ININ) de la Secretar\u00eda de Energ\u00eda certific\u00f3 en octubre la existencia de radiaci\u00f3n \u201calfa\u201d en el agua de la ciudad &hellip; <a href=\"http:\/\/www.grieta.org.mx\/index.php\/2015\/12\/14\/certifican-que-si-hay-radiactividad-en-acuiferos-de-guanajuato\/\" class=\"more-link\">Leer m\u00e1s<\/a><\/p>\n","protected":false},"author":2,"featured_media":21928,"comment_status":"closed","ping_status":"open","sticky":false,"template":"","format":"standard","meta":{"ngg_post_thumbnail":0,"_jetpack_newsletter_access":"","_jetpack_dont_email_post_to_subs":false,"_jetpack_newsletter_tier_id":0,"_jetpack_memberships_contains_paywalled_content":false,"_jetpack_memberships_contains_paid_content":false,"footnotes":""},"categories":[80],"tags":[],"class_list":["post-5963","post","type-post","status-publish","format-standard","has-post-thumbnail","hentry","category-cintillo","entry"],"jetpack_featured_media_url":"http:\/\/www.grieta.org.mx\/wp-content\/uploads\/2018\/03\/14524434_1106112876131411_958039263622046936_o.jpg","jetpack_sharing_enabled":true,"jetpack_shortlink":"https:\/\/wp.me\/p7ZJR4-1yb","jetpack_likes_enabled":false,"jetpack-related-posts":[{"id":5969,"url":"http:\/\/www.grieta.org.mx\/index.php\/2015\/11\/24\/guanajuato-ong-atribuye-cinco-muertes-a-radiactividad-del-agua\/","url_meta":{"origin":5963,"position":0},"title":"Guanajuato: ONG atribuye cinco muertes a radiactividad del agua","author":"grieta","date":"24 noviembre, 2015","format":false,"excerpt":"Carlos Garc\u00eda La Jornada San Jos\u00e9 Iturbide, Gto. Tres menores de edad y dos adultos han muerto de leucemia de 2007 a la fecha en la comunidad La Cantera, decesos que la organizaci\u00f3n Mayoye Angelitos Guerreros atribuye a que consumieron agua contaminada con radiactividad alfa. El Centro de Geociencias de\u2026","rel":"","context":"En &quot;CINTILLO&quot;","block_context":{"text":"CINTILLO","link":"http:\/\/www.grieta.org.mx\/index.php\/category\/cintillo\/"},"img":{"alt_text":"","src":"https:\/\/i0.wp.com\/www.grieta.org.mx\/wp-content\/uploads\/2018\/03\/14524434_1106112876131411_958039263622046936_o.jpg?resize=350%2C200","width":350,"height":200,"srcset":"https:\/\/i0.wp.com\/www.grieta.org.mx\/wp-content\/uploads\/2018\/03\/14524434_1106112876131411_958039263622046936_o.jpg?resize=350%2C200 1x, https:\/\/i0.wp.com\/www.grieta.org.mx\/wp-content\/uploads\/2018\/03\/14524434_1106112876131411_958039263622046936_o.jpg?resize=525%2C300 1.5x, https:\/\/i0.wp.com\/www.grieta.org.mx\/wp-content\/uploads\/2018\/03\/14524434_1106112876131411_958039263622046936_o.jpg?resize=700%2C400 2x"},"classes":[]},{"id":10201,"url":"http:\/\/www.grieta.org.mx\/index.php\/2016\/04\/10\/ratifica-unam-altos-niveles-de-radiacion-en-agua-de-san-jose-iturbide\/","url_meta":{"origin":5963,"position":1},"title":"Ratifica UNAM altos niveles de radiaci\u00f3n en agua de San Jos\u00e9 Iturbide","author":"grieta","date":"10 abril, 2016","format":false,"excerpt":"Sergio Mart\u00ednez Espitia La Universidad advierte a los pobladores no consumir el agua de los pozos de las comunidades de La Cantera, La Huerta y el Fraccionamiento la Cantera, en San Jos\u00e9 Iturbide Ciudad de M\u00e9xico. Investigadores del Centro de Geociencias (CGeo) de la UNAM se\u00f1alaron que a pesar de\u2026","rel":"","context":"En &quot;CINTILLO&quot;","block_context":{"text":"CINTILLO","link":"http:\/\/www.grieta.org.mx\/index.php\/category\/cintillo\/"},"img":{"alt_text":"","src":"https:\/\/i0.wp.com\/www.grieta.org.mx\/wp-content\/uploads\/2018\/03\/14524434_1106112876131411_958039263622046936_o.jpg?resize=350%2C200","width":350,"height":200,"srcset":"https:\/\/i0.wp.com\/www.grieta.org.mx\/wp-content\/uploads\/2018\/03\/14524434_1106112876131411_958039263622046936_o.jpg?resize=350%2C200 1x, https:\/\/i0.wp.com\/www.grieta.org.mx\/wp-content\/uploads\/2018\/03\/14524434_1106112876131411_958039263622046936_o.jpg?resize=525%2C300 1.5x, https:\/\/i0.wp.com\/www.grieta.org.mx\/wp-content\/uploads\/2018\/03\/14524434_1106112876131411_958039263622046936_o.jpg?resize=700%2C400 2x"},"classes":[]},{"id":59234,"url":"http:\/\/www.grieta.org.mx\/index.php\/2021\/05\/03\/a-4-anos-de-sancion-quimica-central-sigue-contaminado-guanajuato\/","url_meta":{"origin":5963,"position":2},"title":"A 4 a\u00f1os de sanci\u00f3n, Qu\u00edmica Central sigue contaminado (Guanajuato)","author":"grieta","date":"3 mayo, 2021","format":false,"excerpt":"La empresa Qu\u00edmica Central de M\u00e9xico S.A de C.V fue sancionada hace 4 a\u00f1os por la Profepa por generar contaminaci\u00f3n con residuos peligrosos Wendoline Adame, Milenio Le\u00f3n \/ 03.05.2021 06:00:02 A cuatro a\u00f1os de que la Procuradur\u00eda Federal de Protecci\u00f3n al Ambiente (PROFEPA), impuso una sanci\u00f3n y orden\u00f3 el retiro\u2026","rel":"","context":"En &quot;CINTILLO&quot;","block_context":{"text":"CINTILLO","link":"http:\/\/www.grieta.org.mx\/index.php\/category\/cintillo\/"},"img":{"alt_text":"","src":"https:\/\/i0.wp.com\/www.grieta.org.mx\/wp-content\/uploads\/2021\/05\/san-francisco-rincon-mil-toneladas.jpeg?resize=350%2C200","width":350,"height":200,"srcset":"https:\/\/i0.wp.com\/www.grieta.org.mx\/wp-content\/uploads\/2021\/05\/san-francisco-rincon-mil-toneladas.jpeg?resize=350%2C200 1x, https:\/\/i0.wp.com\/www.grieta.org.mx\/wp-content\/uploads\/2021\/05\/san-francisco-rincon-mil-toneladas.jpeg?resize=525%2C300 1.5x, https:\/\/i0.wp.com\/www.grieta.org.mx\/wp-content\/uploads\/2021\/05\/san-francisco-rincon-mil-toneladas.jpeg?resize=700%2C400 2x"},"classes":[]},{"id":5971,"url":"http:\/\/www.grieta.org.mx\/index.php\/2015\/11\/23\/confirma-la-unam-contaminacion-de-pozo-en-guanajuato\/","url_meta":{"origin":5963,"position":3},"title":"Confirma la UNAM contaminaci\u00f3n de pozo en Guanajuato","author":"grieta","date":"23 noviembre, 2015","format":false,"excerpt":"Ver\u00f3nica Espinoza, GUANAJUATO, Gto. El agua del pozo de la comunidad La Cantera, en el municipio de San Jos\u00e9 Iturbide, no debe ser empleada para el consumo de los habitantes hasta que se realicen estudios exhaustivos sobre los niveles y fuentes de toxicidad y se aclare si existe relaci\u00f3n con\u2026","rel":"","context":"En &quot;CINTILLO&quot;","block_context":{"text":"CINTILLO","link":"http:\/\/www.grieta.org.mx\/index.php\/category\/cintillo\/"},"img":{"alt_text":"","src":"https:\/\/i0.wp.com\/www.grieta.org.mx\/wp-content\/uploads\/2018\/03\/14524434_1106112876131411_958039263622046936_o.jpg?resize=350%2C200","width":350,"height":200,"srcset":"https:\/\/i0.wp.com\/www.grieta.org.mx\/wp-content\/uploads\/2018\/03\/14524434_1106112876131411_958039263622046936_o.jpg?resize=350%2C200 1x, https:\/\/i0.wp.com\/www.grieta.org.mx\/wp-content\/uploads\/2018\/03\/14524434_1106112876131411_958039263622046936_o.jpg?resize=525%2C300 1.5x, https:\/\/i0.wp.com\/www.grieta.org.mx\/wp-content\/uploads\/2018\/03\/14524434_1106112876131411_958039263622046936_o.jpg?resize=700%2C400 2x"},"classes":[]},{"id":41521,"url":"http:\/\/www.grieta.org.mx\/index.php\/2019\/11\/24\/advierten-crisis-hidrica-en-dolores-hidalgo-si-se-explota-mina-en-el-cerro-del-gallo-guanajuato\/","url_meta":{"origin":5963,"position":4},"title":"Advierten crisis h\u00eddrica en Dolores Hidalgo si se explota mina en el Cerro del Gallo (Guanajuato","author":"grieta","date":"24 noviembre, 2019","format":false,"excerpt":"En el conversatorio \u201cAgua y miner\u00eda\u201d realizado la tarde de este s\u00e1bado en el Museo Bicentenario, se habl\u00f3 sobre el problema existente del agua en la Cuenca de la Independencia, as\u00ed como aun la gran afectaci\u00f3n que sufrir\u00edan los pobladores si se llega a implementar la explotaci\u00f3n de la mina\u2026","rel":"","context":"En &quot;CINTILLO&quot;","block_context":{"text":"CINTILLO","link":"http:\/\/www.grieta.org.mx\/index.php\/category\/cintillo\/"},"img":{"alt_text":"","src":"https:\/\/i0.wp.com\/www.grieta.org.mx\/wp-content\/uploads\/2019\/11\/cerritodelgallo2-focus-0-0-983-557.jpg?resize=350%2C200","width":350,"height":200,"srcset":"https:\/\/i0.wp.com\/www.grieta.org.mx\/wp-content\/uploads\/2019\/11\/cerritodelgallo2-focus-0-0-983-557.jpg?resize=350%2C200 1x, https:\/\/i0.wp.com\/www.grieta.org.mx\/wp-content\/uploads\/2019\/11\/cerritodelgallo2-focus-0-0-983-557.jpg?resize=525%2C300 1.5x, https:\/\/i0.wp.com\/www.grieta.org.mx\/wp-content\/uploads\/2019\/11\/cerritodelgallo2-focus-0-0-983-557.jpg?resize=700%2C400 2x"},"classes":[]},{"id":36416,"url":"http:\/\/www.grieta.org.mx\/index.php\/2019\/07\/11\/san-anton-de-las-minas-un-pueblo-contra-su-apellido-guanajuato\/","url_meta":{"origin":5963,"position":5},"title":"San Ant\u00f3n de las Minas: un pueblo contra su apellido (Guanajuato)","author":"grieta","date":"11 julio, 2019","format":false,"excerpt":"Vecinos y ecologistas luchan contra la apertura de una explotaci\u00f3n minera canadiense. Afirman que contaminar\u00e1 la cuenca que nutre a toda la regi\u00f3n Juanjo Cabello \/ La Silla Rota, Guanajuato, 11 de julio de 2019 La batalla empez\u00f3 en San Ant\u00f3n de las Minas y gana adeptos en todo el\u2026","rel":"","context":"En &quot;CINTILLO&quot;","block_context":{"text":"CINTILLO","link":"http:\/\/www.grieta.org.mx\/index.php\/category\/cintillo\/"},"img":{"alt_text":"","src":"https:\/\/i0.wp.com\/www.grieta.org.mx\/wp-content\/uploads\/2019\/07\/https-_lasillarotarm.blob_.core_.windows.net_images_2019_07_10_083e056c0a93473690da5a6d8ffbc5fa_1.jpg?resize=350%2C200","width":350,"height":200,"srcset":"https:\/\/i0.wp.com\/www.grieta.org.mx\/wp-content\/uploads\/2019\/07\/https-_lasillarotarm.blob_.core_.windows.net_images_2019_07_10_083e056c0a93473690da5a6d8ffbc5fa_1.jpg?resize=350%2C200 1x, https:\/\/i0.wp.com\/www.grieta.org.mx\/wp-content\/uploads\/2019\/07\/https-_lasillarotarm.blob_.core_.windows.net_images_2019_07_10_083e056c0a93473690da5a6d8ffbc5fa_1.jpg?resize=525%2C300 1.5x, https:\/\/i0.wp.com\/www.grieta.org.mx\/wp-content\/uploads\/2019\/07\/https-_lasillarotarm.blob_.core_.windows.net_images_2019_07_10_083e056c0a93473690da5a6d8ffbc5fa_1.jpg?resize=700%2C400 2x"},"classes":[]}],"_links":{"self":[{"href":"http:\/\/www.grieta.org.mx\/index.php\/wp-json\/wp\/v2\/posts\/5963","targetHints":{"allow":["GET"]}}],"collection":[{"href":"http:\/\/www.grieta.org.mx\/index.php\/wp-json\/wp\/v2\/posts"}],"about":[{"href":"http:\/\/www.grieta.org.mx\/index.php\/wp-json\/wp\/v2\/types\/post"}],"author":[{"embeddable":true,"href":"http:\/\/www.grieta.org.mx\/index.php\/wp-json\/wp\/v2\/users\/2"}],"replies":[{"embeddable":true,"href":"http:\/\/www.grieta.org.mx\/index.php\/wp-json\/wp\/v2\/comments?post=5963"}],"version-history":[{"count":1,"href":"http:\/\/www.grieta.org.mx\/index.php\/wp-json\/wp\/v2\/posts\/5963\/revisions"}],"predecessor-version":[{"id":5964,"href":"http:\/\/www.grieta.org.mx\/index.php\/wp-json\/wp\/v2\/posts\/5963\/revisions\/5964"}],"wp:featuredmedia":[{"embeddable":true,"href":"http:\/\/www.grieta.org.mx\/index.php\/wp-json\/wp\/v2\/media\/21928"}],"wp:attachment":[{"href":"http:\/\/www.grieta.org.mx\/index.php\/wp-json\/wp\/v2\/media?parent=5963"}],"wp:term":[{"taxonomy":"category","embeddable":true,"href":"http:\/\/www.grieta.org.mx\/index.php\/wp-json\/wp\/v2\/categories?post=5963"},{"taxonomy":"post_tag","embeddable":true,"href":"http:\/\/www.grieta.org.mx\/index.php\/wp-json\/wp\/v2\/tags?post=5963"}],"curies":[{"name":"wp","href":"https:\/\/api.w.org\/{rel}","templated":true}]}}