{"id":5956,"date":"2015-08-28T01:46:41","date_gmt":"2015-08-28T01:46:41","guid":{"rendered":"http:\/\/50.22.11.12\/~grietaor\/?p=5956"},"modified":"2016-03-28T01:49:19","modified_gmt":"2016-03-28T01:49:19","slug":"empresa-contaminante-quimica-central-reanudaria-operaciones-en-guanajuato","status":"publish","type":"post","link":"http:\/\/www.grieta.org.mx\/index.php\/2015\/08\/28\/empresa-contaminante-quimica-central-reanudaria-operaciones-en-guanajuato\/","title":{"rendered":"Empresa contaminante Qu\u00edmica Central reanudar\u00eda operaciones en Guanajuato"},"content":{"rendered":"<p>Daniel Renter\u00eda Martell,  Le\u00f3n, Gto.<\/p>\n<p>Autoridades del Poder Judicial de la Federaci\u00f3n, concedieron un amparo a la empresa Qu\u00edmica Central de M\u00e9xico, por lo que se orden\u00f3 el retiro inmediato de los sellos de clausura que hab\u00edan sido colocados por la Procuradur\u00eda Federal de Protecci\u00f3n al Ambiente.<\/p>\n<p>Desde el 4 de junio del 2014, la Profepa, hab\u00eda clausurado la empresa por mal manejo de los residuos y distintas irregularidades, las cuales habr\u00edan violado las condiciones de seguridad establecidas por la Ley General para la Prevenci\u00f3n y Gesti\u00f3n Integral de Residuos.<\/p>\n<p><img loading=\"lazy\" decoding=\"async\" data-attachment-id=\"5960\" data-permalink=\"http:\/\/www.grieta.org.mx\/index.php\/2015\/08\/28\/empresa-contaminante-quimica-central-reanudaria-operaciones-en-guanajuato\/qc-1-300x225\/\" data-orig-file=\"http:\/\/www.grieta.org.mx\/wp-content\/uploads\/2015\/08\/qc-1-300x225.jpg\" data-orig-size=\"300,225\" data-comments-opened=\"0\" data-image-meta=\"{&quot;aperture&quot;:&quot;0&quot;,&quot;credit&quot;:&quot;&quot;,&quot;camera&quot;:&quot;&quot;,&quot;caption&quot;:&quot;&quot;,&quot;created_timestamp&quot;:&quot;0&quot;,&quot;copyright&quot;:&quot;&quot;,&quot;focal_length&quot;:&quot;0&quot;,&quot;iso&quot;:&quot;0&quot;,&quot;shutter_speed&quot;:&quot;0&quot;,&quot;title&quot;:&quot;&quot;,&quot;orientation&quot;:&quot;0&quot;}\" data-image-title=\"qc-1-300&amp;#215;225\" data-image-description=\"\" data-image-caption=\"\" data-medium-file=\"http:\/\/www.grieta.org.mx\/wp-content\/uploads\/2015\/08\/qc-1-300x225-300x225.jpg\" data-large-file=\"http:\/\/www.grieta.org.mx\/wp-content\/uploads\/2015\/08\/qc-1-300x225.jpg\" src=\"http:\/\/grieta.org.mx\/wp-content\/uploads\/2015\/08\/qc-1-300x225.jpg\" alt=\"qc-1-300x225\" width=\"300\" height=\"225\" class=\"alignnone size-full wp-image-5960\" \/><\/p>\n<p>Sin embargo, representantes legales de la empresa, entregaron una serie de argumentos a las autoridades para refutar la decisi\u00f3n tomada desde el a\u00f1o pasado.<\/p>\n<p>Entre los puntos mencionados por los abogados de Qu\u00edmica Central, se acusa que el inspector que acudi\u00f3 a realizar la clausura, el cual ven\u00eda por parte de la Profepa, ten\u00eda su identificaci\u00f3n oficial, sin vigencia; adem\u00e1s de se\u00f1alar que la cancelaci\u00f3n de operaciones, debi\u00f3 realizarse \u00fanicamente a las l\u00edneas de las que se tuviera sospechas o vinculaciones con delitos al medio ambiente, no a la totalidad de las operaciones que se realizan en el lugar; as\u00ed como una cr\u00edtica a los plazos establecidos para la correcci\u00f3n de las operaciones presuntamente irregulares.<\/p>\n<p>La Ley de Amparo vigente, en su art\u00edculo 117, \u00faltimo p\u00e1rrafo, establece la obligaci\u00f3n de que en el reclamo de los actos administrativos, la autoridad \u201ccorrija\u201d esas deficiencias, a efecto de garantizar una justicia completa y expedita, ya que en la legislaci\u00f3n abrogada no exist\u00eda alguna disposici\u00f3n al respecto, lo que ocasionaba que el primer juicio de amparo deb\u00eda concederse para que la autoridad responsable subsanara la deficiente fundamentaci\u00f3n y motivaci\u00f3n, y solo con motivo de la emisi\u00f3n del segundo acto, el afectado ten\u00eda la posibilidad de plantear en un diverso juicio de amparo su ilegalidad en cuanto al fondo del asunto respecto de esa fundamentaci\u00f3n y motivaci\u00f3n.<\/p>\n<p><img loading=\"lazy\" decoding=\"async\" data-attachment-id=\"5961\" data-permalink=\"http:\/\/www.grieta.org.mx\/index.php\/2015\/08\/28\/empresa-contaminante-quimica-central-reanudaria-operaciones-en-guanajuato\/qc-2-276x300\/\" data-orig-file=\"http:\/\/www.grieta.org.mx\/wp-content\/uploads\/2015\/08\/qc-2-276x300.jpg\" data-orig-size=\"276,300\" data-comments-opened=\"0\" data-image-meta=\"{&quot;aperture&quot;:&quot;0&quot;,&quot;credit&quot;:&quot;&quot;,&quot;camera&quot;:&quot;&quot;,&quot;caption&quot;:&quot;&quot;,&quot;created_timestamp&quot;:&quot;0&quot;,&quot;copyright&quot;:&quot;&quot;,&quot;focal_length&quot;:&quot;0&quot;,&quot;iso&quot;:&quot;0&quot;,&quot;shutter_speed&quot;:&quot;0&quot;,&quot;title&quot;:&quot;&quot;,&quot;orientation&quot;:&quot;0&quot;}\" data-image-title=\"qc-2-276&amp;#215;300\" data-image-description=\"\" data-image-caption=\"\" data-medium-file=\"http:\/\/www.grieta.org.mx\/wp-content\/uploads\/2015\/08\/qc-2-276x300-276x300.jpg\" data-large-file=\"http:\/\/www.grieta.org.mx\/wp-content\/uploads\/2015\/08\/qc-2-276x300.jpg\" src=\"http:\/\/grieta.org.mx\/wp-content\/uploads\/2015\/08\/qc-2-276x300.jpg\" alt=\"qc-2-276x300\" width=\"276\" height=\"300\" class=\"alignnone size-full wp-image-5961\" \/><\/p>\n<p>Por lo que, bas\u00e1ndose en la Ley de Amparo, la cancelaci\u00f3n decretada a la empresa ser\u00eda invalidada ante estos argumentos y soporte legal, dando como resultado que sean retirados los sellos de clausura que fueron colocados en la entrada de la empresa localizada en la carretera Le\u00f3n-San Francisco del Rinc\u00f3n, y por ende una reanudaci\u00f3n de la totalidad de sus operaciones.<\/p>\n<p><a href=\"http:\/\/zonafranca.mx\/tras-obtener-amparo-federal-empresa-quimica-central-reanudaria-operaciones\/\" target=\"_blank\">zonafranca.mx\/tras-obtener-amparo-federal-empresa-quimica-central-reanudaria-operaciones\/<\/a><\/p>\n","protected":false},"excerpt":{"rendered":"<p>Daniel Renter\u00eda Martell, Le\u00f3n, Gto. Autoridades del Poder Judicial de la Federaci\u00f3n, concedieron un amparo a la empresa Qu\u00edmica Central de M\u00e9xico, por lo que se orden\u00f3 el retiro inmediato &hellip; <a href=\"http:\/\/www.grieta.org.mx\/index.php\/2015\/08\/28\/empresa-contaminante-quimica-central-reanudaria-operaciones-en-guanajuato\/\" class=\"more-link\">Leer m\u00e1s<\/a><\/p>\n","protected":false},"author":2,"featured_media":21928,"comment_status":"closed","ping_status":"open","sticky":false,"template":"","format":"standard","meta":{"ngg_post_thumbnail":0,"_jetpack_newsletter_access":"","_jetpack_dont_email_post_to_subs":false,"_jetpack_newsletter_tier_id":0,"_jetpack_memberships_contains_paywalled_content":false,"_jetpack_memberships_contains_paid_content":false,"footnotes":""},"categories":[80],"tags":[],"class_list":["post-5956","post","type-post","status-publish","format-standard","has-post-thumbnail","hentry","category-cintillo","entry"],"jetpack_featured_media_url":"http:\/\/www.grieta.org.mx\/wp-content\/uploads\/2018\/03\/14524434_1106112876131411_958039263622046936_o.jpg","jetpack_sharing_enabled":true,"jetpack_shortlink":"https:\/\/wp.me\/p7ZJR4-1y4","jetpack_likes_enabled":false,"jetpack-related-posts":[{"id":5939,"url":"http:\/\/www.grieta.org.mx\/index.php\/2016\/01\/05\/quimica-central-sigue-sin-retirar-300-mil-toneladas-de-residuos-toxicos\/","url_meta":{"origin":5956,"position":0},"title":"Qu\u00edmica Central sigue sin retirar 300 mil toneladas de residuos t\u00f3xicos","author":"grieta","date":"5 enero, 2016","format":false,"excerpt":"Chiara Fiorenza, Le\u00f3n, Gto. Aunque ya transcurrieron cuatro meses de que recibi\u00f3 un ultim\u00e1tum para remover las 300 mil toneladas de residuos t\u00f3xicos que acumul\u00f3 en sus instalaciones, la empresa Qu\u00edmica Central de M\u00e9xico (QCM) todav\u00eda no ha efectuado ning\u00fan movimiento, se\u00f1al\u00f3 el delegado de la Procuradur\u00eda Federal de Protecci\u00f3n\u2026","rel":"","context":"En &quot;CINTILLO&quot;","block_context":{"text":"CINTILLO","link":"http:\/\/www.grieta.org.mx\/index.php\/category\/cintillo\/"},"img":{"alt_text":"","src":"https:\/\/i0.wp.com\/www.grieta.org.mx\/wp-content\/uploads\/2018\/03\/14524434_1106112876131411_958039263622046936_o.jpg?resize=350%2C200","width":350,"height":200,"srcset":"https:\/\/i0.wp.com\/www.grieta.org.mx\/wp-content\/uploads\/2018\/03\/14524434_1106112876131411_958039263622046936_o.jpg?resize=350%2C200 1x, https:\/\/i0.wp.com\/www.grieta.org.mx\/wp-content\/uploads\/2018\/03\/14524434_1106112876131411_958039263622046936_o.jpg?resize=525%2C300 1.5x, https:\/\/i0.wp.com\/www.grieta.org.mx\/wp-content\/uploads\/2018\/03\/14524434_1106112876131411_958039263622046936_o.jpg?resize=700%2C400 2x"},"classes":[]},{"id":59234,"url":"http:\/\/www.grieta.org.mx\/index.php\/2021\/05\/03\/a-4-anos-de-sancion-quimica-central-sigue-contaminado-guanajuato\/","url_meta":{"origin":5956,"position":1},"title":"A 4 a\u00f1os de sanci\u00f3n, Qu\u00edmica Central sigue contaminado (Guanajuato)","author":"grieta","date":"3 mayo, 2021","format":false,"excerpt":"La empresa Qu\u00edmica Central de M\u00e9xico S.A de C.V fue sancionada hace 4 a\u00f1os por la Profepa por generar contaminaci\u00f3n con residuos peligrosos Wendoline Adame, Milenio Le\u00f3n \/ 03.05.2021 06:00:02 A cuatro a\u00f1os de que la Procuradur\u00eda Federal de Protecci\u00f3n al Ambiente (PROFEPA), impuso una sanci\u00f3n y orden\u00f3 el retiro\u2026","rel":"","context":"En &quot;CINTILLO&quot;","block_context":{"text":"CINTILLO","link":"http:\/\/www.grieta.org.mx\/index.php\/category\/cintillo\/"},"img":{"alt_text":"","src":"https:\/\/i0.wp.com\/www.grieta.org.mx\/wp-content\/uploads\/2021\/05\/san-francisco-rincon-mil-toneladas.jpeg?resize=350%2C200","width":350,"height":200,"srcset":"https:\/\/i0.wp.com\/www.grieta.org.mx\/wp-content\/uploads\/2021\/05\/san-francisco-rincon-mil-toneladas.jpeg?resize=350%2C200 1x, https:\/\/i0.wp.com\/www.grieta.org.mx\/wp-content\/uploads\/2021\/05\/san-francisco-rincon-mil-toneladas.jpeg?resize=525%2C300 1.5x, https:\/\/i0.wp.com\/www.grieta.org.mx\/wp-content\/uploads\/2021\/05\/san-francisco-rincon-mil-toneladas.jpeg?resize=700%2C400 2x"},"classes":[]},{"id":5942,"url":"http:\/\/www.grieta.org.mx\/index.php\/2015\/09\/04\/residuos-en-quimica-central-generarian-graves-riesgos-en-la-salud\/","url_meta":{"origin":5956,"position":2},"title":"Residuos en Qu\u00edmica Central generar\u00edan graves riesgos en la salud","author":"grieta","date":"4 septiembre, 2015","format":false,"excerpt":"Daniel Renter\u00eda Martell, Le\u00f3n, Gto. Arturo Rodr\u00edguez Abitia, subprocurador de Inspecci\u00f3n Ambiental de la Procuradur\u00eda Federal de Protecci\u00f3n al Ambiente (Profepa), afirm\u00f3 que el cromo hexavalente, localizado en la planta de Qu\u00edmica Central de M\u00e9xico, ser\u00eda un factor para que los habitantes cercanos desarrollen enfermedades como el c\u00e1ncer. El funcionario,\u2026","rel":"","context":"En &quot;CINTILLO&quot;","block_context":{"text":"CINTILLO","link":"http:\/\/www.grieta.org.mx\/index.php\/category\/cintillo\/"},"img":{"alt_text":"","src":"https:\/\/i0.wp.com\/www.grieta.org.mx\/wp-content\/uploads\/2018\/03\/14524434_1106112876131411_958039263622046936_o.jpg?resize=350%2C200","width":350,"height":200,"srcset":"https:\/\/i0.wp.com\/www.grieta.org.mx\/wp-content\/uploads\/2018\/03\/14524434_1106112876131411_958039263622046936_o.jpg?resize=350%2C200 1x, https:\/\/i0.wp.com\/www.grieta.org.mx\/wp-content\/uploads\/2018\/03\/14524434_1106112876131411_958039263622046936_o.jpg?resize=525%2C300 1.5x, https:\/\/i0.wp.com\/www.grieta.org.mx\/wp-content\/uploads\/2018\/03\/14524434_1106112876131411_958039263622046936_o.jpg?resize=700%2C400 2x"},"classes":[]},{"id":59225,"url":"http:\/\/www.grieta.org.mx\/index.php\/2020\/12\/13\/abandonan-montana-de-cromo-entre-leon-y-san-pancho-guanajuato\/","url_meta":{"origin":5956,"position":3},"title":"Abandonan monta\u00f1a de cromo entre Le\u00f3n y San Pancho (Guanajuato)","author":"grieta","date":"13 diciembre, 2020","format":false,"excerpt":"Son 196 mil toneladas de cromo hexavalente altamente peligroso abandonadas a cielo abierto PABLO C\u00c9SAR CARRILLO, La Silla Rota 13\/12\/2020 Es una monta\u00f1a verde. Tiene casi 50 metros de altura y est\u00e1 mezclada con escombro para camuflarla, pero en su interior est\u00e1 rellena de cromo hexavalente, verde y pestilente. Es\u2026","rel":"","context":"En &quot;CINTILLO&quot;","block_context":{"text":"CINTILLO","link":"http:\/\/www.grieta.org.mx\/index.php\/category\/cintillo\/"},"img":{"alt_text":"","src":"https:\/\/i0.wp.com\/www.grieta.org.mx\/wp-content\/uploads\/2021\/05\/https-_lasillarotarm.blob_.core_.windows.net_images_2020_12_15_1.jpg?resize=350%2C200","width":350,"height":200,"srcset":"https:\/\/i0.wp.com\/www.grieta.org.mx\/wp-content\/uploads\/2021\/05\/https-_lasillarotarm.blob_.core_.windows.net_images_2020_12_15_1.jpg?resize=350%2C200 1x, https:\/\/i0.wp.com\/www.grieta.org.mx\/wp-content\/uploads\/2021\/05\/https-_lasillarotarm.blob_.core_.windows.net_images_2020_12_15_1.jpg?resize=525%2C300 1.5x, https:\/\/i0.wp.com\/www.grieta.org.mx\/wp-content\/uploads\/2021\/05\/https-_lasillarotarm.blob_.core_.windows.net_images_2020_12_15_1.jpg?resize=700%2C400 2x"},"classes":[]},{"id":5951,"url":"http:\/\/www.grieta.org.mx\/index.php\/2015\/08\/29\/rechazan-reapertura-de-empresa-contaminante-quimica-central-en-guanajuato\/","url_meta":{"origin":5956,"position":4},"title":"Rechazan reapertura de empresa contaminante Qu\u00edmica Central en Guanajuato","author":"grieta","date":"29 agosto, 2015","format":false,"excerpt":"JOS\u00c9 TRINIDAD M\u00c9NDEZ \/ CARMEN ANG\u00d3N, Guanajato. Vecinos de comunidades cercanas a la Qu\u00edmica Central de M\u00e9xico (QCM) har\u00e1n un frente com\u00fan para evitar que opere nuevamente y se\u00f1alaron que tambi\u00e9n exigir\u00e1n el pago por los da\u00f1os que les ha generado a lo largo de 45 a\u00f1os. Los habitantes de\u2026","rel":"","context":"En &quot;CINTILLO&quot;","block_context":{"text":"CINTILLO","link":"http:\/\/www.grieta.org.mx\/index.php\/category\/cintillo\/"},"img":{"alt_text":"","src":"https:\/\/i0.wp.com\/www.grieta.org.mx\/wp-content\/uploads\/2018\/03\/14524434_1106112876131411_958039263622046936_o.jpg?resize=350%2C200","width":350,"height":200,"srcset":"https:\/\/i0.wp.com\/www.grieta.org.mx\/wp-content\/uploads\/2018\/03\/14524434_1106112876131411_958039263622046936_o.jpg?resize=350%2C200 1x, https:\/\/i0.wp.com\/www.grieta.org.mx\/wp-content\/uploads\/2018\/03\/14524434_1106112876131411_958039263622046936_o.jpg?resize=525%2C300 1.5x, https:\/\/i0.wp.com\/www.grieta.org.mx\/wp-content\/uploads\/2018\/03\/14524434_1106112876131411_958039263622046936_o.jpg?resize=700%2C400 2x"},"classes":[]},{"id":5946,"url":"http:\/\/www.grieta.org.mx\/index.php\/2015\/09\/01\/reciben-amenazas-pobladores-que-se-manifiestan-contra-la-reapertura-de-quimica-central\/","url_meta":{"origin":5956,"position":5},"title":"Reciben amenazas pobladores que se manifiestan contra la reapertura de Quimica Central","author":"grieta","date":"1 septiembre, 2015","format":false,"excerpt":"Daniel Renter\u00eda Martell, San Francisco del Rinc\u00f3n, Gto. A pesar de haber sido amenazados, representantes de comunidades, acudieron este mediod\u00eda a las instalaciones de la empresa Qu\u00edmica Central de M\u00e9xico manifest\u00e1ndose en contra de una posible reactivaci\u00f3n de la planta. El pasado lunes 28 de agosto, autoridades del Poder Judicial\u2026","rel":"","context":"En &quot;CINTILLO&quot;","block_context":{"text":"CINTILLO","link":"http:\/\/www.grieta.org.mx\/index.php\/category\/cintillo\/"},"img":{"alt_text":"","src":"https:\/\/i0.wp.com\/www.grieta.org.mx\/wp-content\/uploads\/2018\/03\/14524434_1106112876131411_958039263622046936_o.jpg?resize=350%2C200","width":350,"height":200,"srcset":"https:\/\/i0.wp.com\/www.grieta.org.mx\/wp-content\/uploads\/2018\/03\/14524434_1106112876131411_958039263622046936_o.jpg?resize=350%2C200 1x, https:\/\/i0.wp.com\/www.grieta.org.mx\/wp-content\/uploads\/2018\/03\/14524434_1106112876131411_958039263622046936_o.jpg?resize=525%2C300 1.5x, https:\/\/i0.wp.com\/www.grieta.org.mx\/wp-content\/uploads\/2018\/03\/14524434_1106112876131411_958039263622046936_o.jpg?resize=700%2C400 2x"},"classes":[]}],"_links":{"self":[{"href":"http:\/\/www.grieta.org.mx\/index.php\/wp-json\/wp\/v2\/posts\/5956","targetHints":{"allow":["GET"]}}],"collection":[{"href":"http:\/\/www.grieta.org.mx\/index.php\/wp-json\/wp\/v2\/posts"}],"about":[{"href":"http:\/\/www.grieta.org.mx\/index.php\/wp-json\/wp\/v2\/types\/post"}],"author":[{"embeddable":true,"href":"http:\/\/www.grieta.org.mx\/index.php\/wp-json\/wp\/v2\/users\/2"}],"replies":[{"embeddable":true,"href":"http:\/\/www.grieta.org.mx\/index.php\/wp-json\/wp\/v2\/comments?post=5956"}],"version-history":[{"count":1,"href":"http:\/\/www.grieta.org.mx\/index.php\/wp-json\/wp\/v2\/posts\/5956\/revisions"}],"predecessor-version":[{"id":5962,"href":"http:\/\/www.grieta.org.mx\/index.php\/wp-json\/wp\/v2\/posts\/5956\/revisions\/5962"}],"wp:featuredmedia":[{"embeddable":true,"href":"http:\/\/www.grieta.org.mx\/index.php\/wp-json\/wp\/v2\/media\/21928"}],"wp:attachment":[{"href":"http:\/\/www.grieta.org.mx\/index.php\/wp-json\/wp\/v2\/media?parent=5956"}],"wp:term":[{"taxonomy":"category","embeddable":true,"href":"http:\/\/www.grieta.org.mx\/index.php\/wp-json\/wp\/v2\/categories?post=5956"},{"taxonomy":"post_tag","embeddable":true,"href":"http:\/\/www.grieta.org.mx\/index.php\/wp-json\/wp\/v2\/tags?post=5956"}],"curies":[{"name":"wp","href":"https:\/\/api.w.org\/{rel}","templated":true}]}}